{"id":2146,"date":"2016-06-02T23:52:48","date_gmt":"2016-06-02T22:52:48","guid":{"rendered":"http:\/\/psoecanarias.com\/web\/?p=2146"},"modified":"2016-06-06T10:47:21","modified_gmt":"2016-06-06T09:47:21","slug":"solo-una-papeleta-hara-que-rajoy-no-vuelva-a-ser-presidente-el-proximo-26-de-junio-y-esa-es-la-papeleta-de-psoe-nc","status":"publish","type":"post","link":"https:\/\/psoecanarias.com\/web\/solo-una-papeleta-hara-que-rajoy-no-vuelva-a-ser-presidente-el-proximo-26-de-junio-y-esa-es-la-papeleta-de-psoe-nc\/","title":{"rendered":"&#8220;S\u00f3lo una papeleta har\u00e1 que Rajoy no vuelva a ser presidente el pr\u00f3ximo 26 de junio, y esa es la papeleta de PSOE-NC&#8221;"},"content":{"rendered":"<p style=\"text-align: justify;\"><em>CR\/\u00a0<\/em><span style=\"font-family: tahoma, sans-serif;\">El secretario general y candidato a la presidencia del Gobierno,<\/span><span style=\"font-family: tahoma, sans-serif;\"><span style=\"font-family: tahoma, sans-serif;\">Pedro S\u00e1nchez, asegur\u00f3 que &#8220;la uni\u00f3n de la fuerza en Canarias har\u00e1 que el pr\u00f3ximo 26 de junio seamos la primera fuerza pol\u00edtica. S\u00f3lo una papeleta har\u00e1 que Rajoy no vuelva a ser presidente, y es la papeleta de PSOE-NC. <\/span><span style=\"font-family: tahoma, sans-serif;\">Si algo hemos aprendido en estos cuatro meses es que el cambio no tiene intermediarios, que si queremos el cambio hay que votar al PSOE. Decir S\u00ed al cambio&#8221;.<\/span><\/span><\/p>\n<div style=\"text-align: justify;\" align=\"left\"><span style=\"font-family: tahoma, sans-serif;\">Desde Las Palmas de Gran Canaria, donde el l\u00edder de los socialistas ha intervenido en un mitin acompa\u00f1ado por candidatos al Congreso de los Diputados y al Senado de la Coalici\u00f3n PSOE-NC, as\u00ed como multitud de\u00a0afiliados y simpatizantes,\u00a0S\u00e1nchez\u00a0ha asegurado\u00a0<\/span><span style=\"font-family: tahoma, sans-serif;\">\u201cel PSOE es el \u00fanico partido que lleva una Agenda Canaria en su programa. Algunos tienen cuentas en Panam\u00e1 y otros tenemos una Agenda Canaria\u201d, ha afirmado\u00a0S\u00e1nchez.<\/span><\/div>\n<div style=\"text-align: justify;\" align=\"justify\"><\/div>\n<div style=\"text-align: justify;\" align=\"justify\"><span style=\"font-family: tahoma, sans-serif;\">El candidato socialista a la Presidencia del Gobierno, Pedro S\u00e1nchez, asegur\u00f3 que \u201csi el PSOE es la primera fuerza pol\u00edtica\u201d el 26-J \u201chabr\u00e1 un gobierno socialista que ponga fin a la precariedad laboral, apruebe una ley de Igualdad salarial entre hombres y mujeres, suba el Salario M\u00ednimo Interprofesional y luche contra el desempleo de larga duraci\u00f3n que afecta a 2.700.000 espa\u00f1oles y espa\u00f1olas\u201d, con un Plan espec\u00edfico.<\/span><\/div>\n<div style=\"text-align: justify;\" align=\"justify\"><\/div>\n<div style=\"text-align: justify;\" align=\"justify\"><span style=\"font-family: tahoma, sans-serif;\">El l\u00edder socialista ha subrayado que el PSOE es el \u00fanico partido que est\u00e1 hablando en esta precampa\u00f1a electoral de \u201csoluciones\u201d y propuestas para afrontar los grandes problemas que tiene nuestro pa\u00eds, y no de \u201csillones, siglas o banderas\u201d.<\/span><\/div>\n<div style=\"text-align: justify;\" align=\"justify\"><\/div>\n<div style=\"text-align: justify;\" align=\"justify\"><span style=\"font-family: tahoma, sans-serif;\">As\u00ed, desgranado sus compromisos de crear en cuatro meses un Ingreso Vital M\u00ednimo para los 720.000 hogares sin ingresos que hay en Espa\u00f1a; subir el 4% el SMI en el primer a\u00f1o de gobierno; aprobar un plan contra el desempleo de larga duraci\u00f3n y para la acreditaci\u00f3n profesional de j\u00f3venes que reduzca la tasa de paro a la mitad en cuatro a\u00f1os; o blindar la financiaci\u00f3n de las pensiones creando un recargo de solidaridad para que las grandes corporaciones y fortunas contribuyan m\u00e1s al fondo de reserva, y hacerlo en menos de un a\u00f1o.<\/span><\/div>\n<div style=\"text-align: justify;\" align=\"justify\"><span style=\"font-family: tahoma, sans-serif;\">\u00a0<\/span><\/div>\n<div style=\"text-align: justify;\" align=\"justify\"><span style=\"font-family: tahoma, sans-serif;\">Tambi\u00e9n se ha dirigido Pedro S\u00e1nchez a las mujeres que se sienten \u201cindignadas por los recortes que ha habido\u201d, para prometerles que, si gobierna, el PSOE aprobar\u00e1 \u201cuna ley de igualdad salarial entre hombres y mujeres, porque no es justo que las mujeres tengan que trabajar hasta 70 d\u00edas m\u00e1s al a\u00f1o para cobrar lo mismo que sus compa\u00f1eros varones por realizar el mismo tipo de trabajo\u201d. Tambi\u00e9n, a\u00f1adi\u00f3, \u201cvamos a construir un acuerdo pol\u00edtico, institucional y social para poner freno\u00a0 a la violencia de g\u00e9nero\u201d.<\/span><\/div>\n<div style=\"text-align: justify;\" align=\"justify\"><span style=\"font-family: tahoma, sans-serif;\">\u00a0<\/span><\/div>\n<div style=\"text-align: justify;\" align=\"justify\"><span style=\"font-family: tahoma, sans-serif;\">En otro momento de su intervenci\u00f3n, Pedro S\u00e1nchez se ha referido a la limpieza y la transparencia que existe en las cuentas del PSOE. Unas cuentas que \u201cest\u00e1n expuestas en la web del partido\u201d, mientras que para conocer las de otros partidos que \u201cvan dando lecciones\u201d, hay que \u201cpreguntar a los jueces de la Audiencia Nacional o a B\u00e1rcenas\u201d.<\/span><\/div>\n<div style=\"text-align: justify;\" align=\"justify\"><span style=\"font-family: tahoma, sans-serif;\">\u00a0<\/span><\/div>\n<div style=\"text-align: justify;\" align=\"justify\"><span style=\"font-family: tahoma, sans-serif;\">Afirm\u00f3 que \u00e9l es \u201cun pol\u00edtico en A\u201d, mientras que \u201cRajoy es un pol\u00edtico en B, porque lo tiene todo en B: el programa electoral, la financiaci\u00f3n, la contabilidad\u2026\u201d, y ha pedido que eso \u201cno le salga gratis\u201d el 26 de junio.<\/span><\/div>\n<div style=\"text-align: justify;\" align=\"justify\"><span style=\"font-family: tahoma, sans-serif;\">\u00a0<\/span><\/div>\n<div style=\"text-align: justify;\" align=\"justify\"><span style=\"font-family: tahoma, sans-serif;\">Pedro S\u00e1nchez ha se\u00f1alado que estas \u201cno son unas elecciones m\u00e1s\u201d y ha pedido \u201ca todos los socialistas de coraz\u00f3n, con o sin carnet, que nos unamos en torno al gran partido del cambio que es el PSOE. Que no se quede nadie en casa, porque nuestro gran adversario es la abstenci\u00f3n, y digamos \u2018S\u00ed\u2019 alto y claro el pr\u00f3ximo 26 de junio en las urnas, llen\u00e1ndolas de pu\u00f1os y rosas\u201d, y \u201cponiendo fin a este mal gobierno\u201d del PP, concluy\u00f3.<\/span><\/div>\n","protected":false},"excerpt":{"rendered":"<p>Pedro S\u00e1nchez asegur\u00f3 en Las Palmas de Gran Canaria que el PSOE es el \u00fanico partido que lleva una Agenda Canaria en su programa<\/p>\n","protected":false},"author":1,"featured_media":2148,"comment_status":"open","ping_status":"open","sticky":false,"template":"","format":"standard","meta":{"footnotes":""},"categories":[7],"tags":[547,54,157,10,310],"class_list":["post-2146","post","type-post","status-publish","format-standard","has-post-thumbnail","hentry","category-politica","tag-26j","tag-elecciones","tag-pedro-sanchez","tag-psoe","tag-psoe-canarias"],"featured_image_src":"https:\/\/psoecanarias.com\/web\/wp-content\/uploads\/2016\/06\/pedro-gc-e1464907946746.jpg","author_info":{"display_name":"PSOE Canarias","author_link":"https:\/\/psoecanarias.com\/web\/author\/admin\/"},"yoast_head":"<!-- This site is optimized with the Yoast SEO plugin v27.2 - https:\/\/yoast.com\/product\/yoast-seo-wordpress\/ -->\n<title>&quot;S\u00f3lo una papeleta har\u00e1 que Rajoy no vuelva a ser presidente el pr\u00f3ximo 26 de junio, y esa es la papeleta de PSOE-NC&quot; | PSOE Canarias<\/title>\n<meta name=\"robots\" content=\"index, follow, max-snippet:-1, max-image-preview:large, max-video-preview:-1\" \/>\n<link rel=\"canonical\" href=\"https:\/\/psoecanarias.com\/web\/solo-una-papeleta-hara-que-rajoy-no-vuelva-a-ser-presidente-el-proximo-26-de-junio-y-esa-es-la-papeleta-de-psoe-nc\/\" \/>\n<meta property=\"og:locale\" content=\"es_ES\" \/>\n<meta property=\"og:type\" content=\"article\" \/>\n<meta property=\"og:title\" content=\"&quot;S\u00f3lo una papeleta har\u00e1 que Rajoy no vuelva a ser presidente el pr\u00f3ximo 26 de junio, y esa es la papeleta de PSOE-NC&quot; | PSOE Canarias\" \/>\n<meta property=\"og:description\" content=\"Pedro S\u00e1nchez asegur\u00f3 en Las Palmas de Gran Canaria que el PSOE es el \u00fanico partido que lleva una Agenda Canaria en su programa\" \/>\n<meta property=\"og:url\" content=\"https:\/\/psoecanarias.com\/web\/solo-una-papeleta-hara-que-rajoy-no-vuelva-a-ser-presidente-el-proximo-26-de-junio-y-esa-es-la-papeleta-de-psoe-nc\/\" \/>\n<meta property=\"og:site_name\" content=\"PSOE Canarias\" \/>\n<meta property=\"article:published_time\" content=\"2016-06-02T22:52:48+00:00\" \/>\n<meta property=\"article:modified_time\" content=\"2016-06-06T09:47:21+00:00\" \/>\n<meta property=\"og:image\" content=\"https:\/\/psoecanarias.com\/web\/wp-content\/uploads\/2016\/06\/pedro-gc-e1464907946746.jpg\" \/>\n\t<meta property=\"og:image:width\" content=\"900\" \/>\n\t<meta property=\"og:image:height\" content=\"433\" \/>\n\t<meta property=\"og:image:type\" content=\"image\/jpeg\" \/>\n<meta name=\"author\" content=\"PSOE Canarias\" \/>\n<meta name=\"twitter:card\" content=\"summary_large_image\" \/>\n<script type=\"application\/ld+json\" class=\"yoast-schema-graph\">{\"@context\":\"https:\/\/schema.org\",\"@graph\":[{\"@type\":\"Article\",\"@id\":\"https:\/\/psoecanarias.com\/web\/solo-una-papeleta-hara-que-rajoy-no-vuelva-a-ser-presidente-el-proximo-26-de-junio-y-esa-es-la-papeleta-de-psoe-nc\/#article\",\"isPartOf\":{\"@id\":\"https:\/\/psoecanarias.com\/web\/solo-una-papeleta-hara-que-rajoy-no-vuelva-a-ser-presidente-el-proximo-26-de-junio-y-esa-es-la-papeleta-de-psoe-nc\/\"},\"author\":{\"name\":\"PSOE Canarias\",\"@id\":\"https:\/\/psoecanarias.com\/web\/#\/schema\/person\/1ae43f9659d2fc599ca69c11e1dbf26f\"},\"headline\":\"&#8220;S\u00f3lo una papeleta har\u00e1 que Rajoy no vuelva a ser presidente el pr\u00f3ximo 26 de junio, y esa es la papeleta de PSOE-NC&#8221;\",\"datePublished\":\"2016-06-02T22:52:48+00:00\",\"dateModified\":\"2016-06-06T09:47:21+00:00\",\"mainEntityOfPage\":{\"@id\":\"https:\/\/psoecanarias.com\/web\/solo-una-papeleta-hara-que-rajoy-no-vuelva-a-ser-presidente-el-proximo-26-de-junio-y-esa-es-la-papeleta-de-psoe-nc\/\"},\"wordCount\":690,\"commentCount\":0,\"image\":{\"@id\":\"https:\/\/psoecanarias.com\/web\/solo-una-papeleta-hara-que-rajoy-no-vuelva-a-ser-presidente-el-proximo-26-de-junio-y-esa-es-la-papeleta-de-psoe-nc\/#primaryimage\"},\"thumbnailUrl\":\"https:\/\/psoecanarias.com\/web\/wp-content\/uploads\/2016\/06\/pedro-gc-e1464907946746.jpg\",\"keywords\":[\"26J\",\"elecciones\",\"Pedro S\u00e1nchez\",\"PSOE\",\"PSOE Canarias\"],\"articleSection\":[\"Pol\u00edtica\"],\"inLanguage\":\"es\",\"potentialAction\":[{\"@type\":\"CommentAction\",\"name\":\"Comment\",\"target\":[\"https:\/\/psoecanarias.com\/web\/solo-una-papeleta-hara-que-rajoy-no-vuelva-a-ser-presidente-el-proximo-26-de-junio-y-esa-es-la-papeleta-de-psoe-nc\/#respond\"]}]},{\"@type\":\"WebPage\",\"@id\":\"https:\/\/psoecanarias.com\/web\/solo-una-papeleta-hara-que-rajoy-no-vuelva-a-ser-presidente-el-proximo-26-de-junio-y-esa-es-la-papeleta-de-psoe-nc\/\",\"url\":\"https:\/\/psoecanarias.com\/web\/solo-una-papeleta-hara-que-rajoy-no-vuelva-a-ser-presidente-el-proximo-26-de-junio-y-esa-es-la-papeleta-de-psoe-nc\/\",\"name\":\"\\\"S\u00f3lo una papeleta har\u00e1 que Rajoy no vuelva a ser presidente el pr\u00f3ximo 26 de junio, y esa es la papeleta de PSOE-NC\\\" | PSOE Canarias\",\"isPartOf\":{\"@id\":\"https:\/\/psoecanarias.com\/web\/#website\"},\"primaryImageOfPage\":{\"@id\":\"https:\/\/psoecanarias.com\/web\/solo-una-papeleta-hara-que-rajoy-no-vuelva-a-ser-presidente-el-proximo-26-de-junio-y-esa-es-la-papeleta-de-psoe-nc\/#primaryimage\"},\"image\":{\"@id\":\"https:\/\/psoecanarias.com\/web\/solo-una-papeleta-hara-que-rajoy-no-vuelva-a-ser-presidente-el-proximo-26-de-junio-y-esa-es-la-papeleta-de-psoe-nc\/#primaryimage\"},\"thumbnailUrl\":\"https:\/\/psoecanarias.com\/web\/wp-content\/uploads\/2016\/06\/pedro-gc-e1464907946746.jpg\",\"datePublished\":\"2016-06-02T22:52:48+00:00\",\"dateModified\":\"2016-06-06T09:47:21+00:00\",\"author\":{\"@id\":\"https:\/\/psoecanarias.com\/web\/#\/schema\/person\/1ae43f9659d2fc599ca69c11e1dbf26f\"},\"breadcrumb\":{\"@id\":\"https:\/\/psoecanarias.com\/web\/solo-una-papeleta-hara-que-rajoy-no-vuelva-a-ser-presidente-el-proximo-26-de-junio-y-esa-es-la-papeleta-de-psoe-nc\/#breadcrumb\"},\"inLanguage\":\"es\",\"potentialAction\":[{\"@type\":\"ReadAction\",\"target\":[\"https:\/\/psoecanarias.com\/web\/solo-una-papeleta-hara-que-rajoy-no-vuelva-a-ser-presidente-el-proximo-26-de-junio-y-esa-es-la-papeleta-de-psoe-nc\/\"]}]},{\"@type\":\"ImageObject\",\"inLanguage\":\"es\",\"@id\":\"https:\/\/psoecanarias.com\/web\/solo-una-papeleta-hara-que-rajoy-no-vuelva-a-ser-presidente-el-proximo-26-de-junio-y-esa-es-la-papeleta-de-psoe-nc\/#primaryimage\",\"url\":\"https:\/\/psoecanarias.com\/web\/wp-content\/uploads\/2016\/06\/pedro-gc-e1464907946746.jpg\",\"contentUrl\":\"https:\/\/psoecanarias.com\/web\/wp-content\/uploads\/2016\/06\/pedro-gc-e1464907946746.jpg\",\"width\":900,\"height\":433},{\"@type\":\"BreadcrumbList\",\"@id\":\"https:\/\/psoecanarias.com\/web\/solo-una-papeleta-hara-que-rajoy-no-vuelva-a-ser-presidente-el-proximo-26-de-junio-y-esa-es-la-papeleta-de-psoe-nc\/#breadcrumb\",\"itemListElement\":[{\"@type\":\"ListItem\",\"position\":1,\"name\":\"Portada\",\"item\":\"https:\/\/psoecanarias.com\/web\/\"},{\"@type\":\"ListItem\",\"position\":2,\"name\":\"\\\"S\u00f3lo una papeleta har\u00e1 que Rajoy no vuelva a ser presidente el pr\u00f3ximo 26 de junio, y esa es la papeleta de PSOE-NC\\\"\"}]},{\"@type\":\"WebSite\",\"@id\":\"https:\/\/psoecanarias.com\/web\/#website\",\"url\":\"https:\/\/psoecanarias.com\/web\/\",\"name\":\"PSOE Canarias\",\"description\":\"Partido Socialista Obrero Espa\u00f1ol Canarias\",\"potentialAction\":[{\"@type\":\"SearchAction\",\"target\":{\"@type\":\"EntryPoint\",\"urlTemplate\":\"https:\/\/psoecanarias.com\/web\/?s={search_term_string}\"},\"query-input\":{\"@type\":\"PropertyValueSpecification\",\"valueRequired\":true,\"valueName\":\"search_term_string\"}}],\"inLanguage\":\"es\"},{\"@type\":\"Person\",\"@id\":\"https:\/\/psoecanarias.com\/web\/#\/schema\/person\/1ae43f9659d2fc599ca69c11e1dbf26f\",\"name\":\"PSOE Canarias\",\"image\":{\"@type\":\"ImageObject\",\"inLanguage\":\"es\",\"@id\":\"https:\/\/secure.gravatar.com\/avatar\/4364d37f6f6f9cdb7af199b46151565f37d8a8c3c0e04c1d78c04e857a15e3a8?s=96&d=mm&r=g\",\"url\":\"https:\/\/secure.gravatar.com\/avatar\/4364d37f6f6f9cdb7af199b46151565f37d8a8c3c0e04c1d78c04e857a15e3a8?s=96&d=mm&r=g\",\"contentUrl\":\"https:\/\/secure.gravatar.com\/avatar\/4364d37f6f6f9cdb7af199b46151565f37d8a8c3c0e04c1d78c04e857a15e3a8?s=96&d=mm&r=g\",\"caption\":\"PSOE Canarias\"},\"url\":\"https:\/\/psoecanarias.com\/web\/author\/admin\/\"}]}<\/script>\n<!-- \/ Yoast SEO plugin. -->","yoast_head_json":{"title":"\"S\u00f3lo una papeleta har\u00e1 que Rajoy no vuelva a ser presidente el pr\u00f3ximo 26 de junio, y esa es la papeleta de PSOE-NC\" | PSOE Canarias","robots":{"index":"index","follow":"follow","max-snippet":"max-snippet:-1","max-image-preview":"max-image-preview:large","max-video-preview":"max-video-preview:-1"},"canonical":"https:\/\/psoecanarias.com\/web\/solo-una-papeleta-hara-que-rajoy-no-vuelva-a-ser-presidente-el-proximo-26-de-junio-y-esa-es-la-papeleta-de-psoe-nc\/","og_locale":"es_ES","og_type":"article","og_title":"\"S\u00f3lo una papeleta har\u00e1 que Rajoy no vuelva a ser presidente el pr\u00f3ximo 26 de junio, y esa es la papeleta de PSOE-NC\" | PSOE Canarias","og_description":"Pedro S\u00e1nchez asegur\u00f3 en Las Palmas de Gran Canaria que el PSOE es el \u00fanico partido que lleva una Agenda Canaria en su programa","og_url":"https:\/\/psoecanarias.com\/web\/solo-una-papeleta-hara-que-rajoy-no-vuelva-a-ser-presidente-el-proximo-26-de-junio-y-esa-es-la-papeleta-de-psoe-nc\/","og_site_name":"PSOE Canarias","article_published_time":"2016-06-02T22:52:48+00:00","article_modified_time":"2016-06-06T09:47:21+00:00","og_image":[{"width":900,"height":433,"url":"https:\/\/psoecanarias.com\/web\/wp-content\/uploads\/2016\/06\/pedro-gc-e1464907946746.jpg","type":"image\/jpeg"}],"author":"PSOE Canarias","twitter_card":"summary_large_image","schema":{"@context":"https:\/\/schema.org","@graph":[{"@type":"Article","@id":"https:\/\/psoecanarias.com\/web\/solo-una-papeleta-hara-que-rajoy-no-vuelva-a-ser-presidente-el-proximo-26-de-junio-y-esa-es-la-papeleta-de-psoe-nc\/#article","isPartOf":{"@id":"https:\/\/psoecanarias.com\/web\/solo-una-papeleta-hara-que-rajoy-no-vuelva-a-ser-presidente-el-proximo-26-de-junio-y-esa-es-la-papeleta-de-psoe-nc\/"},"author":{"name":"PSOE Canarias","@id":"https:\/\/psoecanarias.com\/web\/#\/schema\/person\/1ae43f9659d2fc599ca69c11e1dbf26f"},"headline":"&#8220;S\u00f3lo una papeleta har\u00e1 que Rajoy no vuelva a ser presidente el pr\u00f3ximo 26 de junio, y esa es la papeleta de PSOE-NC&#8221;","datePublished":"2016-06-02T22:52:48+00:00","dateModified":"2016-06-06T09:47:21+00:00","mainEntityOfPage":{"@id":"https:\/\/psoecanarias.com\/web\/solo-una-papeleta-hara-que-rajoy-no-vuelva-a-ser-presidente-el-proximo-26-de-junio-y-esa-es-la-papeleta-de-psoe-nc\/"},"wordCount":690,"commentCount":0,"image":{"@id":"https:\/\/psoecanarias.com\/web\/solo-una-papeleta-hara-que-rajoy-no-vuelva-a-ser-presidente-el-proximo-26-de-junio-y-esa-es-la-papeleta-de-psoe-nc\/#primaryimage"},"thumbnailUrl":"https:\/\/psoecanarias.com\/web\/wp-content\/uploads\/2016\/06\/pedro-gc-e1464907946746.jpg","keywords":["26J","elecciones","Pedro S\u00e1nchez","PSOE","PSOE Canarias"],"articleSection":["Pol\u00edtica"],"inLanguage":"es","potentialAction":[{"@type":"CommentAction","name":"Comment","target":["https:\/\/psoecanarias.com\/web\/solo-una-papeleta-hara-que-rajoy-no-vuelva-a-ser-presidente-el-proximo-26-de-junio-y-esa-es-la-papeleta-de-psoe-nc\/#respond"]}]},{"@type":"WebPage","@id":"https:\/\/psoecanarias.com\/web\/solo-una-papeleta-hara-que-rajoy-no-vuelva-a-ser-presidente-el-proximo-26-de-junio-y-esa-es-la-papeleta-de-psoe-nc\/","url":"https:\/\/psoecanarias.com\/web\/solo-una-papeleta-hara-que-rajoy-no-vuelva-a-ser-presidente-el-proximo-26-de-junio-y-esa-es-la-papeleta-de-psoe-nc\/","name":"\"S\u00f3lo una papeleta har\u00e1 que Rajoy no vuelva a ser presidente el pr\u00f3ximo 26 de junio, y esa es la papeleta de PSOE-NC\" | PSOE Canarias","isPartOf":{"@id":"https:\/\/psoecanarias.com\/web\/#website"},"primaryImageOfPage":{"@id":"https:\/\/psoecanarias.com\/web\/solo-una-papeleta-hara-que-rajoy-no-vuelva-a-ser-presidente-el-proximo-26-de-junio-y-esa-es-la-papeleta-de-psoe-nc\/#primaryimage"},"image":{"@id":"https:\/\/psoecanarias.com\/web\/solo-una-papeleta-hara-que-rajoy-no-vuelva-a-ser-presidente-el-proximo-26-de-junio-y-esa-es-la-papeleta-de-psoe-nc\/#primaryimage"},"thumbnailUrl":"https:\/\/psoecanarias.com\/web\/wp-content\/uploads\/2016\/06\/pedro-gc-e1464907946746.jpg","datePublished":"2016-06-02T22:52:48+00:00","dateModified":"2016-06-06T09:47:21+00:00","author":{"@id":"https:\/\/psoecanarias.com\/web\/#\/schema\/person\/1ae43f9659d2fc599ca69c11e1dbf26f"},"breadcrumb":{"@id":"https:\/\/psoecanarias.com\/web\/solo-una-papeleta-hara-que-rajoy-no-vuelva-a-ser-presidente-el-proximo-26-de-junio-y-esa-es-la-papeleta-de-psoe-nc\/#breadcrumb"},"inLanguage":"es","potentialAction":[{"@type":"ReadAction","target":["https:\/\/psoecanarias.com\/web\/solo-una-papeleta-hara-que-rajoy-no-vuelva-a-ser-presidente-el-proximo-26-de-junio-y-esa-es-la-papeleta-de-psoe-nc\/"]}]},{"@type":"ImageObject","inLanguage":"es","@id":"https:\/\/psoecanarias.com\/web\/solo-una-papeleta-hara-que-rajoy-no-vuelva-a-ser-presidente-el-proximo-26-de-junio-y-esa-es-la-papeleta-de-psoe-nc\/#primaryimage","url":"https:\/\/psoecanarias.com\/web\/wp-content\/uploads\/2016\/06\/pedro-gc-e1464907946746.jpg","contentUrl":"https:\/\/psoecanarias.com\/web\/wp-content\/uploads\/2016\/06\/pedro-gc-e1464907946746.jpg","width":900,"height":433},{"@type":"BreadcrumbList","@id":"https:\/\/psoecanarias.com\/web\/solo-una-papeleta-hara-que-rajoy-no-vuelva-a-ser-presidente-el-proximo-26-de-junio-y-esa-es-la-papeleta-de-psoe-nc\/#breadcrumb","itemListElement":[{"@type":"ListItem","position":1,"name":"Portada","item":"https:\/\/psoecanarias.com\/web\/"},{"@type":"ListItem","position":2,"name":"\"S\u00f3lo una papeleta har\u00e1 que Rajoy no vuelva a ser presidente el pr\u00f3ximo 26 de junio, y esa es la papeleta de PSOE-NC\""}]},{"@type":"WebSite","@id":"https:\/\/psoecanarias.com\/web\/#website","url":"https:\/\/psoecanarias.com\/web\/","name":"PSOE Canarias","description":"Partido Socialista Obrero Espa\u00f1ol Canarias","potentialAction":[{"@type":"SearchAction","target":{"@type":"EntryPoint","urlTemplate":"https:\/\/psoecanarias.com\/web\/?s={search_term_string}"},"query-input":{"@type":"PropertyValueSpecification","valueRequired":true,"valueName":"search_term_string"}}],"inLanguage":"es"},{"@type":"Person","@id":"https:\/\/psoecanarias.com\/web\/#\/schema\/person\/1ae43f9659d2fc599ca69c11e1dbf26f","name":"PSOE Canarias","image":{"@type":"ImageObject","inLanguage":"es","@id":"https:\/\/secure.gravatar.com\/avatar\/4364d37f6f6f9cdb7af199b46151565f37d8a8c3c0e04c1d78c04e857a15e3a8?s=96&d=mm&r=g","url":"https:\/\/secure.gravatar.com\/avatar\/4364d37f6f6f9cdb7af199b46151565f37d8a8c3c0e04c1d78c04e857a15e3a8?s=96&d=mm&r=g","contentUrl":"https:\/\/secure.gravatar.com\/avatar\/4364d37f6f6f9cdb7af199b46151565f37d8a8c3c0e04c1d78c04e857a15e3a8?s=96&d=mm&r=g","caption":"PSOE Canarias"},"url":"https:\/\/psoecanarias.com\/web\/author\/admin\/"}]}},"_links":{"self":[{"href":"https:\/\/psoecanarias.com\/web\/wp-json\/wp\/v2\/posts\/2146","targetHints":{"allow":["GET"]}}],"collection":[{"href":"https:\/\/psoecanarias.com\/web\/wp-json\/wp\/v2\/posts"}],"about":[{"href":"https:\/\/psoecanarias.com\/web\/wp-json\/wp\/v2\/types\/post"}],"author":[{"embeddable":true,"href":"https:\/\/psoecanarias.com\/web\/wp-json\/wp\/v2\/users\/1"}],"replies":[{"embeddable":true,"href":"https:\/\/psoecanarias.com\/web\/wp-json\/wp\/v2\/comments?post=2146"}],"version-history":[{"count":1,"href":"https:\/\/psoecanarias.com\/web\/wp-json\/wp\/v2\/posts\/2146\/revisions"}],"predecessor-version":[{"id":2149,"href":"https:\/\/psoecanarias.com\/web\/wp-json\/wp\/v2\/posts\/2146\/revisions\/2149"}],"wp:featuredmedia":[{"embeddable":true,"href":"https:\/\/psoecanarias.com\/web\/wp-json\/wp\/v2\/media\/2148"}],"wp:attachment":[{"href":"https:\/\/psoecanarias.com\/web\/wp-json\/wp\/v2\/media?parent=2146"}],"wp:term":[{"taxonomy":"category","embeddable":true,"href":"https:\/\/psoecanarias.com\/web\/wp-json\/wp\/v2\/categories?post=2146"},{"taxonomy":"post_tag","embeddable":true,"href":"https:\/\/psoecanarias.com\/web\/wp-json\/wp\/v2\/tags?post=2146"}],"curies":[{"name":"wp","href":"https:\/\/api.w.org\/{rel}","templated":true}]}}