{"id":2164,"date":"2016-06-07T18:32:54","date_gmt":"2016-06-07T17:32:54","guid":{"rendered":"http:\/\/psoecanarias.com\/web\/?p=2164"},"modified":"2016-06-07T18:42:38","modified_gmt":"2016-06-07T17:42:38","slug":"con-sus-mentiras-el-pp-nos-insulta-como-pueblo-y-atenta-contra-la-democracia","status":"publish","type":"post","link":"https:\/\/psoecanarias.com\/web\/con-sus-mentiras-el-pp-nos-insulta-como-pueblo-y-atenta-contra-la-democracia\/","title":{"rendered":"\u201cCon sus mentiras, el PP nos insulta como pueblo y atenta contra la democracia\u201d"},"content":{"rendered":"<p style=\"text-align: justify;\"><em>XH\/ <\/em>El portavoz del Grupo Parlamentario Socialista, I\u00f1aki Lavandera, afirm\u00f3 este martes que el PP, \u201ccon sus mentiras, nos insulta como pueblo y atenta contra la democracia\u201d. En el pleno de la C\u00e1mara, pregunt\u00f3 a la vicepresidenta del Gobierno de Canarias por la comunicaci\u00f3n enviada por Mariano Rajoy a la Comisi\u00f3n Europea anunciando nuevos recortes en el segundo semestre de 2016, lo que, a su juicio, \u201cconstata la necesidad de un s\u00ed por el cambio\u201d.<\/p>\n<p style=\"text-align: justify;\">\u201cEl candidato del Partido Popular, el mismo que anuncia reducci\u00f3n de impuestos en plenas elecciones, a pesar de tener disparado el objetivo del d\u00e9ficit y un grave problema de recaudaci\u00f3n que hace que no le cuadren las cuentas, es capaz de rogar a Europa que no multen a Espa\u00f1a por su desastrosa gesti\u00f3n econ\u00f3mica prometiendo nuevos recortes si gana las pr\u00f3ximas elecciones\u201d, denunci\u00f3.<\/p>\n<p style=\"text-align: justify;\">Lavandera subray\u00f3 que Rajoy, \u201ccon una mano aprobaba el a\u00f1o pasado una reforma fiscal que beneficia a las rentas m\u00e1s altas en perjuicio de las bajas y que nos ha costado dejar de ingresar 5.000 millones en 2016, mientras con la otra promete a Juncker recortes, como m\u00ednimo, por valor de 10.000 millones\u201d. Afirm\u00f3 que esos recortes \u201cya sabemos a qu\u00e9 y qui\u00e9nes ir\u00e1n dirigidos: a destruir derechos, esperanzas, igualdad y un modelo de estado del bienestar que los socialistas tendremos que volver a construir\u201d.<\/p>\n<p style=\"text-align: justify;\">El portavoz del PSOE consider\u00f3 escandaloso que un candidato a la Presidencia del Gobierno de Espa\u00f1a mienta al electorado de esta manera. \u201cYa sab\u00edamos que el Partido Popular ten\u00eda una cara B, pero ahora sabemos que tiene tambi\u00e9n un programa electoral en B\u201d. Asimismo, lament\u00f3 que la Comisi\u00f3n Europea se haya prestado a ser c\u00f3mplice de un gobierno que oculta informaci\u00f3n a la ciudadan\u00eda por que pueda influir en unas elecciones. \u201cLa democracia es todo lo contrario, es transparencia, es informaci\u00f3n objetiva a los electores. Tenemos derecho a saber si la Uni\u00f3n Europea multar\u00e1 a Espa\u00f1a por la nefasta gesti\u00f3n del Partido Popular\u201d, dijo en la C\u00e1mara.<\/p>\n<p>&nbsp;<\/p>\n","protected":false},"excerpt":{"rendered":"<p>I\u00f1aki Lavandera afirma que la \u201ccarta secreta\u201d de Rajoy a Juncker anunciando nuevos recortes \u201cconstata la necesidad de un s\u00ed por el cambio\u201d y considera \u201cescandaloso\u201d que un candidato a la Presidencia del Gobierno de Espa\u00f1a mienta de esta manera<\/p>\n","protected":false},"author":1,"featured_media":2165,"comment_status":"open","ping_status":"open","sticky":false,"template":"","format":"standard","meta":{"footnotes":""},"categories":[7],"tags":[597,547,320,54,293,32,216],"class_list":["post-2164","post","type-post","status-publish","format-standard","has-post-thumbnail","hentry","category-politica","tag-siporelcambio","tag-26j","tag-diputado","tag-elecciones","tag-grupo-parlamentario-socialista-canario","tag-inaki-lavandera","tag-portavoz"],"featured_image_src":"https:\/\/psoecanarias.com\/web\/wp-content\/uploads\/2016\/06\/Ilavandera.jpg","author_info":{"display_name":"PSOE Canarias","author_link":"https:\/\/psoecanarias.com\/web\/author\/admin\/"},"yoast_head":"<!-- This site is optimized with the Yoast SEO plugin v27.2 - https:\/\/yoast.com\/product\/yoast-seo-wordpress\/ -->\n<title>\u201cCon sus mentiras, el PP nos insulta como pueblo y atenta contra la democracia\u201d | PSOE Canarias<\/title>\n<meta name=\"robots\" content=\"index, follow, max-snippet:-1, max-image-preview:large, max-video-preview:-1\" \/>\n<link rel=\"canonical\" href=\"https:\/\/psoecanarias.com\/web\/con-sus-mentiras-el-pp-nos-insulta-como-pueblo-y-atenta-contra-la-democracia\/\" \/>\n<meta property=\"og:locale\" content=\"es_ES\" \/>\n<meta property=\"og:type\" content=\"article\" \/>\n<meta property=\"og:title\" content=\"\u201cCon sus mentiras, el PP nos insulta como pueblo y atenta contra la democracia\u201d | PSOE Canarias\" \/>\n<meta property=\"og:description\" content=\"I\u00f1aki Lavandera afirma que la \u201ccarta secreta\u201d de Rajoy a Juncker anunciando nuevos recortes \u201cconstata la necesidad de un s\u00ed por el cambio\u201d y considera \u201cescandaloso\u201d que un candidato a la Presidencia del Gobierno de Espa\u00f1a mienta de esta manera\" \/>\n<meta property=\"og:url\" content=\"https:\/\/psoecanarias.com\/web\/con-sus-mentiras-el-pp-nos-insulta-como-pueblo-y-atenta-contra-la-democracia\/\" \/>\n<meta property=\"og:site_name\" content=\"PSOE Canarias\" \/>\n<meta property=\"article:published_time\" content=\"2016-06-07T17:32:54+00:00\" \/>\n<meta property=\"article:modified_time\" content=\"2016-06-07T17:42:38+00:00\" \/>\n<meta property=\"og:image\" content=\"https:\/\/psoecanarias.com\/web\/wp-content\/uploads\/2016\/06\/Ilavandera.jpg\" \/>\n\t<meta property=\"og:image:width\" content=\"640\" \/>\n\t<meta property=\"og:image:height\" content=\"354\" \/>\n\t<meta property=\"og:image:type\" content=\"image\/jpeg\" \/>\n<meta name=\"author\" content=\"PSOE Canarias\" \/>\n<meta name=\"twitter:card\" content=\"summary_large_image\" \/>\n<script type=\"application\/ld+json\" class=\"yoast-schema-graph\">{\"@context\":\"https:\/\/schema.org\",\"@graph\":[{\"@type\":\"Article\",\"@id\":\"https:\/\/psoecanarias.com\/web\/con-sus-mentiras-el-pp-nos-insulta-como-pueblo-y-atenta-contra-la-democracia\/#article\",\"isPartOf\":{\"@id\":\"https:\/\/psoecanarias.com\/web\/con-sus-mentiras-el-pp-nos-insulta-como-pueblo-y-atenta-contra-la-democracia\/\"},\"author\":{\"name\":\"PSOE Canarias\",\"@id\":\"https:\/\/psoecanarias.com\/web\/#\/schema\/person\/1ae43f9659d2fc599ca69c11e1dbf26f\"},\"headline\":\"\u201cCon sus mentiras, el PP nos insulta como pueblo y atenta contra la democracia\u201d\",\"datePublished\":\"2016-06-07T17:32:54+00:00\",\"dateModified\":\"2016-06-07T17:42:38+00:00\",\"mainEntityOfPage\":{\"@id\":\"https:\/\/psoecanarias.com\/web\/con-sus-mentiras-el-pp-nos-insulta-como-pueblo-y-atenta-contra-la-democracia\/\"},\"wordCount\":370,\"commentCount\":0,\"image\":{\"@id\":\"https:\/\/psoecanarias.com\/web\/con-sus-mentiras-el-pp-nos-insulta-como-pueblo-y-atenta-contra-la-democracia\/#primaryimage\"},\"thumbnailUrl\":\"https:\/\/psoecanarias.com\/web\/wp-content\/uploads\/2016\/06\/Ilavandera.jpg\",\"keywords\":[\"#S\u00edPorElCambio\",\"26J\",\"Diputado\",\"elecciones\",\"Grupo Parlamentario Socialista Canario\",\"I\u00f1aki Lavandera\",\"portavoz\"],\"articleSection\":[\"Pol\u00edtica\"],\"inLanguage\":\"es\",\"potentialAction\":[{\"@type\":\"CommentAction\",\"name\":\"Comment\",\"target\":[\"https:\/\/psoecanarias.com\/web\/con-sus-mentiras-el-pp-nos-insulta-como-pueblo-y-atenta-contra-la-democracia\/#respond\"]}]},{\"@type\":\"WebPage\",\"@id\":\"https:\/\/psoecanarias.com\/web\/con-sus-mentiras-el-pp-nos-insulta-como-pueblo-y-atenta-contra-la-democracia\/\",\"url\":\"https:\/\/psoecanarias.com\/web\/con-sus-mentiras-el-pp-nos-insulta-como-pueblo-y-atenta-contra-la-democracia\/\",\"name\":\"\u201cCon sus mentiras, el PP nos insulta como pueblo y atenta contra la democracia\u201d | PSOE Canarias\",\"isPartOf\":{\"@id\":\"https:\/\/psoecanarias.com\/web\/#website\"},\"primaryImageOfPage\":{\"@id\":\"https:\/\/psoecanarias.com\/web\/con-sus-mentiras-el-pp-nos-insulta-como-pueblo-y-atenta-contra-la-democracia\/#primaryimage\"},\"image\":{\"@id\":\"https:\/\/psoecanarias.com\/web\/con-sus-mentiras-el-pp-nos-insulta-como-pueblo-y-atenta-contra-la-democracia\/#primaryimage\"},\"thumbnailUrl\":\"https:\/\/psoecanarias.com\/web\/wp-content\/uploads\/2016\/06\/Ilavandera.jpg\",\"datePublished\":\"2016-06-07T17:32:54+00:00\",\"dateModified\":\"2016-06-07T17:42:38+00:00\",\"author\":{\"@id\":\"https:\/\/psoecanarias.com\/web\/#\/schema\/person\/1ae43f9659d2fc599ca69c11e1dbf26f\"},\"breadcrumb\":{\"@id\":\"https:\/\/psoecanarias.com\/web\/con-sus-mentiras-el-pp-nos-insulta-como-pueblo-y-atenta-contra-la-democracia\/#breadcrumb\"},\"inLanguage\":\"es\",\"potentialAction\":[{\"@type\":\"ReadAction\",\"target\":[\"https:\/\/psoecanarias.com\/web\/con-sus-mentiras-el-pp-nos-insulta-como-pueblo-y-atenta-contra-la-democracia\/\"]}]},{\"@type\":\"ImageObject\",\"inLanguage\":\"es\",\"@id\":\"https:\/\/psoecanarias.com\/web\/con-sus-mentiras-el-pp-nos-insulta-como-pueblo-y-atenta-contra-la-democracia\/#primaryimage\",\"url\":\"https:\/\/psoecanarias.com\/web\/wp-content\/uploads\/2016\/06\/Ilavandera.jpg\",\"contentUrl\":\"https:\/\/psoecanarias.com\/web\/wp-content\/uploads\/2016\/06\/Ilavandera.jpg\",\"width\":640,\"height\":354},{\"@type\":\"BreadcrumbList\",\"@id\":\"https:\/\/psoecanarias.com\/web\/con-sus-mentiras-el-pp-nos-insulta-como-pueblo-y-atenta-contra-la-democracia\/#breadcrumb\",\"itemListElement\":[{\"@type\":\"ListItem\",\"position\":1,\"name\":\"Portada\",\"item\":\"https:\/\/psoecanarias.com\/web\/\"},{\"@type\":\"ListItem\",\"position\":2,\"name\":\"\u201cCon sus mentiras, el PP nos insulta como pueblo y atenta contra la democracia\u201d\"}]},{\"@type\":\"WebSite\",\"@id\":\"https:\/\/psoecanarias.com\/web\/#website\",\"url\":\"https:\/\/psoecanarias.com\/web\/\",\"name\":\"PSOE Canarias\",\"description\":\"Partido Socialista Obrero Espa\u00f1ol Canarias\",\"potentialAction\":[{\"@type\":\"SearchAction\",\"target\":{\"@type\":\"EntryPoint\",\"urlTemplate\":\"https:\/\/psoecanarias.com\/web\/?s={search_term_string}\"},\"query-input\":{\"@type\":\"PropertyValueSpecification\",\"valueRequired\":true,\"valueName\":\"search_term_string\"}}],\"inLanguage\":\"es\"},{\"@type\":\"Person\",\"@id\":\"https:\/\/psoecanarias.com\/web\/#\/schema\/person\/1ae43f9659d2fc599ca69c11e1dbf26f\",\"name\":\"PSOE Canarias\",\"image\":{\"@type\":\"ImageObject\",\"inLanguage\":\"es\",\"@id\":\"https:\/\/secure.gravatar.com\/avatar\/4364d37f6f6f9cdb7af199b46151565f37d8a8c3c0e04c1d78c04e857a15e3a8?s=96&d=mm&r=g\",\"url\":\"https:\/\/secure.gravatar.com\/avatar\/4364d37f6f6f9cdb7af199b46151565f37d8a8c3c0e04c1d78c04e857a15e3a8?s=96&d=mm&r=g\",\"contentUrl\":\"https:\/\/secure.gravatar.com\/avatar\/4364d37f6f6f9cdb7af199b46151565f37d8a8c3c0e04c1d78c04e857a15e3a8?s=96&d=mm&r=g\",\"caption\":\"PSOE Canarias\"},\"url\":\"https:\/\/psoecanarias.com\/web\/author\/admin\/\"}]}<\/script>\n<!-- \/ Yoast SEO plugin. -->","yoast_head_json":{"title":"\u201cCon sus mentiras, el PP nos insulta como pueblo y atenta contra la democracia\u201d | PSOE Canarias","robots":{"index":"index","follow":"follow","max-snippet":"max-snippet:-1","max-image-preview":"max-image-preview:large","max-video-preview":"max-video-preview:-1"},"canonical":"https:\/\/psoecanarias.com\/web\/con-sus-mentiras-el-pp-nos-insulta-como-pueblo-y-atenta-contra-la-democracia\/","og_locale":"es_ES","og_type":"article","og_title":"\u201cCon sus mentiras, el PP nos insulta como pueblo y atenta contra la democracia\u201d | PSOE Canarias","og_description":"I\u00f1aki Lavandera afirma que la \u201ccarta secreta\u201d de Rajoy a Juncker anunciando nuevos recortes \u201cconstata la necesidad de un s\u00ed por el cambio\u201d y considera \u201cescandaloso\u201d que un candidato a la Presidencia del Gobierno de Espa\u00f1a mienta de esta manera","og_url":"https:\/\/psoecanarias.com\/web\/con-sus-mentiras-el-pp-nos-insulta-como-pueblo-y-atenta-contra-la-democracia\/","og_site_name":"PSOE Canarias","article_published_time":"2016-06-07T17:32:54+00:00","article_modified_time":"2016-06-07T17:42:38+00:00","og_image":[{"width":640,"height":354,"url":"https:\/\/psoecanarias.com\/web\/wp-content\/uploads\/2016\/06\/Ilavandera.jpg","type":"image\/jpeg"}],"author":"PSOE Canarias","twitter_card":"summary_large_image","schema":{"@context":"https:\/\/schema.org","@graph":[{"@type":"Article","@id":"https:\/\/psoecanarias.com\/web\/con-sus-mentiras-el-pp-nos-insulta-como-pueblo-y-atenta-contra-la-democracia\/#article","isPartOf":{"@id":"https:\/\/psoecanarias.com\/web\/con-sus-mentiras-el-pp-nos-insulta-como-pueblo-y-atenta-contra-la-democracia\/"},"author":{"name":"PSOE Canarias","@id":"https:\/\/psoecanarias.com\/web\/#\/schema\/person\/1ae43f9659d2fc599ca69c11e1dbf26f"},"headline":"\u201cCon sus mentiras, el PP nos insulta como pueblo y atenta contra la democracia\u201d","datePublished":"2016-06-07T17:32:54+00:00","dateModified":"2016-06-07T17:42:38+00:00","mainEntityOfPage":{"@id":"https:\/\/psoecanarias.com\/web\/con-sus-mentiras-el-pp-nos-insulta-como-pueblo-y-atenta-contra-la-democracia\/"},"wordCount":370,"commentCount":0,"image":{"@id":"https:\/\/psoecanarias.com\/web\/con-sus-mentiras-el-pp-nos-insulta-como-pueblo-y-atenta-contra-la-democracia\/#primaryimage"},"thumbnailUrl":"https:\/\/psoecanarias.com\/web\/wp-content\/uploads\/2016\/06\/Ilavandera.jpg","keywords":["#S\u00edPorElCambio","26J","Diputado","elecciones","Grupo Parlamentario Socialista Canario","I\u00f1aki Lavandera","portavoz"],"articleSection":["Pol\u00edtica"],"inLanguage":"es","potentialAction":[{"@type":"CommentAction","name":"Comment","target":["https:\/\/psoecanarias.com\/web\/con-sus-mentiras-el-pp-nos-insulta-como-pueblo-y-atenta-contra-la-democracia\/#respond"]}]},{"@type":"WebPage","@id":"https:\/\/psoecanarias.com\/web\/con-sus-mentiras-el-pp-nos-insulta-como-pueblo-y-atenta-contra-la-democracia\/","url":"https:\/\/psoecanarias.com\/web\/con-sus-mentiras-el-pp-nos-insulta-como-pueblo-y-atenta-contra-la-democracia\/","name":"\u201cCon sus mentiras, el PP nos insulta como pueblo y atenta contra la democracia\u201d | PSOE Canarias","isPartOf":{"@id":"https:\/\/psoecanarias.com\/web\/#website"},"primaryImageOfPage":{"@id":"https:\/\/psoecanarias.com\/web\/con-sus-mentiras-el-pp-nos-insulta-como-pueblo-y-atenta-contra-la-democracia\/#primaryimage"},"image":{"@id":"https:\/\/psoecanarias.com\/web\/con-sus-mentiras-el-pp-nos-insulta-como-pueblo-y-atenta-contra-la-democracia\/#primaryimage"},"thumbnailUrl":"https:\/\/psoecanarias.com\/web\/wp-content\/uploads\/2016\/06\/Ilavandera.jpg","datePublished":"2016-06-07T17:32:54+00:00","dateModified":"2016-06-07T17:42:38+00:00","author":{"@id":"https:\/\/psoecanarias.com\/web\/#\/schema\/person\/1ae43f9659d2fc599ca69c11e1dbf26f"},"breadcrumb":{"@id":"https:\/\/psoecanarias.com\/web\/con-sus-mentiras-el-pp-nos-insulta-como-pueblo-y-atenta-contra-la-democracia\/#breadcrumb"},"inLanguage":"es","potentialAction":[{"@type":"ReadAction","target":["https:\/\/psoecanarias.com\/web\/con-sus-mentiras-el-pp-nos-insulta-como-pueblo-y-atenta-contra-la-democracia\/"]}]},{"@type":"ImageObject","inLanguage":"es","@id":"https:\/\/psoecanarias.com\/web\/con-sus-mentiras-el-pp-nos-insulta-como-pueblo-y-atenta-contra-la-democracia\/#primaryimage","url":"https:\/\/psoecanarias.com\/web\/wp-content\/uploads\/2016\/06\/Ilavandera.jpg","contentUrl":"https:\/\/psoecanarias.com\/web\/wp-content\/uploads\/2016\/06\/Ilavandera.jpg","width":640,"height":354},{"@type":"BreadcrumbList","@id":"https:\/\/psoecanarias.com\/web\/con-sus-mentiras-el-pp-nos-insulta-como-pueblo-y-atenta-contra-la-democracia\/#breadcrumb","itemListElement":[{"@type":"ListItem","position":1,"name":"Portada","item":"https:\/\/psoecanarias.com\/web\/"},{"@type":"ListItem","position":2,"name":"\u201cCon sus mentiras, el PP nos insulta como pueblo y atenta contra la democracia\u201d"}]},{"@type":"WebSite","@id":"https:\/\/psoecanarias.com\/web\/#website","url":"https:\/\/psoecanarias.com\/web\/","name":"PSOE Canarias","description":"Partido Socialista Obrero Espa\u00f1ol Canarias","potentialAction":[{"@type":"SearchAction","target":{"@type":"EntryPoint","urlTemplate":"https:\/\/psoecanarias.com\/web\/?s={search_term_string}"},"query-input":{"@type":"PropertyValueSpecification","valueRequired":true,"valueName":"search_term_string"}}],"inLanguage":"es"},{"@type":"Person","@id":"https:\/\/psoecanarias.com\/web\/#\/schema\/person\/1ae43f9659d2fc599ca69c11e1dbf26f","name":"PSOE Canarias","image":{"@type":"ImageObject","inLanguage":"es","@id":"https:\/\/secure.gravatar.com\/avatar\/4364d37f6f6f9cdb7af199b46151565f37d8a8c3c0e04c1d78c04e857a15e3a8?s=96&d=mm&r=g","url":"https:\/\/secure.gravatar.com\/avatar\/4364d37f6f6f9cdb7af199b46151565f37d8a8c3c0e04c1d78c04e857a15e3a8?s=96&d=mm&r=g","contentUrl":"https:\/\/secure.gravatar.com\/avatar\/4364d37f6f6f9cdb7af199b46151565f37d8a8c3c0e04c1d78c04e857a15e3a8?s=96&d=mm&r=g","caption":"PSOE Canarias"},"url":"https:\/\/psoecanarias.com\/web\/author\/admin\/"}]}},"_links":{"self":[{"href":"https:\/\/psoecanarias.com\/web\/wp-json\/wp\/v2\/posts\/2164","targetHints":{"allow":["GET"]}}],"collection":[{"href":"https:\/\/psoecanarias.com\/web\/wp-json\/wp\/v2\/posts"}],"about":[{"href":"https:\/\/psoecanarias.com\/web\/wp-json\/wp\/v2\/types\/post"}],"author":[{"embeddable":true,"href":"https:\/\/psoecanarias.com\/web\/wp-json\/wp\/v2\/users\/1"}],"replies":[{"embeddable":true,"href":"https:\/\/psoecanarias.com\/web\/wp-json\/wp\/v2\/comments?post=2164"}],"version-history":[{"count":1,"href":"https:\/\/psoecanarias.com\/web\/wp-json\/wp\/v2\/posts\/2164\/revisions"}],"predecessor-version":[{"id":2166,"href":"https:\/\/psoecanarias.com\/web\/wp-json\/wp\/v2\/posts\/2164\/revisions\/2166"}],"wp:featuredmedia":[{"embeddable":true,"href":"https:\/\/psoecanarias.com\/web\/wp-json\/wp\/v2\/media\/2165"}],"wp:attachment":[{"href":"https:\/\/psoecanarias.com\/web\/wp-json\/wp\/v2\/media?parent=2164"}],"wp:term":[{"taxonomy":"category","embeddable":true,"href":"https:\/\/psoecanarias.com\/web\/wp-json\/wp\/v2\/categories?post=2164"},{"taxonomy":"post_tag","embeddable":true,"href":"https:\/\/psoecanarias.com\/web\/wp-json\/wp\/v2\/tags?post=2164"}],"curies":[{"name":"wp","href":"https:\/\/api.w.org\/{rel}","templated":true}]}}