{"id":2191,"date":"2016-06-16T18:59:09","date_gmt":"2016-06-16T17:59:09","guid":{"rendered":"http:\/\/psoecanarias.com\/web\/?p=2191"},"modified":"2016-06-16T18:59:09","modified_gmt":"2016-06-16T17:59:09","slug":"queremos-acabar-con-cuatro-anos-de-politicas-nefastas-del-pp-y-seis-meses-de-bloqueo-politico-de-podemos","status":"publish","type":"post","link":"https:\/\/psoecanarias.com\/web\/queremos-acabar-con-cuatro-anos-de-politicas-nefastas-del-pp-y-seis-meses-de-bloqueo-politico-de-podemos\/","title":{"rendered":"\u201cQueremos acabar con cuatro a\u00f1os de pol\u00edticas nefastas del PP y seis meses de bloqueo pol\u00edtico de Podemos\u201d"},"content":{"rendered":"<p style=\"text-align: justify;\">&#8220;Estamos viendo una campa\u00f1a que es radicalmente diferente a la que vimos el pasado 20 de diciembre, porque aunque los candidatos son los mismos la gente ha visto c\u00f3mo act\u00faa uno y otro. En la vida es muy importante decir, pero es mucho m\u00e1s importante hacer. Y hemos visto lo que han hecho unos y otros. Y hemos visto qui\u00e9n intent\u00f3 que hubiese un gobierno en este pa\u00eds, un gobierno de cambio, y qui\u00e9n bloque\u00f3 ese gobierno de cambio. Me refiero al se\u00f1or Iglesias y un partido, Podemos, que pidi\u00f3 el voto a los socialistas de coraz\u00f3n, que tuvo votos socialistas en diciembre y que utiliz\u00f3 ese voto socialista contra un presidente socialista. Los socialistas queremos acabar con cuatro a\u00f1os de las pol\u00edticas nefastas del PP pero tambi\u00e9n con los seis meses de bloqueo pol\u00edtico de Podemos\u201d, as\u00ed de contundente han sido las declaraciones del vicecoordinador del comit\u00e9 electoral del PSOE, \u00d3scar L\u00f3pez, que se encuentra hoy en Las Palmas de Gran Canaria.<\/p>\n<p style=\"text-align: justify;\">El cabeza de lista al Congreso de los Diputados por la coalici\u00f3n PSOE-NC, Sebasti\u00e1n Franquis, \u201cestamos afrontando esta campa\u00f1a con muchas ganas y optimismo, con mucha ilusi\u00f3n porque estamos haciendo una campa\u00f1a en la calle, hablando con los ciudadanos, y la verdad que lo que uno recoge es mucho cari\u00f1o, mucho apoyo, la gente es consciente de lo que ha pasado. Apelo al voto emocional, los ciudadanos votaron el pasado 20 de diciembre cambio, di\u00e1logo y acuerdo. Y qui\u00e9n mejor representa esos tres mensajes es el PSOE, y la coalici\u00f3n PSOE-NC. Somos los \u00fanicos simboliza ese cambio \u00fatil, tranquilo, sin sobresaltos, sin extremismos, sin radicalismos. Rajoy e Iglesias votaron lo mismo, que no hubiera un gobierno de cambio en este pa\u00eds-Aqu\u00ed se habla mucho de las grandes coaliciones pero, como dec\u00eda \u00d3scar, s\u00f3lo se ha producido una gran pinza, una gran coalici\u00f3n, tanto Rajoy como Iglesias quer\u00edan unas nuevas elecciones\u201d.<\/p>\n<p style=\"text-align: justify;\">El candidato de Nueva Canarias en la coalici\u00f3n PSOE-NC Pedro Quevedo matiz\u00f3 que \u201cen los diez d\u00edas que quedan antes de las elecciones ya tenemos datos suficientes para entender la importancia y la necesidad de un cambio pol\u00edtico en Espa\u00f1a. Lo vimos en el debate a cuatro del pasado lunes: la \u00fanica pinza que ha existido ha sido la de PP y Podemos. Adem\u00e1s, en estos seis meses hemos asistido a una transmutaci\u00f3n en el discurso, sobre todo del se\u00f1or Iglesias, mientras que el se\u00f1or Rajoy sigue en lo mismo: mirar para otro lado y usar el miedo a Podemos para ganar votos, haci\u00e9ndose propaganda mutua. El se\u00f1or Iglesias ha pasado de anticapitalista y anticasta a pactar con Izquierda Unida, con aires de socialdem\u00f3crata y con corbata a la catalana. Y que conste que todo el mundo tiene derecho a cambiar, pero entonces el discurso ya no es el mismo. Por este motivo hay muchos ciudadanos desencantados, porque Podemos no ha usado los votos que les dieron para sentarse a negociar un cambio en la pol\u00edtica espa\u00f1ola\u201d.<\/p>\n<p style=\"text-align: justify;\">\u00d3scar L\u00f3pez, tras atender a los medios de comunicaci\u00f3n, y acompa\u00f1ado por el candidato al Congreso de los Diputados Sebasti\u00e1n Franquis, acudi\u00f3 a la sede de los socialistas de Las Palmas de Gran Canaria y se un\u00eda a los actos que tiene previstos la coalici\u00f3n PSOE-NC, antes de que esta noche participe en el acto abierto que hay convocado para que los ciudadanos escuchen las propuestas de la Coalici\u00f3n en el Real Club Victoria de Las Palmas de Gran Canaria a las siete de la tarde.<\/p>\n","protected":false},"excerpt":{"rendered":"<p>\u00d3scar L\u00f3pez, que se encuentra en Las Palmas de Gran Canaria, estar\u00e1 con los ciudadanos en un acto abierto esta noche en el Club Victoria<\/p>\n","protected":false},"author":1,"featured_media":2192,"comment_status":"open","ping_status":"open","sticky":false,"template":"","format":"standard","meta":{"footnotes":""},"categories":[7],"tags":[547,135,84,54,119,505,581,603],"class_list":["post-2191","post","type-post","status-publish","format-standard","has-post-thumbnail","hentry","category-politica","tag-26j","tag-candidato","tag-congreso","tag-elecciones","tag-las-palmas","tag-oscar-lopez","tag-provincia-de-las-palmas","tag-sebatian-franquis"],"featured_image_src":"https:\/\/psoecanarias.com\/web\/wp-content\/uploads\/2016\/06\/IMG_3829-e1466099933620.jpg","author_info":{"display_name":"PSOE Canarias","author_link":"https:\/\/psoecanarias.com\/web\/author\/admin\/"},"yoast_head":"<!-- This site is optimized with the Yoast SEO plugin v27.2 - https:\/\/yoast.com\/product\/yoast-seo-wordpress\/ -->\n<title>\u201cQueremos acabar con cuatro a\u00f1os de pol\u00edticas nefastas del PP y seis meses de bloqueo pol\u00edtico de Podemos\u201d | PSOE Canarias<\/title>\n<meta name=\"robots\" content=\"index, follow, max-snippet:-1, max-image-preview:large, max-video-preview:-1\" \/>\n<link rel=\"canonical\" href=\"https:\/\/psoecanarias.com\/web\/queremos-acabar-con-cuatro-anos-de-politicas-nefastas-del-pp-y-seis-meses-de-bloqueo-politico-de-podemos\/\" \/>\n<meta property=\"og:locale\" content=\"es_ES\" \/>\n<meta property=\"og:type\" content=\"article\" \/>\n<meta property=\"og:title\" content=\"\u201cQueremos acabar con cuatro a\u00f1os de pol\u00edticas nefastas del PP y seis meses de bloqueo pol\u00edtico de Podemos\u201d | PSOE Canarias\" \/>\n<meta property=\"og:description\" content=\"\u00d3scar L\u00f3pez, que se encuentra en Las Palmas de Gran Canaria, estar\u00e1 con los ciudadanos en un acto abierto esta noche en el Club Victoria\" \/>\n<meta property=\"og:url\" content=\"https:\/\/psoecanarias.com\/web\/queremos-acabar-con-cuatro-anos-de-politicas-nefastas-del-pp-y-seis-meses-de-bloqueo-politico-de-podemos\/\" \/>\n<meta property=\"og:site_name\" content=\"PSOE Canarias\" \/>\n<meta property=\"article:published_time\" content=\"2016-06-16T17:59:09+00:00\" \/>\n<meta property=\"og:image\" content=\"https:\/\/psoecanarias.com\/web\/wp-content\/uploads\/2016\/06\/IMG_3829-e1466099933620.jpg\" \/>\n\t<meta property=\"og:image:width\" content=\"900\" \/>\n\t<meta property=\"og:image:height\" content=\"675\" \/>\n\t<meta property=\"og:image:type\" content=\"image\/jpeg\" \/>\n<meta name=\"author\" content=\"PSOE Canarias\" \/>\n<meta name=\"twitter:card\" content=\"summary_large_image\" \/>\n<script type=\"application\/ld+json\" class=\"yoast-schema-graph\">{\"@context\":\"https:\/\/schema.org\",\"@graph\":[{\"@type\":\"Article\",\"@id\":\"https:\/\/psoecanarias.com\/web\/queremos-acabar-con-cuatro-anos-de-politicas-nefastas-del-pp-y-seis-meses-de-bloqueo-politico-de-podemos\/#article\",\"isPartOf\":{\"@id\":\"https:\/\/psoecanarias.com\/web\/queremos-acabar-con-cuatro-anos-de-politicas-nefastas-del-pp-y-seis-meses-de-bloqueo-politico-de-podemos\/\"},\"author\":{\"name\":\"PSOE Canarias\",\"@id\":\"https:\/\/psoecanarias.com\/web\/#\/schema\/person\/1ae43f9659d2fc599ca69c11e1dbf26f\"},\"headline\":\"\u201cQueremos acabar con cuatro a\u00f1os de pol\u00edticas nefastas del PP y seis meses de bloqueo pol\u00edtico de Podemos\u201d\",\"datePublished\":\"2016-06-16T17:59:09+00:00\",\"mainEntityOfPage\":{\"@id\":\"https:\/\/psoecanarias.com\/web\/queremos-acabar-con-cuatro-anos-de-politicas-nefastas-del-pp-y-seis-meses-de-bloqueo-politico-de-podemos\/\"},\"wordCount\":643,\"commentCount\":0,\"image\":{\"@id\":\"https:\/\/psoecanarias.com\/web\/queremos-acabar-con-cuatro-anos-de-politicas-nefastas-del-pp-y-seis-meses-de-bloqueo-politico-de-podemos\/#primaryimage\"},\"thumbnailUrl\":\"https:\/\/psoecanarias.com\/web\/wp-content\/uploads\/2016\/06\/IMG_3829-e1466099933620.jpg\",\"keywords\":[\"26J\",\"candidato\",\"Congreso\",\"elecciones\",\"Las Palmas\",\"\u00d3scar L\u00f3pez\",\"Provincia de Las Palmas\",\"Sebati\u00e1n Franquis\"],\"articleSection\":[\"Pol\u00edtica\"],\"inLanguage\":\"es\",\"potentialAction\":[{\"@type\":\"CommentAction\",\"name\":\"Comment\",\"target\":[\"https:\/\/psoecanarias.com\/web\/queremos-acabar-con-cuatro-anos-de-politicas-nefastas-del-pp-y-seis-meses-de-bloqueo-politico-de-podemos\/#respond\"]}]},{\"@type\":\"WebPage\",\"@id\":\"https:\/\/psoecanarias.com\/web\/queremos-acabar-con-cuatro-anos-de-politicas-nefastas-del-pp-y-seis-meses-de-bloqueo-politico-de-podemos\/\",\"url\":\"https:\/\/psoecanarias.com\/web\/queremos-acabar-con-cuatro-anos-de-politicas-nefastas-del-pp-y-seis-meses-de-bloqueo-politico-de-podemos\/\",\"name\":\"\u201cQueremos acabar con cuatro a\u00f1os de pol\u00edticas nefastas del PP y seis meses de bloqueo pol\u00edtico de Podemos\u201d | PSOE Canarias\",\"isPartOf\":{\"@id\":\"https:\/\/psoecanarias.com\/web\/#website\"},\"primaryImageOfPage\":{\"@id\":\"https:\/\/psoecanarias.com\/web\/queremos-acabar-con-cuatro-anos-de-politicas-nefastas-del-pp-y-seis-meses-de-bloqueo-politico-de-podemos\/#primaryimage\"},\"image\":{\"@id\":\"https:\/\/psoecanarias.com\/web\/queremos-acabar-con-cuatro-anos-de-politicas-nefastas-del-pp-y-seis-meses-de-bloqueo-politico-de-podemos\/#primaryimage\"},\"thumbnailUrl\":\"https:\/\/psoecanarias.com\/web\/wp-content\/uploads\/2016\/06\/IMG_3829-e1466099933620.jpg\",\"datePublished\":\"2016-06-16T17:59:09+00:00\",\"author\":{\"@id\":\"https:\/\/psoecanarias.com\/web\/#\/schema\/person\/1ae43f9659d2fc599ca69c11e1dbf26f\"},\"breadcrumb\":{\"@id\":\"https:\/\/psoecanarias.com\/web\/queremos-acabar-con-cuatro-anos-de-politicas-nefastas-del-pp-y-seis-meses-de-bloqueo-politico-de-podemos\/#breadcrumb\"},\"inLanguage\":\"es\",\"potentialAction\":[{\"@type\":\"ReadAction\",\"target\":[\"https:\/\/psoecanarias.com\/web\/queremos-acabar-con-cuatro-anos-de-politicas-nefastas-del-pp-y-seis-meses-de-bloqueo-politico-de-podemos\/\"]}]},{\"@type\":\"ImageObject\",\"inLanguage\":\"es\",\"@id\":\"https:\/\/psoecanarias.com\/web\/queremos-acabar-con-cuatro-anos-de-politicas-nefastas-del-pp-y-seis-meses-de-bloqueo-politico-de-podemos\/#primaryimage\",\"url\":\"https:\/\/psoecanarias.com\/web\/wp-content\/uploads\/2016\/06\/IMG_3829-e1466099933620.jpg\",\"contentUrl\":\"https:\/\/psoecanarias.com\/web\/wp-content\/uploads\/2016\/06\/IMG_3829-e1466099933620.jpg\",\"width\":900,\"height\":675},{\"@type\":\"BreadcrumbList\",\"@id\":\"https:\/\/psoecanarias.com\/web\/queremos-acabar-con-cuatro-anos-de-politicas-nefastas-del-pp-y-seis-meses-de-bloqueo-politico-de-podemos\/#breadcrumb\",\"itemListElement\":[{\"@type\":\"ListItem\",\"position\":1,\"name\":\"Portada\",\"item\":\"https:\/\/psoecanarias.com\/web\/\"},{\"@type\":\"ListItem\",\"position\":2,\"name\":\"\u201cQueremos acabar con cuatro a\u00f1os de pol\u00edticas nefastas del PP y seis meses de bloqueo pol\u00edtico de Podemos\u201d\"}]},{\"@type\":\"WebSite\",\"@id\":\"https:\/\/psoecanarias.com\/web\/#website\",\"url\":\"https:\/\/psoecanarias.com\/web\/\",\"name\":\"PSOE Canarias\",\"description\":\"Partido Socialista Obrero Espa\u00f1ol Canarias\",\"potentialAction\":[{\"@type\":\"SearchAction\",\"target\":{\"@type\":\"EntryPoint\",\"urlTemplate\":\"https:\/\/psoecanarias.com\/web\/?s={search_term_string}\"},\"query-input\":{\"@type\":\"PropertyValueSpecification\",\"valueRequired\":true,\"valueName\":\"search_term_string\"}}],\"inLanguage\":\"es\"},{\"@type\":\"Person\",\"@id\":\"https:\/\/psoecanarias.com\/web\/#\/schema\/person\/1ae43f9659d2fc599ca69c11e1dbf26f\",\"name\":\"PSOE Canarias\",\"image\":{\"@type\":\"ImageObject\",\"inLanguage\":\"es\",\"@id\":\"https:\/\/secure.gravatar.com\/avatar\/4364d37f6f6f9cdb7af199b46151565f37d8a8c3c0e04c1d78c04e857a15e3a8?s=96&d=mm&r=g\",\"url\":\"https:\/\/secure.gravatar.com\/avatar\/4364d37f6f6f9cdb7af199b46151565f37d8a8c3c0e04c1d78c04e857a15e3a8?s=96&d=mm&r=g\",\"contentUrl\":\"https:\/\/secure.gravatar.com\/avatar\/4364d37f6f6f9cdb7af199b46151565f37d8a8c3c0e04c1d78c04e857a15e3a8?s=96&d=mm&r=g\",\"caption\":\"PSOE Canarias\"},\"url\":\"https:\/\/psoecanarias.com\/web\/author\/admin\/\"}]}<\/script>\n<!-- \/ Yoast SEO plugin. -->","yoast_head_json":{"title":"\u201cQueremos acabar con cuatro a\u00f1os de pol\u00edticas nefastas del PP y seis meses de bloqueo pol\u00edtico de Podemos\u201d | PSOE Canarias","robots":{"index":"index","follow":"follow","max-snippet":"max-snippet:-1","max-image-preview":"max-image-preview:large","max-video-preview":"max-video-preview:-1"},"canonical":"https:\/\/psoecanarias.com\/web\/queremos-acabar-con-cuatro-anos-de-politicas-nefastas-del-pp-y-seis-meses-de-bloqueo-politico-de-podemos\/","og_locale":"es_ES","og_type":"article","og_title":"\u201cQueremos acabar con cuatro a\u00f1os de pol\u00edticas nefastas del PP y seis meses de bloqueo pol\u00edtico de Podemos\u201d | PSOE Canarias","og_description":"\u00d3scar L\u00f3pez, que se encuentra en Las Palmas de Gran Canaria, estar\u00e1 con los ciudadanos en un acto abierto esta noche en el Club Victoria","og_url":"https:\/\/psoecanarias.com\/web\/queremos-acabar-con-cuatro-anos-de-politicas-nefastas-del-pp-y-seis-meses-de-bloqueo-politico-de-podemos\/","og_site_name":"PSOE Canarias","article_published_time":"2016-06-16T17:59:09+00:00","og_image":[{"width":900,"height":675,"url":"https:\/\/psoecanarias.com\/web\/wp-content\/uploads\/2016\/06\/IMG_3829-e1466099933620.jpg","type":"image\/jpeg"}],"author":"PSOE Canarias","twitter_card":"summary_large_image","schema":{"@context":"https:\/\/schema.org","@graph":[{"@type":"Article","@id":"https:\/\/psoecanarias.com\/web\/queremos-acabar-con-cuatro-anos-de-politicas-nefastas-del-pp-y-seis-meses-de-bloqueo-politico-de-podemos\/#article","isPartOf":{"@id":"https:\/\/psoecanarias.com\/web\/queremos-acabar-con-cuatro-anos-de-politicas-nefastas-del-pp-y-seis-meses-de-bloqueo-politico-de-podemos\/"},"author":{"name":"PSOE Canarias","@id":"https:\/\/psoecanarias.com\/web\/#\/schema\/person\/1ae43f9659d2fc599ca69c11e1dbf26f"},"headline":"\u201cQueremos acabar con cuatro a\u00f1os de pol\u00edticas nefastas del PP y seis meses de bloqueo pol\u00edtico de Podemos\u201d","datePublished":"2016-06-16T17:59:09+00:00","mainEntityOfPage":{"@id":"https:\/\/psoecanarias.com\/web\/queremos-acabar-con-cuatro-anos-de-politicas-nefastas-del-pp-y-seis-meses-de-bloqueo-politico-de-podemos\/"},"wordCount":643,"commentCount":0,"image":{"@id":"https:\/\/psoecanarias.com\/web\/queremos-acabar-con-cuatro-anos-de-politicas-nefastas-del-pp-y-seis-meses-de-bloqueo-politico-de-podemos\/#primaryimage"},"thumbnailUrl":"https:\/\/psoecanarias.com\/web\/wp-content\/uploads\/2016\/06\/IMG_3829-e1466099933620.jpg","keywords":["26J","candidato","Congreso","elecciones","Las Palmas","\u00d3scar L\u00f3pez","Provincia de Las Palmas","Sebati\u00e1n Franquis"],"articleSection":["Pol\u00edtica"],"inLanguage":"es","potentialAction":[{"@type":"CommentAction","name":"Comment","target":["https:\/\/psoecanarias.com\/web\/queremos-acabar-con-cuatro-anos-de-politicas-nefastas-del-pp-y-seis-meses-de-bloqueo-politico-de-podemos\/#respond"]}]},{"@type":"WebPage","@id":"https:\/\/psoecanarias.com\/web\/queremos-acabar-con-cuatro-anos-de-politicas-nefastas-del-pp-y-seis-meses-de-bloqueo-politico-de-podemos\/","url":"https:\/\/psoecanarias.com\/web\/queremos-acabar-con-cuatro-anos-de-politicas-nefastas-del-pp-y-seis-meses-de-bloqueo-politico-de-podemos\/","name":"\u201cQueremos acabar con cuatro a\u00f1os de pol\u00edticas nefastas del PP y seis meses de bloqueo pol\u00edtico de Podemos\u201d | PSOE Canarias","isPartOf":{"@id":"https:\/\/psoecanarias.com\/web\/#website"},"primaryImageOfPage":{"@id":"https:\/\/psoecanarias.com\/web\/queremos-acabar-con-cuatro-anos-de-politicas-nefastas-del-pp-y-seis-meses-de-bloqueo-politico-de-podemos\/#primaryimage"},"image":{"@id":"https:\/\/psoecanarias.com\/web\/queremos-acabar-con-cuatro-anos-de-politicas-nefastas-del-pp-y-seis-meses-de-bloqueo-politico-de-podemos\/#primaryimage"},"thumbnailUrl":"https:\/\/psoecanarias.com\/web\/wp-content\/uploads\/2016\/06\/IMG_3829-e1466099933620.jpg","datePublished":"2016-06-16T17:59:09+00:00","author":{"@id":"https:\/\/psoecanarias.com\/web\/#\/schema\/person\/1ae43f9659d2fc599ca69c11e1dbf26f"},"breadcrumb":{"@id":"https:\/\/psoecanarias.com\/web\/queremos-acabar-con-cuatro-anos-de-politicas-nefastas-del-pp-y-seis-meses-de-bloqueo-politico-de-podemos\/#breadcrumb"},"inLanguage":"es","potentialAction":[{"@type":"ReadAction","target":["https:\/\/psoecanarias.com\/web\/queremos-acabar-con-cuatro-anos-de-politicas-nefastas-del-pp-y-seis-meses-de-bloqueo-politico-de-podemos\/"]}]},{"@type":"ImageObject","inLanguage":"es","@id":"https:\/\/psoecanarias.com\/web\/queremos-acabar-con-cuatro-anos-de-politicas-nefastas-del-pp-y-seis-meses-de-bloqueo-politico-de-podemos\/#primaryimage","url":"https:\/\/psoecanarias.com\/web\/wp-content\/uploads\/2016\/06\/IMG_3829-e1466099933620.jpg","contentUrl":"https:\/\/psoecanarias.com\/web\/wp-content\/uploads\/2016\/06\/IMG_3829-e1466099933620.jpg","width":900,"height":675},{"@type":"BreadcrumbList","@id":"https:\/\/psoecanarias.com\/web\/queremos-acabar-con-cuatro-anos-de-politicas-nefastas-del-pp-y-seis-meses-de-bloqueo-politico-de-podemos\/#breadcrumb","itemListElement":[{"@type":"ListItem","position":1,"name":"Portada","item":"https:\/\/psoecanarias.com\/web\/"},{"@type":"ListItem","position":2,"name":"\u201cQueremos acabar con cuatro a\u00f1os de pol\u00edticas nefastas del PP y seis meses de bloqueo pol\u00edtico de Podemos\u201d"}]},{"@type":"WebSite","@id":"https:\/\/psoecanarias.com\/web\/#website","url":"https:\/\/psoecanarias.com\/web\/","name":"PSOE Canarias","description":"Partido Socialista Obrero Espa\u00f1ol Canarias","potentialAction":[{"@type":"SearchAction","target":{"@type":"EntryPoint","urlTemplate":"https:\/\/psoecanarias.com\/web\/?s={search_term_string}"},"query-input":{"@type":"PropertyValueSpecification","valueRequired":true,"valueName":"search_term_string"}}],"inLanguage":"es"},{"@type":"Person","@id":"https:\/\/psoecanarias.com\/web\/#\/schema\/person\/1ae43f9659d2fc599ca69c11e1dbf26f","name":"PSOE Canarias","image":{"@type":"ImageObject","inLanguage":"es","@id":"https:\/\/secure.gravatar.com\/avatar\/4364d37f6f6f9cdb7af199b46151565f37d8a8c3c0e04c1d78c04e857a15e3a8?s=96&d=mm&r=g","url":"https:\/\/secure.gravatar.com\/avatar\/4364d37f6f6f9cdb7af199b46151565f37d8a8c3c0e04c1d78c04e857a15e3a8?s=96&d=mm&r=g","contentUrl":"https:\/\/secure.gravatar.com\/avatar\/4364d37f6f6f9cdb7af199b46151565f37d8a8c3c0e04c1d78c04e857a15e3a8?s=96&d=mm&r=g","caption":"PSOE Canarias"},"url":"https:\/\/psoecanarias.com\/web\/author\/admin\/"}]}},"_links":{"self":[{"href":"https:\/\/psoecanarias.com\/web\/wp-json\/wp\/v2\/posts\/2191","targetHints":{"allow":["GET"]}}],"collection":[{"href":"https:\/\/psoecanarias.com\/web\/wp-json\/wp\/v2\/posts"}],"about":[{"href":"https:\/\/psoecanarias.com\/web\/wp-json\/wp\/v2\/types\/post"}],"author":[{"embeddable":true,"href":"https:\/\/psoecanarias.com\/web\/wp-json\/wp\/v2\/users\/1"}],"replies":[{"embeddable":true,"href":"https:\/\/psoecanarias.com\/web\/wp-json\/wp\/v2\/comments?post=2191"}],"version-history":[{"count":1,"href":"https:\/\/psoecanarias.com\/web\/wp-json\/wp\/v2\/posts\/2191\/revisions"}],"predecessor-version":[{"id":2193,"href":"https:\/\/psoecanarias.com\/web\/wp-json\/wp\/v2\/posts\/2191\/revisions\/2193"}],"wp:featuredmedia":[{"embeddable":true,"href":"https:\/\/psoecanarias.com\/web\/wp-json\/wp\/v2\/media\/2192"}],"wp:attachment":[{"href":"https:\/\/psoecanarias.com\/web\/wp-json\/wp\/v2\/media?parent=2191"}],"wp:term":[{"taxonomy":"category","embeddable":true,"href":"https:\/\/psoecanarias.com\/web\/wp-json\/wp\/v2\/categories?post=2191"},{"taxonomy":"post_tag","embeddable":true,"href":"https:\/\/psoecanarias.com\/web\/wp-json\/wp\/v2\/tags?post=2191"}],"curies":[{"name":"wp","href":"https:\/\/api.w.org\/{rel}","templated":true}]}}