{"id":2198,"date":"2016-06-21T12:13:43","date_gmt":"2016-06-21T11:13:43","guid":{"rendered":"http:\/\/psoecanarias.com\/web\/?p=2198"},"modified":"2016-06-21T12:13:43","modified_gmt":"2016-06-21T11:13:43","slug":"2198-2","status":"publish","type":"post","link":"https:\/\/psoecanarias.com\/web\/2198-2\/","title":{"rendered":"Sebasti\u00e1n Franquis: \u201cNos comprometemos con la cultura y bajaremos el IVA al 10%\u201d"},"content":{"rendered":"<p style=\"text-align: justify;\">Los candidatos al Congreso de los Diputados por la provincia de Las Palmas de la coalici\u00f3n PSOE-NC, Sebasti\u00e1n Franquis y Guacimara Medina, estuvieron esta tarde en el CICCA con los representantes culturales para explicar las medidas que llevan en su programa electoral.<\/p>\n<p style=\"text-align: justify;\">El candidato al Congreso de los Diputados, Sebasti\u00e1n Franquis, destacaba &#8220;en esta campa\u00f1a quer\u00edamos abrir una gran conversaci\u00f3n con todos los sectores de la sociedad, hoy nos toca hablar con la gente de la cultura. Para nosotros la cultura, junto con la educaci\u00f3n y la ciencia son elementos claves del proyecto de cambio que quiere el Partido Socialista, no s\u00f3lo por lo que significa el mundo de la cultura sino porque adem\u00e1s queremos contribuir a ese cambio de modelo productivo que tiene este pa\u00eds. Apostar claramente por la educaci\u00f3n, por la investigaci\u00f3n, por la ciencia y por la cultura.\u201d<\/p>\n<p style=\"text-align: justify;\">\u201cEl sector cultural es un sector important\u00edsimo para este pa\u00eds, no olvidemos que significa el 3% del PIB y que da trabajo directo a 500.000 personas. Nosotros en nuestro programa electoral traemos un conjunto de medidas para paliar el da\u00f1o que se le ha hecho a este sector durante estos a\u00f1os. Este sector ha sufrido tres crisis, la crisis econ\u00f3mica, la crisis derivada de la revoluci\u00f3n tecnol\u00f3gica, y la crisis derivada de las pol\u00edticas de recortes del Partido Popular. Han padecido el incremento del IVA hasta el 22%, el m\u00e1s alto de Europa, los recortes de inversi\u00f3n, la desaparici\u00f3n de los convenios de bibliotecas p\u00fablicas\u201d, denunci\u00f3 Franquis.<\/p>\n<p style=\"text-align: justify;\">El candidato al Congreso de los Diputados explic\u00f3 \u201cpor esta raz\u00f3n queremos elevar la cultura donde se merece estar, vamos a crear un Ministerio exclusivamente de cultura, vamos a reducir el IVA del 21% al 10%, y vamos a negociar con Europa para intentar dejarlo en el superreducido en el 4%, vamos a impulsar la Ley de Mecenazgo, proponer una reforma seria de la Ley de Protecci\u00f3n Intelectual, vamos a crear el Estatuto del Artista, entre otras. En definitiva, nos vamos a comprometer con la Cultura.\u201d<\/p>\n","protected":false},"excerpt":{"rendered":"<p>Los candidatos de la coalici\u00f3n PSOE-NC estuvieron esta tarde con los representantes culturales en el CICCA explicando sus propuestas<\/p>\n","protected":false},"author":1,"featured_media":2199,"comment_status":"open","ping_status":"open","sticky":false,"template":"","format":"standard","meta":{"footnotes":""},"categories":[7],"tags":[547,135,84,512,54,604,119,299],"class_list":["post-2198","post","type-post","status-publish","format-standard","has-post-thumbnail","hentry","category-politica","tag-26j","tag-candidato","tag-congreso","tag-cultura","tag-elecciones","tag-iva","tag-las-palmas","tag-sebastian-franquis"],"featured_image_src":"https:\/\/psoecanarias.com\/web\/wp-content\/uploads\/2016\/06\/cf-1.jpg","author_info":{"display_name":"PSOE Canarias","author_link":"https:\/\/psoecanarias.com\/web\/author\/admin\/"},"yoast_head":"<!-- This site is optimized with the Yoast SEO plugin v27.2 - https:\/\/yoast.com\/product\/yoast-seo-wordpress\/ -->\n<title>Sebasti\u00e1n Franquis: \u201cNos comprometemos con la cultura y bajaremos el IVA al 10%\u201d | PSOE Canarias<\/title>\n<meta name=\"robots\" content=\"index, follow, max-snippet:-1, max-image-preview:large, max-video-preview:-1\" \/>\n<link rel=\"canonical\" href=\"https:\/\/psoecanarias.com\/web\/2198-2\/\" \/>\n<meta property=\"og:locale\" content=\"es_ES\" \/>\n<meta property=\"og:type\" content=\"article\" \/>\n<meta property=\"og:title\" content=\"Sebasti\u00e1n Franquis: \u201cNos comprometemos con la cultura y bajaremos el IVA al 10%\u201d | PSOE Canarias\" \/>\n<meta property=\"og:description\" content=\"Los candidatos de la coalici\u00f3n PSOE-NC estuvieron esta tarde con los representantes culturales en el CICCA explicando sus propuestas\" \/>\n<meta property=\"og:url\" content=\"https:\/\/psoecanarias.com\/web\/2198-2\/\" \/>\n<meta property=\"og:site_name\" content=\"PSOE Canarias\" \/>\n<meta property=\"article:published_time\" content=\"2016-06-21T11:13:43+00:00\" \/>\n<meta property=\"og:image\" content=\"https:\/\/psoecanarias.com\/web\/wp-content\/uploads\/2016\/06\/cf-1.jpg\" \/>\n\t<meta property=\"og:image:width\" content=\"716\" \/>\n\t<meta property=\"og:image:height\" content=\"960\" \/>\n\t<meta property=\"og:image:type\" content=\"image\/jpeg\" \/>\n<meta name=\"author\" content=\"PSOE Canarias\" \/>\n<meta name=\"twitter:card\" content=\"summary_large_image\" \/>\n<script type=\"application\/ld+json\" class=\"yoast-schema-graph\">{\"@context\":\"https:\/\/schema.org\",\"@graph\":[{\"@type\":\"Article\",\"@id\":\"https:\/\/psoecanarias.com\/web\/2198-2\/#article\",\"isPartOf\":{\"@id\":\"https:\/\/psoecanarias.com\/web\/2198-2\/\"},\"author\":{\"name\":\"PSOE Canarias\",\"@id\":\"https:\/\/psoecanarias.com\/web\/#\/schema\/person\/1ae43f9659d2fc599ca69c11e1dbf26f\"},\"headline\":\"Sebasti\u00e1n Franquis: \u201cNos comprometemos con la cultura y bajaremos el IVA al 10%\u201d\",\"datePublished\":\"2016-06-21T11:13:43+00:00\",\"mainEntityOfPage\":{\"@id\":\"https:\/\/psoecanarias.com\/web\/2198-2\/\"},\"wordCount\":367,\"commentCount\":0,\"image\":{\"@id\":\"https:\/\/psoecanarias.com\/web\/2198-2\/#primaryimage\"},\"thumbnailUrl\":\"https:\/\/psoecanarias.com\/web\/wp-content\/uploads\/2016\/06\/cf-1.jpg\",\"keywords\":[\"26J\",\"candidato\",\"Congreso\",\"Cultura\",\"elecciones\",\"IVA\",\"Las Palmas\",\"Sebasti\u00e1n Franquis\"],\"articleSection\":[\"Pol\u00edtica\"],\"inLanguage\":\"es\",\"potentialAction\":[{\"@type\":\"CommentAction\",\"name\":\"Comment\",\"target\":[\"https:\/\/psoecanarias.com\/web\/2198-2\/#respond\"]}]},{\"@type\":\"WebPage\",\"@id\":\"https:\/\/psoecanarias.com\/web\/2198-2\/\",\"url\":\"https:\/\/psoecanarias.com\/web\/2198-2\/\",\"name\":\"Sebasti\u00e1n Franquis: \u201cNos comprometemos con la cultura y bajaremos el IVA al 10%\u201d | PSOE Canarias\",\"isPartOf\":{\"@id\":\"https:\/\/psoecanarias.com\/web\/#website\"},\"primaryImageOfPage\":{\"@id\":\"https:\/\/psoecanarias.com\/web\/2198-2\/#primaryimage\"},\"image\":{\"@id\":\"https:\/\/psoecanarias.com\/web\/2198-2\/#primaryimage\"},\"thumbnailUrl\":\"https:\/\/psoecanarias.com\/web\/wp-content\/uploads\/2016\/06\/cf-1.jpg\",\"datePublished\":\"2016-06-21T11:13:43+00:00\",\"author\":{\"@id\":\"https:\/\/psoecanarias.com\/web\/#\/schema\/person\/1ae43f9659d2fc599ca69c11e1dbf26f\"},\"breadcrumb\":{\"@id\":\"https:\/\/psoecanarias.com\/web\/2198-2\/#breadcrumb\"},\"inLanguage\":\"es\",\"potentialAction\":[{\"@type\":\"ReadAction\",\"target\":[\"https:\/\/psoecanarias.com\/web\/2198-2\/\"]}]},{\"@type\":\"ImageObject\",\"inLanguage\":\"es\",\"@id\":\"https:\/\/psoecanarias.com\/web\/2198-2\/#primaryimage\",\"url\":\"https:\/\/psoecanarias.com\/web\/wp-content\/uploads\/2016\/06\/cf-1.jpg\",\"contentUrl\":\"https:\/\/psoecanarias.com\/web\/wp-content\/uploads\/2016\/06\/cf-1.jpg\",\"width\":716,\"height\":960},{\"@type\":\"BreadcrumbList\",\"@id\":\"https:\/\/psoecanarias.com\/web\/2198-2\/#breadcrumb\",\"itemListElement\":[{\"@type\":\"ListItem\",\"position\":1,\"name\":\"Portada\",\"item\":\"https:\/\/psoecanarias.com\/web\/\"},{\"@type\":\"ListItem\",\"position\":2,\"name\":\"Sebasti\u00e1n Franquis: \u201cNos comprometemos con la cultura y bajaremos el IVA al 10%\u201d\"}]},{\"@type\":\"WebSite\",\"@id\":\"https:\/\/psoecanarias.com\/web\/#website\",\"url\":\"https:\/\/psoecanarias.com\/web\/\",\"name\":\"PSOE Canarias\",\"description\":\"Partido Socialista Obrero Espa\u00f1ol Canarias\",\"potentialAction\":[{\"@type\":\"SearchAction\",\"target\":{\"@type\":\"EntryPoint\",\"urlTemplate\":\"https:\/\/psoecanarias.com\/web\/?s={search_term_string}\"},\"query-input\":{\"@type\":\"PropertyValueSpecification\",\"valueRequired\":true,\"valueName\":\"search_term_string\"}}],\"inLanguage\":\"es\"},{\"@type\":\"Person\",\"@id\":\"https:\/\/psoecanarias.com\/web\/#\/schema\/person\/1ae43f9659d2fc599ca69c11e1dbf26f\",\"name\":\"PSOE Canarias\",\"image\":{\"@type\":\"ImageObject\",\"inLanguage\":\"es\",\"@id\":\"https:\/\/secure.gravatar.com\/avatar\/4364d37f6f6f9cdb7af199b46151565f37d8a8c3c0e04c1d78c04e857a15e3a8?s=96&d=mm&r=g\",\"url\":\"https:\/\/secure.gravatar.com\/avatar\/4364d37f6f6f9cdb7af199b46151565f37d8a8c3c0e04c1d78c04e857a15e3a8?s=96&d=mm&r=g\",\"contentUrl\":\"https:\/\/secure.gravatar.com\/avatar\/4364d37f6f6f9cdb7af199b46151565f37d8a8c3c0e04c1d78c04e857a15e3a8?s=96&d=mm&r=g\",\"caption\":\"PSOE Canarias\"},\"url\":\"https:\/\/psoecanarias.com\/web\/author\/admin\/\"}]}<\/script>\n<!-- \/ Yoast SEO plugin. -->","yoast_head_json":{"title":"Sebasti\u00e1n Franquis: \u201cNos comprometemos con la cultura y bajaremos el IVA al 10%\u201d | PSOE Canarias","robots":{"index":"index","follow":"follow","max-snippet":"max-snippet:-1","max-image-preview":"max-image-preview:large","max-video-preview":"max-video-preview:-1"},"canonical":"https:\/\/psoecanarias.com\/web\/2198-2\/","og_locale":"es_ES","og_type":"article","og_title":"Sebasti\u00e1n Franquis: \u201cNos comprometemos con la cultura y bajaremos el IVA al 10%\u201d | PSOE Canarias","og_description":"Los candidatos de la coalici\u00f3n PSOE-NC estuvieron esta tarde con los representantes culturales en el CICCA explicando sus propuestas","og_url":"https:\/\/psoecanarias.com\/web\/2198-2\/","og_site_name":"PSOE Canarias","article_published_time":"2016-06-21T11:13:43+00:00","og_image":[{"width":716,"height":960,"url":"https:\/\/psoecanarias.com\/web\/wp-content\/uploads\/2016\/06\/cf-1.jpg","type":"image\/jpeg"}],"author":"PSOE Canarias","twitter_card":"summary_large_image","schema":{"@context":"https:\/\/schema.org","@graph":[{"@type":"Article","@id":"https:\/\/psoecanarias.com\/web\/2198-2\/#article","isPartOf":{"@id":"https:\/\/psoecanarias.com\/web\/2198-2\/"},"author":{"name":"PSOE Canarias","@id":"https:\/\/psoecanarias.com\/web\/#\/schema\/person\/1ae43f9659d2fc599ca69c11e1dbf26f"},"headline":"Sebasti\u00e1n Franquis: \u201cNos comprometemos con la cultura y bajaremos el IVA al 10%\u201d","datePublished":"2016-06-21T11:13:43+00:00","mainEntityOfPage":{"@id":"https:\/\/psoecanarias.com\/web\/2198-2\/"},"wordCount":367,"commentCount":0,"image":{"@id":"https:\/\/psoecanarias.com\/web\/2198-2\/#primaryimage"},"thumbnailUrl":"https:\/\/psoecanarias.com\/web\/wp-content\/uploads\/2016\/06\/cf-1.jpg","keywords":["26J","candidato","Congreso","Cultura","elecciones","IVA","Las Palmas","Sebasti\u00e1n Franquis"],"articleSection":["Pol\u00edtica"],"inLanguage":"es","potentialAction":[{"@type":"CommentAction","name":"Comment","target":["https:\/\/psoecanarias.com\/web\/2198-2\/#respond"]}]},{"@type":"WebPage","@id":"https:\/\/psoecanarias.com\/web\/2198-2\/","url":"https:\/\/psoecanarias.com\/web\/2198-2\/","name":"Sebasti\u00e1n Franquis: \u201cNos comprometemos con la cultura y bajaremos el IVA al 10%\u201d | PSOE Canarias","isPartOf":{"@id":"https:\/\/psoecanarias.com\/web\/#website"},"primaryImageOfPage":{"@id":"https:\/\/psoecanarias.com\/web\/2198-2\/#primaryimage"},"image":{"@id":"https:\/\/psoecanarias.com\/web\/2198-2\/#primaryimage"},"thumbnailUrl":"https:\/\/psoecanarias.com\/web\/wp-content\/uploads\/2016\/06\/cf-1.jpg","datePublished":"2016-06-21T11:13:43+00:00","author":{"@id":"https:\/\/psoecanarias.com\/web\/#\/schema\/person\/1ae43f9659d2fc599ca69c11e1dbf26f"},"breadcrumb":{"@id":"https:\/\/psoecanarias.com\/web\/2198-2\/#breadcrumb"},"inLanguage":"es","potentialAction":[{"@type":"ReadAction","target":["https:\/\/psoecanarias.com\/web\/2198-2\/"]}]},{"@type":"ImageObject","inLanguage":"es","@id":"https:\/\/psoecanarias.com\/web\/2198-2\/#primaryimage","url":"https:\/\/psoecanarias.com\/web\/wp-content\/uploads\/2016\/06\/cf-1.jpg","contentUrl":"https:\/\/psoecanarias.com\/web\/wp-content\/uploads\/2016\/06\/cf-1.jpg","width":716,"height":960},{"@type":"BreadcrumbList","@id":"https:\/\/psoecanarias.com\/web\/2198-2\/#breadcrumb","itemListElement":[{"@type":"ListItem","position":1,"name":"Portada","item":"https:\/\/psoecanarias.com\/web\/"},{"@type":"ListItem","position":2,"name":"Sebasti\u00e1n Franquis: \u201cNos comprometemos con la cultura y bajaremos el IVA al 10%\u201d"}]},{"@type":"WebSite","@id":"https:\/\/psoecanarias.com\/web\/#website","url":"https:\/\/psoecanarias.com\/web\/","name":"PSOE Canarias","description":"Partido Socialista Obrero Espa\u00f1ol Canarias","potentialAction":[{"@type":"SearchAction","target":{"@type":"EntryPoint","urlTemplate":"https:\/\/psoecanarias.com\/web\/?s={search_term_string}"},"query-input":{"@type":"PropertyValueSpecification","valueRequired":true,"valueName":"search_term_string"}}],"inLanguage":"es"},{"@type":"Person","@id":"https:\/\/psoecanarias.com\/web\/#\/schema\/person\/1ae43f9659d2fc599ca69c11e1dbf26f","name":"PSOE Canarias","image":{"@type":"ImageObject","inLanguage":"es","@id":"https:\/\/secure.gravatar.com\/avatar\/4364d37f6f6f9cdb7af199b46151565f37d8a8c3c0e04c1d78c04e857a15e3a8?s=96&d=mm&r=g","url":"https:\/\/secure.gravatar.com\/avatar\/4364d37f6f6f9cdb7af199b46151565f37d8a8c3c0e04c1d78c04e857a15e3a8?s=96&d=mm&r=g","contentUrl":"https:\/\/secure.gravatar.com\/avatar\/4364d37f6f6f9cdb7af199b46151565f37d8a8c3c0e04c1d78c04e857a15e3a8?s=96&d=mm&r=g","caption":"PSOE Canarias"},"url":"https:\/\/psoecanarias.com\/web\/author\/admin\/"}]}},"_links":{"self":[{"href":"https:\/\/psoecanarias.com\/web\/wp-json\/wp\/v2\/posts\/2198","targetHints":{"allow":["GET"]}}],"collection":[{"href":"https:\/\/psoecanarias.com\/web\/wp-json\/wp\/v2\/posts"}],"about":[{"href":"https:\/\/psoecanarias.com\/web\/wp-json\/wp\/v2\/types\/post"}],"author":[{"embeddable":true,"href":"https:\/\/psoecanarias.com\/web\/wp-json\/wp\/v2\/users\/1"}],"replies":[{"embeddable":true,"href":"https:\/\/psoecanarias.com\/web\/wp-json\/wp\/v2\/comments?post=2198"}],"version-history":[{"count":1,"href":"https:\/\/psoecanarias.com\/web\/wp-json\/wp\/v2\/posts\/2198\/revisions"}],"predecessor-version":[{"id":2200,"href":"https:\/\/psoecanarias.com\/web\/wp-json\/wp\/v2\/posts\/2198\/revisions\/2200"}],"wp:featuredmedia":[{"embeddable":true,"href":"https:\/\/psoecanarias.com\/web\/wp-json\/wp\/v2\/media\/2199"}],"wp:attachment":[{"href":"https:\/\/psoecanarias.com\/web\/wp-json\/wp\/v2\/media?parent=2198"}],"wp:term":[{"taxonomy":"category","embeddable":true,"href":"https:\/\/psoecanarias.com\/web\/wp-json\/wp\/v2\/categories?post=2198"},{"taxonomy":"post_tag","embeddable":true,"href":"https:\/\/psoecanarias.com\/web\/wp-json\/wp\/v2\/tags?post=2198"}],"curies":[{"name":"wp","href":"https:\/\/api.w.org\/{rel}","templated":true}]}}