{"id":2202,"date":"2016-06-27T11:57:27","date_gmt":"2016-06-27T10:57:27","guid":{"rendered":"http:\/\/psoecanarias.com\/web\/?p=2202"},"modified":"2016-06-27T11:57:27","modified_gmt":"2016-06-27T10:57:27","slug":"el-mejor-aliado-que-ha-tenido-rajoy-ha-sido-pablo-iglesias","status":"publish","type":"post","link":"https:\/\/psoecanarias.com\/web\/el-mejor-aliado-que-ha-tenido-rajoy-ha-sido-pablo-iglesias\/","title":{"rendered":"\u201cEl mejor aliado que ha tenido Rajoy ha sido Pablo Iglesias\u201d"},"content":{"rendered":"<p style=\"text-align: justify;\">XH\/ <span style=\"font-family: Arial;\"><span style=\"font-size: medium;\">El secretario de Organizaci\u00f3n del PSOE de Canarias y coordinador regional de campa\u00f1a, Julio Cruz, afirm\u00f3 este domingo que el mejor aliado que ha tenido Rajoy para ganar las elecciones ha sido Pablo Iglesias.\u00a0<\/span><\/span><\/p>\n<p style=\"text-align: justify;\"><span style=\"font-family: Arial; font-size: medium;\">\u201cLamentamos que gracias a quienes jugaron a mirar hacia un sill\u00f3n, a mirarse el obligo y a anteponer los intereses personales a los de Espa\u00f1a y la ciudadan\u00eda, se haya impedido hoy un gobierno de cambio\u201d, dijo tras conocerse los resultados de las elecciones generales de este 26 de junio.<\/span><\/p>\n<p style=\"text-align: justify;\"><span style=\"font-family: Arial; font-size: medium;\">Tras felicitar al PP por haber ganado los comicios en Espa\u00f1a y en Canarias, Cruz valor\u00f3 el aumento de la participaci\u00f3n registrada y subray\u00f3 que el PSOE ha sido el partido de izquierdas que m\u00e1s apoyo ha recibido, situ\u00e1ndose como segunda fuerza pol\u00edtica.\u00a0<\/span><\/p>\n<p style=\"text-align: justify;\"><span style=\"font-family: Arial; font-size: medium;\">En su comparecencia ante los medios, insisti\u00f3 en que la responsabilidad de que no haya hoy un presidente de izquierdas \u201ces de Podemos, de Pablo Manuel Iglesias, quien con su cerraz\u00f3n ha impedido el cambio y propiciado que Rajoy sea hoy m\u00e1s fuerte que el 20 de diciembre\u201d.<\/span><\/p>\n<p style=\"text-align: justify;\"><span style=\"font-family: Arial; font-size: medium;\">El representante socialista lament\u00f3 que se haya \u201cperdido una oportunidad hist\u00f3rica para el cambio en Espa\u00f1a\u201d, afirm\u00f3 que Podemos \u201cha preferido fragmentar a la izquierda y hacer m\u00e1s fuerte a la derecha\u201d y critic\u00f3 el \u201cdesespero de Iglesias por acabar con el PSOE\u201d. Consider\u00f3 adem\u00e1s que Podemos ha hecho una \u201ctriste contribuci\u00f3n a la izquierda\u201d al quedar igual que en diciembre pese a su confluencia con IU.\u00a0<\/span><\/p>\n<p style=\"text-align: justify;\"><span style=\"font-family: Arial; font-size: medium;\">Por \u00faltimo, agradeci\u00f3 el apoyo y confianza de la ciudadan\u00eda, de toda las personas que se han volcado en la campa\u00f1a y advirti\u00f3 de que el PSOE \u201ccontinuar\u00e1 trabajando por los intereses de Canarias\u201d.\u00a0<\/span><\/p>\n","protected":false},"excerpt":{"rendered":"<p>El secretario de Organizaci\u00f3n del PSOE de Canarias y coordinador regional de campa\u00f1a, Julio Cruz, afirm\u00f3 este domingo que el mejor aliado que ha tenido Rajoy para ganar las elecciones ha sido Pablo Iglesias. <\/p>\n","protected":false},"author":1,"featured_media":1467,"comment_status":"open","ping_status":"open","sticky":false,"template":"","format":"standard","meta":{"footnotes":""},"categories":[7],"tags":[547,54,75,605],"class_list":["post-2202","post","type-post","status-publish","format-standard","has-post-thumbnail","hentry","category-politica","tag-26j","tag-elecciones","tag-julio-cruz","tag-valoracion"],"featured_image_src":"https:\/\/psoecanarias.com\/web\/wp-content\/uploads\/2016\/02\/12745976_1127370537307275_4555512929850347174_n-1.jpg","author_info":{"display_name":"PSOE Canarias","author_link":"https:\/\/psoecanarias.com\/web\/author\/admin\/"},"yoast_head":"<!-- This site is optimized with the Yoast SEO plugin v27.2 - https:\/\/yoast.com\/product\/yoast-seo-wordpress\/ -->\n<title>\u201cEl mejor aliado que ha tenido Rajoy ha sido Pablo Iglesias\u201d | PSOE Canarias<\/title>\n<meta name=\"robots\" content=\"index, follow, max-snippet:-1, max-image-preview:large, max-video-preview:-1\" \/>\n<link rel=\"canonical\" href=\"https:\/\/psoecanarias.com\/web\/el-mejor-aliado-que-ha-tenido-rajoy-ha-sido-pablo-iglesias\/\" \/>\n<meta property=\"og:locale\" content=\"es_ES\" \/>\n<meta property=\"og:type\" content=\"article\" \/>\n<meta property=\"og:title\" content=\"\u201cEl mejor aliado que ha tenido Rajoy ha sido Pablo Iglesias\u201d | PSOE Canarias\" \/>\n<meta property=\"og:description\" content=\"El secretario de Organizaci\u00f3n del PSOE de Canarias y coordinador regional de campa\u00f1a, Julio Cruz, afirm\u00f3 este domingo que el mejor aliado que ha tenido Rajoy para ganar las elecciones ha sido Pablo Iglesias.\" \/>\n<meta property=\"og:url\" content=\"https:\/\/psoecanarias.com\/web\/el-mejor-aliado-que-ha-tenido-rajoy-ha-sido-pablo-iglesias\/\" \/>\n<meta property=\"og:site_name\" content=\"PSOE Canarias\" \/>\n<meta property=\"article:published_time\" content=\"2016-06-27T10:57:27+00:00\" \/>\n<meta property=\"og:image\" content=\"https:\/\/psoecanarias.com\/web\/wp-content\/uploads\/2016\/02\/12745976_1127370537307275_4555512929850347174_n-1.jpg\" \/>\n\t<meta property=\"og:image:width\" content=\"960\" \/>\n\t<meta property=\"og:image:height\" content=\"635\" \/>\n\t<meta property=\"og:image:type\" content=\"image\/jpeg\" \/>\n<meta name=\"author\" content=\"PSOE Canarias\" \/>\n<meta name=\"twitter:card\" content=\"summary_large_image\" \/>\n<script type=\"application\/ld+json\" class=\"yoast-schema-graph\">{\"@context\":\"https:\/\/schema.org\",\"@graph\":[{\"@type\":\"Article\",\"@id\":\"https:\/\/psoecanarias.com\/web\/el-mejor-aliado-que-ha-tenido-rajoy-ha-sido-pablo-iglesias\/#article\",\"isPartOf\":{\"@id\":\"https:\/\/psoecanarias.com\/web\/el-mejor-aliado-que-ha-tenido-rajoy-ha-sido-pablo-iglesias\/\"},\"author\":{\"name\":\"PSOE Canarias\",\"@id\":\"https:\/\/psoecanarias.com\/web\/#\/schema\/person\/1ae43f9659d2fc599ca69c11e1dbf26f\"},\"headline\":\"\u201cEl mejor aliado que ha tenido Rajoy ha sido Pablo Iglesias\u201d\",\"datePublished\":\"2016-06-27T10:57:27+00:00\",\"mainEntityOfPage\":{\"@id\":\"https:\/\/psoecanarias.com\/web\/el-mejor-aliado-que-ha-tenido-rajoy-ha-sido-pablo-iglesias\/\"},\"wordCount\":305,\"commentCount\":0,\"image\":{\"@id\":\"https:\/\/psoecanarias.com\/web\/el-mejor-aliado-que-ha-tenido-rajoy-ha-sido-pablo-iglesias\/#primaryimage\"},\"thumbnailUrl\":\"https:\/\/psoecanarias.com\/web\/wp-content\/uploads\/2016\/02\/12745976_1127370537307275_4555512929850347174_n-1.jpg\",\"keywords\":[\"26J\",\"elecciones\",\"Julio Cruz\",\"Valoraci\u00f3n\"],\"articleSection\":[\"Pol\u00edtica\"],\"inLanguage\":\"es\",\"potentialAction\":[{\"@type\":\"CommentAction\",\"name\":\"Comment\",\"target\":[\"https:\/\/psoecanarias.com\/web\/el-mejor-aliado-que-ha-tenido-rajoy-ha-sido-pablo-iglesias\/#respond\"]}]},{\"@type\":\"WebPage\",\"@id\":\"https:\/\/psoecanarias.com\/web\/el-mejor-aliado-que-ha-tenido-rajoy-ha-sido-pablo-iglesias\/\",\"url\":\"https:\/\/psoecanarias.com\/web\/el-mejor-aliado-que-ha-tenido-rajoy-ha-sido-pablo-iglesias\/\",\"name\":\"\u201cEl mejor aliado que ha tenido Rajoy ha sido Pablo Iglesias\u201d | PSOE Canarias\",\"isPartOf\":{\"@id\":\"https:\/\/psoecanarias.com\/web\/#website\"},\"primaryImageOfPage\":{\"@id\":\"https:\/\/psoecanarias.com\/web\/el-mejor-aliado-que-ha-tenido-rajoy-ha-sido-pablo-iglesias\/#primaryimage\"},\"image\":{\"@id\":\"https:\/\/psoecanarias.com\/web\/el-mejor-aliado-que-ha-tenido-rajoy-ha-sido-pablo-iglesias\/#primaryimage\"},\"thumbnailUrl\":\"https:\/\/psoecanarias.com\/web\/wp-content\/uploads\/2016\/02\/12745976_1127370537307275_4555512929850347174_n-1.jpg\",\"datePublished\":\"2016-06-27T10:57:27+00:00\",\"author\":{\"@id\":\"https:\/\/psoecanarias.com\/web\/#\/schema\/person\/1ae43f9659d2fc599ca69c11e1dbf26f\"},\"breadcrumb\":{\"@id\":\"https:\/\/psoecanarias.com\/web\/el-mejor-aliado-que-ha-tenido-rajoy-ha-sido-pablo-iglesias\/#breadcrumb\"},\"inLanguage\":\"es\",\"potentialAction\":[{\"@type\":\"ReadAction\",\"target\":[\"https:\/\/psoecanarias.com\/web\/el-mejor-aliado-que-ha-tenido-rajoy-ha-sido-pablo-iglesias\/\"]}]},{\"@type\":\"ImageObject\",\"inLanguage\":\"es\",\"@id\":\"https:\/\/psoecanarias.com\/web\/el-mejor-aliado-que-ha-tenido-rajoy-ha-sido-pablo-iglesias\/#primaryimage\",\"url\":\"https:\/\/psoecanarias.com\/web\/wp-content\/uploads\/2016\/02\/12745976_1127370537307275_4555512929850347174_n-1.jpg\",\"contentUrl\":\"https:\/\/psoecanarias.com\/web\/wp-content\/uploads\/2016\/02\/12745976_1127370537307275_4555512929850347174_n-1.jpg\",\"width\":960,\"height\":635},{\"@type\":\"BreadcrumbList\",\"@id\":\"https:\/\/psoecanarias.com\/web\/el-mejor-aliado-que-ha-tenido-rajoy-ha-sido-pablo-iglesias\/#breadcrumb\",\"itemListElement\":[{\"@type\":\"ListItem\",\"position\":1,\"name\":\"Portada\",\"item\":\"https:\/\/psoecanarias.com\/web\/\"},{\"@type\":\"ListItem\",\"position\":2,\"name\":\"\u201cEl mejor aliado que ha tenido Rajoy ha sido Pablo Iglesias\u201d\"}]},{\"@type\":\"WebSite\",\"@id\":\"https:\/\/psoecanarias.com\/web\/#website\",\"url\":\"https:\/\/psoecanarias.com\/web\/\",\"name\":\"PSOE Canarias\",\"description\":\"Partido Socialista Obrero Espa\u00f1ol Canarias\",\"potentialAction\":[{\"@type\":\"SearchAction\",\"target\":{\"@type\":\"EntryPoint\",\"urlTemplate\":\"https:\/\/psoecanarias.com\/web\/?s={search_term_string}\"},\"query-input\":{\"@type\":\"PropertyValueSpecification\",\"valueRequired\":true,\"valueName\":\"search_term_string\"}}],\"inLanguage\":\"es\"},{\"@type\":\"Person\",\"@id\":\"https:\/\/psoecanarias.com\/web\/#\/schema\/person\/1ae43f9659d2fc599ca69c11e1dbf26f\",\"name\":\"PSOE Canarias\",\"image\":{\"@type\":\"ImageObject\",\"inLanguage\":\"es\",\"@id\":\"https:\/\/secure.gravatar.com\/avatar\/4364d37f6f6f9cdb7af199b46151565f37d8a8c3c0e04c1d78c04e857a15e3a8?s=96&d=mm&r=g\",\"url\":\"https:\/\/secure.gravatar.com\/avatar\/4364d37f6f6f9cdb7af199b46151565f37d8a8c3c0e04c1d78c04e857a15e3a8?s=96&d=mm&r=g\",\"contentUrl\":\"https:\/\/secure.gravatar.com\/avatar\/4364d37f6f6f9cdb7af199b46151565f37d8a8c3c0e04c1d78c04e857a15e3a8?s=96&d=mm&r=g\",\"caption\":\"PSOE Canarias\"},\"url\":\"https:\/\/psoecanarias.com\/web\/author\/admin\/\"}]}<\/script>\n<!-- \/ Yoast SEO plugin. -->","yoast_head_json":{"title":"\u201cEl mejor aliado que ha tenido Rajoy ha sido Pablo Iglesias\u201d | PSOE Canarias","robots":{"index":"index","follow":"follow","max-snippet":"max-snippet:-1","max-image-preview":"max-image-preview:large","max-video-preview":"max-video-preview:-1"},"canonical":"https:\/\/psoecanarias.com\/web\/el-mejor-aliado-que-ha-tenido-rajoy-ha-sido-pablo-iglesias\/","og_locale":"es_ES","og_type":"article","og_title":"\u201cEl mejor aliado que ha tenido Rajoy ha sido Pablo Iglesias\u201d | PSOE Canarias","og_description":"El secretario de Organizaci\u00f3n del PSOE de Canarias y coordinador regional de campa\u00f1a, Julio Cruz, afirm\u00f3 este domingo que el mejor aliado que ha tenido Rajoy para ganar las elecciones ha sido Pablo Iglesias.","og_url":"https:\/\/psoecanarias.com\/web\/el-mejor-aliado-que-ha-tenido-rajoy-ha-sido-pablo-iglesias\/","og_site_name":"PSOE Canarias","article_published_time":"2016-06-27T10:57:27+00:00","og_image":[{"width":960,"height":635,"url":"https:\/\/psoecanarias.com\/web\/wp-content\/uploads\/2016\/02\/12745976_1127370537307275_4555512929850347174_n-1.jpg","type":"image\/jpeg"}],"author":"PSOE Canarias","twitter_card":"summary_large_image","schema":{"@context":"https:\/\/schema.org","@graph":[{"@type":"Article","@id":"https:\/\/psoecanarias.com\/web\/el-mejor-aliado-que-ha-tenido-rajoy-ha-sido-pablo-iglesias\/#article","isPartOf":{"@id":"https:\/\/psoecanarias.com\/web\/el-mejor-aliado-que-ha-tenido-rajoy-ha-sido-pablo-iglesias\/"},"author":{"name":"PSOE Canarias","@id":"https:\/\/psoecanarias.com\/web\/#\/schema\/person\/1ae43f9659d2fc599ca69c11e1dbf26f"},"headline":"\u201cEl mejor aliado que ha tenido Rajoy ha sido Pablo Iglesias\u201d","datePublished":"2016-06-27T10:57:27+00:00","mainEntityOfPage":{"@id":"https:\/\/psoecanarias.com\/web\/el-mejor-aliado-que-ha-tenido-rajoy-ha-sido-pablo-iglesias\/"},"wordCount":305,"commentCount":0,"image":{"@id":"https:\/\/psoecanarias.com\/web\/el-mejor-aliado-que-ha-tenido-rajoy-ha-sido-pablo-iglesias\/#primaryimage"},"thumbnailUrl":"https:\/\/psoecanarias.com\/web\/wp-content\/uploads\/2016\/02\/12745976_1127370537307275_4555512929850347174_n-1.jpg","keywords":["26J","elecciones","Julio Cruz","Valoraci\u00f3n"],"articleSection":["Pol\u00edtica"],"inLanguage":"es","potentialAction":[{"@type":"CommentAction","name":"Comment","target":["https:\/\/psoecanarias.com\/web\/el-mejor-aliado-que-ha-tenido-rajoy-ha-sido-pablo-iglesias\/#respond"]}]},{"@type":"WebPage","@id":"https:\/\/psoecanarias.com\/web\/el-mejor-aliado-que-ha-tenido-rajoy-ha-sido-pablo-iglesias\/","url":"https:\/\/psoecanarias.com\/web\/el-mejor-aliado-que-ha-tenido-rajoy-ha-sido-pablo-iglesias\/","name":"\u201cEl mejor aliado que ha tenido Rajoy ha sido Pablo Iglesias\u201d | PSOE Canarias","isPartOf":{"@id":"https:\/\/psoecanarias.com\/web\/#website"},"primaryImageOfPage":{"@id":"https:\/\/psoecanarias.com\/web\/el-mejor-aliado-que-ha-tenido-rajoy-ha-sido-pablo-iglesias\/#primaryimage"},"image":{"@id":"https:\/\/psoecanarias.com\/web\/el-mejor-aliado-que-ha-tenido-rajoy-ha-sido-pablo-iglesias\/#primaryimage"},"thumbnailUrl":"https:\/\/psoecanarias.com\/web\/wp-content\/uploads\/2016\/02\/12745976_1127370537307275_4555512929850347174_n-1.jpg","datePublished":"2016-06-27T10:57:27+00:00","author":{"@id":"https:\/\/psoecanarias.com\/web\/#\/schema\/person\/1ae43f9659d2fc599ca69c11e1dbf26f"},"breadcrumb":{"@id":"https:\/\/psoecanarias.com\/web\/el-mejor-aliado-que-ha-tenido-rajoy-ha-sido-pablo-iglesias\/#breadcrumb"},"inLanguage":"es","potentialAction":[{"@type":"ReadAction","target":["https:\/\/psoecanarias.com\/web\/el-mejor-aliado-que-ha-tenido-rajoy-ha-sido-pablo-iglesias\/"]}]},{"@type":"ImageObject","inLanguage":"es","@id":"https:\/\/psoecanarias.com\/web\/el-mejor-aliado-que-ha-tenido-rajoy-ha-sido-pablo-iglesias\/#primaryimage","url":"https:\/\/psoecanarias.com\/web\/wp-content\/uploads\/2016\/02\/12745976_1127370537307275_4555512929850347174_n-1.jpg","contentUrl":"https:\/\/psoecanarias.com\/web\/wp-content\/uploads\/2016\/02\/12745976_1127370537307275_4555512929850347174_n-1.jpg","width":960,"height":635},{"@type":"BreadcrumbList","@id":"https:\/\/psoecanarias.com\/web\/el-mejor-aliado-que-ha-tenido-rajoy-ha-sido-pablo-iglesias\/#breadcrumb","itemListElement":[{"@type":"ListItem","position":1,"name":"Portada","item":"https:\/\/psoecanarias.com\/web\/"},{"@type":"ListItem","position":2,"name":"\u201cEl mejor aliado que ha tenido Rajoy ha sido Pablo Iglesias\u201d"}]},{"@type":"WebSite","@id":"https:\/\/psoecanarias.com\/web\/#website","url":"https:\/\/psoecanarias.com\/web\/","name":"PSOE Canarias","description":"Partido Socialista Obrero Espa\u00f1ol Canarias","potentialAction":[{"@type":"SearchAction","target":{"@type":"EntryPoint","urlTemplate":"https:\/\/psoecanarias.com\/web\/?s={search_term_string}"},"query-input":{"@type":"PropertyValueSpecification","valueRequired":true,"valueName":"search_term_string"}}],"inLanguage":"es"},{"@type":"Person","@id":"https:\/\/psoecanarias.com\/web\/#\/schema\/person\/1ae43f9659d2fc599ca69c11e1dbf26f","name":"PSOE Canarias","image":{"@type":"ImageObject","inLanguage":"es","@id":"https:\/\/secure.gravatar.com\/avatar\/4364d37f6f6f9cdb7af199b46151565f37d8a8c3c0e04c1d78c04e857a15e3a8?s=96&d=mm&r=g","url":"https:\/\/secure.gravatar.com\/avatar\/4364d37f6f6f9cdb7af199b46151565f37d8a8c3c0e04c1d78c04e857a15e3a8?s=96&d=mm&r=g","contentUrl":"https:\/\/secure.gravatar.com\/avatar\/4364d37f6f6f9cdb7af199b46151565f37d8a8c3c0e04c1d78c04e857a15e3a8?s=96&d=mm&r=g","caption":"PSOE Canarias"},"url":"https:\/\/psoecanarias.com\/web\/author\/admin\/"}]}},"_links":{"self":[{"href":"https:\/\/psoecanarias.com\/web\/wp-json\/wp\/v2\/posts\/2202","targetHints":{"allow":["GET"]}}],"collection":[{"href":"https:\/\/psoecanarias.com\/web\/wp-json\/wp\/v2\/posts"}],"about":[{"href":"https:\/\/psoecanarias.com\/web\/wp-json\/wp\/v2\/types\/post"}],"author":[{"embeddable":true,"href":"https:\/\/psoecanarias.com\/web\/wp-json\/wp\/v2\/users\/1"}],"replies":[{"embeddable":true,"href":"https:\/\/psoecanarias.com\/web\/wp-json\/wp\/v2\/comments?post=2202"}],"version-history":[{"count":1,"href":"https:\/\/psoecanarias.com\/web\/wp-json\/wp\/v2\/posts\/2202\/revisions"}],"predecessor-version":[{"id":2203,"href":"https:\/\/psoecanarias.com\/web\/wp-json\/wp\/v2\/posts\/2202\/revisions\/2203"}],"wp:featuredmedia":[{"embeddable":true,"href":"https:\/\/psoecanarias.com\/web\/wp-json\/wp\/v2\/media\/1467"}],"wp:attachment":[{"href":"https:\/\/psoecanarias.com\/web\/wp-json\/wp\/v2\/media?parent=2202"}],"wp:term":[{"taxonomy":"category","embeddable":true,"href":"https:\/\/psoecanarias.com\/web\/wp-json\/wp\/v2\/categories?post=2202"},{"taxonomy":"post_tag","embeddable":true,"href":"https:\/\/psoecanarias.com\/web\/wp-json\/wp\/v2\/tags?post=2202"}],"curies":[{"name":"wp","href":"https:\/\/api.w.org\/{rel}","templated":true}]}}