{"id":22660,"date":"2022-02-04T13:37:49","date_gmt":"2022-02-04T13:37:49","guid":{"rendered":"http:\/\/psoecanarias.com\/web\/?p=22660"},"modified":"2022-02-04T13:39:14","modified_gmt":"2022-02-04T13:39:14","slug":"tamara-raya-la-reforma-laboral-recupera-derechos-que-fueron-arrebatados","status":"publish","type":"post","link":"https:\/\/psoecanarias.com\/web\/tamara-raya-la-reforma-laboral-recupera-derechos-que-fueron-arrebatados\/","title":{"rendered":"Tamara Raya: &#8220;La reforma laboral recupera derechos que fueron arrebatados&#8221;"},"content":{"rendered":"<p style=\"font-weight: 400;\"><strong>Canarias, 4 de febrero de 2022.<\/strong>\u00a0El PSOE de Canarias muestra su satisfacci\u00f3n por la aprobaci\u00f3n de la reforma laboral, que permite recuperar los derechos perdidos por los trabajadores espa\u00f1oles respecto a las \u00faltimas modificaciones realizadas por el Partido Popular en el a\u00f1o 2012.<\/p>\n<p style=\"font-weight: 400;\">La diputada socialista en el Congreso de los Diputados, Tamara Raya, pone de relieve que con la aprobaci\u00f3n del documento se permite seguir avanzando en la mejora de los derechos de 20 millones de trabajadores, \u201crecuperando lo que les fue arrebatado por el anterior gobierno fuera del marco social, haci\u00e9ndolo de manera unilateral\u201d.<\/p>\n<blockquote class=\"twitter-tweet\">\n<p lang=\"es\" dir=\"ltr\">Hoy quien realmente ha ganado es la clase trabajadora de nuestro pa\u00eds. Avanzamos en recuperar los derechos de los trabajadores, pisoteados por el @PP. Adem\u00e1s se ha conseguido recuperando el di\u00e1logo social con los agentes sociales.<a href=\"https:\/\/twitter.com\/hashtag\/ReformaLaboral?src=hash&amp;ref_src=twsrc%5Etfw\">#ReformaLaboral<\/a> <a href=\"https:\/\/twitter.com\/gpscongreso?ref_src=twsrc%5Etfw\">@gpscongreso<\/a><\/p>\n<p>&mdash; Tamara Raya Rguez (@tamarayar) <a href=\"https:\/\/twitter.com\/tamarayar\/status\/1489299659768188935?ref_src=twsrc%5Etfw\">February 3, 2022<\/a><\/p><\/blockquote>\n<p> <script async src=\"https:\/\/platform.twitter.com\/widgets.js\" charset=\"utf-8\"><\/script><\/p>\n<p style=\"font-weight: 400;\">Adem\u00e1s, la diputada hace hincapi\u00e9 en el hecho de que la reforma contempla medidas tan importantes como la prevalencia del contrato sectorial sobre el de empresa, que permite cobrar salarios m\u00e1s altos; la eliminaci\u00f3n de la ultra actividad, que permitir\u00e1 que los convenios que llegan al final de su vigencia se prorroguen con car\u00e1cter indefinido hasta que se vuelvan a negociar, o la conversi\u00f3n de contratos como los de obras y servicios en indefinidos.<\/p>\n<blockquote class=\"twitter-tweet\">\n<p dir=\"ltr\" lang=\"es\">La Reforma Laboral se convalida. Por un voto, s\u00ed; pero con un voto m\u00e1s, a favor, es suficiente. Gran compromiso de sindicatos y patronal; gran trabajo del gobierno central. Justo agradecer a todos los partidos que han votado s\u00ed. Inexplicable ante un gran acuerdo social el no. <a href=\"https:\/\/t.co\/dsKB2YKk0E\">pic.twitter.com\/dsKB2YKk0E<\/a><\/p>\n<p>\u2014 \u00c1ngel V\u00edctor Torres P\u00e9rez (@avtorresp) <a href=\"https:\/\/twitter.com\/avtorresp\/status\/1489301481144651779?ref_src=twsrc%5Etfw\">February 3, 2022<\/a><\/p><\/blockquote>\n<p><script async src=\"https:\/\/platform.twitter.com\/widgets.js\" charset=\"utf-8\"><\/script><\/p>\n<p style=\"font-weight: 400;\">En definitiva, recalca Tamara Raya, \u201clo que se persigue es paliar dos grandes problemas como son la temporalidad y la precariedad que sufre el mercado laboral de nuestro pa\u00eds y del de nuestras islas\u201d, por lo que considera fundamental agradecer a las distintas formaciones pol\u00edticas que han apoyado esta reforma laboral \u201cporque ha sido un ejercicio de responsabilidad, pensando no solo en la clase trabajadora, sino tambi\u00e9n en las empresas\u201d.<\/p>\n<p style=\"font-weight: 400;\">Adem\u00e1s, la diputada socialista informa que esta reforma laboral \u201cforma parte del plan europeo para obtener fondos, tan importantes para todo el conjunto del pa\u00eds y que permitir\u00e1n que la recuperaci\u00f3n sea m\u00e1s r\u00e1pida, m\u00e1s justa y m\u00e1s sostenible&#8221;.<\/p>\n<p style=\"font-weight: 400;\">Sobre la aprobaci\u00f3n de este documento, Tamara Raya destaca que en su primer mes de vigencia ha conseguido aumentar la contrataci\u00f3n indefinida un 92%, permitiendo beneficiar tanto a los empresarios como a los trabajadores, por lo que considera incomprensible cualquier reacci\u00f3n \u201ccontra una reforma que beneficia a todos\u201d.<\/p>\n<p style=\"font-weight: 400;\">La diputada socialista tambi\u00e9n recalca que esta aprobaci\u00f3n viene a reforzar la estabilidad de la legislatura, con un gobierno que mantendr\u00e1 su apuesta por las medidas de avance social y de derechos de las personas, estableciendo di\u00e1logos y llegando a acuerdos con las distintas fuerzas pol\u00edticas con representaci\u00f3n parlamentaria para hacerlas realidad.<\/p>\n","protected":false},"excerpt":{"rendered":"<p>&#8220;Esta norma permite seguir avanzando para 20 millones de trabajadores&#8221;, celebra el PSOE canario<\/p>\n","protected":false},"author":1,"featured_media":22661,"comment_status":"open","ping_status":"open","sticky":false,"template":"","format":"standard","meta":{"footnotes":""},"categories":[1197,1184,7],"tags":[],"class_list":["post-22660","post","type-post","status-publish","format-standard","has-post-thumbnail","hentry","category-cortes-generales","category-noticias","category-politica"],"featured_image_src":"https:\/\/psoecanarias.com\/web\/wp-content\/uploads\/2022\/02\/Tamara-Raya.jpeg","author_info":{"display_name":"PSOE Canarias","author_link":"https:\/\/psoecanarias.com\/web\/author\/admin\/"},"yoast_head":"<!-- This site is optimized with the Yoast SEO plugin v27.2 - https:\/\/yoast.com\/product\/yoast-seo-wordpress\/ -->\n<title>Tamara Raya: &quot;La reforma laboral recupera derechos que fueron arrebatados&quot; | PSOE Canarias<\/title>\n<meta name=\"robots\" content=\"index, follow, max-snippet:-1, max-image-preview:large, max-video-preview:-1\" \/>\n<link rel=\"canonical\" href=\"https:\/\/psoecanarias.com\/web\/tamara-raya-la-reforma-laboral-recupera-derechos-que-fueron-arrebatados\/\" \/>\n<meta property=\"og:locale\" content=\"es_ES\" \/>\n<meta property=\"og:type\" content=\"article\" \/>\n<meta property=\"og:title\" content=\"Tamara Raya: &quot;La reforma laboral recupera derechos que fueron arrebatados&quot; | PSOE Canarias\" \/>\n<meta property=\"og:description\" content=\"&quot;Esta norma permite seguir avanzando para 20 millones de trabajadores&quot;, celebra el PSOE canario\" \/>\n<meta property=\"og:url\" content=\"https:\/\/psoecanarias.com\/web\/tamara-raya-la-reforma-laboral-recupera-derechos-que-fueron-arrebatados\/\" \/>\n<meta property=\"og:site_name\" content=\"PSOE Canarias\" \/>\n<meta property=\"article:published_time\" content=\"2022-02-04T13:37:49+00:00\" \/>\n<meta property=\"article:modified_time\" content=\"2022-02-04T13:39:14+00:00\" \/>\n<meta property=\"og:image\" content=\"https:\/\/psoecanarias.com\/web\/wp-content\/uploads\/2022\/02\/Tamara-Raya.jpeg\" \/>\n\t<meta property=\"og:image:width\" content=\"1024\" \/>\n\t<meta property=\"og:image:height\" content=\"683\" \/>\n\t<meta property=\"og:image:type\" content=\"image\/jpeg\" \/>\n<meta name=\"author\" content=\"PSOE Canarias\" \/>\n<meta name=\"twitter:card\" content=\"summary_large_image\" \/>\n<script type=\"application\/ld+json\" class=\"yoast-schema-graph\">{\"@context\":\"https:\/\/schema.org\",\"@graph\":[{\"@type\":\"Article\",\"@id\":\"https:\/\/psoecanarias.com\/web\/tamara-raya-la-reforma-laboral-recupera-derechos-que-fueron-arrebatados\/#article\",\"isPartOf\":{\"@id\":\"https:\/\/psoecanarias.com\/web\/tamara-raya-la-reforma-laboral-recupera-derechos-que-fueron-arrebatados\/\"},\"author\":{\"name\":\"PSOE Canarias\",\"@id\":\"https:\/\/psoecanarias.com\/web\/#\/schema\/person\/1ae43f9659d2fc599ca69c11e1dbf26f\"},\"headline\":\"Tamara Raya: &#8220;La reforma laboral recupera derechos que fueron arrebatados&#8221;\",\"datePublished\":\"2022-02-04T13:37:49+00:00\",\"dateModified\":\"2022-02-04T13:39:14+00:00\",\"mainEntityOfPage\":{\"@id\":\"https:\/\/psoecanarias.com\/web\/tamara-raya-la-reforma-laboral-recupera-derechos-que-fueron-arrebatados\/\"},\"wordCount\":524,\"commentCount\":0,\"image\":{\"@id\":\"https:\/\/psoecanarias.com\/web\/tamara-raya-la-reforma-laboral-recupera-derechos-que-fueron-arrebatados\/#primaryimage\"},\"thumbnailUrl\":\"https:\/\/psoecanarias.com\/web\/wp-content\/uploads\/2022\/02\/Tamara-Raya.jpeg\",\"articleSection\":[\"Cortes Generales\",\"Noticias\",\"Pol\u00edtica\"],\"inLanguage\":\"es\",\"potentialAction\":[{\"@type\":\"CommentAction\",\"name\":\"Comment\",\"target\":[\"https:\/\/psoecanarias.com\/web\/tamara-raya-la-reforma-laboral-recupera-derechos-que-fueron-arrebatados\/#respond\"]}]},{\"@type\":\"WebPage\",\"@id\":\"https:\/\/psoecanarias.com\/web\/tamara-raya-la-reforma-laboral-recupera-derechos-que-fueron-arrebatados\/\",\"url\":\"https:\/\/psoecanarias.com\/web\/tamara-raya-la-reforma-laboral-recupera-derechos-que-fueron-arrebatados\/\",\"name\":\"Tamara Raya: \\\"La reforma laboral recupera derechos que fueron arrebatados\\\" | PSOE Canarias\",\"isPartOf\":{\"@id\":\"https:\/\/psoecanarias.com\/web\/#website\"},\"primaryImageOfPage\":{\"@id\":\"https:\/\/psoecanarias.com\/web\/tamara-raya-la-reforma-laboral-recupera-derechos-que-fueron-arrebatados\/#primaryimage\"},\"image\":{\"@id\":\"https:\/\/psoecanarias.com\/web\/tamara-raya-la-reforma-laboral-recupera-derechos-que-fueron-arrebatados\/#primaryimage\"},\"thumbnailUrl\":\"https:\/\/psoecanarias.com\/web\/wp-content\/uploads\/2022\/02\/Tamara-Raya.jpeg\",\"datePublished\":\"2022-02-04T13:37:49+00:00\",\"dateModified\":\"2022-02-04T13:39:14+00:00\",\"author\":{\"@id\":\"https:\/\/psoecanarias.com\/web\/#\/schema\/person\/1ae43f9659d2fc599ca69c11e1dbf26f\"},\"breadcrumb\":{\"@id\":\"https:\/\/psoecanarias.com\/web\/tamara-raya-la-reforma-laboral-recupera-derechos-que-fueron-arrebatados\/#breadcrumb\"},\"inLanguage\":\"es\",\"potentialAction\":[{\"@type\":\"ReadAction\",\"target\":[\"https:\/\/psoecanarias.com\/web\/tamara-raya-la-reforma-laboral-recupera-derechos-que-fueron-arrebatados\/\"]}]},{\"@type\":\"ImageObject\",\"inLanguage\":\"es\",\"@id\":\"https:\/\/psoecanarias.com\/web\/tamara-raya-la-reforma-laboral-recupera-derechos-que-fueron-arrebatados\/#primaryimage\",\"url\":\"https:\/\/psoecanarias.com\/web\/wp-content\/uploads\/2022\/02\/Tamara-Raya.jpeg\",\"contentUrl\":\"https:\/\/psoecanarias.com\/web\/wp-content\/uploads\/2022\/02\/Tamara-Raya.jpeg\",\"width\":1024,\"height\":683,\"caption\":\"La diputada socialista Tamara Raya, durante una intervenci\u00f3n en el Congreso de los Diputados.\"},{\"@type\":\"BreadcrumbList\",\"@id\":\"https:\/\/psoecanarias.com\/web\/tamara-raya-la-reforma-laboral-recupera-derechos-que-fueron-arrebatados\/#breadcrumb\",\"itemListElement\":[{\"@type\":\"ListItem\",\"position\":1,\"name\":\"Portada\",\"item\":\"https:\/\/psoecanarias.com\/web\/\"},{\"@type\":\"ListItem\",\"position\":2,\"name\":\"Tamara Raya: \\\"La reforma laboral recupera derechos que fueron arrebatados\\\"\"}]},{\"@type\":\"WebSite\",\"@id\":\"https:\/\/psoecanarias.com\/web\/#website\",\"url\":\"https:\/\/psoecanarias.com\/web\/\",\"name\":\"PSOE Canarias\",\"description\":\"Partido Socialista Obrero Espa\u00f1ol Canarias\",\"potentialAction\":[{\"@type\":\"SearchAction\",\"target\":{\"@type\":\"EntryPoint\",\"urlTemplate\":\"https:\/\/psoecanarias.com\/web\/?s={search_term_string}\"},\"query-input\":{\"@type\":\"PropertyValueSpecification\",\"valueRequired\":true,\"valueName\":\"search_term_string\"}}],\"inLanguage\":\"es\"},{\"@type\":\"Person\",\"@id\":\"https:\/\/psoecanarias.com\/web\/#\/schema\/person\/1ae43f9659d2fc599ca69c11e1dbf26f\",\"name\":\"PSOE Canarias\",\"image\":{\"@type\":\"ImageObject\",\"inLanguage\":\"es\",\"@id\":\"https:\/\/secure.gravatar.com\/avatar\/4364d37f6f6f9cdb7af199b46151565f37d8a8c3c0e04c1d78c04e857a15e3a8?s=96&d=mm&r=g\",\"url\":\"https:\/\/secure.gravatar.com\/avatar\/4364d37f6f6f9cdb7af199b46151565f37d8a8c3c0e04c1d78c04e857a15e3a8?s=96&d=mm&r=g\",\"contentUrl\":\"https:\/\/secure.gravatar.com\/avatar\/4364d37f6f6f9cdb7af199b46151565f37d8a8c3c0e04c1d78c04e857a15e3a8?s=96&d=mm&r=g\",\"caption\":\"PSOE Canarias\"},\"url\":\"https:\/\/psoecanarias.com\/web\/author\/admin\/\"}]}<\/script>\n<!-- \/ Yoast SEO plugin. -->","yoast_head_json":{"title":"Tamara Raya: \"La reforma laboral recupera derechos que fueron arrebatados\" | PSOE Canarias","robots":{"index":"index","follow":"follow","max-snippet":"max-snippet:-1","max-image-preview":"max-image-preview:large","max-video-preview":"max-video-preview:-1"},"canonical":"https:\/\/psoecanarias.com\/web\/tamara-raya-la-reforma-laboral-recupera-derechos-que-fueron-arrebatados\/","og_locale":"es_ES","og_type":"article","og_title":"Tamara Raya: \"La reforma laboral recupera derechos que fueron arrebatados\" | PSOE Canarias","og_description":"\"Esta norma permite seguir avanzando para 20 millones de trabajadores\", celebra el PSOE canario","og_url":"https:\/\/psoecanarias.com\/web\/tamara-raya-la-reforma-laboral-recupera-derechos-que-fueron-arrebatados\/","og_site_name":"PSOE Canarias","article_published_time":"2022-02-04T13:37:49+00:00","article_modified_time":"2022-02-04T13:39:14+00:00","og_image":[{"width":1024,"height":683,"url":"https:\/\/psoecanarias.com\/web\/wp-content\/uploads\/2022\/02\/Tamara-Raya.jpeg","type":"image\/jpeg"}],"author":"PSOE Canarias","twitter_card":"summary_large_image","schema":{"@context":"https:\/\/schema.org","@graph":[{"@type":"Article","@id":"https:\/\/psoecanarias.com\/web\/tamara-raya-la-reforma-laboral-recupera-derechos-que-fueron-arrebatados\/#article","isPartOf":{"@id":"https:\/\/psoecanarias.com\/web\/tamara-raya-la-reforma-laboral-recupera-derechos-que-fueron-arrebatados\/"},"author":{"name":"PSOE Canarias","@id":"https:\/\/psoecanarias.com\/web\/#\/schema\/person\/1ae43f9659d2fc599ca69c11e1dbf26f"},"headline":"Tamara Raya: &#8220;La reforma laboral recupera derechos que fueron arrebatados&#8221;","datePublished":"2022-02-04T13:37:49+00:00","dateModified":"2022-02-04T13:39:14+00:00","mainEntityOfPage":{"@id":"https:\/\/psoecanarias.com\/web\/tamara-raya-la-reforma-laboral-recupera-derechos-que-fueron-arrebatados\/"},"wordCount":524,"commentCount":0,"image":{"@id":"https:\/\/psoecanarias.com\/web\/tamara-raya-la-reforma-laboral-recupera-derechos-que-fueron-arrebatados\/#primaryimage"},"thumbnailUrl":"https:\/\/psoecanarias.com\/web\/wp-content\/uploads\/2022\/02\/Tamara-Raya.jpeg","articleSection":["Cortes Generales","Noticias","Pol\u00edtica"],"inLanguage":"es","potentialAction":[{"@type":"CommentAction","name":"Comment","target":["https:\/\/psoecanarias.com\/web\/tamara-raya-la-reforma-laboral-recupera-derechos-que-fueron-arrebatados\/#respond"]}]},{"@type":"WebPage","@id":"https:\/\/psoecanarias.com\/web\/tamara-raya-la-reforma-laboral-recupera-derechos-que-fueron-arrebatados\/","url":"https:\/\/psoecanarias.com\/web\/tamara-raya-la-reforma-laboral-recupera-derechos-que-fueron-arrebatados\/","name":"Tamara Raya: \"La reforma laboral recupera derechos que fueron arrebatados\" | PSOE Canarias","isPartOf":{"@id":"https:\/\/psoecanarias.com\/web\/#website"},"primaryImageOfPage":{"@id":"https:\/\/psoecanarias.com\/web\/tamara-raya-la-reforma-laboral-recupera-derechos-que-fueron-arrebatados\/#primaryimage"},"image":{"@id":"https:\/\/psoecanarias.com\/web\/tamara-raya-la-reforma-laboral-recupera-derechos-que-fueron-arrebatados\/#primaryimage"},"thumbnailUrl":"https:\/\/psoecanarias.com\/web\/wp-content\/uploads\/2022\/02\/Tamara-Raya.jpeg","datePublished":"2022-02-04T13:37:49+00:00","dateModified":"2022-02-04T13:39:14+00:00","author":{"@id":"https:\/\/psoecanarias.com\/web\/#\/schema\/person\/1ae43f9659d2fc599ca69c11e1dbf26f"},"breadcrumb":{"@id":"https:\/\/psoecanarias.com\/web\/tamara-raya-la-reforma-laboral-recupera-derechos-que-fueron-arrebatados\/#breadcrumb"},"inLanguage":"es","potentialAction":[{"@type":"ReadAction","target":["https:\/\/psoecanarias.com\/web\/tamara-raya-la-reforma-laboral-recupera-derechos-que-fueron-arrebatados\/"]}]},{"@type":"ImageObject","inLanguage":"es","@id":"https:\/\/psoecanarias.com\/web\/tamara-raya-la-reforma-laboral-recupera-derechos-que-fueron-arrebatados\/#primaryimage","url":"https:\/\/psoecanarias.com\/web\/wp-content\/uploads\/2022\/02\/Tamara-Raya.jpeg","contentUrl":"https:\/\/psoecanarias.com\/web\/wp-content\/uploads\/2022\/02\/Tamara-Raya.jpeg","width":1024,"height":683,"caption":"La diputada socialista Tamara Raya, durante una intervenci\u00f3n en el Congreso de los Diputados."},{"@type":"BreadcrumbList","@id":"https:\/\/psoecanarias.com\/web\/tamara-raya-la-reforma-laboral-recupera-derechos-que-fueron-arrebatados\/#breadcrumb","itemListElement":[{"@type":"ListItem","position":1,"name":"Portada","item":"https:\/\/psoecanarias.com\/web\/"},{"@type":"ListItem","position":2,"name":"Tamara Raya: \"La reforma laboral recupera derechos que fueron arrebatados\""}]},{"@type":"WebSite","@id":"https:\/\/psoecanarias.com\/web\/#website","url":"https:\/\/psoecanarias.com\/web\/","name":"PSOE Canarias","description":"Partido Socialista Obrero Espa\u00f1ol Canarias","potentialAction":[{"@type":"SearchAction","target":{"@type":"EntryPoint","urlTemplate":"https:\/\/psoecanarias.com\/web\/?s={search_term_string}"},"query-input":{"@type":"PropertyValueSpecification","valueRequired":true,"valueName":"search_term_string"}}],"inLanguage":"es"},{"@type":"Person","@id":"https:\/\/psoecanarias.com\/web\/#\/schema\/person\/1ae43f9659d2fc599ca69c11e1dbf26f","name":"PSOE Canarias","image":{"@type":"ImageObject","inLanguage":"es","@id":"https:\/\/secure.gravatar.com\/avatar\/4364d37f6f6f9cdb7af199b46151565f37d8a8c3c0e04c1d78c04e857a15e3a8?s=96&d=mm&r=g","url":"https:\/\/secure.gravatar.com\/avatar\/4364d37f6f6f9cdb7af199b46151565f37d8a8c3c0e04c1d78c04e857a15e3a8?s=96&d=mm&r=g","contentUrl":"https:\/\/secure.gravatar.com\/avatar\/4364d37f6f6f9cdb7af199b46151565f37d8a8c3c0e04c1d78c04e857a15e3a8?s=96&d=mm&r=g","caption":"PSOE Canarias"},"url":"https:\/\/psoecanarias.com\/web\/author\/admin\/"}]}},"_links":{"self":[{"href":"https:\/\/psoecanarias.com\/web\/wp-json\/wp\/v2\/posts\/22660","targetHints":{"allow":["GET"]}}],"collection":[{"href":"https:\/\/psoecanarias.com\/web\/wp-json\/wp\/v2\/posts"}],"about":[{"href":"https:\/\/psoecanarias.com\/web\/wp-json\/wp\/v2\/types\/post"}],"author":[{"embeddable":true,"href":"https:\/\/psoecanarias.com\/web\/wp-json\/wp\/v2\/users\/1"}],"replies":[{"embeddable":true,"href":"https:\/\/psoecanarias.com\/web\/wp-json\/wp\/v2\/comments?post=22660"}],"version-history":[{"count":4,"href":"https:\/\/psoecanarias.com\/web\/wp-json\/wp\/v2\/posts\/22660\/revisions"}],"predecessor-version":[{"id":22664,"href":"https:\/\/psoecanarias.com\/web\/wp-json\/wp\/v2\/posts\/22660\/revisions\/22664"}],"wp:featuredmedia":[{"embeddable":true,"href":"https:\/\/psoecanarias.com\/web\/wp-json\/wp\/v2\/media\/22661"}],"wp:attachment":[{"href":"https:\/\/psoecanarias.com\/web\/wp-json\/wp\/v2\/media?parent=22660"}],"wp:term":[{"taxonomy":"category","embeddable":true,"href":"https:\/\/psoecanarias.com\/web\/wp-json\/wp\/v2\/categories?post=22660"},{"taxonomy":"post_tag","embeddable":true,"href":"https:\/\/psoecanarias.com\/web\/wp-json\/wp\/v2\/tags?post=22660"}],"curies":[{"name":"wp","href":"https:\/\/api.w.org\/{rel}","templated":true}]}}