{"id":22945,"date":"2022-02-20T09:00:54","date_gmt":"2022-02-20T09:00:54","guid":{"rendered":"https:\/\/psoecanarias.com\/web\/?p=22945"},"modified":"2022-06-23T10:01:40","modified_gmt":"2022-06-23T09:01:40","slug":"la-justicia-social-nuestro-patrimonio","status":"publish","type":"post","link":"https:\/\/psoecanarias.com\/web\/la-justicia-social-nuestro-patrimonio\/","title":{"rendered":"La justicia social, nuestro patrimonio"},"content":{"rendered":"<p>Este 20 de febrero celebramos el <strong>D\u00eda Mundial de la Justicia Social<\/strong>. Para muchos expertos en la materia se considera que el origen de la justicia social se encuentra en lo que fue la justicia distributiva, que estableci\u00f3 en su momento el fil\u00f3sofo griego Arist\u00f3teles. La misma ven\u00eda a dejar patente que era aquella que se encargaba de que todas las personas pudieran disfrutar y acceder a una serie de bienes imprescindibles, como pod\u00eda ser la educaci\u00f3n o la alimentaci\u00f3n.<\/p>\n<p>A pesar de ello, quien firma este art\u00edculo, considera que pocos conceptos pueden tener tantas interpretaciones como el de la justicia social. Los partidos pol\u00edticos cuentan con valores e ideas que constituyen su se\u00f1a de identidad. Para el Partido Socialista, la justicia social constituye uno de sus ejes vertebradores, conscientes en que una sociedad en la que prima la justicia social, los derechos humanos de las personas ser\u00e1n respetados y las personas en situaci\u00f3n de vulnerabilidad social contar\u00e1n con oportunidades de desarrollo y protecci\u00f3n.<\/p>\n<p>La realidad es tozuda y cuando llega el momento de llenar de acci\u00f3n esos valores e ideario, es justo ah\u00ed cuando se evidencian las diferencias ideol\u00f3gicas entre unas y otras formaciones pol\u00edticas. Lo podemos ver con mucha claridad si hacemos una peque\u00f1a comparaci\u00f3n entre la crisis econ\u00f3mica y social de 2008 y la crisis social y econ\u00f3mica actual consecuencia de la pandemia del Covid-19. Mientras la primera fue afrontada por las pol\u00edticas de austeridad del PP &#8211;congelaci\u00f3n de pensiones, recortes en los derechos sociales de los trabajadores, recortes en el sistema p\u00fablico de servicios sociales, reforma laboral, entre otras cosas, para abaratar despidos, etc.&#8211;, la actual crisis se ha afrontado con justicia social, aplicando medidas que materializaran la igualdad de oportunidades, poniendo al servicio de la ciudadan\u00eda los bienes y servicios p\u00fablicos para que nadie se quede atr\u00e1s.<\/p>\n<p>Por tanto, mientras en la primera crisis los recortes fueron relevantes en todos los sistemas de protecci\u00f3n social y especialmente en el sistema p\u00fablico de servicios sociales, que lo debilitaron hasta la m\u00ednima expresi\u00f3n. Afortunadamente no ha ocurrido lo mismo en la segunda, en la que se ha fortalecido como nunca, hasta este momento, para hacer efectivos los derechos sociales reconocidos a la ciudadan\u00eda de este pa\u00eds.<\/p>\n<p>Y no son palabras, sino hechos, as\u00ed: el plan concertado que financia las prestaciones b\u00e1sicas de servicios sociales se ha incrementado en un 55%; la partida econ\u00f3mica para la atenci\u00f3n a las personas en situaci\u00f3n de dependencia se ha ampliado en un 34%; las pensiones no contributivas han crecido en un 3%; se ha aprobado el ingreso m\u00ednimo vital para que las personas que no cuentan con recursos econ\u00f3micos puedan cubrir sus necesidades b\u00e1sicas; se aprob\u00f3 el bono de alquiler joven con el fin de promover la emancipaci\u00f3n y la construcci\u00f3n de su proyecto de vida, el bono tur\u00edstico, etc.<\/p>\n<p>Si miramos a nuestra tierra canaria para analizar c\u00f3mo afrontaron los diferentes gobiernos auton\u00f3micos la crisis social y econ\u00f3mica, nos encontramos que, en la primera, gobernaba la administraci\u00f3n auton\u00f3mica Coalici\u00f3n Canaria. Sus dirigentes siguieron a pie juntillas las directrices de sus hom\u00f3logos nacionales y dejaron desprotegidas socialmente a m\u00e1s de un cuarto de nuestra poblaci\u00f3n. Muchas de estas personas solo encontraron apoyo en aquellos ayuntamientos sensibles con la necesidad de garantizarles una vida digna.<\/p>\n<p>As\u00ed, miles de j\u00f3venes se embarcaron en la adquisici\u00f3n y alquiler de una vivienda que nunca cont\u00f3 con la prometida subvenci\u00f3n p\u00fablica. Muchas personas permanec\u00edan hasta un a\u00f1o o m\u00e1s esperando la Prestaci\u00f3n Canaria de Inserci\u00f3n. Las partidas econ\u00f3micas para luchar contra la principal lacra social de esta tierra, la pobreza estructural, brillaban por su ausencia. El incremento de plazas de escuelas infantiles dorm\u00eda el sue\u00f1o de los justos. El sistema de dependencia apenas incrementaba su partida financiera desde su creaci\u00f3n all\u00e1 por el 2007. Los expedientes de la administraci\u00f3n auton\u00f3mica comenzaban a tener demoras inhumanas por la falta de profesionales, etc.<\/p>\n<p>Por el contrario, el actual Gobierno de Canarias est\u00e1 afrontando la presente crisis social fortaleciendo los sistemas p\u00fablicos de protecci\u00f3n social. Es decir, ha llenado de contenido la justicia social, se\u00f1a de identidad del actual Gobierno de Canarias; de contenido, con la finalidad de no dejar a nadie atr\u00e1s. La bater\u00eda de medidas es amplia, no obstante, a modo de ejemplo se pueden destacar las siguientes: modificaci\u00f3n de la ley que regula la Prestaci\u00f3n Canaria de Inserci\u00f3n para ampliar los perfiles de las personas beneficiarias; agilizaci\u00f3n de las renovaciones y entrega de 50\u20ac m\u00e1s por cada menor de edad que integre la unidad familiar; concesi\u00f3n de una paga extra a las personas beneficiarias de una pensi\u00f3n no contributiva; incremento del presupuesto para la atenci\u00f3n a las personas en situaci\u00f3n de dependencia; aumento del personal, como nunca, para agilizar la valoraci\u00f3n de solicitudes; incremento tambi\u00e9n del presupuesto para los servicios sociales municipales y, de esa forma, reforzarlos como puerta de entrada al sistema p\u00fablico de servicios sociales; se ha multiplicado la partida econ\u00f3mica destinada a cubrir las necesidades b\u00e1sicas de las personas residentes en esta regi\u00f3n; se han concedido ayudas a aut\u00f3nomos y empresas por valor de m\u00e1s de 1.200 millones de euros para proteger el empleo y la econom\u00eda en Canarias.<\/p>\n<p>En estos tiempos en la que hemos globalizado casi todo, y en los que algunos se afanan por desdibujar las l\u00edneas que separan los diferentes valores e idearios pol\u00edticos, han bastado dos crisis encadenadas para que en un momento tan crucial como el que nos encontramos la ciudadan\u00eda empiece a ser cada vez m\u00e1s consciente de la importancia de contar con uno u otro gobierno.<\/p>\n<p>En definitiva, la justicia social va dirigida a paliar desigualdades, erradicar la pobreza y favorecer el bienestar de todas las personas. Por eso est\u00e1 estrechamente vinculada a la Agenda 2030 con la que estamos globalmente comprometidos y comprometidas. Si bien a lo largo de los 17 objetivos que constituyen la Agenda prevalece la imperiosa necesidad de lograr una sociedad global libre de injusticias. El objetivo m\u00e1s espec\u00edficamente orientado a conseguir la justicia social es el n\u00famero 16: Paz, justicia e instituciones s\u00f3lidas.<\/p>\n<p>Tal y como se\u00f1ala este objetivo, todos deber\u00edamos enfocarnos y esforzarnos en \u201cpromover sociedades pac\u00edficas e inclusivas para el desarrollo sostenible, facilitar el acceso a la justicia para todos y todas y construir a todos los niveles instituciones eficaces e inclusivas que rindan cuentas\u201d.<\/p>\n<p>No quiero finalizar este art\u00edculo sin expresar que es para m\u00ed un honor formar parte de este gran partido, que ha sido arquitecto de libertades, de progreso, de feminismo, pero sobre todo de justicia social.<\/p>\n","protected":false},"excerpt":{"rendered":"<p>Este 20 de febrero celebramos el D\u00eda Mundial de la Justicia Social. Para muchos expertos en la materia se considera que el origen de la justicia social se encuentra en lo que fue la justicia distributiva, que estableci\u00f3 en su momento el fil\u00f3sofo griego Arist\u00f3teles. La misma ven\u00eda a dejar patente que era aquella que [&hellip;]<\/p>\n","protected":false},"author":1,"featured_media":22946,"comment_status":"open","ping_status":"open","sticky":false,"template":"","format":"standard","meta":{"footnotes":""},"categories":[1186],"tags":[298],"class_list":["post-22945","post","type-post","status-publish","format-standard","has-post-thumbnail","hentry","category-opinion","tag-teresa-cruz-oval"],"featured_image_src":"https:\/\/psoecanarias.com\/web\/wp-content\/uploads\/2022\/02\/imagen-teresa.png","author_info":{"display_name":"PSOE Canarias","author_link":"https:\/\/psoecanarias.com\/web\/author\/admin\/"},"yoast_head":"<!-- This site is optimized with the Yoast SEO plugin v27.2 - https:\/\/yoast.com\/product\/yoast-seo-wordpress\/ -->\n<title>La justicia social, nuestro patrimonio | PSOE Canarias<\/title>\n<meta name=\"robots\" content=\"index, follow, max-snippet:-1, max-image-preview:large, max-video-preview:-1\" \/>\n<link rel=\"canonical\" href=\"https:\/\/psoecanarias.com\/web\/la-justicia-social-nuestro-patrimonio\/\" \/>\n<meta property=\"og:locale\" content=\"es_ES\" \/>\n<meta property=\"og:type\" content=\"article\" \/>\n<meta property=\"og:title\" content=\"La justicia social, nuestro patrimonio | PSOE Canarias\" \/>\n<meta property=\"og:description\" content=\"Este 20 de febrero celebramos el D\u00eda Mundial de la Justicia Social. Para muchos expertos en la materia se considera que el origen de la justicia social se encuentra en lo que fue la justicia distributiva, que estableci\u00f3 en su momento el fil\u00f3sofo griego Arist\u00f3teles. La misma ven\u00eda a dejar patente que era aquella que [&hellip;]\" \/>\n<meta property=\"og:url\" content=\"https:\/\/psoecanarias.com\/web\/la-justicia-social-nuestro-patrimonio\/\" \/>\n<meta property=\"og:site_name\" content=\"PSOE Canarias\" \/>\n<meta property=\"article:published_time\" content=\"2022-02-20T09:00:54+00:00\" \/>\n<meta property=\"article:modified_time\" content=\"2022-06-23T09:01:40+00:00\" \/>\n<meta property=\"og:image\" content=\"https:\/\/psoecanarias.com\/web\/wp-content\/uploads\/2022\/02\/imagen-teresa.png\" \/>\n\t<meta property=\"og:image:width\" content=\"696\" \/>\n\t<meta property=\"og:image:height\" content=\"364\" \/>\n\t<meta property=\"og:image:type\" content=\"image\/png\" \/>\n<meta name=\"author\" content=\"PSOE Canarias\" \/>\n<meta name=\"twitter:card\" content=\"summary_large_image\" \/>\n<script type=\"application\/ld+json\" class=\"yoast-schema-graph\">{\"@context\":\"https:\/\/schema.org\",\"@graph\":[{\"@type\":\"Article\",\"@id\":\"https:\/\/psoecanarias.com\/web\/la-justicia-social-nuestro-patrimonio\/#article\",\"isPartOf\":{\"@id\":\"https:\/\/psoecanarias.com\/web\/la-justicia-social-nuestro-patrimonio\/\"},\"author\":{\"name\":\"PSOE Canarias\",\"@id\":\"https:\/\/psoecanarias.com\/web\/#\/schema\/person\/1ae43f9659d2fc599ca69c11e1dbf26f\"},\"headline\":\"La justicia social, nuestro patrimonio\",\"datePublished\":\"2022-02-20T09:00:54+00:00\",\"dateModified\":\"2022-06-23T09:01:40+00:00\",\"mainEntityOfPage\":{\"@id\":\"https:\/\/psoecanarias.com\/web\/la-justicia-social-nuestro-patrimonio\/\"},\"wordCount\":1179,\"commentCount\":0,\"image\":{\"@id\":\"https:\/\/psoecanarias.com\/web\/la-justicia-social-nuestro-patrimonio\/#primaryimage\"},\"thumbnailUrl\":\"https:\/\/psoecanarias.com\/web\/wp-content\/uploads\/2022\/02\/imagen-teresa.png\",\"keywords\":[\"Teresa Cruz Oval\"],\"articleSection\":[\"Opini\u00f3n\"],\"inLanguage\":\"es\",\"potentialAction\":[{\"@type\":\"CommentAction\",\"name\":\"Comment\",\"target\":[\"https:\/\/psoecanarias.com\/web\/la-justicia-social-nuestro-patrimonio\/#respond\"]}]},{\"@type\":\"WebPage\",\"@id\":\"https:\/\/psoecanarias.com\/web\/la-justicia-social-nuestro-patrimonio\/\",\"url\":\"https:\/\/psoecanarias.com\/web\/la-justicia-social-nuestro-patrimonio\/\",\"name\":\"La justicia social, nuestro patrimonio | PSOE Canarias\",\"isPartOf\":{\"@id\":\"https:\/\/psoecanarias.com\/web\/#website\"},\"primaryImageOfPage\":{\"@id\":\"https:\/\/psoecanarias.com\/web\/la-justicia-social-nuestro-patrimonio\/#primaryimage\"},\"image\":{\"@id\":\"https:\/\/psoecanarias.com\/web\/la-justicia-social-nuestro-patrimonio\/#primaryimage\"},\"thumbnailUrl\":\"https:\/\/psoecanarias.com\/web\/wp-content\/uploads\/2022\/02\/imagen-teresa.png\",\"datePublished\":\"2022-02-20T09:00:54+00:00\",\"dateModified\":\"2022-06-23T09:01:40+00:00\",\"author\":{\"@id\":\"https:\/\/psoecanarias.com\/web\/#\/schema\/person\/1ae43f9659d2fc599ca69c11e1dbf26f\"},\"breadcrumb\":{\"@id\":\"https:\/\/psoecanarias.com\/web\/la-justicia-social-nuestro-patrimonio\/#breadcrumb\"},\"inLanguage\":\"es\",\"potentialAction\":[{\"@type\":\"ReadAction\",\"target\":[\"https:\/\/psoecanarias.com\/web\/la-justicia-social-nuestro-patrimonio\/\"]}]},{\"@type\":\"ImageObject\",\"inLanguage\":\"es\",\"@id\":\"https:\/\/psoecanarias.com\/web\/la-justicia-social-nuestro-patrimonio\/#primaryimage\",\"url\":\"https:\/\/psoecanarias.com\/web\/wp-content\/uploads\/2022\/02\/imagen-teresa.png\",\"contentUrl\":\"https:\/\/psoecanarias.com\/web\/wp-content\/uploads\/2022\/02\/imagen-teresa.png\",\"width\":696,\"height\":364,\"caption\":\"Teresa Cruz Oval, secretaria del \u00c1rea Social de la Comisi\u00f3n Ejecutiva Regional de PSOE Canarias\"},{\"@type\":\"BreadcrumbList\",\"@id\":\"https:\/\/psoecanarias.com\/web\/la-justicia-social-nuestro-patrimonio\/#breadcrumb\",\"itemListElement\":[{\"@type\":\"ListItem\",\"position\":1,\"name\":\"Portada\",\"item\":\"https:\/\/psoecanarias.com\/web\/\"},{\"@type\":\"ListItem\",\"position\":2,\"name\":\"La justicia social, nuestro patrimonio\"}]},{\"@type\":\"WebSite\",\"@id\":\"https:\/\/psoecanarias.com\/web\/#website\",\"url\":\"https:\/\/psoecanarias.com\/web\/\",\"name\":\"PSOE Canarias\",\"description\":\"Partido Socialista Obrero Espa\u00f1ol Canarias\",\"potentialAction\":[{\"@type\":\"SearchAction\",\"target\":{\"@type\":\"EntryPoint\",\"urlTemplate\":\"https:\/\/psoecanarias.com\/web\/?s={search_term_string}\"},\"query-input\":{\"@type\":\"PropertyValueSpecification\",\"valueRequired\":true,\"valueName\":\"search_term_string\"}}],\"inLanguage\":\"es\"},{\"@type\":\"Person\",\"@id\":\"https:\/\/psoecanarias.com\/web\/#\/schema\/person\/1ae43f9659d2fc599ca69c11e1dbf26f\",\"name\":\"PSOE Canarias\",\"image\":{\"@type\":\"ImageObject\",\"inLanguage\":\"es\",\"@id\":\"https:\/\/secure.gravatar.com\/avatar\/4364d37f6f6f9cdb7af199b46151565f37d8a8c3c0e04c1d78c04e857a15e3a8?s=96&d=mm&r=g\",\"url\":\"https:\/\/secure.gravatar.com\/avatar\/4364d37f6f6f9cdb7af199b46151565f37d8a8c3c0e04c1d78c04e857a15e3a8?s=96&d=mm&r=g\",\"contentUrl\":\"https:\/\/secure.gravatar.com\/avatar\/4364d37f6f6f9cdb7af199b46151565f37d8a8c3c0e04c1d78c04e857a15e3a8?s=96&d=mm&r=g\",\"caption\":\"PSOE Canarias\"},\"url\":\"https:\/\/psoecanarias.com\/web\/author\/admin\/\"}]}<\/script>\n<!-- \/ Yoast SEO plugin. -->","yoast_head_json":{"title":"La justicia social, nuestro patrimonio | PSOE Canarias","robots":{"index":"index","follow":"follow","max-snippet":"max-snippet:-1","max-image-preview":"max-image-preview:large","max-video-preview":"max-video-preview:-1"},"canonical":"https:\/\/psoecanarias.com\/web\/la-justicia-social-nuestro-patrimonio\/","og_locale":"es_ES","og_type":"article","og_title":"La justicia social, nuestro patrimonio | PSOE Canarias","og_description":"Este 20 de febrero celebramos el D\u00eda Mundial de la Justicia Social. Para muchos expertos en la materia se considera que el origen de la justicia social se encuentra en lo que fue la justicia distributiva, que estableci\u00f3 en su momento el fil\u00f3sofo griego Arist\u00f3teles. La misma ven\u00eda a dejar patente que era aquella que [&hellip;]","og_url":"https:\/\/psoecanarias.com\/web\/la-justicia-social-nuestro-patrimonio\/","og_site_name":"PSOE Canarias","article_published_time":"2022-02-20T09:00:54+00:00","article_modified_time":"2022-06-23T09:01:40+00:00","og_image":[{"width":696,"height":364,"url":"https:\/\/psoecanarias.com\/web\/wp-content\/uploads\/2022\/02\/imagen-teresa.png","type":"image\/png"}],"author":"PSOE Canarias","twitter_card":"summary_large_image","schema":{"@context":"https:\/\/schema.org","@graph":[{"@type":"Article","@id":"https:\/\/psoecanarias.com\/web\/la-justicia-social-nuestro-patrimonio\/#article","isPartOf":{"@id":"https:\/\/psoecanarias.com\/web\/la-justicia-social-nuestro-patrimonio\/"},"author":{"name":"PSOE Canarias","@id":"https:\/\/psoecanarias.com\/web\/#\/schema\/person\/1ae43f9659d2fc599ca69c11e1dbf26f"},"headline":"La justicia social, nuestro patrimonio","datePublished":"2022-02-20T09:00:54+00:00","dateModified":"2022-06-23T09:01:40+00:00","mainEntityOfPage":{"@id":"https:\/\/psoecanarias.com\/web\/la-justicia-social-nuestro-patrimonio\/"},"wordCount":1179,"commentCount":0,"image":{"@id":"https:\/\/psoecanarias.com\/web\/la-justicia-social-nuestro-patrimonio\/#primaryimage"},"thumbnailUrl":"https:\/\/psoecanarias.com\/web\/wp-content\/uploads\/2022\/02\/imagen-teresa.png","keywords":["Teresa Cruz Oval"],"articleSection":["Opini\u00f3n"],"inLanguage":"es","potentialAction":[{"@type":"CommentAction","name":"Comment","target":["https:\/\/psoecanarias.com\/web\/la-justicia-social-nuestro-patrimonio\/#respond"]}]},{"@type":"WebPage","@id":"https:\/\/psoecanarias.com\/web\/la-justicia-social-nuestro-patrimonio\/","url":"https:\/\/psoecanarias.com\/web\/la-justicia-social-nuestro-patrimonio\/","name":"La justicia social, nuestro patrimonio | PSOE Canarias","isPartOf":{"@id":"https:\/\/psoecanarias.com\/web\/#website"},"primaryImageOfPage":{"@id":"https:\/\/psoecanarias.com\/web\/la-justicia-social-nuestro-patrimonio\/#primaryimage"},"image":{"@id":"https:\/\/psoecanarias.com\/web\/la-justicia-social-nuestro-patrimonio\/#primaryimage"},"thumbnailUrl":"https:\/\/psoecanarias.com\/web\/wp-content\/uploads\/2022\/02\/imagen-teresa.png","datePublished":"2022-02-20T09:00:54+00:00","dateModified":"2022-06-23T09:01:40+00:00","author":{"@id":"https:\/\/psoecanarias.com\/web\/#\/schema\/person\/1ae43f9659d2fc599ca69c11e1dbf26f"},"breadcrumb":{"@id":"https:\/\/psoecanarias.com\/web\/la-justicia-social-nuestro-patrimonio\/#breadcrumb"},"inLanguage":"es","potentialAction":[{"@type":"ReadAction","target":["https:\/\/psoecanarias.com\/web\/la-justicia-social-nuestro-patrimonio\/"]}]},{"@type":"ImageObject","inLanguage":"es","@id":"https:\/\/psoecanarias.com\/web\/la-justicia-social-nuestro-patrimonio\/#primaryimage","url":"https:\/\/psoecanarias.com\/web\/wp-content\/uploads\/2022\/02\/imagen-teresa.png","contentUrl":"https:\/\/psoecanarias.com\/web\/wp-content\/uploads\/2022\/02\/imagen-teresa.png","width":696,"height":364,"caption":"Teresa Cruz Oval, secretaria del \u00c1rea Social de la Comisi\u00f3n Ejecutiva Regional de PSOE Canarias"},{"@type":"BreadcrumbList","@id":"https:\/\/psoecanarias.com\/web\/la-justicia-social-nuestro-patrimonio\/#breadcrumb","itemListElement":[{"@type":"ListItem","position":1,"name":"Portada","item":"https:\/\/psoecanarias.com\/web\/"},{"@type":"ListItem","position":2,"name":"La justicia social, nuestro patrimonio"}]},{"@type":"WebSite","@id":"https:\/\/psoecanarias.com\/web\/#website","url":"https:\/\/psoecanarias.com\/web\/","name":"PSOE Canarias","description":"Partido Socialista Obrero Espa\u00f1ol Canarias","potentialAction":[{"@type":"SearchAction","target":{"@type":"EntryPoint","urlTemplate":"https:\/\/psoecanarias.com\/web\/?s={search_term_string}"},"query-input":{"@type":"PropertyValueSpecification","valueRequired":true,"valueName":"search_term_string"}}],"inLanguage":"es"},{"@type":"Person","@id":"https:\/\/psoecanarias.com\/web\/#\/schema\/person\/1ae43f9659d2fc599ca69c11e1dbf26f","name":"PSOE Canarias","image":{"@type":"ImageObject","inLanguage":"es","@id":"https:\/\/secure.gravatar.com\/avatar\/4364d37f6f6f9cdb7af199b46151565f37d8a8c3c0e04c1d78c04e857a15e3a8?s=96&d=mm&r=g","url":"https:\/\/secure.gravatar.com\/avatar\/4364d37f6f6f9cdb7af199b46151565f37d8a8c3c0e04c1d78c04e857a15e3a8?s=96&d=mm&r=g","contentUrl":"https:\/\/secure.gravatar.com\/avatar\/4364d37f6f6f9cdb7af199b46151565f37d8a8c3c0e04c1d78c04e857a15e3a8?s=96&d=mm&r=g","caption":"PSOE Canarias"},"url":"https:\/\/psoecanarias.com\/web\/author\/admin\/"}]}},"_links":{"self":[{"href":"https:\/\/psoecanarias.com\/web\/wp-json\/wp\/v2\/posts\/22945","targetHints":{"allow":["GET"]}}],"collection":[{"href":"https:\/\/psoecanarias.com\/web\/wp-json\/wp\/v2\/posts"}],"about":[{"href":"https:\/\/psoecanarias.com\/web\/wp-json\/wp\/v2\/types\/post"}],"author":[{"embeddable":true,"href":"https:\/\/psoecanarias.com\/web\/wp-json\/wp\/v2\/users\/1"}],"replies":[{"embeddable":true,"href":"https:\/\/psoecanarias.com\/web\/wp-json\/wp\/v2\/comments?post=22945"}],"version-history":[{"count":2,"href":"https:\/\/psoecanarias.com\/web\/wp-json\/wp\/v2\/posts\/22945\/revisions"}],"predecessor-version":[{"id":22948,"href":"https:\/\/psoecanarias.com\/web\/wp-json\/wp\/v2\/posts\/22945\/revisions\/22948"}],"wp:featuredmedia":[{"embeddable":true,"href":"https:\/\/psoecanarias.com\/web\/wp-json\/wp\/v2\/media\/22946"}],"wp:attachment":[{"href":"https:\/\/psoecanarias.com\/web\/wp-json\/wp\/v2\/media?parent=22945"}],"wp:term":[{"taxonomy":"category","embeddable":true,"href":"https:\/\/psoecanarias.com\/web\/wp-json\/wp\/v2\/categories?post=22945"},{"taxonomy":"post_tag","embeddable":true,"href":"https:\/\/psoecanarias.com\/web\/wp-json\/wp\/v2\/tags?post=22945"}],"curies":[{"name":"wp","href":"https:\/\/api.w.org\/{rel}","templated":true}]}}