{"id":2300,"date":"2016-09-19T10:05:40","date_gmt":"2016-09-19T09:05:40","guid":{"rendered":"http:\/\/psoecanarias.com\/web\/?p=2300"},"modified":"2016-09-19T10:05:40","modified_gmt":"2016-09-19T09:05:40","slug":"el-psoe-pide-el-aumento-de-las-pensiones-y-de-las-retribuciones-de-los-empleados-publicos-si-se-prorrogan-los-pge","status":"publish","type":"post","link":"https:\/\/psoecanarias.com\/web\/el-psoe-pide-el-aumento-de-las-pensiones-y-de-las-retribuciones-de-los-empleados-publicos-si-se-prorrogan-los-pge\/","title":{"rendered":"El PSOE pide el aumento de las pensiones y de las retribuciones de los empleados p\u00fablicos si se prorrogan los PGE"},"content":{"rendered":"<p style=\"text-align: justify;\"><em>XH\/\u00a0<\/em>El Grupo Parlamentario Socialista ha registrado una proposici\u00f3n no de ley por la que solicita al Gobierno de Espa\u00f1a que, en caso de que se prorroguen los Presupuestos Generales del Estado de 2016 para el pr\u00f3ximo ejercicio, apruebe un decreto ley para su convalidaci\u00f3n por las Cortes Generales que contemple el aumento de las pensiones p\u00fablicas y de las retribuciones del personal al servicio de las administraciones p\u00fablicas y del sector p\u00fablico.<\/p>\n<p style=\"text-align: justify;\">El diputado del PSOE H\u00e9ctor G\u00f3mez afirma que si se da el caso, concurrir\u00edan tanto las circunstancias constitucionalmente previstas para la utilizaci\u00f3n de este instrumento normativo como las razones de urgencia e inter\u00e9s general exigidas por ley para que el Gobierno en funciones pueda adoptar medidas que excedan del despacho ordinario de los asuntos p\u00fablicos.<\/p>\n<p style=\"text-align: justify;\">Como recuerda, el apartado 3 del art\u00edculo 134 de la Constituci\u00f3n establece que el Gobierno deber\u00e1 presentar ante el Congreso de los Diputados los Presupuestos Generales del Estado al menos tres meses antes de la expiraci\u00f3n de los del a\u00f1o anterior\u201d. El apartado 4 del mismo art\u00edculo, indica, dispone que si la Ley de Presupuestos no se aprobara antes del primer d\u00eda del ejercicio econ\u00f3mico correspondiente, se considerar\u00e1n autom\u00e1ticamente prorrogados los del ejercicio anterior hasta la aprobaci\u00f3n de los nuevos.<\/p>\n<p style=\"text-align: justify;\">&#8220;El fracaso de la propuesta de investidura de Mariano Rajoy, tanto en la primera votaci\u00f3n como la segunda, en la que solo precisaba de la mayor\u00eda simple, va a impedir, probablemente, el cumplimiento del plazo ordinario para la presentaci\u00f3n del proyecto de Ley de Presupuestos Generales del Estado y a dificultar por tanto el cumplimiento del previsto para su aprobaci\u00f3n&#8221;, explica.<\/p>\n<p style=\"text-align: justify;\">G\u00f3mez insiste en que, no obstante, la Constituci\u00f3n contempla expresamente en estos supuestos la pr\u00f3rroga de los presupuestos vigentes, arbitrando as\u00ed un mecanismo autom\u00e1tico que impide la paralizaci\u00f3n de la actividad estatal. A\u00f1ade que tras la aprobaci\u00f3n de la Constituci\u00f3n, esta pr\u00f3rroga presupuestaria se ha producido en cuatro ocasiones: en 1983, 1990, 1996 y 2002, y en todas ellas, la pr\u00f3rroga vino acompa\u00f1ada de otros tantos decretos leyes sobre medidas urgentes en materia presupuestaria, tributaria y financiera, que actualizaron previsiones presupuestarias que la simple pr\u00f3rroga autom\u00e1tica no hubiera contemplado.<\/p>\n<p style=\"text-align: justify;\">El parlamentario del PSOE expone que as\u00ed ocurre, por ejemplo, con las retribuciones de los funcionarios y las pensiones de jubilaci\u00f3n, que hubiesen permanecido congeladas hasta la aprobaci\u00f3n de los nuevos presupuestos de no haberse acordado un incremento inmediato, as\u00ed como diferentes previsiones de la Ley de Presupuestos, como las relativas a autorizaciones para emitir deuda p\u00fablica o la prestaci\u00f3n de avales p\u00fablicos, entre otros aspectos.<\/p>\n<p style=\"text-align: justify;\">En este punto, subraya que el incremento de las pensiones p\u00fablicas es &#8220;una medida de incuestionable inter\u00e9s general&#8221;, especialmente tras los cambios introducidos por la ley 23\/2013 en el mecanismo de revalorizaci\u00f3n, &#8220;que se desvincula de la garant\u00eda del poder adquisitivo y condena a los pensionistas a un progresivo empobrecimiento, y cuya situaci\u00f3n se ha visto agravada por las medidas adoptadas por el Gobierno en menoscabo de sus derechos como el copago farmac\u00e9utico&#8221;. Afirma que lo mismo sucede con las retribuciones de los empleados p\u00fablicos, &#8220;colectivo que se ha visto particularmente afectado por la crisis econ\u00f3mica y cuyos salarios han perdido poder adquisitivo de forma muy acusada los \u00faltimos a\u00f1os&#8221;.<\/p>\n<p style=\"text-align: justify;\">Reitera que la situaci\u00f3n del Gobierno en funciones no le impide adoptar medidas para incrementar las pensiones p\u00fablicas y las retribuciones de los funcionarios y dem\u00e1s empleados p\u00fablicos. &#8220;Entre las limitaciones a las facultades del Gobierno en funciones no se encuentra la prohibici\u00f3n de dictar decretos leyes, todo lo contrario: las razones de urgencia e inter\u00e9s general inherente y habilitadores de esta facultad del Gobierno son tambi\u00e9n las que permiten que el Gobierno en funciones pueda adoptar medidas que excedan del despacho ordinario de los asuntos p\u00fablicos&#8221;, dice.<\/p>\n","protected":false},"excerpt":{"rendered":"<p>El Grupo Parlamentario Socialista ha registrado una proposici\u00f3n no de ley por la que solicita al Gobierno de Espa\u00f1a que, en caso de que se prorroguen los Presupuestos Generales del Estado de 2016 para el pr\u00f3ximo ejercicio, apruebe un decreto ley para su convalidaci\u00f3n por las Cortes Generales que contemple el aumento de las pensiones p\u00fablicas y de las retribuciones del personal al servicio de las administraciones p\u00fablicas y del sector p\u00fablico.<\/p>\n","protected":false},"author":1,"featured_media":2026,"comment_status":"open","ping_status":"open","sticky":false,"template":"","format":"standard","meta":{"footnotes":""},"categories":[7],"tags":[320,293,556,37,277,310],"class_list":["post-2300","post","type-post","status-publish","format-standard","has-post-thumbnail","hentry","category-politica","tag-diputado","tag-grupo-parlamentario-socialista-canario","tag-hector-gomez","tag-parlamento","tag-politicas-sociales","tag-psoe-canarias"],"featured_image_src":"https:\/\/psoecanarias.com\/web\/wp-content\/uploads\/2016\/05\/hg.jpg","author_info":{"display_name":"PSOE Canarias","author_link":"https:\/\/psoecanarias.com\/web\/author\/admin\/"},"yoast_head":"<!-- This site is optimized with the Yoast SEO plugin v27.2 - https:\/\/yoast.com\/product\/yoast-seo-wordpress\/ -->\n<title>El PSOE pide el aumento de las pensiones y de las retribuciones de los empleados p\u00fablicos si se prorrogan los PGE | PSOE Canarias<\/title>\n<meta name=\"robots\" content=\"index, follow, max-snippet:-1, max-image-preview:large, max-video-preview:-1\" \/>\n<link rel=\"canonical\" href=\"https:\/\/psoecanarias.com\/web\/el-psoe-pide-el-aumento-de-las-pensiones-y-de-las-retribuciones-de-los-empleados-publicos-si-se-prorrogan-los-pge\/\" \/>\n<meta property=\"og:locale\" content=\"es_ES\" \/>\n<meta property=\"og:type\" content=\"article\" \/>\n<meta property=\"og:title\" content=\"El PSOE pide el aumento de las pensiones y de las retribuciones de los empleados p\u00fablicos si se prorrogan los PGE | PSOE Canarias\" \/>\n<meta property=\"og:description\" content=\"El Grupo Parlamentario Socialista ha registrado una proposici\u00f3n no de ley por la que solicita al Gobierno de Espa\u00f1a que, en caso de que se prorroguen los Presupuestos Generales del Estado de 2016 para el pr\u00f3ximo ejercicio, apruebe un decreto ley para su convalidaci\u00f3n por las Cortes Generales que contemple el aumento de las pensiones p\u00fablicas y de las retribuciones del personal al servicio de las administraciones p\u00fablicas y del sector p\u00fablico.\" \/>\n<meta property=\"og:url\" content=\"https:\/\/psoecanarias.com\/web\/el-psoe-pide-el-aumento-de-las-pensiones-y-de-las-retribuciones-de-los-empleados-publicos-si-se-prorrogan-los-pge\/\" \/>\n<meta property=\"og:site_name\" content=\"PSOE Canarias\" \/>\n<meta property=\"article:published_time\" content=\"2016-09-19T09:05:40+00:00\" \/>\n<meta property=\"og:image\" content=\"https:\/\/psoecanarias.com\/web\/wp-content\/uploads\/2016\/05\/hg.jpg\" \/>\n\t<meta property=\"og:image:width\" content=\"900\" \/>\n\t<meta property=\"og:image:height\" content=\"1350\" \/>\n\t<meta property=\"og:image:type\" content=\"image\/jpeg\" \/>\n<meta name=\"author\" content=\"PSOE Canarias\" \/>\n<meta name=\"twitter:card\" content=\"summary_large_image\" \/>\n<script type=\"application\/ld+json\" class=\"yoast-schema-graph\">{\"@context\":\"https:\/\/schema.org\",\"@graph\":[{\"@type\":\"Article\",\"@id\":\"https:\/\/psoecanarias.com\/web\/el-psoe-pide-el-aumento-de-las-pensiones-y-de-las-retribuciones-de-los-empleados-publicos-si-se-prorrogan-los-pge\/#article\",\"isPartOf\":{\"@id\":\"https:\/\/psoecanarias.com\/web\/el-psoe-pide-el-aumento-de-las-pensiones-y-de-las-retribuciones-de-los-empleados-publicos-si-se-prorrogan-los-pge\/\"},\"author\":{\"name\":\"PSOE Canarias\",\"@id\":\"https:\/\/psoecanarias.com\/web\/#\/schema\/person\/1ae43f9659d2fc599ca69c11e1dbf26f\"},\"headline\":\"El PSOE pide el aumento de las pensiones y de las retribuciones de los empleados p\u00fablicos si se prorrogan los PGE\",\"datePublished\":\"2016-09-19T09:05:40+00:00\",\"mainEntityOfPage\":{\"@id\":\"https:\/\/psoecanarias.com\/web\/el-psoe-pide-el-aumento-de-las-pensiones-y-de-las-retribuciones-de-los-empleados-publicos-si-se-prorrogan-los-pge\/\"},\"wordCount\":697,\"commentCount\":0,\"image\":{\"@id\":\"https:\/\/psoecanarias.com\/web\/el-psoe-pide-el-aumento-de-las-pensiones-y-de-las-retribuciones-de-los-empleados-publicos-si-se-prorrogan-los-pge\/#primaryimage\"},\"thumbnailUrl\":\"https:\/\/psoecanarias.com\/web\/wp-content\/uploads\/2016\/05\/hg.jpg\",\"keywords\":[\"Diputado\",\"Grupo Parlamentario Socialista Canario\",\"H\u00e9ctor G\u00f3mez\",\"Parlamento\",\"pol\u00edticas sociales\",\"PSOE Canarias\"],\"articleSection\":[\"Pol\u00edtica\"],\"inLanguage\":\"es\",\"potentialAction\":[{\"@type\":\"CommentAction\",\"name\":\"Comment\",\"target\":[\"https:\/\/psoecanarias.com\/web\/el-psoe-pide-el-aumento-de-las-pensiones-y-de-las-retribuciones-de-los-empleados-publicos-si-se-prorrogan-los-pge\/#respond\"]}]},{\"@type\":\"WebPage\",\"@id\":\"https:\/\/psoecanarias.com\/web\/el-psoe-pide-el-aumento-de-las-pensiones-y-de-las-retribuciones-de-los-empleados-publicos-si-se-prorrogan-los-pge\/\",\"url\":\"https:\/\/psoecanarias.com\/web\/el-psoe-pide-el-aumento-de-las-pensiones-y-de-las-retribuciones-de-los-empleados-publicos-si-se-prorrogan-los-pge\/\",\"name\":\"El PSOE pide el aumento de las pensiones y de las retribuciones de los empleados p\u00fablicos si se prorrogan los PGE | PSOE Canarias\",\"isPartOf\":{\"@id\":\"https:\/\/psoecanarias.com\/web\/#website\"},\"primaryImageOfPage\":{\"@id\":\"https:\/\/psoecanarias.com\/web\/el-psoe-pide-el-aumento-de-las-pensiones-y-de-las-retribuciones-de-los-empleados-publicos-si-se-prorrogan-los-pge\/#primaryimage\"},\"image\":{\"@id\":\"https:\/\/psoecanarias.com\/web\/el-psoe-pide-el-aumento-de-las-pensiones-y-de-las-retribuciones-de-los-empleados-publicos-si-se-prorrogan-los-pge\/#primaryimage\"},\"thumbnailUrl\":\"https:\/\/psoecanarias.com\/web\/wp-content\/uploads\/2016\/05\/hg.jpg\",\"datePublished\":\"2016-09-19T09:05:40+00:00\",\"author\":{\"@id\":\"https:\/\/psoecanarias.com\/web\/#\/schema\/person\/1ae43f9659d2fc599ca69c11e1dbf26f\"},\"breadcrumb\":{\"@id\":\"https:\/\/psoecanarias.com\/web\/el-psoe-pide-el-aumento-de-las-pensiones-y-de-las-retribuciones-de-los-empleados-publicos-si-se-prorrogan-los-pge\/#breadcrumb\"},\"inLanguage\":\"es\",\"potentialAction\":[{\"@type\":\"ReadAction\",\"target\":[\"https:\/\/psoecanarias.com\/web\/el-psoe-pide-el-aumento-de-las-pensiones-y-de-las-retribuciones-de-los-empleados-publicos-si-se-prorrogan-los-pge\/\"]}]},{\"@type\":\"ImageObject\",\"inLanguage\":\"es\",\"@id\":\"https:\/\/psoecanarias.com\/web\/el-psoe-pide-el-aumento-de-las-pensiones-y-de-las-retribuciones-de-los-empleados-publicos-si-se-prorrogan-los-pge\/#primaryimage\",\"url\":\"https:\/\/psoecanarias.com\/web\/wp-content\/uploads\/2016\/05\/hg.jpg\",\"contentUrl\":\"https:\/\/psoecanarias.com\/web\/wp-content\/uploads\/2016\/05\/hg.jpg\",\"width\":900,\"height\":1350},{\"@type\":\"BreadcrumbList\",\"@id\":\"https:\/\/psoecanarias.com\/web\/el-psoe-pide-el-aumento-de-las-pensiones-y-de-las-retribuciones-de-los-empleados-publicos-si-se-prorrogan-los-pge\/#breadcrumb\",\"itemListElement\":[{\"@type\":\"ListItem\",\"position\":1,\"name\":\"Portada\",\"item\":\"https:\/\/psoecanarias.com\/web\/\"},{\"@type\":\"ListItem\",\"position\":2,\"name\":\"El PSOE pide el aumento de las pensiones y de las retribuciones de los empleados p\u00fablicos si se prorrogan los PGE\"}]},{\"@type\":\"WebSite\",\"@id\":\"https:\/\/psoecanarias.com\/web\/#website\",\"url\":\"https:\/\/psoecanarias.com\/web\/\",\"name\":\"PSOE Canarias\",\"description\":\"Partido Socialista Obrero Espa\u00f1ol Canarias\",\"potentialAction\":[{\"@type\":\"SearchAction\",\"target\":{\"@type\":\"EntryPoint\",\"urlTemplate\":\"https:\/\/psoecanarias.com\/web\/?s={search_term_string}\"},\"query-input\":{\"@type\":\"PropertyValueSpecification\",\"valueRequired\":true,\"valueName\":\"search_term_string\"}}],\"inLanguage\":\"es\"},{\"@type\":\"Person\",\"@id\":\"https:\/\/psoecanarias.com\/web\/#\/schema\/person\/1ae43f9659d2fc599ca69c11e1dbf26f\",\"name\":\"PSOE Canarias\",\"image\":{\"@type\":\"ImageObject\",\"inLanguage\":\"es\",\"@id\":\"https:\/\/secure.gravatar.com\/avatar\/4364d37f6f6f9cdb7af199b46151565f37d8a8c3c0e04c1d78c04e857a15e3a8?s=96&d=mm&r=g\",\"url\":\"https:\/\/secure.gravatar.com\/avatar\/4364d37f6f6f9cdb7af199b46151565f37d8a8c3c0e04c1d78c04e857a15e3a8?s=96&d=mm&r=g\",\"contentUrl\":\"https:\/\/secure.gravatar.com\/avatar\/4364d37f6f6f9cdb7af199b46151565f37d8a8c3c0e04c1d78c04e857a15e3a8?s=96&d=mm&r=g\",\"caption\":\"PSOE Canarias\"},\"url\":\"https:\/\/psoecanarias.com\/web\/author\/admin\/\"}]}<\/script>\n<!-- \/ Yoast SEO plugin. -->","yoast_head_json":{"title":"El PSOE pide el aumento de las pensiones y de las retribuciones de los empleados p\u00fablicos si se prorrogan los PGE | PSOE Canarias","robots":{"index":"index","follow":"follow","max-snippet":"max-snippet:-1","max-image-preview":"max-image-preview:large","max-video-preview":"max-video-preview:-1"},"canonical":"https:\/\/psoecanarias.com\/web\/el-psoe-pide-el-aumento-de-las-pensiones-y-de-las-retribuciones-de-los-empleados-publicos-si-se-prorrogan-los-pge\/","og_locale":"es_ES","og_type":"article","og_title":"El PSOE pide el aumento de las pensiones y de las retribuciones de los empleados p\u00fablicos si se prorrogan los PGE | PSOE Canarias","og_description":"El Grupo Parlamentario Socialista ha registrado una proposici\u00f3n no de ley por la que solicita al Gobierno de Espa\u00f1a que, en caso de que se prorroguen los Presupuestos Generales del Estado de 2016 para el pr\u00f3ximo ejercicio, apruebe un decreto ley para su convalidaci\u00f3n por las Cortes Generales que contemple el aumento de las pensiones p\u00fablicas y de las retribuciones del personal al servicio de las administraciones p\u00fablicas y del sector p\u00fablico.","og_url":"https:\/\/psoecanarias.com\/web\/el-psoe-pide-el-aumento-de-las-pensiones-y-de-las-retribuciones-de-los-empleados-publicos-si-se-prorrogan-los-pge\/","og_site_name":"PSOE Canarias","article_published_time":"2016-09-19T09:05:40+00:00","og_image":[{"width":900,"height":1350,"url":"https:\/\/psoecanarias.com\/web\/wp-content\/uploads\/2016\/05\/hg.jpg","type":"image\/jpeg"}],"author":"PSOE Canarias","twitter_card":"summary_large_image","schema":{"@context":"https:\/\/schema.org","@graph":[{"@type":"Article","@id":"https:\/\/psoecanarias.com\/web\/el-psoe-pide-el-aumento-de-las-pensiones-y-de-las-retribuciones-de-los-empleados-publicos-si-se-prorrogan-los-pge\/#article","isPartOf":{"@id":"https:\/\/psoecanarias.com\/web\/el-psoe-pide-el-aumento-de-las-pensiones-y-de-las-retribuciones-de-los-empleados-publicos-si-se-prorrogan-los-pge\/"},"author":{"name":"PSOE Canarias","@id":"https:\/\/psoecanarias.com\/web\/#\/schema\/person\/1ae43f9659d2fc599ca69c11e1dbf26f"},"headline":"El PSOE pide el aumento de las pensiones y de las retribuciones de los empleados p\u00fablicos si se prorrogan los PGE","datePublished":"2016-09-19T09:05:40+00:00","mainEntityOfPage":{"@id":"https:\/\/psoecanarias.com\/web\/el-psoe-pide-el-aumento-de-las-pensiones-y-de-las-retribuciones-de-los-empleados-publicos-si-se-prorrogan-los-pge\/"},"wordCount":697,"commentCount":0,"image":{"@id":"https:\/\/psoecanarias.com\/web\/el-psoe-pide-el-aumento-de-las-pensiones-y-de-las-retribuciones-de-los-empleados-publicos-si-se-prorrogan-los-pge\/#primaryimage"},"thumbnailUrl":"https:\/\/psoecanarias.com\/web\/wp-content\/uploads\/2016\/05\/hg.jpg","keywords":["Diputado","Grupo Parlamentario Socialista Canario","H\u00e9ctor G\u00f3mez","Parlamento","pol\u00edticas sociales","PSOE Canarias"],"articleSection":["Pol\u00edtica"],"inLanguage":"es","potentialAction":[{"@type":"CommentAction","name":"Comment","target":["https:\/\/psoecanarias.com\/web\/el-psoe-pide-el-aumento-de-las-pensiones-y-de-las-retribuciones-de-los-empleados-publicos-si-se-prorrogan-los-pge\/#respond"]}]},{"@type":"WebPage","@id":"https:\/\/psoecanarias.com\/web\/el-psoe-pide-el-aumento-de-las-pensiones-y-de-las-retribuciones-de-los-empleados-publicos-si-se-prorrogan-los-pge\/","url":"https:\/\/psoecanarias.com\/web\/el-psoe-pide-el-aumento-de-las-pensiones-y-de-las-retribuciones-de-los-empleados-publicos-si-se-prorrogan-los-pge\/","name":"El PSOE pide el aumento de las pensiones y de las retribuciones de los empleados p\u00fablicos si se prorrogan los PGE | PSOE Canarias","isPartOf":{"@id":"https:\/\/psoecanarias.com\/web\/#website"},"primaryImageOfPage":{"@id":"https:\/\/psoecanarias.com\/web\/el-psoe-pide-el-aumento-de-las-pensiones-y-de-las-retribuciones-de-los-empleados-publicos-si-se-prorrogan-los-pge\/#primaryimage"},"image":{"@id":"https:\/\/psoecanarias.com\/web\/el-psoe-pide-el-aumento-de-las-pensiones-y-de-las-retribuciones-de-los-empleados-publicos-si-se-prorrogan-los-pge\/#primaryimage"},"thumbnailUrl":"https:\/\/psoecanarias.com\/web\/wp-content\/uploads\/2016\/05\/hg.jpg","datePublished":"2016-09-19T09:05:40+00:00","author":{"@id":"https:\/\/psoecanarias.com\/web\/#\/schema\/person\/1ae43f9659d2fc599ca69c11e1dbf26f"},"breadcrumb":{"@id":"https:\/\/psoecanarias.com\/web\/el-psoe-pide-el-aumento-de-las-pensiones-y-de-las-retribuciones-de-los-empleados-publicos-si-se-prorrogan-los-pge\/#breadcrumb"},"inLanguage":"es","potentialAction":[{"@type":"ReadAction","target":["https:\/\/psoecanarias.com\/web\/el-psoe-pide-el-aumento-de-las-pensiones-y-de-las-retribuciones-de-los-empleados-publicos-si-se-prorrogan-los-pge\/"]}]},{"@type":"ImageObject","inLanguage":"es","@id":"https:\/\/psoecanarias.com\/web\/el-psoe-pide-el-aumento-de-las-pensiones-y-de-las-retribuciones-de-los-empleados-publicos-si-se-prorrogan-los-pge\/#primaryimage","url":"https:\/\/psoecanarias.com\/web\/wp-content\/uploads\/2016\/05\/hg.jpg","contentUrl":"https:\/\/psoecanarias.com\/web\/wp-content\/uploads\/2016\/05\/hg.jpg","width":900,"height":1350},{"@type":"BreadcrumbList","@id":"https:\/\/psoecanarias.com\/web\/el-psoe-pide-el-aumento-de-las-pensiones-y-de-las-retribuciones-de-los-empleados-publicos-si-se-prorrogan-los-pge\/#breadcrumb","itemListElement":[{"@type":"ListItem","position":1,"name":"Portada","item":"https:\/\/psoecanarias.com\/web\/"},{"@type":"ListItem","position":2,"name":"El PSOE pide el aumento de las pensiones y de las retribuciones de los empleados p\u00fablicos si se prorrogan los PGE"}]},{"@type":"WebSite","@id":"https:\/\/psoecanarias.com\/web\/#website","url":"https:\/\/psoecanarias.com\/web\/","name":"PSOE Canarias","description":"Partido Socialista Obrero Espa\u00f1ol Canarias","potentialAction":[{"@type":"SearchAction","target":{"@type":"EntryPoint","urlTemplate":"https:\/\/psoecanarias.com\/web\/?s={search_term_string}"},"query-input":{"@type":"PropertyValueSpecification","valueRequired":true,"valueName":"search_term_string"}}],"inLanguage":"es"},{"@type":"Person","@id":"https:\/\/psoecanarias.com\/web\/#\/schema\/person\/1ae43f9659d2fc599ca69c11e1dbf26f","name":"PSOE Canarias","image":{"@type":"ImageObject","inLanguage":"es","@id":"https:\/\/secure.gravatar.com\/avatar\/4364d37f6f6f9cdb7af199b46151565f37d8a8c3c0e04c1d78c04e857a15e3a8?s=96&d=mm&r=g","url":"https:\/\/secure.gravatar.com\/avatar\/4364d37f6f6f9cdb7af199b46151565f37d8a8c3c0e04c1d78c04e857a15e3a8?s=96&d=mm&r=g","contentUrl":"https:\/\/secure.gravatar.com\/avatar\/4364d37f6f6f9cdb7af199b46151565f37d8a8c3c0e04c1d78c04e857a15e3a8?s=96&d=mm&r=g","caption":"PSOE Canarias"},"url":"https:\/\/psoecanarias.com\/web\/author\/admin\/"}]}},"_links":{"self":[{"href":"https:\/\/psoecanarias.com\/web\/wp-json\/wp\/v2\/posts\/2300","targetHints":{"allow":["GET"]}}],"collection":[{"href":"https:\/\/psoecanarias.com\/web\/wp-json\/wp\/v2\/posts"}],"about":[{"href":"https:\/\/psoecanarias.com\/web\/wp-json\/wp\/v2\/types\/post"}],"author":[{"embeddable":true,"href":"https:\/\/psoecanarias.com\/web\/wp-json\/wp\/v2\/users\/1"}],"replies":[{"embeddable":true,"href":"https:\/\/psoecanarias.com\/web\/wp-json\/wp\/v2\/comments?post=2300"}],"version-history":[{"count":1,"href":"https:\/\/psoecanarias.com\/web\/wp-json\/wp\/v2\/posts\/2300\/revisions"}],"predecessor-version":[{"id":2301,"href":"https:\/\/psoecanarias.com\/web\/wp-json\/wp\/v2\/posts\/2300\/revisions\/2301"}],"wp:featuredmedia":[{"embeddable":true,"href":"https:\/\/psoecanarias.com\/web\/wp-json\/wp\/v2\/media\/2026"}],"wp:attachment":[{"href":"https:\/\/psoecanarias.com\/web\/wp-json\/wp\/v2\/media?parent=2300"}],"wp:term":[{"taxonomy":"category","embeddable":true,"href":"https:\/\/psoecanarias.com\/web\/wp-json\/wp\/v2\/categories?post=2300"},{"taxonomy":"post_tag","embeddable":true,"href":"https:\/\/psoecanarias.com\/web\/wp-json\/wp\/v2\/tags?post=2300"}],"curies":[{"name":"wp","href":"https:\/\/api.w.org\/{rel}","templated":true}]}}