{"id":23081,"date":"2022-02-26T14:36:43","date_gmt":"2022-02-26T14:36:43","guid":{"rendered":"https:\/\/psoecanarias.com\/web\/?p=23081"},"modified":"2022-02-26T14:38:48","modified_gmt":"2022-02-26T14:38:48","slug":"el-psoe-anuncia-un-plan-de-acogida-para-ucranianos-liderado-por-el-municipalismo","status":"publish","type":"post","link":"https:\/\/psoecanarias.com\/web\/el-psoe-anuncia-un-plan-de-acogida-para-ucranianos-liderado-por-el-municipalismo\/","title":{"rendered":"El PSOE anuncia un plan de acogida para ucranianos liderado por el municipalismo"},"content":{"rendered":"<p><strong>Canarias, 26 de febrero de 2022.&#8211;<\/strong> El secretario de Pol\u00edtica Municipal del PSOE y vicepresidente primero del Congreso de los Diputados, Alfonso R. G\u00f3mez de Celis, ha anunciado este s\u00e1bado en Santa Cruz de Tenerife que ya se trabaja en un plan de acogida de refugiados ucranianos, que se canalizar\u00e1 a trav\u00e9s de la Federaci\u00f3n Espa\u00f1ola de Municipios y Provincias (FEMP), y al que ha dado su apoyo la presidenta de la FECAM, la alcaldesa socialista Mari Brito.<\/p>\n<p>G\u00f3mez de Celis y Mari Brito han hecho estas manifestaciones durante el acto Municipalismo Transformador, organizado por el PSOE Canarias de forma semipresencial desde el Hotel Escuela de la capital tinerfe\u00f1a.<\/p>\n<p>\u201cEstamos preparando conjuntamente con el liderazgo de la FEMP toda la ayuda humanitaria y la acogida de personas que salen de Ucrania, ya que van a necesitar un lugar al que llegar y ser atendidas\u201d, ha expuesto el dirigente socialista durante su intervenci\u00f3n.<\/p>\n<blockquote class=\"twitter-tweet\">\n<p lang=\"es\" dir=\"ltr\">Esta imagen es la visualizaci\u00f3n de los \u00e1mbitos de responsabilidad que alcanzan cada vez m\u00e1s mujeres en nuestro partido. Pero todav\u00eda nos queda mucho por hacer. Los y las socialistas seguiremos alzando la bandera del <a href=\"https:\/\/twitter.com\/hashtag\/femenismo?src=hash&amp;ref_src=twsrc%5Etfw\">#femenismo<\/a> para el continuo avance hacia la plena igualdad. <a href=\"https:\/\/twitter.com\/hashtag\/8M?src=hash&amp;ref_src=twsrc%5Etfw\">#8M<\/a> <a href=\"https:\/\/t.co\/fdFA3YNMSo\">pic.twitter.com\/fdFA3YNMSo<\/a><\/p>\n<p>&mdash; Alfonso R G\u00f3mez Celis (@gomezdcelis) <a href=\"https:\/\/twitter.com\/gomezdcelis\/status\/1497543060477018114?ref_src=twsrc%5Etfw\">February 26, 2022<\/a><\/p><\/blockquote>\n<p> <script async src=\"https:\/\/platform.twitter.com\/widgets.js\" charset=\"utf-8\"><\/script><\/p>\n<p>\u201cAh\u00ed estaremos los socialistas y los espa\u00f1oles\u201d, ha subrayado G\u00f3mez de Celis, quien ha a\u00f1adido que la prioridad de esta iniciativa deber\u00e1 ser la atenci\u00f3n \u201cde la gente m\u00e1s fr\u00e1gil, los ni\u00f1os, las mujeres y los mayores&#8221;, ya que ser\u00e1n los que m\u00e1s sufran un conflicto b\u00e9lico que ha condenado \u201cfrontalmente\u201d y que prev\u00e9 \u201cduro y duradero\u201d, con consecuencias econ\u00f3micas a corto y medio plazo, vinculadas al coste energ\u00e9tico o la subida de precios.<\/p>\n<p>Por su parte, Mari Brito ha se\u00f1alado que, llegado el momento, Canarias ser\u00e1 parte activa de este plan humanitario dirigido a personas procedentes de Ucrania. \u201cNosotros somos un pueblo de acogida, lo hemos demostrado a lo largo de la historia, especialmente con las crisis migratorias de los \u00faltimos a\u00f1os o con los ciudadanos llegados hace unos meses desde Afganistan\u201d, ha dicho.<\/p>\n<blockquote class=\"instagram-media\" data-instgrm-permalink=\"https:\/\/www.instagram.com\/p\/Caca7QAIACN\/?utm_source=ig_embed&amp;utm_campaign=loading\" data-instgrm-version=\"14\" style=\" background:#FFF; border:0; border-radius:3px; box-shadow:0 0 1px 0 rgba(0,0,0,0.5),0 1px 10px 0 rgba(0,0,0,0.15); margin: 1px; max-width:540px; min-width:326px; padding:0; width:99.375%; width:-webkit-calc(100% - 2px); width:calc(100% - 2px);\">\n<div style=\"padding:16px;\"> <a href=\"https:\/\/www.instagram.com\/p\/Caca7QAIACN\/?utm_source=ig_embed&amp;utm_campaign=loading\" style=\" background:#FFFFFF; line-height:0; padding:0 0; text-align:center; text-decoration:none; width:100%;\" target=\"_blank\" rel=\"noopener\"> <\/p>\n<div style=\" display: flex; flex-direction: row; align-items: center;\">\n<div style=\"background-color: #F4F4F4; border-radius: 50%; flex-grow: 0; height: 40px; margin-right: 14px; width: 40px;\"><\/div>\n<div style=\"display: flex; flex-direction: column; flex-grow: 1; justify-content: center;\">\n<div style=\" background-color: #F4F4F4; border-radius: 4px; flex-grow: 0; height: 14px; margin-bottom: 6px; width: 100px;\"><\/div>\n<div style=\" background-color: #F4F4F4; border-radius: 4px; flex-grow: 0; height: 14px; width: 60px;\"><\/div>\n<\/div>\n<\/div>\n<div style=\"padding: 19% 0;\"><\/div>\n<div style=\"display:block; height:50px; margin:0 auto 12px; width:50px;\"><svg width=\"50px\" height=\"50px\" viewBox=\"0 0 60 60\" version=\"1.1\" xmlns=\"https:\/\/www.w3.org\/2000\/svg\" xmlns:xlink=\"https:\/\/www.w3.org\/1999\/xlink\"><g stroke=\"none\" stroke-width=\"1\" fill=\"none\" fill-rule=\"evenodd\"><g transform=\"translate(-511.000000, -20.000000)\" fill=\"#000000\"><g><path d=\"M556.869,30.41 C554.814,30.41 553.148,32.076 553.148,34.131 C553.148,36.186 554.814,37.852 556.869,37.852 C558.924,37.852 560.59,36.186 560.59,34.131 C560.59,32.076 558.924,30.41 556.869,30.41 M541,60.657 C535.114,60.657 530.342,55.887 530.342,50 C530.342,44.114 535.114,39.342 541,39.342 C546.887,39.342 551.658,44.114 551.658,50 C551.658,55.887 546.887,60.657 541,60.657 M541,33.886 C532.1,33.886 524.886,41.1 524.886,50 C524.886,58.899 532.1,66.113 541,66.113 C549.9,66.113 557.115,58.899 557.115,50 C557.115,41.1 549.9,33.886 541,33.886 M565.378,62.101 C565.244,65.022 564.756,66.606 564.346,67.663 C563.803,69.06 563.154,70.057 562.106,71.106 C561.058,72.155 560.06,72.803 558.662,73.347 C557.607,73.757 556.021,74.244 553.102,74.378 C549.944,74.521 548.997,74.552 541,74.552 C533.003,74.552 532.056,74.521 528.898,74.378 C525.979,74.244 524.393,73.757 523.338,73.347 C521.94,72.803 520.942,72.155 519.894,71.106 C518.846,70.057 518.197,69.06 517.654,67.663 C517.244,66.606 516.755,65.022 516.623,62.101 C516.479,58.943 516.448,57.996 516.448,50 C516.448,42.003 516.479,41.056 516.623,37.899 C516.755,34.978 517.244,33.391 517.654,32.338 C518.197,30.938 518.846,29.942 519.894,28.894 C520.942,27.846 521.94,27.196 523.338,26.654 C524.393,26.244 525.979,25.756 528.898,25.623 C532.057,25.479 533.004,25.448 541,25.448 C548.997,25.448 549.943,25.479 553.102,25.623 C556.021,25.756 557.607,26.244 558.662,26.654 C560.06,27.196 561.058,27.846 562.106,28.894 C563.154,29.942 563.803,30.938 564.346,32.338 C564.756,33.391 565.244,34.978 565.378,37.899 C565.522,41.056 565.552,42.003 565.552,50 C565.552,57.996 565.522,58.943 565.378,62.101 M570.82,37.631 C570.674,34.438 570.167,32.258 569.425,30.349 C568.659,28.377 567.633,26.702 565.965,25.035 C564.297,23.368 562.623,22.342 560.652,21.575 C558.743,20.834 556.562,20.326 553.369,20.18 C550.169,20.033 549.148,20 541,20 C532.853,20 531.831,20.033 528.631,20.18 C525.438,20.326 523.257,20.834 521.349,21.575 C519.376,22.342 517.703,23.368 516.035,25.035 C514.368,26.702 513.342,28.377 512.574,30.349 C511.834,32.258 511.326,34.438 511.181,37.631 C511.035,40.831 511,41.851 511,50 C511,58.147 511.035,59.17 511.181,62.369 C511.326,65.562 511.834,67.743 512.574,69.651 C513.342,71.625 514.368,73.296 516.035,74.965 C517.703,76.634 519.376,77.658 521.349,78.425 C523.257,79.167 525.438,79.673 528.631,79.82 C531.831,79.965 532.853,80.001 541,80.001 C549.148,80.001 550.169,79.965 553.369,79.82 C556.562,79.673 558.743,79.167 560.652,78.425 C562.623,77.658 564.297,76.634 565.965,74.965 C567.633,73.296 568.659,71.625 569.425,69.651 C570.167,67.743 570.674,65.562 570.82,62.369 C570.966,59.17 571,58.147 571,50 C571,41.851 570.966,40.831 570.82,37.631\"><\/path><\/g><\/g><\/g><\/svg><\/div>\n<div style=\"padding-top: 8px;\">\n<div style=\" color:#3897f0; font-family:Arial,sans-serif; font-size:14px; font-style:normal; font-weight:550; line-height:18px;\">Ver esta publicaci\u00f3n en Instagram<\/div>\n<\/div>\n<div style=\"padding: 12.5% 0;\"><\/div>\n<div style=\"display: flex; flex-direction: row; margin-bottom: 14px; align-items: center;\">\n<div>\n<div style=\"background-color: #F4F4F4; border-radius: 50%; height: 12.5px; width: 12.5px; transform: translateX(0px) translateY(7px);\"><\/div>\n<div style=\"background-color: #F4F4F4; height: 12.5px; transform: rotate(-45deg) translateX(3px) translateY(1px); width: 12.5px; flex-grow: 0; margin-right: 14px; margin-left: 2px;\"><\/div>\n<div style=\"background-color: #F4F4F4; border-radius: 50%; height: 12.5px; width: 12.5px; transform: translateX(9px) translateY(-18px);\"><\/div>\n<\/div>\n<div style=\"margin-left: 8px;\">\n<div style=\" background-color: #F4F4F4; border-radius: 50%; flex-grow: 0; height: 20px; width: 20px;\"><\/div>\n<div style=\" width: 0; height: 0; border-top: 2px solid transparent; border-left: 6px solid #f4f4f4; border-bottom: 2px solid transparent; transform: translateX(16px) translateY(-4px) rotate(30deg)\"><\/div>\n<\/div>\n<div style=\"margin-left: auto;\">\n<div style=\" width: 0px; border-top: 8px solid #F4F4F4; border-right: 8px solid transparent; transform: translateY(16px);\"><\/div>\n<div style=\" background-color: #F4F4F4; flex-grow: 0; height: 12px; width: 16px; transform: translateY(-4px);\"><\/div>\n<div style=\" width: 0; height: 0; border-top: 8px solid #F4F4F4; border-left: 8px solid transparent; transform: translateY(-4px) translateX(8px);\"><\/div>\n<\/div>\n<\/div>\n<div style=\"display: flex; flex-direction: column; flex-grow: 1; justify-content: center; margin-bottom: 24px;\">\n<div style=\" background-color: #F4F4F4; border-radius: 4px; flex-grow: 0; height: 14px; margin-bottom: 6px; width: 224px;\"><\/div>\n<div style=\" background-color: #F4F4F4; border-radius: 4px; flex-grow: 0; height: 14px; width: 144px;\"><\/div>\n<\/div>\n<p><\/a><\/p>\n<p style=\" color:#c9c8cd; font-family:Arial,sans-serif; font-size:14px; line-height:17px; margin-bottom:0; margin-top:8px; overflow:hidden; padding:8px 0 7px; text-align:center; text-overflow:ellipsis; white-space:nowrap;\"><a href=\"https:\/\/www.instagram.com\/p\/Caca7QAIACN\/?utm_source=ig_embed&amp;utm_campaign=loading\" style=\" color:#c9c8cd; font-family:Arial,sans-serif; font-size:14px; font-style:normal; font-weight:normal; line-height:17px; text-decoration:none;\" target=\"_blank\" rel=\"noopener\">Una publicaci\u00f3n compartida de PSOE Canarias \/ \u2764\ufe0f (@psoe_canarias)<\/a><\/p>\n<\/div>\n<\/blockquote>\n<p> <script async src=\"\/\/www.instagram.com\/embed.js\"><\/script><\/p>\n<p>Durante su exposici\u00f3n, G\u00f3mez de Celis tambi\u00e9n se ha referido a otros asuntos de actualidad, como la situaci\u00f3n pol\u00edtica nacional, claramente condicionada por la crispaci\u00f3n y la divisi\u00f3n que alimentan formaciones como Vox. \u201cEn el Congreso de los Diputados lo observamos permanente, con situaciones en ocasiones muy violentas\u201d, ha descrito. La baza de la extrema derecha \u201ces la ruptura social\u201d y por eso se han opuesto \u201ca la reforma laboral, a la subida del SMI y, en general, a todo avance social\u201d. Incluso \u201cniegan la violencia de g\u00e9nero mientras miles de mujeres son asesinadas\u201d, ha dicho.<\/p>\n<h4>\u201cTenemos que recuperar el Ayuntamiento de Santa Cruz\u201d<\/h4>\n<p>Por ello, para G\u00f3mez de Celis es necesario seguir avanzando en \u201ccohesi\u00f3n y justicia social\u201d, como vienen haciendo los socialistas all\u00ed donde gobiernan. De cara a la pr\u00f3xima cita con las urnas en el \u00e1mbito municipal, prevista para mayo del a\u00f1o 2023, se ha referido particularmente al Ayuntamiento de Santa Cruz de Tenerife: \u201cUno de los grandes retos que tenemos es recuperar esta ciudad, Santa Cruz. Nos las arrebataron mediante un pacto basado en el transfuguismo. Conf\u00edo que en mayo del pr\u00f3ximo a\u00f1o podamos volver a celebrar la victoria en toda Canarias de los socialistas, especialmente en el s\u00edmbolo que representa Santa Cruz\u201d, ha manifestado.<\/p>\n","protected":false},"excerpt":{"rendered":"<p>Mari Brito, presidenta de la FECAM, respalda la iniciativa de G\u00f3mez de Celis en nombre de los socialistas canarios<\/p>\n","protected":false},"author":1,"featured_media":23082,"comment_status":"open","ping_status":"open","sticky":false,"template":"","format":"standard","meta":{"footnotes":""},"categories":[1184,7],"tags":[],"class_list":["post-23081","post","type-post","status-publish","format-standard","has-post-thumbnail","hentry","category-noticias","category-politica"],"featured_image_src":"https:\/\/psoecanarias.com\/web\/wp-content\/uploads\/2022\/02\/foto-2.jpg","author_info":{"display_name":"PSOE Canarias","author_link":"https:\/\/psoecanarias.com\/web\/author\/admin\/"},"yoast_head":"<!-- This site is optimized with the Yoast SEO plugin v27.2 - https:\/\/yoast.com\/product\/yoast-seo-wordpress\/ -->\n<title>El PSOE anuncia un plan de acogida para ucranianos liderado por el municipalismo | PSOE Canarias<\/title>\n<meta name=\"robots\" content=\"index, follow, max-snippet:-1, max-image-preview:large, max-video-preview:-1\" \/>\n<link rel=\"canonical\" href=\"https:\/\/psoecanarias.com\/web\/el-psoe-anuncia-un-plan-de-acogida-para-ucranianos-liderado-por-el-municipalismo\/\" \/>\n<meta property=\"og:locale\" content=\"es_ES\" \/>\n<meta property=\"og:type\" content=\"article\" \/>\n<meta property=\"og:title\" content=\"El PSOE anuncia un plan de acogida para ucranianos liderado por el municipalismo | PSOE Canarias\" \/>\n<meta property=\"og:description\" content=\"Mari Brito, presidenta de la FECAM, respalda la iniciativa de G\u00f3mez de Celis en nombre de los socialistas canarios\" \/>\n<meta property=\"og:url\" content=\"https:\/\/psoecanarias.com\/web\/el-psoe-anuncia-un-plan-de-acogida-para-ucranianos-liderado-por-el-municipalismo\/\" \/>\n<meta property=\"og:site_name\" content=\"PSOE Canarias\" \/>\n<meta property=\"article:published_time\" content=\"2022-02-26T14:36:43+00:00\" \/>\n<meta property=\"article:modified_time\" content=\"2022-02-26T14:38:48+00:00\" \/>\n<meta property=\"og:image\" content=\"https:\/\/psoecanarias.com\/web\/wp-content\/uploads\/2022\/02\/foto-2.jpg\" \/>\n\t<meta property=\"og:image:width\" content=\"1800\" \/>\n\t<meta property=\"og:image:height\" content=\"1200\" \/>\n\t<meta property=\"og:image:type\" content=\"image\/jpeg\" \/>\n<meta name=\"author\" content=\"PSOE Canarias\" \/>\n<meta name=\"twitter:card\" content=\"summary_large_image\" \/>\n<script type=\"application\/ld+json\" class=\"yoast-schema-graph\">{\"@context\":\"https:\/\/schema.org\",\"@graph\":[{\"@type\":\"Article\",\"@id\":\"https:\/\/psoecanarias.com\/web\/el-psoe-anuncia-un-plan-de-acogida-para-ucranianos-liderado-por-el-municipalismo\/#article\",\"isPartOf\":{\"@id\":\"https:\/\/psoecanarias.com\/web\/el-psoe-anuncia-un-plan-de-acogida-para-ucranianos-liderado-por-el-municipalismo\/\"},\"author\":{\"name\":\"PSOE Canarias\",\"@id\":\"https:\/\/psoecanarias.com\/web\/#\/schema\/person\/1ae43f9659d2fc599ca69c11e1dbf26f\"},\"headline\":\"El PSOE anuncia un plan de acogida para ucranianos liderado por el municipalismo\",\"datePublished\":\"2022-02-26T14:36:43+00:00\",\"dateModified\":\"2022-02-26T14:38:48+00:00\",\"mainEntityOfPage\":{\"@id\":\"https:\/\/psoecanarias.com\/web\/el-psoe-anuncia-un-plan-de-acogida-para-ucranianos-liderado-por-el-municipalismo\/\"},\"wordCount\":622,\"commentCount\":0,\"image\":{\"@id\":\"https:\/\/psoecanarias.com\/web\/el-psoe-anuncia-un-plan-de-acogida-para-ucranianos-liderado-por-el-municipalismo\/#primaryimage\"},\"thumbnailUrl\":\"https:\/\/psoecanarias.com\/web\/wp-content\/uploads\/2022\/02\/foto-2.jpg\",\"articleSection\":[\"Noticias\",\"Pol\u00edtica\"],\"inLanguage\":\"es\",\"potentialAction\":[{\"@type\":\"CommentAction\",\"name\":\"Comment\",\"target\":[\"https:\/\/psoecanarias.com\/web\/el-psoe-anuncia-un-plan-de-acogida-para-ucranianos-liderado-por-el-municipalismo\/#respond\"]}]},{\"@type\":\"WebPage\",\"@id\":\"https:\/\/psoecanarias.com\/web\/el-psoe-anuncia-un-plan-de-acogida-para-ucranianos-liderado-por-el-municipalismo\/\",\"url\":\"https:\/\/psoecanarias.com\/web\/el-psoe-anuncia-un-plan-de-acogida-para-ucranianos-liderado-por-el-municipalismo\/\",\"name\":\"El PSOE anuncia un plan de acogida para ucranianos liderado por el municipalismo | PSOE Canarias\",\"isPartOf\":{\"@id\":\"https:\/\/psoecanarias.com\/web\/#website\"},\"primaryImageOfPage\":{\"@id\":\"https:\/\/psoecanarias.com\/web\/el-psoe-anuncia-un-plan-de-acogida-para-ucranianos-liderado-por-el-municipalismo\/#primaryimage\"},\"image\":{\"@id\":\"https:\/\/psoecanarias.com\/web\/el-psoe-anuncia-un-plan-de-acogida-para-ucranianos-liderado-por-el-municipalismo\/#primaryimage\"},\"thumbnailUrl\":\"https:\/\/psoecanarias.com\/web\/wp-content\/uploads\/2022\/02\/foto-2.jpg\",\"datePublished\":\"2022-02-26T14:36:43+00:00\",\"dateModified\":\"2022-02-26T14:38:48+00:00\",\"author\":{\"@id\":\"https:\/\/psoecanarias.com\/web\/#\/schema\/person\/1ae43f9659d2fc599ca69c11e1dbf26f\"},\"breadcrumb\":{\"@id\":\"https:\/\/psoecanarias.com\/web\/el-psoe-anuncia-un-plan-de-acogida-para-ucranianos-liderado-por-el-municipalismo\/#breadcrumb\"},\"inLanguage\":\"es\",\"potentialAction\":[{\"@type\":\"ReadAction\",\"target\":[\"https:\/\/psoecanarias.com\/web\/el-psoe-anuncia-un-plan-de-acogida-para-ucranianos-liderado-por-el-municipalismo\/\"]}]},{\"@type\":\"ImageObject\",\"inLanguage\":\"es\",\"@id\":\"https:\/\/psoecanarias.com\/web\/el-psoe-anuncia-un-plan-de-acogida-para-ucranianos-liderado-por-el-municipalismo\/#primaryimage\",\"url\":\"https:\/\/psoecanarias.com\/web\/wp-content\/uploads\/2022\/02\/foto-2.jpg\",\"contentUrl\":\"https:\/\/psoecanarias.com\/web\/wp-content\/uploads\/2022\/02\/foto-2.jpg\",\"width\":1800,\"height\":1200,\"caption\":\"De izquierda a derecha, Rosa Bella Cabrera, Nira Fierro, G\u00f3mez de Celis y Mari Brito, este s\u00e1bado en Santa Cruz de Tenerife\"},{\"@type\":\"BreadcrumbList\",\"@id\":\"https:\/\/psoecanarias.com\/web\/el-psoe-anuncia-un-plan-de-acogida-para-ucranianos-liderado-por-el-municipalismo\/#breadcrumb\",\"itemListElement\":[{\"@type\":\"ListItem\",\"position\":1,\"name\":\"Portada\",\"item\":\"https:\/\/psoecanarias.com\/web\/\"},{\"@type\":\"ListItem\",\"position\":2,\"name\":\"El PSOE anuncia un plan de acogida para ucranianos liderado por el municipalismo\"}]},{\"@type\":\"WebSite\",\"@id\":\"https:\/\/psoecanarias.com\/web\/#website\",\"url\":\"https:\/\/psoecanarias.com\/web\/\",\"name\":\"PSOE Canarias\",\"description\":\"Partido Socialista Obrero Espa\u00f1ol Canarias\",\"potentialAction\":[{\"@type\":\"SearchAction\",\"target\":{\"@type\":\"EntryPoint\",\"urlTemplate\":\"https:\/\/psoecanarias.com\/web\/?s={search_term_string}\"},\"query-input\":{\"@type\":\"PropertyValueSpecification\",\"valueRequired\":true,\"valueName\":\"search_term_string\"}}],\"inLanguage\":\"es\"},{\"@type\":\"Person\",\"@id\":\"https:\/\/psoecanarias.com\/web\/#\/schema\/person\/1ae43f9659d2fc599ca69c11e1dbf26f\",\"name\":\"PSOE Canarias\",\"image\":{\"@type\":\"ImageObject\",\"inLanguage\":\"es\",\"@id\":\"https:\/\/secure.gravatar.com\/avatar\/4364d37f6f6f9cdb7af199b46151565f37d8a8c3c0e04c1d78c04e857a15e3a8?s=96&d=mm&r=g\",\"url\":\"https:\/\/secure.gravatar.com\/avatar\/4364d37f6f6f9cdb7af199b46151565f37d8a8c3c0e04c1d78c04e857a15e3a8?s=96&d=mm&r=g\",\"contentUrl\":\"https:\/\/secure.gravatar.com\/avatar\/4364d37f6f6f9cdb7af199b46151565f37d8a8c3c0e04c1d78c04e857a15e3a8?s=96&d=mm&r=g\",\"caption\":\"PSOE Canarias\"},\"url\":\"https:\/\/psoecanarias.com\/web\/author\/admin\/\"}]}<\/script>\n<!-- \/ Yoast SEO plugin. -->","yoast_head_json":{"title":"El PSOE anuncia un plan de acogida para ucranianos liderado por el municipalismo | PSOE Canarias","robots":{"index":"index","follow":"follow","max-snippet":"max-snippet:-1","max-image-preview":"max-image-preview:large","max-video-preview":"max-video-preview:-1"},"canonical":"https:\/\/psoecanarias.com\/web\/el-psoe-anuncia-un-plan-de-acogida-para-ucranianos-liderado-por-el-municipalismo\/","og_locale":"es_ES","og_type":"article","og_title":"El PSOE anuncia un plan de acogida para ucranianos liderado por el municipalismo | PSOE Canarias","og_description":"Mari Brito, presidenta de la FECAM, respalda la iniciativa de G\u00f3mez de Celis en nombre de los socialistas canarios","og_url":"https:\/\/psoecanarias.com\/web\/el-psoe-anuncia-un-plan-de-acogida-para-ucranianos-liderado-por-el-municipalismo\/","og_site_name":"PSOE Canarias","article_published_time":"2022-02-26T14:36:43+00:00","article_modified_time":"2022-02-26T14:38:48+00:00","og_image":[{"width":1800,"height":1200,"url":"https:\/\/psoecanarias.com\/web\/wp-content\/uploads\/2022\/02\/foto-2.jpg","type":"image\/jpeg"}],"author":"PSOE Canarias","twitter_card":"summary_large_image","schema":{"@context":"https:\/\/schema.org","@graph":[{"@type":"Article","@id":"https:\/\/psoecanarias.com\/web\/el-psoe-anuncia-un-plan-de-acogida-para-ucranianos-liderado-por-el-municipalismo\/#article","isPartOf":{"@id":"https:\/\/psoecanarias.com\/web\/el-psoe-anuncia-un-plan-de-acogida-para-ucranianos-liderado-por-el-municipalismo\/"},"author":{"name":"PSOE Canarias","@id":"https:\/\/psoecanarias.com\/web\/#\/schema\/person\/1ae43f9659d2fc599ca69c11e1dbf26f"},"headline":"El PSOE anuncia un plan de acogida para ucranianos liderado por el municipalismo","datePublished":"2022-02-26T14:36:43+00:00","dateModified":"2022-02-26T14:38:48+00:00","mainEntityOfPage":{"@id":"https:\/\/psoecanarias.com\/web\/el-psoe-anuncia-un-plan-de-acogida-para-ucranianos-liderado-por-el-municipalismo\/"},"wordCount":622,"commentCount":0,"image":{"@id":"https:\/\/psoecanarias.com\/web\/el-psoe-anuncia-un-plan-de-acogida-para-ucranianos-liderado-por-el-municipalismo\/#primaryimage"},"thumbnailUrl":"https:\/\/psoecanarias.com\/web\/wp-content\/uploads\/2022\/02\/foto-2.jpg","articleSection":["Noticias","Pol\u00edtica"],"inLanguage":"es","potentialAction":[{"@type":"CommentAction","name":"Comment","target":["https:\/\/psoecanarias.com\/web\/el-psoe-anuncia-un-plan-de-acogida-para-ucranianos-liderado-por-el-municipalismo\/#respond"]}]},{"@type":"WebPage","@id":"https:\/\/psoecanarias.com\/web\/el-psoe-anuncia-un-plan-de-acogida-para-ucranianos-liderado-por-el-municipalismo\/","url":"https:\/\/psoecanarias.com\/web\/el-psoe-anuncia-un-plan-de-acogida-para-ucranianos-liderado-por-el-municipalismo\/","name":"El PSOE anuncia un plan de acogida para ucranianos liderado por el municipalismo | PSOE Canarias","isPartOf":{"@id":"https:\/\/psoecanarias.com\/web\/#website"},"primaryImageOfPage":{"@id":"https:\/\/psoecanarias.com\/web\/el-psoe-anuncia-un-plan-de-acogida-para-ucranianos-liderado-por-el-municipalismo\/#primaryimage"},"image":{"@id":"https:\/\/psoecanarias.com\/web\/el-psoe-anuncia-un-plan-de-acogida-para-ucranianos-liderado-por-el-municipalismo\/#primaryimage"},"thumbnailUrl":"https:\/\/psoecanarias.com\/web\/wp-content\/uploads\/2022\/02\/foto-2.jpg","datePublished":"2022-02-26T14:36:43+00:00","dateModified":"2022-02-26T14:38:48+00:00","author":{"@id":"https:\/\/psoecanarias.com\/web\/#\/schema\/person\/1ae43f9659d2fc599ca69c11e1dbf26f"},"breadcrumb":{"@id":"https:\/\/psoecanarias.com\/web\/el-psoe-anuncia-un-plan-de-acogida-para-ucranianos-liderado-por-el-municipalismo\/#breadcrumb"},"inLanguage":"es","potentialAction":[{"@type":"ReadAction","target":["https:\/\/psoecanarias.com\/web\/el-psoe-anuncia-un-plan-de-acogida-para-ucranianos-liderado-por-el-municipalismo\/"]}]},{"@type":"ImageObject","inLanguage":"es","@id":"https:\/\/psoecanarias.com\/web\/el-psoe-anuncia-un-plan-de-acogida-para-ucranianos-liderado-por-el-municipalismo\/#primaryimage","url":"https:\/\/psoecanarias.com\/web\/wp-content\/uploads\/2022\/02\/foto-2.jpg","contentUrl":"https:\/\/psoecanarias.com\/web\/wp-content\/uploads\/2022\/02\/foto-2.jpg","width":1800,"height":1200,"caption":"De izquierda a derecha, Rosa Bella Cabrera, Nira Fierro, G\u00f3mez de Celis y Mari Brito, este s\u00e1bado en Santa Cruz de Tenerife"},{"@type":"BreadcrumbList","@id":"https:\/\/psoecanarias.com\/web\/el-psoe-anuncia-un-plan-de-acogida-para-ucranianos-liderado-por-el-municipalismo\/#breadcrumb","itemListElement":[{"@type":"ListItem","position":1,"name":"Portada","item":"https:\/\/psoecanarias.com\/web\/"},{"@type":"ListItem","position":2,"name":"El PSOE anuncia un plan de acogida para ucranianos liderado por el municipalismo"}]},{"@type":"WebSite","@id":"https:\/\/psoecanarias.com\/web\/#website","url":"https:\/\/psoecanarias.com\/web\/","name":"PSOE Canarias","description":"Partido Socialista Obrero Espa\u00f1ol Canarias","potentialAction":[{"@type":"SearchAction","target":{"@type":"EntryPoint","urlTemplate":"https:\/\/psoecanarias.com\/web\/?s={search_term_string}"},"query-input":{"@type":"PropertyValueSpecification","valueRequired":true,"valueName":"search_term_string"}}],"inLanguage":"es"},{"@type":"Person","@id":"https:\/\/psoecanarias.com\/web\/#\/schema\/person\/1ae43f9659d2fc599ca69c11e1dbf26f","name":"PSOE Canarias","image":{"@type":"ImageObject","inLanguage":"es","@id":"https:\/\/secure.gravatar.com\/avatar\/4364d37f6f6f9cdb7af199b46151565f37d8a8c3c0e04c1d78c04e857a15e3a8?s=96&d=mm&r=g","url":"https:\/\/secure.gravatar.com\/avatar\/4364d37f6f6f9cdb7af199b46151565f37d8a8c3c0e04c1d78c04e857a15e3a8?s=96&d=mm&r=g","contentUrl":"https:\/\/secure.gravatar.com\/avatar\/4364d37f6f6f9cdb7af199b46151565f37d8a8c3c0e04c1d78c04e857a15e3a8?s=96&d=mm&r=g","caption":"PSOE Canarias"},"url":"https:\/\/psoecanarias.com\/web\/author\/admin\/"}]}},"_links":{"self":[{"href":"https:\/\/psoecanarias.com\/web\/wp-json\/wp\/v2\/posts\/23081","targetHints":{"allow":["GET"]}}],"collection":[{"href":"https:\/\/psoecanarias.com\/web\/wp-json\/wp\/v2\/posts"}],"about":[{"href":"https:\/\/psoecanarias.com\/web\/wp-json\/wp\/v2\/types\/post"}],"author":[{"embeddable":true,"href":"https:\/\/psoecanarias.com\/web\/wp-json\/wp\/v2\/users\/1"}],"replies":[{"embeddable":true,"href":"https:\/\/psoecanarias.com\/web\/wp-json\/wp\/v2\/comments?post=23081"}],"version-history":[{"count":3,"href":"https:\/\/psoecanarias.com\/web\/wp-json\/wp\/v2\/posts\/23081\/revisions"}],"predecessor-version":[{"id":23085,"href":"https:\/\/psoecanarias.com\/web\/wp-json\/wp\/v2\/posts\/23081\/revisions\/23085"}],"wp:featuredmedia":[{"embeddable":true,"href":"https:\/\/psoecanarias.com\/web\/wp-json\/wp\/v2\/media\/23082"}],"wp:attachment":[{"href":"https:\/\/psoecanarias.com\/web\/wp-json\/wp\/v2\/media?parent=23081"}],"wp:term":[{"taxonomy":"category","embeddable":true,"href":"https:\/\/psoecanarias.com\/web\/wp-json\/wp\/v2\/categories?post=23081"},{"taxonomy":"post_tag","embeddable":true,"href":"https:\/\/psoecanarias.com\/web\/wp-json\/wp\/v2\/tags?post=23081"}],"curies":[{"name":"wp","href":"https:\/\/api.w.org\/{rel}","templated":true}]}}