{"id":2338,"date":"2016-09-27T19:24:10","date_gmt":"2016-09-27T18:24:10","guid":{"rendered":"http:\/\/psoecanarias.com\/web\/?p=2338"},"modified":"2016-09-27T19:24:10","modified_gmt":"2016-09-27T18:24:10","slug":"el-psoe-exige-que-el-cierre-presupuestario-no-afecte-en-la-prestacion-de-servicios-esenciales","status":"publish","type":"post","link":"https:\/\/psoecanarias.com\/web\/el-psoe-exige-que-el-cierre-presupuestario-no-afecte-en-la-prestacion-de-servicios-esenciales\/","title":{"rendered":"El PSOE exige que el cierre presupuestario no afecte en la prestaci\u00f3n de servicios esenciales"},"content":{"rendered":"<p style=\"text-align: justify;\"><em>XH\/\u00a0<\/em>El portavoz del Grupo Parlamentario Socialista, I\u00f1aki Lavandera, exigi\u00f3 este martes al presidente del Gobierno de Canarias que el cierre presupuestario acordado por el Ejecutivo no repercuta de manera negativa en la prestaci\u00f3n de servicios p\u00fablicos esenciales.<\/p>\n<p style=\"text-align: justify;\">\u201cEs evidente que son muchos los factores que han conducido a esta decisi\u00f3n, como el cierre presupuestario del Gobierno de Espa\u00f1a el pasado mes de julio, la par\u00e1lisis de gesti\u00f3n premeditada del Ministerio de Hacienda o la incertidumbre generada, pero tambi\u00e9n el hecho constatado de que el Gobierno de Espa\u00f1a esconde datos a las comunidades aut\u00f3nomas para la elaboraci\u00f3n de sus cuentas para 2017\u201d, dijo en el pleno del Parlamento.<\/p>\n<p style=\"text-align: justify;\">Lavandera apunt\u00f3 tambi\u00e9n al d\u00e9ficit de la sanidad y valor\u00f3 que el presidente Clavijo \u201cno s\u00f3lo haya dado marcha atr\u00e1s a su anuncio de recortar 10 millones, sino que adem\u00e1s el Gobierno pondr\u00e1 sobre la mesa 5 millones m\u00e1s, d\u00e1ndose as\u00ed la raz\u00f3n al consejero del \u00e1rea y a su equipo en su reivindicaci\u00f3n de m\u00e1s recursos\u201d.<\/p>\n<p style=\"text-align: justify;\">Tras se\u00f1alar que \u201ctodo el mundo tiene derecho a equivocarse, incluso el presidente del Gobierno\u201d, hizo hincapi\u00e9 en que lo realmente relevante es, al fin y al cabo, que habr\u00e1 m\u00e1s recursos para la sanidad p\u00fablica. En cuanto a la orden de cierre presupuestario en s\u00ed, record\u00f3 que no supone ninguna novedad en la gesti\u00f3n de las cuentas de la Comunidad Aut\u00f3noma pues, por ejemplo, los presupuestos de 2012, 2013 \u00f3 2014 se cerraron el 1 de diciembre.<\/p>\n<p style=\"text-align: justify;\">\u201cEn todos ellos se exceptuaban los gastos necesarios para la asistencia sanitaria por parte del Servicio Canario de la Salud; en todos esos a\u00f1os estaba en vigor la Ley de Estabilidad Presupuestaria aprobada por la mayor\u00eda absoluta del Partido Popular y en todos estos a\u00f1os hemos vivido un d\u00e9ficit en la financiaci\u00f3n que requer\u00eda actualizar el sistema de financiaci\u00f3n auton\u00f3mico, pero la voluntad del Partido Popular para hacerlo ha sido nula\u201d, dijo.<\/p>\n<p style=\"text-align: justify;\">Recalc\u00f3 que este d\u00e9ficit ha originado una cr\u00f3nica infradotaci\u00f3n presupuestaria en el departamento de mayor gasto del Gobierno de Canarias, el de Sanidad, \u201csituaci\u00f3n recurrente no s\u00f3lo en estos a\u00f1os de crisis, pero que se ha agravado con los 15.000 millones de recortes del Gobierno del Partido Popular en materia sanitaria y que ha supuesto fuertes tensiones presupuestarias en todas las comunidades aut\u00f3nomas\u201d.<\/p>\n<p style=\"text-align: justify;\">A\u00fan as\u00ed, precis\u00f3 que la desviaci\u00f3n del presupuesto de sanidad en 2016 es similar a 2015 cuando no hab\u00eda que asumir nuevos gastos como el incremento salarial del 1 por ciento, la devoluci\u00f3n de d\u00edas libres a empleados p\u00fablicos o los costosos pero necesarios medicamentos para la hepatitis C, entre otras cuestiones.<\/p>\n<p>&nbsp;<\/p>\n","protected":false},"excerpt":{"rendered":"<p>El portavoz del Grupo Parlamentario Socialista, I\u00f1aki Lavandera, exigi\u00f3 este martes al presidente del Gobierno de Canarias que el cierre presupuestario acordado por el Ejecutivo no repercuta de manera negativa en la prestaci\u00f3n de servicios p\u00fablicos esenciales.<\/p>\n","protected":false},"author":1,"featured_media":2339,"comment_status":"open","ping_status":"open","sticky":false,"template":"","format":"standard","meta":{"footnotes":""},"categories":[7],"tags":[639,320,293,541,32,216],"class_list":["post-2338","post","type-post","status-publish","format-standard","has-post-thumbnail","hentry","category-politica","tag-cierre-presupuestario","tag-diputado","tag-grupo-parlamentario-socialista-canario","tag-hacienda","tag-inaki-lavandera","tag-portavoz"],"featured_image_src":"https:\/\/psoecanarias.com\/web\/wp-content\/uploads\/2016\/09\/IMG27-e1475000638372.jpg","author_info":{"display_name":"PSOE Canarias","author_link":"https:\/\/psoecanarias.com\/web\/author\/admin\/"},"yoast_head":"<!-- This site is optimized with the Yoast SEO plugin v27.2 - https:\/\/yoast.com\/product\/yoast-seo-wordpress\/ -->\n<title>El PSOE exige que el cierre presupuestario no afecte en la prestaci\u00f3n de servicios esenciales | PSOE Canarias<\/title>\n<meta name=\"robots\" content=\"index, follow, max-snippet:-1, max-image-preview:large, max-video-preview:-1\" \/>\n<link rel=\"canonical\" href=\"https:\/\/psoecanarias.com\/web\/el-psoe-exige-que-el-cierre-presupuestario-no-afecte-en-la-prestacion-de-servicios-esenciales\/\" \/>\n<meta property=\"og:locale\" content=\"es_ES\" \/>\n<meta property=\"og:type\" content=\"article\" \/>\n<meta property=\"og:title\" content=\"El PSOE exige que el cierre presupuestario no afecte en la prestaci\u00f3n de servicios esenciales | PSOE Canarias\" \/>\n<meta property=\"og:description\" content=\"El portavoz del Grupo Parlamentario Socialista, I\u00f1aki Lavandera, exigi\u00f3 este martes al presidente del Gobierno de Canarias que el cierre presupuestario acordado por el Ejecutivo no repercuta de manera negativa en la prestaci\u00f3n de servicios p\u00fablicos esenciales.\" \/>\n<meta property=\"og:url\" content=\"https:\/\/psoecanarias.com\/web\/el-psoe-exige-que-el-cierre-presupuestario-no-afecte-en-la-prestacion-de-servicios-esenciales\/\" \/>\n<meta property=\"og:site_name\" content=\"PSOE Canarias\" \/>\n<meta property=\"article:published_time\" content=\"2016-09-27T18:24:10+00:00\" \/>\n<meta property=\"og:image\" content=\"https:\/\/psoecanarias.com\/web\/wp-content\/uploads\/2016\/09\/IMG27-e1475000638372.jpg\" \/>\n\t<meta property=\"og:image:width\" content=\"900\" \/>\n\t<meta property=\"og:image:height\" content=\"600\" \/>\n\t<meta property=\"og:image:type\" content=\"image\/jpeg\" \/>\n<meta name=\"author\" content=\"PSOE Canarias\" \/>\n<meta name=\"twitter:card\" content=\"summary_large_image\" \/>\n<script type=\"application\/ld+json\" class=\"yoast-schema-graph\">{\"@context\":\"https:\/\/schema.org\",\"@graph\":[{\"@type\":\"Article\",\"@id\":\"https:\/\/psoecanarias.com\/web\/el-psoe-exige-que-el-cierre-presupuestario-no-afecte-en-la-prestacion-de-servicios-esenciales\/#article\",\"isPartOf\":{\"@id\":\"https:\/\/psoecanarias.com\/web\/el-psoe-exige-que-el-cierre-presupuestario-no-afecte-en-la-prestacion-de-servicios-esenciales\/\"},\"author\":{\"name\":\"PSOE Canarias\",\"@id\":\"https:\/\/psoecanarias.com\/web\/#\/schema\/person\/1ae43f9659d2fc599ca69c11e1dbf26f\"},\"headline\":\"El PSOE exige que el cierre presupuestario no afecte en la prestaci\u00f3n de servicios esenciales\",\"datePublished\":\"2016-09-27T18:24:10+00:00\",\"mainEntityOfPage\":{\"@id\":\"https:\/\/psoecanarias.com\/web\/el-psoe-exige-que-el-cierre-presupuestario-no-afecte-en-la-prestacion-de-servicios-esenciales\/\"},\"wordCount\":482,\"commentCount\":0,\"image\":{\"@id\":\"https:\/\/psoecanarias.com\/web\/el-psoe-exige-que-el-cierre-presupuestario-no-afecte-en-la-prestacion-de-servicios-esenciales\/#primaryimage\"},\"thumbnailUrl\":\"https:\/\/psoecanarias.com\/web\/wp-content\/uploads\/2016\/09\/IMG27-e1475000638372.jpg\",\"keywords\":[\"Cierre presupuestario\",\"Diputado\",\"Grupo Parlamentario Socialista Canario\",\"Hacienda\",\"I\u00f1aki Lavandera\",\"portavoz\"],\"articleSection\":[\"Pol\u00edtica\"],\"inLanguage\":\"es\",\"potentialAction\":[{\"@type\":\"CommentAction\",\"name\":\"Comment\",\"target\":[\"https:\/\/psoecanarias.com\/web\/el-psoe-exige-que-el-cierre-presupuestario-no-afecte-en-la-prestacion-de-servicios-esenciales\/#respond\"]}]},{\"@type\":\"WebPage\",\"@id\":\"https:\/\/psoecanarias.com\/web\/el-psoe-exige-que-el-cierre-presupuestario-no-afecte-en-la-prestacion-de-servicios-esenciales\/\",\"url\":\"https:\/\/psoecanarias.com\/web\/el-psoe-exige-que-el-cierre-presupuestario-no-afecte-en-la-prestacion-de-servicios-esenciales\/\",\"name\":\"El PSOE exige que el cierre presupuestario no afecte en la prestaci\u00f3n de servicios esenciales | PSOE Canarias\",\"isPartOf\":{\"@id\":\"https:\/\/psoecanarias.com\/web\/#website\"},\"primaryImageOfPage\":{\"@id\":\"https:\/\/psoecanarias.com\/web\/el-psoe-exige-que-el-cierre-presupuestario-no-afecte-en-la-prestacion-de-servicios-esenciales\/#primaryimage\"},\"image\":{\"@id\":\"https:\/\/psoecanarias.com\/web\/el-psoe-exige-que-el-cierre-presupuestario-no-afecte-en-la-prestacion-de-servicios-esenciales\/#primaryimage\"},\"thumbnailUrl\":\"https:\/\/psoecanarias.com\/web\/wp-content\/uploads\/2016\/09\/IMG27-e1475000638372.jpg\",\"datePublished\":\"2016-09-27T18:24:10+00:00\",\"author\":{\"@id\":\"https:\/\/psoecanarias.com\/web\/#\/schema\/person\/1ae43f9659d2fc599ca69c11e1dbf26f\"},\"breadcrumb\":{\"@id\":\"https:\/\/psoecanarias.com\/web\/el-psoe-exige-que-el-cierre-presupuestario-no-afecte-en-la-prestacion-de-servicios-esenciales\/#breadcrumb\"},\"inLanguage\":\"es\",\"potentialAction\":[{\"@type\":\"ReadAction\",\"target\":[\"https:\/\/psoecanarias.com\/web\/el-psoe-exige-que-el-cierre-presupuestario-no-afecte-en-la-prestacion-de-servicios-esenciales\/\"]}]},{\"@type\":\"ImageObject\",\"inLanguage\":\"es\",\"@id\":\"https:\/\/psoecanarias.com\/web\/el-psoe-exige-que-el-cierre-presupuestario-no-afecte-en-la-prestacion-de-servicios-esenciales\/#primaryimage\",\"url\":\"https:\/\/psoecanarias.com\/web\/wp-content\/uploads\/2016\/09\/IMG27-e1475000638372.jpg\",\"contentUrl\":\"https:\/\/psoecanarias.com\/web\/wp-content\/uploads\/2016\/09\/IMG27-e1475000638372.jpg\",\"width\":900,\"height\":600},{\"@type\":\"BreadcrumbList\",\"@id\":\"https:\/\/psoecanarias.com\/web\/el-psoe-exige-que-el-cierre-presupuestario-no-afecte-en-la-prestacion-de-servicios-esenciales\/#breadcrumb\",\"itemListElement\":[{\"@type\":\"ListItem\",\"position\":1,\"name\":\"Portada\",\"item\":\"https:\/\/psoecanarias.com\/web\/\"},{\"@type\":\"ListItem\",\"position\":2,\"name\":\"El PSOE exige que el cierre presupuestario no afecte en la prestaci\u00f3n de servicios esenciales\"}]},{\"@type\":\"WebSite\",\"@id\":\"https:\/\/psoecanarias.com\/web\/#website\",\"url\":\"https:\/\/psoecanarias.com\/web\/\",\"name\":\"PSOE Canarias\",\"description\":\"Partido Socialista Obrero Espa\u00f1ol Canarias\",\"potentialAction\":[{\"@type\":\"SearchAction\",\"target\":{\"@type\":\"EntryPoint\",\"urlTemplate\":\"https:\/\/psoecanarias.com\/web\/?s={search_term_string}\"},\"query-input\":{\"@type\":\"PropertyValueSpecification\",\"valueRequired\":true,\"valueName\":\"search_term_string\"}}],\"inLanguage\":\"es\"},{\"@type\":\"Person\",\"@id\":\"https:\/\/psoecanarias.com\/web\/#\/schema\/person\/1ae43f9659d2fc599ca69c11e1dbf26f\",\"name\":\"PSOE Canarias\",\"image\":{\"@type\":\"ImageObject\",\"inLanguage\":\"es\",\"@id\":\"https:\/\/secure.gravatar.com\/avatar\/4364d37f6f6f9cdb7af199b46151565f37d8a8c3c0e04c1d78c04e857a15e3a8?s=96&d=mm&r=g\",\"url\":\"https:\/\/secure.gravatar.com\/avatar\/4364d37f6f6f9cdb7af199b46151565f37d8a8c3c0e04c1d78c04e857a15e3a8?s=96&d=mm&r=g\",\"contentUrl\":\"https:\/\/secure.gravatar.com\/avatar\/4364d37f6f6f9cdb7af199b46151565f37d8a8c3c0e04c1d78c04e857a15e3a8?s=96&d=mm&r=g\",\"caption\":\"PSOE Canarias\"},\"url\":\"https:\/\/psoecanarias.com\/web\/author\/admin\/\"}]}<\/script>\n<!-- \/ Yoast SEO plugin. -->","yoast_head_json":{"title":"El PSOE exige que el cierre presupuestario no afecte en la prestaci\u00f3n de servicios esenciales | PSOE Canarias","robots":{"index":"index","follow":"follow","max-snippet":"max-snippet:-1","max-image-preview":"max-image-preview:large","max-video-preview":"max-video-preview:-1"},"canonical":"https:\/\/psoecanarias.com\/web\/el-psoe-exige-que-el-cierre-presupuestario-no-afecte-en-la-prestacion-de-servicios-esenciales\/","og_locale":"es_ES","og_type":"article","og_title":"El PSOE exige que el cierre presupuestario no afecte en la prestaci\u00f3n de servicios esenciales | PSOE Canarias","og_description":"El portavoz del Grupo Parlamentario Socialista, I\u00f1aki Lavandera, exigi\u00f3 este martes al presidente del Gobierno de Canarias que el cierre presupuestario acordado por el Ejecutivo no repercuta de manera negativa en la prestaci\u00f3n de servicios p\u00fablicos esenciales.","og_url":"https:\/\/psoecanarias.com\/web\/el-psoe-exige-que-el-cierre-presupuestario-no-afecte-en-la-prestacion-de-servicios-esenciales\/","og_site_name":"PSOE Canarias","article_published_time":"2016-09-27T18:24:10+00:00","og_image":[{"width":900,"height":600,"url":"https:\/\/psoecanarias.com\/web\/wp-content\/uploads\/2016\/09\/IMG27-e1475000638372.jpg","type":"image\/jpeg"}],"author":"PSOE Canarias","twitter_card":"summary_large_image","schema":{"@context":"https:\/\/schema.org","@graph":[{"@type":"Article","@id":"https:\/\/psoecanarias.com\/web\/el-psoe-exige-que-el-cierre-presupuestario-no-afecte-en-la-prestacion-de-servicios-esenciales\/#article","isPartOf":{"@id":"https:\/\/psoecanarias.com\/web\/el-psoe-exige-que-el-cierre-presupuestario-no-afecte-en-la-prestacion-de-servicios-esenciales\/"},"author":{"name":"PSOE Canarias","@id":"https:\/\/psoecanarias.com\/web\/#\/schema\/person\/1ae43f9659d2fc599ca69c11e1dbf26f"},"headline":"El PSOE exige que el cierre presupuestario no afecte en la prestaci\u00f3n de servicios esenciales","datePublished":"2016-09-27T18:24:10+00:00","mainEntityOfPage":{"@id":"https:\/\/psoecanarias.com\/web\/el-psoe-exige-que-el-cierre-presupuestario-no-afecte-en-la-prestacion-de-servicios-esenciales\/"},"wordCount":482,"commentCount":0,"image":{"@id":"https:\/\/psoecanarias.com\/web\/el-psoe-exige-que-el-cierre-presupuestario-no-afecte-en-la-prestacion-de-servicios-esenciales\/#primaryimage"},"thumbnailUrl":"https:\/\/psoecanarias.com\/web\/wp-content\/uploads\/2016\/09\/IMG27-e1475000638372.jpg","keywords":["Cierre presupuestario","Diputado","Grupo Parlamentario Socialista Canario","Hacienda","I\u00f1aki Lavandera","portavoz"],"articleSection":["Pol\u00edtica"],"inLanguage":"es","potentialAction":[{"@type":"CommentAction","name":"Comment","target":["https:\/\/psoecanarias.com\/web\/el-psoe-exige-que-el-cierre-presupuestario-no-afecte-en-la-prestacion-de-servicios-esenciales\/#respond"]}]},{"@type":"WebPage","@id":"https:\/\/psoecanarias.com\/web\/el-psoe-exige-que-el-cierre-presupuestario-no-afecte-en-la-prestacion-de-servicios-esenciales\/","url":"https:\/\/psoecanarias.com\/web\/el-psoe-exige-que-el-cierre-presupuestario-no-afecte-en-la-prestacion-de-servicios-esenciales\/","name":"El PSOE exige que el cierre presupuestario no afecte en la prestaci\u00f3n de servicios esenciales | PSOE Canarias","isPartOf":{"@id":"https:\/\/psoecanarias.com\/web\/#website"},"primaryImageOfPage":{"@id":"https:\/\/psoecanarias.com\/web\/el-psoe-exige-que-el-cierre-presupuestario-no-afecte-en-la-prestacion-de-servicios-esenciales\/#primaryimage"},"image":{"@id":"https:\/\/psoecanarias.com\/web\/el-psoe-exige-que-el-cierre-presupuestario-no-afecte-en-la-prestacion-de-servicios-esenciales\/#primaryimage"},"thumbnailUrl":"https:\/\/psoecanarias.com\/web\/wp-content\/uploads\/2016\/09\/IMG27-e1475000638372.jpg","datePublished":"2016-09-27T18:24:10+00:00","author":{"@id":"https:\/\/psoecanarias.com\/web\/#\/schema\/person\/1ae43f9659d2fc599ca69c11e1dbf26f"},"breadcrumb":{"@id":"https:\/\/psoecanarias.com\/web\/el-psoe-exige-que-el-cierre-presupuestario-no-afecte-en-la-prestacion-de-servicios-esenciales\/#breadcrumb"},"inLanguage":"es","potentialAction":[{"@type":"ReadAction","target":["https:\/\/psoecanarias.com\/web\/el-psoe-exige-que-el-cierre-presupuestario-no-afecte-en-la-prestacion-de-servicios-esenciales\/"]}]},{"@type":"ImageObject","inLanguage":"es","@id":"https:\/\/psoecanarias.com\/web\/el-psoe-exige-que-el-cierre-presupuestario-no-afecte-en-la-prestacion-de-servicios-esenciales\/#primaryimage","url":"https:\/\/psoecanarias.com\/web\/wp-content\/uploads\/2016\/09\/IMG27-e1475000638372.jpg","contentUrl":"https:\/\/psoecanarias.com\/web\/wp-content\/uploads\/2016\/09\/IMG27-e1475000638372.jpg","width":900,"height":600},{"@type":"BreadcrumbList","@id":"https:\/\/psoecanarias.com\/web\/el-psoe-exige-que-el-cierre-presupuestario-no-afecte-en-la-prestacion-de-servicios-esenciales\/#breadcrumb","itemListElement":[{"@type":"ListItem","position":1,"name":"Portada","item":"https:\/\/psoecanarias.com\/web\/"},{"@type":"ListItem","position":2,"name":"El PSOE exige que el cierre presupuestario no afecte en la prestaci\u00f3n de servicios esenciales"}]},{"@type":"WebSite","@id":"https:\/\/psoecanarias.com\/web\/#website","url":"https:\/\/psoecanarias.com\/web\/","name":"PSOE Canarias","description":"Partido Socialista Obrero Espa\u00f1ol Canarias","potentialAction":[{"@type":"SearchAction","target":{"@type":"EntryPoint","urlTemplate":"https:\/\/psoecanarias.com\/web\/?s={search_term_string}"},"query-input":{"@type":"PropertyValueSpecification","valueRequired":true,"valueName":"search_term_string"}}],"inLanguage":"es"},{"@type":"Person","@id":"https:\/\/psoecanarias.com\/web\/#\/schema\/person\/1ae43f9659d2fc599ca69c11e1dbf26f","name":"PSOE Canarias","image":{"@type":"ImageObject","inLanguage":"es","@id":"https:\/\/secure.gravatar.com\/avatar\/4364d37f6f6f9cdb7af199b46151565f37d8a8c3c0e04c1d78c04e857a15e3a8?s=96&d=mm&r=g","url":"https:\/\/secure.gravatar.com\/avatar\/4364d37f6f6f9cdb7af199b46151565f37d8a8c3c0e04c1d78c04e857a15e3a8?s=96&d=mm&r=g","contentUrl":"https:\/\/secure.gravatar.com\/avatar\/4364d37f6f6f9cdb7af199b46151565f37d8a8c3c0e04c1d78c04e857a15e3a8?s=96&d=mm&r=g","caption":"PSOE Canarias"},"url":"https:\/\/psoecanarias.com\/web\/author\/admin\/"}]}},"_links":{"self":[{"href":"https:\/\/psoecanarias.com\/web\/wp-json\/wp\/v2\/posts\/2338","targetHints":{"allow":["GET"]}}],"collection":[{"href":"https:\/\/psoecanarias.com\/web\/wp-json\/wp\/v2\/posts"}],"about":[{"href":"https:\/\/psoecanarias.com\/web\/wp-json\/wp\/v2\/types\/post"}],"author":[{"embeddable":true,"href":"https:\/\/psoecanarias.com\/web\/wp-json\/wp\/v2\/users\/1"}],"replies":[{"embeddable":true,"href":"https:\/\/psoecanarias.com\/web\/wp-json\/wp\/v2\/comments?post=2338"}],"version-history":[{"count":1,"href":"https:\/\/psoecanarias.com\/web\/wp-json\/wp\/v2\/posts\/2338\/revisions"}],"predecessor-version":[{"id":2340,"href":"https:\/\/psoecanarias.com\/web\/wp-json\/wp\/v2\/posts\/2338\/revisions\/2340"}],"wp:featuredmedia":[{"embeddable":true,"href":"https:\/\/psoecanarias.com\/web\/wp-json\/wp\/v2\/media\/2339"}],"wp:attachment":[{"href":"https:\/\/psoecanarias.com\/web\/wp-json\/wp\/v2\/media?parent=2338"}],"wp:term":[{"taxonomy":"category","embeddable":true,"href":"https:\/\/psoecanarias.com\/web\/wp-json\/wp\/v2\/categories?post=2338"},{"taxonomy":"post_tag","embeddable":true,"href":"https:\/\/psoecanarias.com\/web\/wp-json\/wp\/v2\/tags?post=2338"}],"curies":[{"name":"wp","href":"https:\/\/api.w.org\/{rel}","templated":true}]}}