{"id":2411,"date":"2016-10-13T17:41:02","date_gmt":"2016-10-13T16:41:02","guid":{"rendered":"http:\/\/psoecanarias.com\/web\/?p=2411"},"modified":"2016-10-13T17:43:59","modified_gmt":"2016-10-13T16:43:59","slug":"carlos-alonso-deberia-respetar-los-tiempos-de-su-presidente","status":"publish","type":"post","link":"https:\/\/psoecanarias.com\/web\/carlos-alonso-deberia-respetar-los-tiempos-de-su-presidente\/","title":{"rendered":"\u201cCarlos Alonso deber\u00eda respetar los tiempos de su presidente\u201d"},"content":{"rendered":"<p style=\"text-align: justify;\"><em>XH\/ <\/em>El portavoz del Grupo Parlamentario Socialista, I\u00f1aki Lavandera, critica la \u201cvuelta al absurdo\u201d del presidente del Cabildo de Tenerife en su \u201cindisimulado af\u00e1n\u201d de romper el pacto en el Gobierno de Canarias. \u201cCarlos Alonso deber\u00eda moderar sus impulsos insularistas y respetar los tiempos de su presidente, que es el de todos y, por tanto, se debe a cada isla por igual\u201d.<\/p>\n<p style=\"text-align: justify;\">\u201cSi algo distingue a la consejera de Obras P\u00fablicas y Transporte del Gobierno canario, Ornella Chac\u00f3n, es su pasi\u00f3n por resolver los desequilibrios entre ciudadanos desde una visi\u00f3n regional del archipi\u00e9lago\u201d, dice, \u201cy un marcado car\u00e1cter de seriedad pol\u00edtica que a unos pocos dirigentes cuesta digerir\u201d.<\/p>\n<p style=\"text-align: justify;\">Lavandera llama la atenci\u00f3n sobre el hecho de que cuando surgen discrepancias p\u00fablicas en el seno del Gobierno \u201chay una larga sombra que parece preceder a Alonso y a un sector muy localizado en lo geogr\u00e1fico\u201d de Coalici\u00f3n Canaria.<\/p>\n<p style=\"text-align: justify;\">\u201cSu vocaci\u00f3n por dinamitar el mejor pacto posible para elevar la calidad de vida de los ciudadanos parece no tener l\u00edmite: hace poco atacaron Sanidad armados con &#8216;n\u00fameros sobre papel&#8217;, no sobre la realidad de este servicio, e hicieron rectificar al presidente; despu\u00e9s devaluaron la firma del presidente con la moci\u00f3n de censura en Granadilla, que personalmente hab\u00eda prometido salvaguardar este acuerdo; ahora insisten con las carreteras, las de Tenerife solamente y, en especial, con adjudicar ellos una cantidad muy importante del presupuesto de la Comunidad Aut\u00f3noma, condicionando as\u00ed la capacidad de acci\u00f3n del presidente frente al resto de islas\u201d.<\/p>\n<p style=\"text-align: justify;\">En este contexto, el portavoz socialista anima al presidente del Cabildo de Tenerife a \u201cinvertir los 18 millones de euros que recibe cada a\u00f1o del Gobierno de Canarias para asfaltado en asfaltar las carreteras, en lugar de pedir nuevas competencias y nuevos presupuestos\u201d.<\/p>\n<p style=\"text-align: justify;\">\u201cHay algo b\u00e1sico que Alonso olvida: hace un a\u00f1o hab\u00eda tres obras de carreteras en Tenerife pr\u00e1cticamente paradas; un a\u00f1o despu\u00e9s, Ornella Chac\u00f3n est\u00e1 terminando dos y la tercera la ha reactivado\u201d, explica. \u201cPero no s\u00f3lo en Tenerife, porque la gesti\u00f3n regional de Chac\u00f3n ofrece casos similares en todas las islas gracias al reparto equitativo de los recursos\u201d.<\/p>\n<p style=\"text-align: justify;\">Por \u00faltimo, I\u00f1aki Lavandera felicita a la consejera por presentar proyectos nuevos al Fdecan \u201cya que ante el incumplimiento del Gobierno de Espa\u00f1a, con una deuda de m\u00e1s de 630 millones de euros para carreteras, y la muy limitada capacidad de inversi\u00f3n de la Comunidad Aut\u00f3noma, toda acci\u00f3n encaminada a conseguir dinero para realizar infraestructuras necesarias es, como m\u00ednimo, respetable\u201d.<\/p>\n","protected":false},"excerpt":{"rendered":"<p>I\u00f1aki Lavandera defiende la \u201cgesti\u00f3n regional\u201d de carreteras y anima al presidente tinerfe\u00f1o a \u201cinvertir los 18 millones que recibe cada a\u00f1o del Gobierno de Canarias para asfaltado en asfaltar las carreteras, en lugar de pedir nuevas competencias\u201d<\/p>\n","protected":false},"author":1,"featured_media":2413,"comment_status":"open","ping_status":"open","sticky":false,"template":"","format":"standard","meta":{"footnotes":""},"categories":[7],"tags":[320,293,32,659],"class_list":["post-2411","post","type-post","status-publish","format-standard","has-post-thumbnail","hentry","category-politica","tag-diputado","tag-grupo-parlamentario-socialista-canario","tag-inaki-lavandera","tag-prtavoz"],"featured_image_src":"https:\/\/psoecanarias.com\/web\/wp-content\/uploads\/2016\/10\/IMG_2735-e1476377024236.jpg","author_info":{"display_name":"PSOE Canarias","author_link":"https:\/\/psoecanarias.com\/web\/author\/admin\/"},"yoast_head":"<!-- This site is optimized with the Yoast SEO plugin v27.2 - https:\/\/yoast.com\/product\/yoast-seo-wordpress\/ -->\n<title>\u201cCarlos Alonso deber\u00eda respetar los tiempos de su presidente\u201d | PSOE Canarias<\/title>\n<meta name=\"robots\" content=\"index, follow, max-snippet:-1, max-image-preview:large, max-video-preview:-1\" \/>\n<link rel=\"canonical\" href=\"https:\/\/psoecanarias.com\/web\/carlos-alonso-deberia-respetar-los-tiempos-de-su-presidente\/\" \/>\n<meta property=\"og:locale\" content=\"es_ES\" \/>\n<meta property=\"og:type\" content=\"article\" \/>\n<meta property=\"og:title\" content=\"\u201cCarlos Alonso deber\u00eda respetar los tiempos de su presidente\u201d | PSOE Canarias\" \/>\n<meta property=\"og:description\" content=\"I\u00f1aki Lavandera defiende la \u201cgesti\u00f3n regional\u201d de carreteras y anima al presidente tinerfe\u00f1o a \u201cinvertir los 18 millones que recibe cada a\u00f1o del Gobierno de Canarias para asfaltado en asfaltar las carreteras, en lugar de pedir nuevas competencias\u201d\" \/>\n<meta property=\"og:url\" content=\"https:\/\/psoecanarias.com\/web\/carlos-alonso-deberia-respetar-los-tiempos-de-su-presidente\/\" \/>\n<meta property=\"og:site_name\" content=\"PSOE Canarias\" \/>\n<meta property=\"article:published_time\" content=\"2016-10-13T16:41:02+00:00\" \/>\n<meta property=\"article:modified_time\" content=\"2016-10-13T16:43:59+00:00\" \/>\n<meta property=\"og:image\" content=\"https:\/\/psoecanarias.com\/web\/wp-content\/uploads\/2016\/10\/IMG_2735-e1476377024236.jpg\" \/>\n\t<meta property=\"og:image:width\" content=\"900\" \/>\n\t<meta property=\"og:image:height\" content=\"506\" \/>\n\t<meta property=\"og:image:type\" content=\"image\/jpeg\" \/>\n<meta name=\"author\" content=\"PSOE Canarias\" \/>\n<meta name=\"twitter:card\" content=\"summary_large_image\" \/>\n<script type=\"application\/ld+json\" class=\"yoast-schema-graph\">{\"@context\":\"https:\/\/schema.org\",\"@graph\":[{\"@type\":\"Article\",\"@id\":\"https:\/\/psoecanarias.com\/web\/carlos-alonso-deberia-respetar-los-tiempos-de-su-presidente\/#article\",\"isPartOf\":{\"@id\":\"https:\/\/psoecanarias.com\/web\/carlos-alonso-deberia-respetar-los-tiempos-de-su-presidente\/\"},\"author\":{\"name\":\"PSOE Canarias\",\"@id\":\"https:\/\/psoecanarias.com\/web\/#\/schema\/person\/1ae43f9659d2fc599ca69c11e1dbf26f\"},\"headline\":\"\u201cCarlos Alonso deber\u00eda respetar los tiempos de su presidente\u201d\",\"datePublished\":\"2016-10-13T16:41:02+00:00\",\"dateModified\":\"2016-10-13T16:43:59+00:00\",\"mainEntityOfPage\":{\"@id\":\"https:\/\/psoecanarias.com\/web\/carlos-alonso-deberia-respetar-los-tiempos-de-su-presidente\/\"},\"wordCount\":456,\"commentCount\":0,\"image\":{\"@id\":\"https:\/\/psoecanarias.com\/web\/carlos-alonso-deberia-respetar-los-tiempos-de-su-presidente\/#primaryimage\"},\"thumbnailUrl\":\"https:\/\/psoecanarias.com\/web\/wp-content\/uploads\/2016\/10\/IMG_2735-e1476377024236.jpg\",\"keywords\":[\"Diputado\",\"Grupo Parlamentario Socialista Canario\",\"I\u00f1aki Lavandera\",\"Prtavoz\"],\"articleSection\":[\"Pol\u00edtica\"],\"inLanguage\":\"es\",\"potentialAction\":[{\"@type\":\"CommentAction\",\"name\":\"Comment\",\"target\":[\"https:\/\/psoecanarias.com\/web\/carlos-alonso-deberia-respetar-los-tiempos-de-su-presidente\/#respond\"]}]},{\"@type\":\"WebPage\",\"@id\":\"https:\/\/psoecanarias.com\/web\/carlos-alonso-deberia-respetar-los-tiempos-de-su-presidente\/\",\"url\":\"https:\/\/psoecanarias.com\/web\/carlos-alonso-deberia-respetar-los-tiempos-de-su-presidente\/\",\"name\":\"\u201cCarlos Alonso deber\u00eda respetar los tiempos de su presidente\u201d | PSOE Canarias\",\"isPartOf\":{\"@id\":\"https:\/\/psoecanarias.com\/web\/#website\"},\"primaryImageOfPage\":{\"@id\":\"https:\/\/psoecanarias.com\/web\/carlos-alonso-deberia-respetar-los-tiempos-de-su-presidente\/#primaryimage\"},\"image\":{\"@id\":\"https:\/\/psoecanarias.com\/web\/carlos-alonso-deberia-respetar-los-tiempos-de-su-presidente\/#primaryimage\"},\"thumbnailUrl\":\"https:\/\/psoecanarias.com\/web\/wp-content\/uploads\/2016\/10\/IMG_2735-e1476377024236.jpg\",\"datePublished\":\"2016-10-13T16:41:02+00:00\",\"dateModified\":\"2016-10-13T16:43:59+00:00\",\"author\":{\"@id\":\"https:\/\/psoecanarias.com\/web\/#\/schema\/person\/1ae43f9659d2fc599ca69c11e1dbf26f\"},\"breadcrumb\":{\"@id\":\"https:\/\/psoecanarias.com\/web\/carlos-alonso-deberia-respetar-los-tiempos-de-su-presidente\/#breadcrumb\"},\"inLanguage\":\"es\",\"potentialAction\":[{\"@type\":\"ReadAction\",\"target\":[\"https:\/\/psoecanarias.com\/web\/carlos-alonso-deberia-respetar-los-tiempos-de-su-presidente\/\"]}]},{\"@type\":\"ImageObject\",\"inLanguage\":\"es\",\"@id\":\"https:\/\/psoecanarias.com\/web\/carlos-alonso-deberia-respetar-los-tiempos-de-su-presidente\/#primaryimage\",\"url\":\"https:\/\/psoecanarias.com\/web\/wp-content\/uploads\/2016\/10\/IMG_2735-e1476377024236.jpg\",\"contentUrl\":\"https:\/\/psoecanarias.com\/web\/wp-content\/uploads\/2016\/10\/IMG_2735-e1476377024236.jpg\",\"width\":900,\"height\":506},{\"@type\":\"BreadcrumbList\",\"@id\":\"https:\/\/psoecanarias.com\/web\/carlos-alonso-deberia-respetar-los-tiempos-de-su-presidente\/#breadcrumb\",\"itemListElement\":[{\"@type\":\"ListItem\",\"position\":1,\"name\":\"Portada\",\"item\":\"https:\/\/psoecanarias.com\/web\/\"},{\"@type\":\"ListItem\",\"position\":2,\"name\":\"\u201cCarlos Alonso deber\u00eda respetar los tiempos de su presidente\u201d\"}]},{\"@type\":\"WebSite\",\"@id\":\"https:\/\/psoecanarias.com\/web\/#website\",\"url\":\"https:\/\/psoecanarias.com\/web\/\",\"name\":\"PSOE Canarias\",\"description\":\"Partido Socialista Obrero Espa\u00f1ol Canarias\",\"potentialAction\":[{\"@type\":\"SearchAction\",\"target\":{\"@type\":\"EntryPoint\",\"urlTemplate\":\"https:\/\/psoecanarias.com\/web\/?s={search_term_string}\"},\"query-input\":{\"@type\":\"PropertyValueSpecification\",\"valueRequired\":true,\"valueName\":\"search_term_string\"}}],\"inLanguage\":\"es\"},{\"@type\":\"Person\",\"@id\":\"https:\/\/psoecanarias.com\/web\/#\/schema\/person\/1ae43f9659d2fc599ca69c11e1dbf26f\",\"name\":\"PSOE Canarias\",\"image\":{\"@type\":\"ImageObject\",\"inLanguage\":\"es\",\"@id\":\"https:\/\/secure.gravatar.com\/avatar\/4364d37f6f6f9cdb7af199b46151565f37d8a8c3c0e04c1d78c04e857a15e3a8?s=96&d=mm&r=g\",\"url\":\"https:\/\/secure.gravatar.com\/avatar\/4364d37f6f6f9cdb7af199b46151565f37d8a8c3c0e04c1d78c04e857a15e3a8?s=96&d=mm&r=g\",\"contentUrl\":\"https:\/\/secure.gravatar.com\/avatar\/4364d37f6f6f9cdb7af199b46151565f37d8a8c3c0e04c1d78c04e857a15e3a8?s=96&d=mm&r=g\",\"caption\":\"PSOE Canarias\"},\"url\":\"https:\/\/psoecanarias.com\/web\/author\/admin\/\"}]}<\/script>\n<!-- \/ Yoast SEO plugin. -->","yoast_head_json":{"title":"\u201cCarlos Alonso deber\u00eda respetar los tiempos de su presidente\u201d | PSOE Canarias","robots":{"index":"index","follow":"follow","max-snippet":"max-snippet:-1","max-image-preview":"max-image-preview:large","max-video-preview":"max-video-preview:-1"},"canonical":"https:\/\/psoecanarias.com\/web\/carlos-alonso-deberia-respetar-los-tiempos-de-su-presidente\/","og_locale":"es_ES","og_type":"article","og_title":"\u201cCarlos Alonso deber\u00eda respetar los tiempos de su presidente\u201d | PSOE Canarias","og_description":"I\u00f1aki Lavandera defiende la \u201cgesti\u00f3n regional\u201d de carreteras y anima al presidente tinerfe\u00f1o a \u201cinvertir los 18 millones que recibe cada a\u00f1o del Gobierno de Canarias para asfaltado en asfaltar las carreteras, en lugar de pedir nuevas competencias\u201d","og_url":"https:\/\/psoecanarias.com\/web\/carlos-alonso-deberia-respetar-los-tiempos-de-su-presidente\/","og_site_name":"PSOE Canarias","article_published_time":"2016-10-13T16:41:02+00:00","article_modified_time":"2016-10-13T16:43:59+00:00","og_image":[{"width":900,"height":506,"url":"https:\/\/psoecanarias.com\/web\/wp-content\/uploads\/2016\/10\/IMG_2735-e1476377024236.jpg","type":"image\/jpeg"}],"author":"PSOE Canarias","twitter_card":"summary_large_image","schema":{"@context":"https:\/\/schema.org","@graph":[{"@type":"Article","@id":"https:\/\/psoecanarias.com\/web\/carlos-alonso-deberia-respetar-los-tiempos-de-su-presidente\/#article","isPartOf":{"@id":"https:\/\/psoecanarias.com\/web\/carlos-alonso-deberia-respetar-los-tiempos-de-su-presidente\/"},"author":{"name":"PSOE Canarias","@id":"https:\/\/psoecanarias.com\/web\/#\/schema\/person\/1ae43f9659d2fc599ca69c11e1dbf26f"},"headline":"\u201cCarlos Alonso deber\u00eda respetar los tiempos de su presidente\u201d","datePublished":"2016-10-13T16:41:02+00:00","dateModified":"2016-10-13T16:43:59+00:00","mainEntityOfPage":{"@id":"https:\/\/psoecanarias.com\/web\/carlos-alonso-deberia-respetar-los-tiempos-de-su-presidente\/"},"wordCount":456,"commentCount":0,"image":{"@id":"https:\/\/psoecanarias.com\/web\/carlos-alonso-deberia-respetar-los-tiempos-de-su-presidente\/#primaryimage"},"thumbnailUrl":"https:\/\/psoecanarias.com\/web\/wp-content\/uploads\/2016\/10\/IMG_2735-e1476377024236.jpg","keywords":["Diputado","Grupo Parlamentario Socialista Canario","I\u00f1aki Lavandera","Prtavoz"],"articleSection":["Pol\u00edtica"],"inLanguage":"es","potentialAction":[{"@type":"CommentAction","name":"Comment","target":["https:\/\/psoecanarias.com\/web\/carlos-alonso-deberia-respetar-los-tiempos-de-su-presidente\/#respond"]}]},{"@type":"WebPage","@id":"https:\/\/psoecanarias.com\/web\/carlos-alonso-deberia-respetar-los-tiempos-de-su-presidente\/","url":"https:\/\/psoecanarias.com\/web\/carlos-alonso-deberia-respetar-los-tiempos-de-su-presidente\/","name":"\u201cCarlos Alonso deber\u00eda respetar los tiempos de su presidente\u201d | PSOE Canarias","isPartOf":{"@id":"https:\/\/psoecanarias.com\/web\/#website"},"primaryImageOfPage":{"@id":"https:\/\/psoecanarias.com\/web\/carlos-alonso-deberia-respetar-los-tiempos-de-su-presidente\/#primaryimage"},"image":{"@id":"https:\/\/psoecanarias.com\/web\/carlos-alonso-deberia-respetar-los-tiempos-de-su-presidente\/#primaryimage"},"thumbnailUrl":"https:\/\/psoecanarias.com\/web\/wp-content\/uploads\/2016\/10\/IMG_2735-e1476377024236.jpg","datePublished":"2016-10-13T16:41:02+00:00","dateModified":"2016-10-13T16:43:59+00:00","author":{"@id":"https:\/\/psoecanarias.com\/web\/#\/schema\/person\/1ae43f9659d2fc599ca69c11e1dbf26f"},"breadcrumb":{"@id":"https:\/\/psoecanarias.com\/web\/carlos-alonso-deberia-respetar-los-tiempos-de-su-presidente\/#breadcrumb"},"inLanguage":"es","potentialAction":[{"@type":"ReadAction","target":["https:\/\/psoecanarias.com\/web\/carlos-alonso-deberia-respetar-los-tiempos-de-su-presidente\/"]}]},{"@type":"ImageObject","inLanguage":"es","@id":"https:\/\/psoecanarias.com\/web\/carlos-alonso-deberia-respetar-los-tiempos-de-su-presidente\/#primaryimage","url":"https:\/\/psoecanarias.com\/web\/wp-content\/uploads\/2016\/10\/IMG_2735-e1476377024236.jpg","contentUrl":"https:\/\/psoecanarias.com\/web\/wp-content\/uploads\/2016\/10\/IMG_2735-e1476377024236.jpg","width":900,"height":506},{"@type":"BreadcrumbList","@id":"https:\/\/psoecanarias.com\/web\/carlos-alonso-deberia-respetar-los-tiempos-de-su-presidente\/#breadcrumb","itemListElement":[{"@type":"ListItem","position":1,"name":"Portada","item":"https:\/\/psoecanarias.com\/web\/"},{"@type":"ListItem","position":2,"name":"\u201cCarlos Alonso deber\u00eda respetar los tiempos de su presidente\u201d"}]},{"@type":"WebSite","@id":"https:\/\/psoecanarias.com\/web\/#website","url":"https:\/\/psoecanarias.com\/web\/","name":"PSOE Canarias","description":"Partido Socialista Obrero Espa\u00f1ol Canarias","potentialAction":[{"@type":"SearchAction","target":{"@type":"EntryPoint","urlTemplate":"https:\/\/psoecanarias.com\/web\/?s={search_term_string}"},"query-input":{"@type":"PropertyValueSpecification","valueRequired":true,"valueName":"search_term_string"}}],"inLanguage":"es"},{"@type":"Person","@id":"https:\/\/psoecanarias.com\/web\/#\/schema\/person\/1ae43f9659d2fc599ca69c11e1dbf26f","name":"PSOE Canarias","image":{"@type":"ImageObject","inLanguage":"es","@id":"https:\/\/secure.gravatar.com\/avatar\/4364d37f6f6f9cdb7af199b46151565f37d8a8c3c0e04c1d78c04e857a15e3a8?s=96&d=mm&r=g","url":"https:\/\/secure.gravatar.com\/avatar\/4364d37f6f6f9cdb7af199b46151565f37d8a8c3c0e04c1d78c04e857a15e3a8?s=96&d=mm&r=g","contentUrl":"https:\/\/secure.gravatar.com\/avatar\/4364d37f6f6f9cdb7af199b46151565f37d8a8c3c0e04c1d78c04e857a15e3a8?s=96&d=mm&r=g","caption":"PSOE Canarias"},"url":"https:\/\/psoecanarias.com\/web\/author\/admin\/"}]}},"_links":{"self":[{"href":"https:\/\/psoecanarias.com\/web\/wp-json\/wp\/v2\/posts\/2411","targetHints":{"allow":["GET"]}}],"collection":[{"href":"https:\/\/psoecanarias.com\/web\/wp-json\/wp\/v2\/posts"}],"about":[{"href":"https:\/\/psoecanarias.com\/web\/wp-json\/wp\/v2\/types\/post"}],"author":[{"embeddable":true,"href":"https:\/\/psoecanarias.com\/web\/wp-json\/wp\/v2\/users\/1"}],"replies":[{"embeddable":true,"href":"https:\/\/psoecanarias.com\/web\/wp-json\/wp\/v2\/comments?post=2411"}],"version-history":[{"count":1,"href":"https:\/\/psoecanarias.com\/web\/wp-json\/wp\/v2\/posts\/2411\/revisions"}],"predecessor-version":[{"id":2412,"href":"https:\/\/psoecanarias.com\/web\/wp-json\/wp\/v2\/posts\/2411\/revisions\/2412"}],"wp:featuredmedia":[{"embeddable":true,"href":"https:\/\/psoecanarias.com\/web\/wp-json\/wp\/v2\/media\/2413"}],"wp:attachment":[{"href":"https:\/\/psoecanarias.com\/web\/wp-json\/wp\/v2\/media?parent=2411"}],"wp:term":[{"taxonomy":"category","embeddable":true,"href":"https:\/\/psoecanarias.com\/web\/wp-json\/wp\/v2\/categories?post=2411"},{"taxonomy":"post_tag","embeddable":true,"href":"https:\/\/psoecanarias.com\/web\/wp-json\/wp\/v2\/tags?post=2411"}],"curies":[{"name":"wp","href":"https:\/\/api.w.org\/{rel}","templated":true}]}}