{"id":2414,"date":"2016-10-13T17:50:25","date_gmt":"2016-10-13T16:50:25","guid":{"rendered":"http:\/\/psoecanarias.com\/web\/?p=2414"},"modified":"2016-10-13T17:51:02","modified_gmt":"2016-10-13T16:51:02","slug":"el-psoe-considera-que-no-se-dan-las-condiciones-minimas-necesarias-para-celebrar-la-reunion-de-la-mesa-del-pacto","status":"publish","type":"post","link":"https:\/\/psoecanarias.com\/web\/el-psoe-considera-que-no-se-dan-las-condiciones-minimas-necesarias-para-celebrar-la-reunion-de-la-mesa-del-pacto\/","title":{"rendered":"El PSOE considera que no se dan las condiciones m\u00ednimas necesarias para celebrar la reuni\u00f3n de la mesa del pacto"},"content":{"rendered":"<p style=\"text-align: justify;\"><em>XH\/<\/em> <span style=\"font-family: Calibri,sans-serif; font-size: small;\"><span style=\"font-family: Arial,sans-serif; font-size: medium;\">El PSOE de Canarias considera que en estos momentos no se dan las condiciones m\u00ednimas necesarias para celebrar una reuni\u00f3n de la Comisi\u00f3n de Seguimiento del Pacto de Gobernabilidad de Canarias para la IX Legislatura.<\/span><\/span><\/p>\n<div style=\"text-align: justify;\" align=\"justify\"><span style=\"font-family: Calibri,sans-serif; font-size: small;\"><span style=\"font-family: Arial,sans-serif; font-size: medium;\">El PSOE realiza estas manifestaciones tras las conversaciones informales mantenidas con representantes de CC para restablecer la confianza quebrada entre ambas formaciones pol\u00edticas tras los acontecimientos pol\u00edticos producidos en las \u00faltimas semanas.<\/span><\/span><\/div>\n<div style=\"text-align: justify;\" align=\"justify\"><span style=\"font-family: Calibri,sans-serif; font-size: small;\"><span style=\"font-family: Arial,sans-serif; font-size: medium;\">\u00a0<\/span><\/span><\/div>\n<div style=\"text-align: justify;\" align=\"justify\"><span style=\"font-family: Calibri,sans-serif; font-size: small;\"><span style=\"font-family: Arial,sans-serif; font-size: medium;\">\u201cEstos acontecimientos han causado una grave crisis en el pacto y, ante la falta de avances en la adopci\u00f3n de acuerdos que permitan desbloquear esta situaci\u00f3n, tanto en el \u00e1mbito del funcionamiento interno del Gobierno y de los grupos parlamentarios como en el \u00e1mbito de las corporaciones locales de Canarias, consideramos que no se dan las condiciones m\u00ednimas necesarias para celebrar una reuni\u00f3n de la Comisi\u00f3n de Seguimiento del Pacto\u201d.<\/span><\/span><\/div>\n<div style=\"text-align: justify;\" align=\"justify\"><span style=\"font-family: Calibri,sans-serif; font-size: small;\"><span style=\"font-family: Arial,sans-serif; font-size: medium;\">\u00a0<\/span><\/span><\/div>\n<div style=\"text-align: justify;\" align=\"justify\"><span style=\"font-family: Calibri,sans-serif; font-size: small;\"><span style=\"font-family: Arial,sans-serif; font-size: medium;\">El PSOE de Canarias destaca el \u201cesfuerzo de contenci\u00f3n\u201d que realiza para que prospere la renegociaci\u00f3n del pacto, \u201cpensando \u00fanicamente en el inter\u00e9s general de la ciudadan\u00eda, pero resulta evidente que en CC hay quienes insisten en atacar la negociaci\u00f3n para hacerla fracasar\u201d. A\u00f1ade que la direcci\u00f3n de CC \u201cdeber\u00eda valorar si es ese<\/span><a name=\"_GoBack\"><\/a><span style=\"font-family: Arial,sans-serif; font-size: medium;\"> el camino que elige y se rinde a una parte de su organizaci\u00f3n\u201d.<\/span><\/span><\/div>\n<p>&nbsp;<\/p>\n","protected":false},"excerpt":{"rendered":"<p>El PSOE de Canarias considera que en estos momentos no se dan las condiciones m\u00ednimas necesarias para celebrar una reuni\u00f3n de la Comisi\u00f3n de Seguimiento del Pacto de Gobernabilidad de Canarias para la IX Legislatura.<\/p>\n","protected":false},"author":1,"featured_media":2368,"comment_status":"open","ping_status":"open","sticky":false,"template":"","format":"standard","meta":{"footnotes":""},"categories":[7],"tags":[164,655,310],"class_list":["post-2414","post","type-post","status-publish","format-standard","has-post-thumbnail","hentry","category-politica","tag-coalicion-canaria","tag-mesa-del-pacto","tag-psoe-canarias"],"featured_image_src":"https:\/\/psoecanarias.com\/web\/wp-content\/uploads\/2016\/09\/DSF9484-e1476377377997.jpg","author_info":{"display_name":"PSOE Canarias","author_link":"https:\/\/psoecanarias.com\/web\/author\/admin\/"},"yoast_head":"<!-- This site is optimized with the Yoast SEO plugin v27.2 - https:\/\/yoast.com\/product\/yoast-seo-wordpress\/ -->\n<title>El PSOE considera que no se dan las condiciones m\u00ednimas necesarias para celebrar la reuni\u00f3n de la mesa del pacto | PSOE Canarias<\/title>\n<meta name=\"robots\" content=\"index, follow, max-snippet:-1, max-image-preview:large, max-video-preview:-1\" \/>\n<link rel=\"canonical\" href=\"https:\/\/psoecanarias.com\/web\/el-psoe-considera-que-no-se-dan-las-condiciones-minimas-necesarias-para-celebrar-la-reunion-de-la-mesa-del-pacto\/\" \/>\n<meta property=\"og:locale\" content=\"es_ES\" \/>\n<meta property=\"og:type\" content=\"article\" \/>\n<meta property=\"og:title\" content=\"El PSOE considera que no se dan las condiciones m\u00ednimas necesarias para celebrar la reuni\u00f3n de la mesa del pacto | PSOE Canarias\" \/>\n<meta property=\"og:description\" content=\"El PSOE de Canarias considera que en estos momentos no se dan las condiciones m\u00ednimas necesarias para celebrar una reuni\u00f3n de la Comisi\u00f3n de Seguimiento del Pacto de Gobernabilidad de Canarias para la IX Legislatura.\" \/>\n<meta property=\"og:url\" content=\"https:\/\/psoecanarias.com\/web\/el-psoe-considera-que-no-se-dan-las-condiciones-minimas-necesarias-para-celebrar-la-reunion-de-la-mesa-del-pacto\/\" \/>\n<meta property=\"og:site_name\" content=\"PSOE Canarias\" \/>\n<meta property=\"article:published_time\" content=\"2016-10-13T16:50:25+00:00\" \/>\n<meta property=\"article:modified_time\" content=\"2016-10-13T16:51:02+00:00\" \/>\n<meta property=\"og:image\" content=\"https:\/\/psoecanarias.com\/web\/wp-content\/uploads\/2016\/09\/DSF9484-e1476377377997.jpg\" \/>\n\t<meta property=\"og:image:width\" content=\"395\" \/>\n\t<meta property=\"og:image:height\" content=\"540\" \/>\n\t<meta property=\"og:image:type\" content=\"image\/jpeg\" \/>\n<meta name=\"author\" content=\"PSOE Canarias\" \/>\n<meta name=\"twitter:card\" content=\"summary_large_image\" \/>\n<script type=\"application\/ld+json\" class=\"yoast-schema-graph\">{\"@context\":\"https:\/\/schema.org\",\"@graph\":[{\"@type\":\"Article\",\"@id\":\"https:\/\/psoecanarias.com\/web\/el-psoe-considera-que-no-se-dan-las-condiciones-minimas-necesarias-para-celebrar-la-reunion-de-la-mesa-del-pacto\/#article\",\"isPartOf\":{\"@id\":\"https:\/\/psoecanarias.com\/web\/el-psoe-considera-que-no-se-dan-las-condiciones-minimas-necesarias-para-celebrar-la-reunion-de-la-mesa-del-pacto\/\"},\"author\":{\"name\":\"PSOE Canarias\",\"@id\":\"https:\/\/psoecanarias.com\/web\/#\/schema\/person\/1ae43f9659d2fc599ca69c11e1dbf26f\"},\"headline\":\"El PSOE considera que no se dan las condiciones m\u00ednimas necesarias para celebrar la reuni\u00f3n de la mesa del pacto\",\"datePublished\":\"2016-10-13T16:50:25+00:00\",\"dateModified\":\"2016-10-13T16:51:02+00:00\",\"mainEntityOfPage\":{\"@id\":\"https:\/\/psoecanarias.com\/web\/el-psoe-considera-que-no-se-dan-las-condiciones-minimas-necesarias-para-celebrar-la-reunion-de-la-mesa-del-pacto\/\"},\"wordCount\":247,\"commentCount\":0,\"image\":{\"@id\":\"https:\/\/psoecanarias.com\/web\/el-psoe-considera-que-no-se-dan-las-condiciones-minimas-necesarias-para-celebrar-la-reunion-de-la-mesa-del-pacto\/#primaryimage\"},\"thumbnailUrl\":\"https:\/\/psoecanarias.com\/web\/wp-content\/uploads\/2016\/09\/DSF9484-e1476377377997.jpg\",\"keywords\":[\"Coalici\u00f3n Canaria\",\"Mesa del pacto\",\"PSOE Canarias\"],\"articleSection\":[\"Pol\u00edtica\"],\"inLanguage\":\"es\",\"potentialAction\":[{\"@type\":\"CommentAction\",\"name\":\"Comment\",\"target\":[\"https:\/\/psoecanarias.com\/web\/el-psoe-considera-que-no-se-dan-las-condiciones-minimas-necesarias-para-celebrar-la-reunion-de-la-mesa-del-pacto\/#respond\"]}]},{\"@type\":\"WebPage\",\"@id\":\"https:\/\/psoecanarias.com\/web\/el-psoe-considera-que-no-se-dan-las-condiciones-minimas-necesarias-para-celebrar-la-reunion-de-la-mesa-del-pacto\/\",\"url\":\"https:\/\/psoecanarias.com\/web\/el-psoe-considera-que-no-se-dan-las-condiciones-minimas-necesarias-para-celebrar-la-reunion-de-la-mesa-del-pacto\/\",\"name\":\"El PSOE considera que no se dan las condiciones m\u00ednimas necesarias para celebrar la reuni\u00f3n de la mesa del pacto | PSOE Canarias\",\"isPartOf\":{\"@id\":\"https:\/\/psoecanarias.com\/web\/#website\"},\"primaryImageOfPage\":{\"@id\":\"https:\/\/psoecanarias.com\/web\/el-psoe-considera-que-no-se-dan-las-condiciones-minimas-necesarias-para-celebrar-la-reunion-de-la-mesa-del-pacto\/#primaryimage\"},\"image\":{\"@id\":\"https:\/\/psoecanarias.com\/web\/el-psoe-considera-que-no-se-dan-las-condiciones-minimas-necesarias-para-celebrar-la-reunion-de-la-mesa-del-pacto\/#primaryimage\"},\"thumbnailUrl\":\"https:\/\/psoecanarias.com\/web\/wp-content\/uploads\/2016\/09\/DSF9484-e1476377377997.jpg\",\"datePublished\":\"2016-10-13T16:50:25+00:00\",\"dateModified\":\"2016-10-13T16:51:02+00:00\",\"author\":{\"@id\":\"https:\/\/psoecanarias.com\/web\/#\/schema\/person\/1ae43f9659d2fc599ca69c11e1dbf26f\"},\"breadcrumb\":{\"@id\":\"https:\/\/psoecanarias.com\/web\/el-psoe-considera-que-no-se-dan-las-condiciones-minimas-necesarias-para-celebrar-la-reunion-de-la-mesa-del-pacto\/#breadcrumb\"},\"inLanguage\":\"es\",\"potentialAction\":[{\"@type\":\"ReadAction\",\"target\":[\"https:\/\/psoecanarias.com\/web\/el-psoe-considera-que-no-se-dan-las-condiciones-minimas-necesarias-para-celebrar-la-reunion-de-la-mesa-del-pacto\/\"]}]},{\"@type\":\"ImageObject\",\"inLanguage\":\"es\",\"@id\":\"https:\/\/psoecanarias.com\/web\/el-psoe-considera-que-no-se-dan-las-condiciones-minimas-necesarias-para-celebrar-la-reunion-de-la-mesa-del-pacto\/#primaryimage\",\"url\":\"https:\/\/psoecanarias.com\/web\/wp-content\/uploads\/2016\/09\/DSF9484-e1476377377997.jpg\",\"contentUrl\":\"https:\/\/psoecanarias.com\/web\/wp-content\/uploads\/2016\/09\/DSF9484-e1476377377997.jpg\",\"width\":395,\"height\":540},{\"@type\":\"BreadcrumbList\",\"@id\":\"https:\/\/psoecanarias.com\/web\/el-psoe-considera-que-no-se-dan-las-condiciones-minimas-necesarias-para-celebrar-la-reunion-de-la-mesa-del-pacto\/#breadcrumb\",\"itemListElement\":[{\"@type\":\"ListItem\",\"position\":1,\"name\":\"Portada\",\"item\":\"https:\/\/psoecanarias.com\/web\/\"},{\"@type\":\"ListItem\",\"position\":2,\"name\":\"El PSOE considera que no se dan las condiciones m\u00ednimas necesarias para celebrar la reuni\u00f3n de la mesa del pacto\"}]},{\"@type\":\"WebSite\",\"@id\":\"https:\/\/psoecanarias.com\/web\/#website\",\"url\":\"https:\/\/psoecanarias.com\/web\/\",\"name\":\"PSOE Canarias\",\"description\":\"Partido Socialista Obrero Espa\u00f1ol Canarias\",\"potentialAction\":[{\"@type\":\"SearchAction\",\"target\":{\"@type\":\"EntryPoint\",\"urlTemplate\":\"https:\/\/psoecanarias.com\/web\/?s={search_term_string}\"},\"query-input\":{\"@type\":\"PropertyValueSpecification\",\"valueRequired\":true,\"valueName\":\"search_term_string\"}}],\"inLanguage\":\"es\"},{\"@type\":\"Person\",\"@id\":\"https:\/\/psoecanarias.com\/web\/#\/schema\/person\/1ae43f9659d2fc599ca69c11e1dbf26f\",\"name\":\"PSOE Canarias\",\"image\":{\"@type\":\"ImageObject\",\"inLanguage\":\"es\",\"@id\":\"https:\/\/secure.gravatar.com\/avatar\/4364d37f6f6f9cdb7af199b46151565f37d8a8c3c0e04c1d78c04e857a15e3a8?s=96&d=mm&r=g\",\"url\":\"https:\/\/secure.gravatar.com\/avatar\/4364d37f6f6f9cdb7af199b46151565f37d8a8c3c0e04c1d78c04e857a15e3a8?s=96&d=mm&r=g\",\"contentUrl\":\"https:\/\/secure.gravatar.com\/avatar\/4364d37f6f6f9cdb7af199b46151565f37d8a8c3c0e04c1d78c04e857a15e3a8?s=96&d=mm&r=g\",\"caption\":\"PSOE Canarias\"},\"url\":\"https:\/\/psoecanarias.com\/web\/author\/admin\/\"}]}<\/script>\n<!-- \/ Yoast SEO plugin. -->","yoast_head_json":{"title":"El PSOE considera que no se dan las condiciones m\u00ednimas necesarias para celebrar la reuni\u00f3n de la mesa del pacto | PSOE Canarias","robots":{"index":"index","follow":"follow","max-snippet":"max-snippet:-1","max-image-preview":"max-image-preview:large","max-video-preview":"max-video-preview:-1"},"canonical":"https:\/\/psoecanarias.com\/web\/el-psoe-considera-que-no-se-dan-las-condiciones-minimas-necesarias-para-celebrar-la-reunion-de-la-mesa-del-pacto\/","og_locale":"es_ES","og_type":"article","og_title":"El PSOE considera que no se dan las condiciones m\u00ednimas necesarias para celebrar la reuni\u00f3n de la mesa del pacto | PSOE Canarias","og_description":"El PSOE de Canarias considera que en estos momentos no se dan las condiciones m\u00ednimas necesarias para celebrar una reuni\u00f3n de la Comisi\u00f3n de Seguimiento del Pacto de Gobernabilidad de Canarias para la IX Legislatura.","og_url":"https:\/\/psoecanarias.com\/web\/el-psoe-considera-que-no-se-dan-las-condiciones-minimas-necesarias-para-celebrar-la-reunion-de-la-mesa-del-pacto\/","og_site_name":"PSOE Canarias","article_published_time":"2016-10-13T16:50:25+00:00","article_modified_time":"2016-10-13T16:51:02+00:00","og_image":[{"width":395,"height":540,"url":"https:\/\/psoecanarias.com\/web\/wp-content\/uploads\/2016\/09\/DSF9484-e1476377377997.jpg","type":"image\/jpeg"}],"author":"PSOE Canarias","twitter_card":"summary_large_image","schema":{"@context":"https:\/\/schema.org","@graph":[{"@type":"Article","@id":"https:\/\/psoecanarias.com\/web\/el-psoe-considera-que-no-se-dan-las-condiciones-minimas-necesarias-para-celebrar-la-reunion-de-la-mesa-del-pacto\/#article","isPartOf":{"@id":"https:\/\/psoecanarias.com\/web\/el-psoe-considera-que-no-se-dan-las-condiciones-minimas-necesarias-para-celebrar-la-reunion-de-la-mesa-del-pacto\/"},"author":{"name":"PSOE Canarias","@id":"https:\/\/psoecanarias.com\/web\/#\/schema\/person\/1ae43f9659d2fc599ca69c11e1dbf26f"},"headline":"El PSOE considera que no se dan las condiciones m\u00ednimas necesarias para celebrar la reuni\u00f3n de la mesa del pacto","datePublished":"2016-10-13T16:50:25+00:00","dateModified":"2016-10-13T16:51:02+00:00","mainEntityOfPage":{"@id":"https:\/\/psoecanarias.com\/web\/el-psoe-considera-que-no-se-dan-las-condiciones-minimas-necesarias-para-celebrar-la-reunion-de-la-mesa-del-pacto\/"},"wordCount":247,"commentCount":0,"image":{"@id":"https:\/\/psoecanarias.com\/web\/el-psoe-considera-que-no-se-dan-las-condiciones-minimas-necesarias-para-celebrar-la-reunion-de-la-mesa-del-pacto\/#primaryimage"},"thumbnailUrl":"https:\/\/psoecanarias.com\/web\/wp-content\/uploads\/2016\/09\/DSF9484-e1476377377997.jpg","keywords":["Coalici\u00f3n Canaria","Mesa del pacto","PSOE Canarias"],"articleSection":["Pol\u00edtica"],"inLanguage":"es","potentialAction":[{"@type":"CommentAction","name":"Comment","target":["https:\/\/psoecanarias.com\/web\/el-psoe-considera-que-no-se-dan-las-condiciones-minimas-necesarias-para-celebrar-la-reunion-de-la-mesa-del-pacto\/#respond"]}]},{"@type":"WebPage","@id":"https:\/\/psoecanarias.com\/web\/el-psoe-considera-que-no-se-dan-las-condiciones-minimas-necesarias-para-celebrar-la-reunion-de-la-mesa-del-pacto\/","url":"https:\/\/psoecanarias.com\/web\/el-psoe-considera-que-no-se-dan-las-condiciones-minimas-necesarias-para-celebrar-la-reunion-de-la-mesa-del-pacto\/","name":"El PSOE considera que no se dan las condiciones m\u00ednimas necesarias para celebrar la reuni\u00f3n de la mesa del pacto | PSOE Canarias","isPartOf":{"@id":"https:\/\/psoecanarias.com\/web\/#website"},"primaryImageOfPage":{"@id":"https:\/\/psoecanarias.com\/web\/el-psoe-considera-que-no-se-dan-las-condiciones-minimas-necesarias-para-celebrar-la-reunion-de-la-mesa-del-pacto\/#primaryimage"},"image":{"@id":"https:\/\/psoecanarias.com\/web\/el-psoe-considera-que-no-se-dan-las-condiciones-minimas-necesarias-para-celebrar-la-reunion-de-la-mesa-del-pacto\/#primaryimage"},"thumbnailUrl":"https:\/\/psoecanarias.com\/web\/wp-content\/uploads\/2016\/09\/DSF9484-e1476377377997.jpg","datePublished":"2016-10-13T16:50:25+00:00","dateModified":"2016-10-13T16:51:02+00:00","author":{"@id":"https:\/\/psoecanarias.com\/web\/#\/schema\/person\/1ae43f9659d2fc599ca69c11e1dbf26f"},"breadcrumb":{"@id":"https:\/\/psoecanarias.com\/web\/el-psoe-considera-que-no-se-dan-las-condiciones-minimas-necesarias-para-celebrar-la-reunion-de-la-mesa-del-pacto\/#breadcrumb"},"inLanguage":"es","potentialAction":[{"@type":"ReadAction","target":["https:\/\/psoecanarias.com\/web\/el-psoe-considera-que-no-se-dan-las-condiciones-minimas-necesarias-para-celebrar-la-reunion-de-la-mesa-del-pacto\/"]}]},{"@type":"ImageObject","inLanguage":"es","@id":"https:\/\/psoecanarias.com\/web\/el-psoe-considera-que-no-se-dan-las-condiciones-minimas-necesarias-para-celebrar-la-reunion-de-la-mesa-del-pacto\/#primaryimage","url":"https:\/\/psoecanarias.com\/web\/wp-content\/uploads\/2016\/09\/DSF9484-e1476377377997.jpg","contentUrl":"https:\/\/psoecanarias.com\/web\/wp-content\/uploads\/2016\/09\/DSF9484-e1476377377997.jpg","width":395,"height":540},{"@type":"BreadcrumbList","@id":"https:\/\/psoecanarias.com\/web\/el-psoe-considera-que-no-se-dan-las-condiciones-minimas-necesarias-para-celebrar-la-reunion-de-la-mesa-del-pacto\/#breadcrumb","itemListElement":[{"@type":"ListItem","position":1,"name":"Portada","item":"https:\/\/psoecanarias.com\/web\/"},{"@type":"ListItem","position":2,"name":"El PSOE considera que no se dan las condiciones m\u00ednimas necesarias para celebrar la reuni\u00f3n de la mesa del pacto"}]},{"@type":"WebSite","@id":"https:\/\/psoecanarias.com\/web\/#website","url":"https:\/\/psoecanarias.com\/web\/","name":"PSOE Canarias","description":"Partido Socialista Obrero Espa\u00f1ol Canarias","potentialAction":[{"@type":"SearchAction","target":{"@type":"EntryPoint","urlTemplate":"https:\/\/psoecanarias.com\/web\/?s={search_term_string}"},"query-input":{"@type":"PropertyValueSpecification","valueRequired":true,"valueName":"search_term_string"}}],"inLanguage":"es"},{"@type":"Person","@id":"https:\/\/psoecanarias.com\/web\/#\/schema\/person\/1ae43f9659d2fc599ca69c11e1dbf26f","name":"PSOE Canarias","image":{"@type":"ImageObject","inLanguage":"es","@id":"https:\/\/secure.gravatar.com\/avatar\/4364d37f6f6f9cdb7af199b46151565f37d8a8c3c0e04c1d78c04e857a15e3a8?s=96&d=mm&r=g","url":"https:\/\/secure.gravatar.com\/avatar\/4364d37f6f6f9cdb7af199b46151565f37d8a8c3c0e04c1d78c04e857a15e3a8?s=96&d=mm&r=g","contentUrl":"https:\/\/secure.gravatar.com\/avatar\/4364d37f6f6f9cdb7af199b46151565f37d8a8c3c0e04c1d78c04e857a15e3a8?s=96&d=mm&r=g","caption":"PSOE Canarias"},"url":"https:\/\/psoecanarias.com\/web\/author\/admin\/"}]}},"_links":{"self":[{"href":"https:\/\/psoecanarias.com\/web\/wp-json\/wp\/v2\/posts\/2414","targetHints":{"allow":["GET"]}}],"collection":[{"href":"https:\/\/psoecanarias.com\/web\/wp-json\/wp\/v2\/posts"}],"about":[{"href":"https:\/\/psoecanarias.com\/web\/wp-json\/wp\/v2\/types\/post"}],"author":[{"embeddable":true,"href":"https:\/\/psoecanarias.com\/web\/wp-json\/wp\/v2\/users\/1"}],"replies":[{"embeddable":true,"href":"https:\/\/psoecanarias.com\/web\/wp-json\/wp\/v2\/comments?post=2414"}],"version-history":[{"count":2,"href":"https:\/\/psoecanarias.com\/web\/wp-json\/wp\/v2\/posts\/2414\/revisions"}],"predecessor-version":[{"id":2416,"href":"https:\/\/psoecanarias.com\/web\/wp-json\/wp\/v2\/posts\/2414\/revisions\/2416"}],"wp:featuredmedia":[{"embeddable":true,"href":"https:\/\/psoecanarias.com\/web\/wp-json\/wp\/v2\/media\/2368"}],"wp:attachment":[{"href":"https:\/\/psoecanarias.com\/web\/wp-json\/wp\/v2\/media?parent=2414"}],"wp:term":[{"taxonomy":"category","embeddable":true,"href":"https:\/\/psoecanarias.com\/web\/wp-json\/wp\/v2\/categories?post=2414"},{"taxonomy":"post_tag","embeddable":true,"href":"https:\/\/psoecanarias.com\/web\/wp-json\/wp\/v2\/tags?post=2414"}],"curies":[{"name":"wp","href":"https:\/\/api.w.org\/{rel}","templated":true}]}}