{"id":2417,"date":"2016-10-14T11:58:16","date_gmt":"2016-10-14T10:58:16","guid":{"rendered":"http:\/\/psoecanarias.com\/web\/?p=2417"},"modified":"2016-10-14T11:58:16","modified_gmt":"2016-10-14T10:58:16","slug":"el-psoe-lamenta-que-red-electrica-ignore-a-las-instituciones-de-canarias","status":"publish","type":"post","link":"https:\/\/psoecanarias.com\/web\/el-psoe-lamenta-que-red-electrica-ignore-a-las-instituciones-de-canarias\/","title":{"rendered":"El PSOE lamenta que Red El\u00e9ctrica \u201cignore\u201d a las instituciones de Canarias"},"content":{"rendered":"<p style=\"text-align: justify;\"><em>XH\/ \u00a0<\/em>El portavoz de Industria y Energ\u00eda del Grupo Parlamentario Socialista, Gustavo Matos, lament\u00f3 este jueves que Red El\u00e9ctrica Espa\u00f1ola\u00a0 \u201cignore\u201d a las instituciones y colectivos sociales de Canarias, en esta ocasi\u00f3n concreta de la isla de La Palma en lo que respecta al trazado de corredor el\u00e9ctrico.<\/p>\n<p style=\"text-align: justify;\">Como record\u00f3, en la \u00faltima reuni\u00f3n de la comisi\u00f3n parlamentaria de energ\u00eda se aprob\u00f3 por unanimidad instar a la compa\u00f1\u00eda a reconsiderar el proyecto. En concreto se solicitaba la b\u00fasqueda de soluciones al d\u00e9ficit energ\u00e9tico que presenta el Valle de Aridane y la puesta en marcha de los proyectos pendientes que permitan la implantaci\u00f3n de renovables. Para ello, indic\u00f3, se abogaba por el establecimiento de un corredor energ\u00e9tico por el sur de la isla y la construcci\u00f3n de una nueva subestaci\u00f3n.<\/p>\n<p style=\"text-align: justify;\">\u201cEsta apuesta pol\u00edtica, social e institucional por el corredor del sur como alternativa al proyecto actual no puede ser pasada por alto por la compa\u00f1\u00eda el\u00e9ctrica\u201d, insisti\u00f3 el diputado, quien indic\u00f3 que la empresa, de seguir adelante con sus intenciones, \u201cestar\u00eda desoyendo, asimismo, la postura defendida por la Mesa Insular de Energ\u00eda\u201d.<\/p>\n<p style=\"text-align: justify;\">Matos ve \u201cinadmisible\u201d que Red El\u00e9ctrica haya remitido incluso, a las instituciones p\u00fablicas afectadas, un documento por el que iniciar\u00eda el procedimiento administrativo de evaluaci\u00f3n ambiental. \u201cEn asuntos de tanta trascendencia como este, resulta absolutamente imprescindible escuchar, intentar llegar a acuerdos y respetar la voz de las instituciones y colectivos sociales\u201d, insiste.<\/p>\n","protected":false},"excerpt":{"rendered":"<p>Gustavo Matos considera necesario apostar en La Palma por el corredor del sur como alternativa al proyecto actual<\/p>\n","protected":false},"author":1,"featured_media":2418,"comment_status":"open","ping_status":"open","sticky":false,"template":"","format":"standard","meta":{"footnotes":""},"categories":[7],"tags":[11,320,293,582,549,660],"class_list":["post-2417","post","type-post","status-publish","format-standard","has-post-thumbnail","hentry","category-politica","tag-canarias","tag-diputado","tag-grupo-parlamentario-socialista-canario","tag-gustavo-matos-exposito","tag-industria","tag-red-electrica"],"featured_image_src":"https:\/\/psoecanarias.com\/web\/wp-content\/uploads\/2016\/10\/IMG_2255-e1476442683948.jpg","author_info":{"display_name":"PSOE Canarias","author_link":"https:\/\/psoecanarias.com\/web\/author\/admin\/"},"yoast_head":"<!-- This site is optimized with the Yoast SEO plugin v27.2 - https:\/\/yoast.com\/product\/yoast-seo-wordpress\/ -->\n<title>El PSOE lamenta que Red El\u00e9ctrica \u201cignore\u201d a las instituciones de Canarias | PSOE Canarias<\/title>\n<meta name=\"robots\" content=\"index, follow, max-snippet:-1, max-image-preview:large, max-video-preview:-1\" \/>\n<link rel=\"canonical\" href=\"https:\/\/psoecanarias.com\/web\/el-psoe-lamenta-que-red-electrica-ignore-a-las-instituciones-de-canarias\/\" \/>\n<meta property=\"og:locale\" content=\"es_ES\" \/>\n<meta property=\"og:type\" content=\"article\" \/>\n<meta property=\"og:title\" content=\"El PSOE lamenta que Red El\u00e9ctrica \u201cignore\u201d a las instituciones de Canarias | PSOE Canarias\" \/>\n<meta property=\"og:description\" content=\"Gustavo Matos considera necesario apostar en La Palma por el corredor del sur como alternativa al proyecto actual\" \/>\n<meta property=\"og:url\" content=\"https:\/\/psoecanarias.com\/web\/el-psoe-lamenta-que-red-electrica-ignore-a-las-instituciones-de-canarias\/\" \/>\n<meta property=\"og:site_name\" content=\"PSOE Canarias\" \/>\n<meta property=\"article:published_time\" content=\"2016-10-14T10:58:16+00:00\" \/>\n<meta property=\"og:image\" content=\"https:\/\/psoecanarias.com\/web\/wp-content\/uploads\/2016\/10\/IMG_2255-e1476442683948.jpg\" \/>\n\t<meta property=\"og:image:width\" content=\"729\" \/>\n\t<meta property=\"og:image:height\" content=\"441\" \/>\n\t<meta property=\"og:image:type\" content=\"image\/jpeg\" \/>\n<meta name=\"author\" content=\"PSOE Canarias\" \/>\n<meta name=\"twitter:card\" content=\"summary_large_image\" \/>\n<script type=\"application\/ld+json\" class=\"yoast-schema-graph\">{\"@context\":\"https:\/\/schema.org\",\"@graph\":[{\"@type\":\"Article\",\"@id\":\"https:\/\/psoecanarias.com\/web\/el-psoe-lamenta-que-red-electrica-ignore-a-las-instituciones-de-canarias\/#article\",\"isPartOf\":{\"@id\":\"https:\/\/psoecanarias.com\/web\/el-psoe-lamenta-que-red-electrica-ignore-a-las-instituciones-de-canarias\/\"},\"author\":{\"name\":\"PSOE Canarias\",\"@id\":\"https:\/\/psoecanarias.com\/web\/#\/schema\/person\/1ae43f9659d2fc599ca69c11e1dbf26f\"},\"headline\":\"El PSOE lamenta que Red El\u00e9ctrica \u201cignore\u201d a las instituciones de Canarias\",\"datePublished\":\"2016-10-14T10:58:16+00:00\",\"mainEntityOfPage\":{\"@id\":\"https:\/\/psoecanarias.com\/web\/el-psoe-lamenta-que-red-electrica-ignore-a-las-instituciones-de-canarias\/\"},\"wordCount\":271,\"commentCount\":0,\"image\":{\"@id\":\"https:\/\/psoecanarias.com\/web\/el-psoe-lamenta-que-red-electrica-ignore-a-las-instituciones-de-canarias\/#primaryimage\"},\"thumbnailUrl\":\"https:\/\/psoecanarias.com\/web\/wp-content\/uploads\/2016\/10\/IMG_2255-e1476442683948.jpg\",\"keywords\":[\"Canarias\",\"Diputado\",\"Grupo Parlamentario Socialista Canario\",\"Gustavo Matos Exp\u00f3sito\",\"Industria\",\"Red El\u00e9ctrica\"],\"articleSection\":[\"Pol\u00edtica\"],\"inLanguage\":\"es\",\"potentialAction\":[{\"@type\":\"CommentAction\",\"name\":\"Comment\",\"target\":[\"https:\/\/psoecanarias.com\/web\/el-psoe-lamenta-que-red-electrica-ignore-a-las-instituciones-de-canarias\/#respond\"]}]},{\"@type\":\"WebPage\",\"@id\":\"https:\/\/psoecanarias.com\/web\/el-psoe-lamenta-que-red-electrica-ignore-a-las-instituciones-de-canarias\/\",\"url\":\"https:\/\/psoecanarias.com\/web\/el-psoe-lamenta-que-red-electrica-ignore-a-las-instituciones-de-canarias\/\",\"name\":\"El PSOE lamenta que Red El\u00e9ctrica \u201cignore\u201d a las instituciones de Canarias | PSOE Canarias\",\"isPartOf\":{\"@id\":\"https:\/\/psoecanarias.com\/web\/#website\"},\"primaryImageOfPage\":{\"@id\":\"https:\/\/psoecanarias.com\/web\/el-psoe-lamenta-que-red-electrica-ignore-a-las-instituciones-de-canarias\/#primaryimage\"},\"image\":{\"@id\":\"https:\/\/psoecanarias.com\/web\/el-psoe-lamenta-que-red-electrica-ignore-a-las-instituciones-de-canarias\/#primaryimage\"},\"thumbnailUrl\":\"https:\/\/psoecanarias.com\/web\/wp-content\/uploads\/2016\/10\/IMG_2255-e1476442683948.jpg\",\"datePublished\":\"2016-10-14T10:58:16+00:00\",\"author\":{\"@id\":\"https:\/\/psoecanarias.com\/web\/#\/schema\/person\/1ae43f9659d2fc599ca69c11e1dbf26f\"},\"breadcrumb\":{\"@id\":\"https:\/\/psoecanarias.com\/web\/el-psoe-lamenta-que-red-electrica-ignore-a-las-instituciones-de-canarias\/#breadcrumb\"},\"inLanguage\":\"es\",\"potentialAction\":[{\"@type\":\"ReadAction\",\"target\":[\"https:\/\/psoecanarias.com\/web\/el-psoe-lamenta-que-red-electrica-ignore-a-las-instituciones-de-canarias\/\"]}]},{\"@type\":\"ImageObject\",\"inLanguage\":\"es\",\"@id\":\"https:\/\/psoecanarias.com\/web\/el-psoe-lamenta-que-red-electrica-ignore-a-las-instituciones-de-canarias\/#primaryimage\",\"url\":\"https:\/\/psoecanarias.com\/web\/wp-content\/uploads\/2016\/10\/IMG_2255-e1476442683948.jpg\",\"contentUrl\":\"https:\/\/psoecanarias.com\/web\/wp-content\/uploads\/2016\/10\/IMG_2255-e1476442683948.jpg\",\"width\":729,\"height\":441},{\"@type\":\"BreadcrumbList\",\"@id\":\"https:\/\/psoecanarias.com\/web\/el-psoe-lamenta-que-red-electrica-ignore-a-las-instituciones-de-canarias\/#breadcrumb\",\"itemListElement\":[{\"@type\":\"ListItem\",\"position\":1,\"name\":\"Portada\",\"item\":\"https:\/\/psoecanarias.com\/web\/\"},{\"@type\":\"ListItem\",\"position\":2,\"name\":\"El PSOE lamenta que Red El\u00e9ctrica \u201cignore\u201d a las instituciones de Canarias\"}]},{\"@type\":\"WebSite\",\"@id\":\"https:\/\/psoecanarias.com\/web\/#website\",\"url\":\"https:\/\/psoecanarias.com\/web\/\",\"name\":\"PSOE Canarias\",\"description\":\"Partido Socialista Obrero Espa\u00f1ol Canarias\",\"potentialAction\":[{\"@type\":\"SearchAction\",\"target\":{\"@type\":\"EntryPoint\",\"urlTemplate\":\"https:\/\/psoecanarias.com\/web\/?s={search_term_string}\"},\"query-input\":{\"@type\":\"PropertyValueSpecification\",\"valueRequired\":true,\"valueName\":\"search_term_string\"}}],\"inLanguage\":\"es\"},{\"@type\":\"Person\",\"@id\":\"https:\/\/psoecanarias.com\/web\/#\/schema\/person\/1ae43f9659d2fc599ca69c11e1dbf26f\",\"name\":\"PSOE Canarias\",\"image\":{\"@type\":\"ImageObject\",\"inLanguage\":\"es\",\"@id\":\"https:\/\/secure.gravatar.com\/avatar\/4364d37f6f6f9cdb7af199b46151565f37d8a8c3c0e04c1d78c04e857a15e3a8?s=96&d=mm&r=g\",\"url\":\"https:\/\/secure.gravatar.com\/avatar\/4364d37f6f6f9cdb7af199b46151565f37d8a8c3c0e04c1d78c04e857a15e3a8?s=96&d=mm&r=g\",\"contentUrl\":\"https:\/\/secure.gravatar.com\/avatar\/4364d37f6f6f9cdb7af199b46151565f37d8a8c3c0e04c1d78c04e857a15e3a8?s=96&d=mm&r=g\",\"caption\":\"PSOE Canarias\"},\"url\":\"https:\/\/psoecanarias.com\/web\/author\/admin\/\"}]}<\/script>\n<!-- \/ Yoast SEO plugin. -->","yoast_head_json":{"title":"El PSOE lamenta que Red El\u00e9ctrica \u201cignore\u201d a las instituciones de Canarias | PSOE Canarias","robots":{"index":"index","follow":"follow","max-snippet":"max-snippet:-1","max-image-preview":"max-image-preview:large","max-video-preview":"max-video-preview:-1"},"canonical":"https:\/\/psoecanarias.com\/web\/el-psoe-lamenta-que-red-electrica-ignore-a-las-instituciones-de-canarias\/","og_locale":"es_ES","og_type":"article","og_title":"El PSOE lamenta que Red El\u00e9ctrica \u201cignore\u201d a las instituciones de Canarias | PSOE Canarias","og_description":"Gustavo Matos considera necesario apostar en La Palma por el corredor del sur como alternativa al proyecto actual","og_url":"https:\/\/psoecanarias.com\/web\/el-psoe-lamenta-que-red-electrica-ignore-a-las-instituciones-de-canarias\/","og_site_name":"PSOE Canarias","article_published_time":"2016-10-14T10:58:16+00:00","og_image":[{"width":729,"height":441,"url":"https:\/\/psoecanarias.com\/web\/wp-content\/uploads\/2016\/10\/IMG_2255-e1476442683948.jpg","type":"image\/jpeg"}],"author":"PSOE Canarias","twitter_card":"summary_large_image","schema":{"@context":"https:\/\/schema.org","@graph":[{"@type":"Article","@id":"https:\/\/psoecanarias.com\/web\/el-psoe-lamenta-que-red-electrica-ignore-a-las-instituciones-de-canarias\/#article","isPartOf":{"@id":"https:\/\/psoecanarias.com\/web\/el-psoe-lamenta-que-red-electrica-ignore-a-las-instituciones-de-canarias\/"},"author":{"name":"PSOE Canarias","@id":"https:\/\/psoecanarias.com\/web\/#\/schema\/person\/1ae43f9659d2fc599ca69c11e1dbf26f"},"headline":"El PSOE lamenta que Red El\u00e9ctrica \u201cignore\u201d a las instituciones de Canarias","datePublished":"2016-10-14T10:58:16+00:00","mainEntityOfPage":{"@id":"https:\/\/psoecanarias.com\/web\/el-psoe-lamenta-que-red-electrica-ignore-a-las-instituciones-de-canarias\/"},"wordCount":271,"commentCount":0,"image":{"@id":"https:\/\/psoecanarias.com\/web\/el-psoe-lamenta-que-red-electrica-ignore-a-las-instituciones-de-canarias\/#primaryimage"},"thumbnailUrl":"https:\/\/psoecanarias.com\/web\/wp-content\/uploads\/2016\/10\/IMG_2255-e1476442683948.jpg","keywords":["Canarias","Diputado","Grupo Parlamentario Socialista Canario","Gustavo Matos Exp\u00f3sito","Industria","Red El\u00e9ctrica"],"articleSection":["Pol\u00edtica"],"inLanguage":"es","potentialAction":[{"@type":"CommentAction","name":"Comment","target":["https:\/\/psoecanarias.com\/web\/el-psoe-lamenta-que-red-electrica-ignore-a-las-instituciones-de-canarias\/#respond"]}]},{"@type":"WebPage","@id":"https:\/\/psoecanarias.com\/web\/el-psoe-lamenta-que-red-electrica-ignore-a-las-instituciones-de-canarias\/","url":"https:\/\/psoecanarias.com\/web\/el-psoe-lamenta-que-red-electrica-ignore-a-las-instituciones-de-canarias\/","name":"El PSOE lamenta que Red El\u00e9ctrica \u201cignore\u201d a las instituciones de Canarias | PSOE Canarias","isPartOf":{"@id":"https:\/\/psoecanarias.com\/web\/#website"},"primaryImageOfPage":{"@id":"https:\/\/psoecanarias.com\/web\/el-psoe-lamenta-que-red-electrica-ignore-a-las-instituciones-de-canarias\/#primaryimage"},"image":{"@id":"https:\/\/psoecanarias.com\/web\/el-psoe-lamenta-que-red-electrica-ignore-a-las-instituciones-de-canarias\/#primaryimage"},"thumbnailUrl":"https:\/\/psoecanarias.com\/web\/wp-content\/uploads\/2016\/10\/IMG_2255-e1476442683948.jpg","datePublished":"2016-10-14T10:58:16+00:00","author":{"@id":"https:\/\/psoecanarias.com\/web\/#\/schema\/person\/1ae43f9659d2fc599ca69c11e1dbf26f"},"breadcrumb":{"@id":"https:\/\/psoecanarias.com\/web\/el-psoe-lamenta-que-red-electrica-ignore-a-las-instituciones-de-canarias\/#breadcrumb"},"inLanguage":"es","potentialAction":[{"@type":"ReadAction","target":["https:\/\/psoecanarias.com\/web\/el-psoe-lamenta-que-red-electrica-ignore-a-las-instituciones-de-canarias\/"]}]},{"@type":"ImageObject","inLanguage":"es","@id":"https:\/\/psoecanarias.com\/web\/el-psoe-lamenta-que-red-electrica-ignore-a-las-instituciones-de-canarias\/#primaryimage","url":"https:\/\/psoecanarias.com\/web\/wp-content\/uploads\/2016\/10\/IMG_2255-e1476442683948.jpg","contentUrl":"https:\/\/psoecanarias.com\/web\/wp-content\/uploads\/2016\/10\/IMG_2255-e1476442683948.jpg","width":729,"height":441},{"@type":"BreadcrumbList","@id":"https:\/\/psoecanarias.com\/web\/el-psoe-lamenta-que-red-electrica-ignore-a-las-instituciones-de-canarias\/#breadcrumb","itemListElement":[{"@type":"ListItem","position":1,"name":"Portada","item":"https:\/\/psoecanarias.com\/web\/"},{"@type":"ListItem","position":2,"name":"El PSOE lamenta que Red El\u00e9ctrica \u201cignore\u201d a las instituciones de Canarias"}]},{"@type":"WebSite","@id":"https:\/\/psoecanarias.com\/web\/#website","url":"https:\/\/psoecanarias.com\/web\/","name":"PSOE Canarias","description":"Partido Socialista Obrero Espa\u00f1ol Canarias","potentialAction":[{"@type":"SearchAction","target":{"@type":"EntryPoint","urlTemplate":"https:\/\/psoecanarias.com\/web\/?s={search_term_string}"},"query-input":{"@type":"PropertyValueSpecification","valueRequired":true,"valueName":"search_term_string"}}],"inLanguage":"es"},{"@type":"Person","@id":"https:\/\/psoecanarias.com\/web\/#\/schema\/person\/1ae43f9659d2fc599ca69c11e1dbf26f","name":"PSOE Canarias","image":{"@type":"ImageObject","inLanguage":"es","@id":"https:\/\/secure.gravatar.com\/avatar\/4364d37f6f6f9cdb7af199b46151565f37d8a8c3c0e04c1d78c04e857a15e3a8?s=96&d=mm&r=g","url":"https:\/\/secure.gravatar.com\/avatar\/4364d37f6f6f9cdb7af199b46151565f37d8a8c3c0e04c1d78c04e857a15e3a8?s=96&d=mm&r=g","contentUrl":"https:\/\/secure.gravatar.com\/avatar\/4364d37f6f6f9cdb7af199b46151565f37d8a8c3c0e04c1d78c04e857a15e3a8?s=96&d=mm&r=g","caption":"PSOE Canarias"},"url":"https:\/\/psoecanarias.com\/web\/author\/admin\/"}]}},"_links":{"self":[{"href":"https:\/\/psoecanarias.com\/web\/wp-json\/wp\/v2\/posts\/2417","targetHints":{"allow":["GET"]}}],"collection":[{"href":"https:\/\/psoecanarias.com\/web\/wp-json\/wp\/v2\/posts"}],"about":[{"href":"https:\/\/psoecanarias.com\/web\/wp-json\/wp\/v2\/types\/post"}],"author":[{"embeddable":true,"href":"https:\/\/psoecanarias.com\/web\/wp-json\/wp\/v2\/users\/1"}],"replies":[{"embeddable":true,"href":"https:\/\/psoecanarias.com\/web\/wp-json\/wp\/v2\/comments?post=2417"}],"version-history":[{"count":1,"href":"https:\/\/psoecanarias.com\/web\/wp-json\/wp\/v2\/posts\/2417\/revisions"}],"predecessor-version":[{"id":2419,"href":"https:\/\/psoecanarias.com\/web\/wp-json\/wp\/v2\/posts\/2417\/revisions\/2419"}],"wp:featuredmedia":[{"embeddable":true,"href":"https:\/\/psoecanarias.com\/web\/wp-json\/wp\/v2\/media\/2418"}],"wp:attachment":[{"href":"https:\/\/psoecanarias.com\/web\/wp-json\/wp\/v2\/media?parent=2417"}],"wp:term":[{"taxonomy":"category","embeddable":true,"href":"https:\/\/psoecanarias.com\/web\/wp-json\/wp\/v2\/categories?post=2417"},{"taxonomy":"post_tag","embeddable":true,"href":"https:\/\/psoecanarias.com\/web\/wp-json\/wp\/v2\/tags?post=2417"}],"curies":[{"name":"wp","href":"https:\/\/api.w.org\/{rel}","templated":true}]}}