{"id":2455,"date":"2016-10-26T11:39:10","date_gmt":"2016-10-26T10:39:10","guid":{"rendered":"http:\/\/psoecanarias.com\/web\/?p=2455"},"modified":"2016-10-26T11:39:10","modified_gmt":"2016-10-26T10:39:10","slug":"el-psoe-afirma-que-actuaciones-previstas-deben-servir-para-el-desarrollo-economico-y-la-creacion-de-empleo","status":"publish","type":"post","link":"https:\/\/psoecanarias.com\/web\/el-psoe-afirma-que-actuaciones-previstas-deben-servir-para-el-desarrollo-economico-y-la-creacion-de-empleo\/","title":{"rendered":"El PSOE afirma que actuaciones previstas deben servir para el desarrollo econ\u00f3mico y la creaci\u00f3n de empleo"},"content":{"rendered":"<p><em>XH\/\u00a0<\/em>El portavoz del Grupo Parlamentario Socialista, I\u00f1aki Lavandera, afirm\u00f3 este martes que en el conjunto de proyectos y programas presentados para acogerse al Fondo de Desarrollo de Canarias (Fdcan) hay \u201cactuaciones importantes y necesarias que deben servir para el desarrollo econ\u00f3mico y la creaci\u00f3n de empleo&#8221;.<\/p>\n<p>En el pleno de la C\u00e1mara, record\u00f3 que este fondo se articula en tres ejes fundamentales: conocimiento e I+D+i, infraestructuras y pol\u00edticas activas de empleo que, junto a la prestaci\u00f3n de servicios p\u00fablicos fundamentales, el PSOE considera que deben ser las prioridades del gobierno.<\/p>\n<p>\u201cNos parece muy positivo que el Gobierno no sea un mero distribuidor de fondos, sino que se reserve la posibilidad de resultar beneficiario directo del mismo con pol\u00edticas eminentemente regionales\u201d, dijo. En este sentido, indic\u00f3 que el Servicio Canario de Empleo ha presentado ya una solicitud de financiaci\u00f3n de 48 millones para un Plan Canario de Transici\u00f3n al Empleo, o el Servicio Canario de la Salud ha presentado diversos proyectos por una cuant\u00eda de 9 millones para mejorar la tecnificaci\u00f3n de la gesti\u00f3n sanitaria.<\/p>\n<p>Tambi\u00e9n puso en valor el papel que se les ha dado a las universidades p\u00fablicas canarias dentro del plan, mientras que en lo que concierne a la participaci\u00f3n de los cabildos y ayuntamientos como beneficiarios del plan, dijo compartir el esp\u00edritu del decreto de fomentar la coordinaci\u00f3n institucional aunque tambi\u00e9n se puedan presentar proyectos de manera individual.<br \/>\nAdem\u00e1s solicit\u00f3 que no se olvide el objetivo final del fondo a la hora de seleccionar los proyectos por encima del resto de consideraciones, que no es otro que el desarrollo econ\u00f3mico equilibrado, innovador y la creaci\u00f3n de empleo. \u201cHace unos d\u00edas dec\u00eda el presidente del Gobierno, en una visita a una isla, que esa isla iba a quedar muy bien retratada en el reparto y probablemente sea as\u00ed, pero adelantar una valoraci\u00f3n de este tipo sin que el Comit\u00e9 de Admisi\u00f3n y el Comit\u00e9 de Selecci\u00f3n que prev\u00e9 el propio Decreto hayan tomado ninguna decisi\u00f3n, quiz\u00e1s pueda alimentar viejos fantasmas y argumentos insularistas que, cuando menos, podemos calificar de\u00a0 desafortunados\u201d.<\/p>\n<p>Por \u00faltimo, advirti\u00f3 del \u201cdebate est\u00e9ril\u201d que se genera cada vez que hay un nuevo recurso econ\u00f3mico, \u201cun debate que se reabre reiteradamente para poner en entredicho el reparto de competencias y de recursos entre los tres niveles de la administraci\u00f3n en nuestra comunidad aut\u00f3noma, un debate que distrae sobre lo realmente importante, que es solucionar los problemas de la sociedad canaria\u201d.<\/p>\n","protected":false},"excerpt":{"rendered":"<p>El portavoz del Grupo Parlamentario Socialista, I\u00f1aki Lavandera, afirm\u00f3 este martes que en el conjunto de proyectos y programas presentados para acogerse al Fondo de Desarrollo de Canarias (Fdcan) hay \u201cactuaciones importantes y necesarias que deben servir para el desarrollo econ\u00f3mico y la creaci\u00f3n de empleo&#8221;.<\/p>\n","protected":false},"author":1,"featured_media":2165,"comment_status":"open","ping_status":"open","sticky":false,"template":"","format":"standard","meta":{"footnotes":""},"categories":[7],"tags":[320,680,293,32,216],"class_list":["post-2455","post","type-post","status-publish","format-standard","has-post-thumbnail","hentry","category-politica","tag-diputado","tag-fdcan","tag-grupo-parlamentario-socialista-canario","tag-inaki-lavandera","tag-portavoz"],"featured_image_src":"https:\/\/psoecanarias.com\/web\/wp-content\/uploads\/2016\/06\/Ilavandera.jpg","author_info":{"display_name":"PSOE Canarias","author_link":"https:\/\/psoecanarias.com\/web\/author\/admin\/"},"yoast_head":"<!-- This site is optimized with the Yoast SEO plugin v27.2 - https:\/\/yoast.com\/product\/yoast-seo-wordpress\/ -->\n<title>El PSOE afirma que actuaciones previstas deben servir para el desarrollo econ\u00f3mico y la creaci\u00f3n de empleo | PSOE Canarias<\/title>\n<meta name=\"robots\" content=\"index, follow, max-snippet:-1, max-image-preview:large, max-video-preview:-1\" \/>\n<link rel=\"canonical\" href=\"https:\/\/psoecanarias.com\/web\/el-psoe-afirma-que-actuaciones-previstas-deben-servir-para-el-desarrollo-economico-y-la-creacion-de-empleo\/\" \/>\n<meta property=\"og:locale\" content=\"es_ES\" \/>\n<meta property=\"og:type\" content=\"article\" \/>\n<meta property=\"og:title\" content=\"El PSOE afirma que actuaciones previstas deben servir para el desarrollo econ\u00f3mico y la creaci\u00f3n de empleo | PSOE Canarias\" \/>\n<meta property=\"og:description\" content=\"El portavoz del Grupo Parlamentario Socialista, I\u00f1aki Lavandera, afirm\u00f3 este martes que en el conjunto de proyectos y programas presentados para acogerse al Fondo de Desarrollo de Canarias (Fdcan) hay \u201cactuaciones importantes y necesarias que deben servir para el desarrollo econ\u00f3mico y la creaci\u00f3n de empleo&quot;.\" \/>\n<meta property=\"og:url\" content=\"https:\/\/psoecanarias.com\/web\/el-psoe-afirma-que-actuaciones-previstas-deben-servir-para-el-desarrollo-economico-y-la-creacion-de-empleo\/\" \/>\n<meta property=\"og:site_name\" content=\"PSOE Canarias\" \/>\n<meta property=\"article:published_time\" content=\"2016-10-26T10:39:10+00:00\" \/>\n<meta property=\"og:image\" content=\"https:\/\/psoecanarias.com\/web\/wp-content\/uploads\/2016\/06\/Ilavandera.jpg\" \/>\n\t<meta property=\"og:image:width\" content=\"640\" \/>\n\t<meta property=\"og:image:height\" content=\"354\" \/>\n\t<meta property=\"og:image:type\" content=\"image\/jpeg\" \/>\n<meta name=\"author\" content=\"PSOE Canarias\" \/>\n<meta name=\"twitter:card\" content=\"summary_large_image\" \/>\n<script type=\"application\/ld+json\" class=\"yoast-schema-graph\">{\"@context\":\"https:\/\/schema.org\",\"@graph\":[{\"@type\":\"Article\",\"@id\":\"https:\/\/psoecanarias.com\/web\/el-psoe-afirma-que-actuaciones-previstas-deben-servir-para-el-desarrollo-economico-y-la-creacion-de-empleo\/#article\",\"isPartOf\":{\"@id\":\"https:\/\/psoecanarias.com\/web\/el-psoe-afirma-que-actuaciones-previstas-deben-servir-para-el-desarrollo-economico-y-la-creacion-de-empleo\/\"},\"author\":{\"name\":\"PSOE Canarias\",\"@id\":\"https:\/\/psoecanarias.com\/web\/#\/schema\/person\/1ae43f9659d2fc599ca69c11e1dbf26f\"},\"headline\":\"El PSOE afirma que actuaciones previstas deben servir para el desarrollo econ\u00f3mico y la creaci\u00f3n de empleo\",\"datePublished\":\"2016-10-26T10:39:10+00:00\",\"mainEntityOfPage\":{\"@id\":\"https:\/\/psoecanarias.com\/web\/el-psoe-afirma-que-actuaciones-previstas-deben-servir-para-el-desarrollo-economico-y-la-creacion-de-empleo\/\"},\"wordCount\":457,\"commentCount\":0,\"image\":{\"@id\":\"https:\/\/psoecanarias.com\/web\/el-psoe-afirma-que-actuaciones-previstas-deben-servir-para-el-desarrollo-economico-y-la-creacion-de-empleo\/#primaryimage\"},\"thumbnailUrl\":\"https:\/\/psoecanarias.com\/web\/wp-content\/uploads\/2016\/06\/Ilavandera.jpg\",\"keywords\":[\"Diputado\",\"Fdcan\",\"Grupo Parlamentario Socialista Canario\",\"I\u00f1aki Lavandera\",\"portavoz\"],\"articleSection\":[\"Pol\u00edtica\"],\"inLanguage\":\"es\",\"potentialAction\":[{\"@type\":\"CommentAction\",\"name\":\"Comment\",\"target\":[\"https:\/\/psoecanarias.com\/web\/el-psoe-afirma-que-actuaciones-previstas-deben-servir-para-el-desarrollo-economico-y-la-creacion-de-empleo\/#respond\"]}]},{\"@type\":\"WebPage\",\"@id\":\"https:\/\/psoecanarias.com\/web\/el-psoe-afirma-que-actuaciones-previstas-deben-servir-para-el-desarrollo-economico-y-la-creacion-de-empleo\/\",\"url\":\"https:\/\/psoecanarias.com\/web\/el-psoe-afirma-que-actuaciones-previstas-deben-servir-para-el-desarrollo-economico-y-la-creacion-de-empleo\/\",\"name\":\"El PSOE afirma que actuaciones previstas deben servir para el desarrollo econ\u00f3mico y la creaci\u00f3n de empleo | PSOE Canarias\",\"isPartOf\":{\"@id\":\"https:\/\/psoecanarias.com\/web\/#website\"},\"primaryImageOfPage\":{\"@id\":\"https:\/\/psoecanarias.com\/web\/el-psoe-afirma-que-actuaciones-previstas-deben-servir-para-el-desarrollo-economico-y-la-creacion-de-empleo\/#primaryimage\"},\"image\":{\"@id\":\"https:\/\/psoecanarias.com\/web\/el-psoe-afirma-que-actuaciones-previstas-deben-servir-para-el-desarrollo-economico-y-la-creacion-de-empleo\/#primaryimage\"},\"thumbnailUrl\":\"https:\/\/psoecanarias.com\/web\/wp-content\/uploads\/2016\/06\/Ilavandera.jpg\",\"datePublished\":\"2016-10-26T10:39:10+00:00\",\"author\":{\"@id\":\"https:\/\/psoecanarias.com\/web\/#\/schema\/person\/1ae43f9659d2fc599ca69c11e1dbf26f\"},\"breadcrumb\":{\"@id\":\"https:\/\/psoecanarias.com\/web\/el-psoe-afirma-que-actuaciones-previstas-deben-servir-para-el-desarrollo-economico-y-la-creacion-de-empleo\/#breadcrumb\"},\"inLanguage\":\"es\",\"potentialAction\":[{\"@type\":\"ReadAction\",\"target\":[\"https:\/\/psoecanarias.com\/web\/el-psoe-afirma-que-actuaciones-previstas-deben-servir-para-el-desarrollo-economico-y-la-creacion-de-empleo\/\"]}]},{\"@type\":\"ImageObject\",\"inLanguage\":\"es\",\"@id\":\"https:\/\/psoecanarias.com\/web\/el-psoe-afirma-que-actuaciones-previstas-deben-servir-para-el-desarrollo-economico-y-la-creacion-de-empleo\/#primaryimage\",\"url\":\"https:\/\/psoecanarias.com\/web\/wp-content\/uploads\/2016\/06\/Ilavandera.jpg\",\"contentUrl\":\"https:\/\/psoecanarias.com\/web\/wp-content\/uploads\/2016\/06\/Ilavandera.jpg\",\"width\":640,\"height\":354},{\"@type\":\"BreadcrumbList\",\"@id\":\"https:\/\/psoecanarias.com\/web\/el-psoe-afirma-que-actuaciones-previstas-deben-servir-para-el-desarrollo-economico-y-la-creacion-de-empleo\/#breadcrumb\",\"itemListElement\":[{\"@type\":\"ListItem\",\"position\":1,\"name\":\"Portada\",\"item\":\"https:\/\/psoecanarias.com\/web\/\"},{\"@type\":\"ListItem\",\"position\":2,\"name\":\"El PSOE afirma que actuaciones previstas deben servir para el desarrollo econ\u00f3mico y la creaci\u00f3n de empleo\"}]},{\"@type\":\"WebSite\",\"@id\":\"https:\/\/psoecanarias.com\/web\/#website\",\"url\":\"https:\/\/psoecanarias.com\/web\/\",\"name\":\"PSOE Canarias\",\"description\":\"Partido Socialista Obrero Espa\u00f1ol Canarias\",\"potentialAction\":[{\"@type\":\"SearchAction\",\"target\":{\"@type\":\"EntryPoint\",\"urlTemplate\":\"https:\/\/psoecanarias.com\/web\/?s={search_term_string}\"},\"query-input\":{\"@type\":\"PropertyValueSpecification\",\"valueRequired\":true,\"valueName\":\"search_term_string\"}}],\"inLanguage\":\"es\"},{\"@type\":\"Person\",\"@id\":\"https:\/\/psoecanarias.com\/web\/#\/schema\/person\/1ae43f9659d2fc599ca69c11e1dbf26f\",\"name\":\"PSOE Canarias\",\"image\":{\"@type\":\"ImageObject\",\"inLanguage\":\"es\",\"@id\":\"https:\/\/secure.gravatar.com\/avatar\/4364d37f6f6f9cdb7af199b46151565f37d8a8c3c0e04c1d78c04e857a15e3a8?s=96&d=mm&r=g\",\"url\":\"https:\/\/secure.gravatar.com\/avatar\/4364d37f6f6f9cdb7af199b46151565f37d8a8c3c0e04c1d78c04e857a15e3a8?s=96&d=mm&r=g\",\"contentUrl\":\"https:\/\/secure.gravatar.com\/avatar\/4364d37f6f6f9cdb7af199b46151565f37d8a8c3c0e04c1d78c04e857a15e3a8?s=96&d=mm&r=g\",\"caption\":\"PSOE Canarias\"},\"url\":\"https:\/\/psoecanarias.com\/web\/author\/admin\/\"}]}<\/script>\n<!-- \/ Yoast SEO plugin. -->","yoast_head_json":{"title":"El PSOE afirma que actuaciones previstas deben servir para el desarrollo econ\u00f3mico y la creaci\u00f3n de empleo | PSOE Canarias","robots":{"index":"index","follow":"follow","max-snippet":"max-snippet:-1","max-image-preview":"max-image-preview:large","max-video-preview":"max-video-preview:-1"},"canonical":"https:\/\/psoecanarias.com\/web\/el-psoe-afirma-que-actuaciones-previstas-deben-servir-para-el-desarrollo-economico-y-la-creacion-de-empleo\/","og_locale":"es_ES","og_type":"article","og_title":"El PSOE afirma que actuaciones previstas deben servir para el desarrollo econ\u00f3mico y la creaci\u00f3n de empleo | PSOE Canarias","og_description":"El portavoz del Grupo Parlamentario Socialista, I\u00f1aki Lavandera, afirm\u00f3 este martes que en el conjunto de proyectos y programas presentados para acogerse al Fondo de Desarrollo de Canarias (Fdcan) hay \u201cactuaciones importantes y necesarias que deben servir para el desarrollo econ\u00f3mico y la creaci\u00f3n de empleo\".","og_url":"https:\/\/psoecanarias.com\/web\/el-psoe-afirma-que-actuaciones-previstas-deben-servir-para-el-desarrollo-economico-y-la-creacion-de-empleo\/","og_site_name":"PSOE Canarias","article_published_time":"2016-10-26T10:39:10+00:00","og_image":[{"width":640,"height":354,"url":"https:\/\/psoecanarias.com\/web\/wp-content\/uploads\/2016\/06\/Ilavandera.jpg","type":"image\/jpeg"}],"author":"PSOE Canarias","twitter_card":"summary_large_image","schema":{"@context":"https:\/\/schema.org","@graph":[{"@type":"Article","@id":"https:\/\/psoecanarias.com\/web\/el-psoe-afirma-que-actuaciones-previstas-deben-servir-para-el-desarrollo-economico-y-la-creacion-de-empleo\/#article","isPartOf":{"@id":"https:\/\/psoecanarias.com\/web\/el-psoe-afirma-que-actuaciones-previstas-deben-servir-para-el-desarrollo-economico-y-la-creacion-de-empleo\/"},"author":{"name":"PSOE Canarias","@id":"https:\/\/psoecanarias.com\/web\/#\/schema\/person\/1ae43f9659d2fc599ca69c11e1dbf26f"},"headline":"El PSOE afirma que actuaciones previstas deben servir para el desarrollo econ\u00f3mico y la creaci\u00f3n de empleo","datePublished":"2016-10-26T10:39:10+00:00","mainEntityOfPage":{"@id":"https:\/\/psoecanarias.com\/web\/el-psoe-afirma-que-actuaciones-previstas-deben-servir-para-el-desarrollo-economico-y-la-creacion-de-empleo\/"},"wordCount":457,"commentCount":0,"image":{"@id":"https:\/\/psoecanarias.com\/web\/el-psoe-afirma-que-actuaciones-previstas-deben-servir-para-el-desarrollo-economico-y-la-creacion-de-empleo\/#primaryimage"},"thumbnailUrl":"https:\/\/psoecanarias.com\/web\/wp-content\/uploads\/2016\/06\/Ilavandera.jpg","keywords":["Diputado","Fdcan","Grupo Parlamentario Socialista Canario","I\u00f1aki Lavandera","portavoz"],"articleSection":["Pol\u00edtica"],"inLanguage":"es","potentialAction":[{"@type":"CommentAction","name":"Comment","target":["https:\/\/psoecanarias.com\/web\/el-psoe-afirma-que-actuaciones-previstas-deben-servir-para-el-desarrollo-economico-y-la-creacion-de-empleo\/#respond"]}]},{"@type":"WebPage","@id":"https:\/\/psoecanarias.com\/web\/el-psoe-afirma-que-actuaciones-previstas-deben-servir-para-el-desarrollo-economico-y-la-creacion-de-empleo\/","url":"https:\/\/psoecanarias.com\/web\/el-psoe-afirma-que-actuaciones-previstas-deben-servir-para-el-desarrollo-economico-y-la-creacion-de-empleo\/","name":"El PSOE afirma que actuaciones previstas deben servir para el desarrollo econ\u00f3mico y la creaci\u00f3n de empleo | PSOE Canarias","isPartOf":{"@id":"https:\/\/psoecanarias.com\/web\/#website"},"primaryImageOfPage":{"@id":"https:\/\/psoecanarias.com\/web\/el-psoe-afirma-que-actuaciones-previstas-deben-servir-para-el-desarrollo-economico-y-la-creacion-de-empleo\/#primaryimage"},"image":{"@id":"https:\/\/psoecanarias.com\/web\/el-psoe-afirma-que-actuaciones-previstas-deben-servir-para-el-desarrollo-economico-y-la-creacion-de-empleo\/#primaryimage"},"thumbnailUrl":"https:\/\/psoecanarias.com\/web\/wp-content\/uploads\/2016\/06\/Ilavandera.jpg","datePublished":"2016-10-26T10:39:10+00:00","author":{"@id":"https:\/\/psoecanarias.com\/web\/#\/schema\/person\/1ae43f9659d2fc599ca69c11e1dbf26f"},"breadcrumb":{"@id":"https:\/\/psoecanarias.com\/web\/el-psoe-afirma-que-actuaciones-previstas-deben-servir-para-el-desarrollo-economico-y-la-creacion-de-empleo\/#breadcrumb"},"inLanguage":"es","potentialAction":[{"@type":"ReadAction","target":["https:\/\/psoecanarias.com\/web\/el-psoe-afirma-que-actuaciones-previstas-deben-servir-para-el-desarrollo-economico-y-la-creacion-de-empleo\/"]}]},{"@type":"ImageObject","inLanguage":"es","@id":"https:\/\/psoecanarias.com\/web\/el-psoe-afirma-que-actuaciones-previstas-deben-servir-para-el-desarrollo-economico-y-la-creacion-de-empleo\/#primaryimage","url":"https:\/\/psoecanarias.com\/web\/wp-content\/uploads\/2016\/06\/Ilavandera.jpg","contentUrl":"https:\/\/psoecanarias.com\/web\/wp-content\/uploads\/2016\/06\/Ilavandera.jpg","width":640,"height":354},{"@type":"BreadcrumbList","@id":"https:\/\/psoecanarias.com\/web\/el-psoe-afirma-que-actuaciones-previstas-deben-servir-para-el-desarrollo-economico-y-la-creacion-de-empleo\/#breadcrumb","itemListElement":[{"@type":"ListItem","position":1,"name":"Portada","item":"https:\/\/psoecanarias.com\/web\/"},{"@type":"ListItem","position":2,"name":"El PSOE afirma que actuaciones previstas deben servir para el desarrollo econ\u00f3mico y la creaci\u00f3n de empleo"}]},{"@type":"WebSite","@id":"https:\/\/psoecanarias.com\/web\/#website","url":"https:\/\/psoecanarias.com\/web\/","name":"PSOE Canarias","description":"Partido Socialista Obrero Espa\u00f1ol Canarias","potentialAction":[{"@type":"SearchAction","target":{"@type":"EntryPoint","urlTemplate":"https:\/\/psoecanarias.com\/web\/?s={search_term_string}"},"query-input":{"@type":"PropertyValueSpecification","valueRequired":true,"valueName":"search_term_string"}}],"inLanguage":"es"},{"@type":"Person","@id":"https:\/\/psoecanarias.com\/web\/#\/schema\/person\/1ae43f9659d2fc599ca69c11e1dbf26f","name":"PSOE Canarias","image":{"@type":"ImageObject","inLanguage":"es","@id":"https:\/\/secure.gravatar.com\/avatar\/4364d37f6f6f9cdb7af199b46151565f37d8a8c3c0e04c1d78c04e857a15e3a8?s=96&d=mm&r=g","url":"https:\/\/secure.gravatar.com\/avatar\/4364d37f6f6f9cdb7af199b46151565f37d8a8c3c0e04c1d78c04e857a15e3a8?s=96&d=mm&r=g","contentUrl":"https:\/\/secure.gravatar.com\/avatar\/4364d37f6f6f9cdb7af199b46151565f37d8a8c3c0e04c1d78c04e857a15e3a8?s=96&d=mm&r=g","caption":"PSOE Canarias"},"url":"https:\/\/psoecanarias.com\/web\/author\/admin\/"}]}},"_links":{"self":[{"href":"https:\/\/psoecanarias.com\/web\/wp-json\/wp\/v2\/posts\/2455","targetHints":{"allow":["GET"]}}],"collection":[{"href":"https:\/\/psoecanarias.com\/web\/wp-json\/wp\/v2\/posts"}],"about":[{"href":"https:\/\/psoecanarias.com\/web\/wp-json\/wp\/v2\/types\/post"}],"author":[{"embeddable":true,"href":"https:\/\/psoecanarias.com\/web\/wp-json\/wp\/v2\/users\/1"}],"replies":[{"embeddable":true,"href":"https:\/\/psoecanarias.com\/web\/wp-json\/wp\/v2\/comments?post=2455"}],"version-history":[{"count":1,"href":"https:\/\/psoecanarias.com\/web\/wp-json\/wp\/v2\/posts\/2455\/revisions"}],"predecessor-version":[{"id":2456,"href":"https:\/\/psoecanarias.com\/web\/wp-json\/wp\/v2\/posts\/2455\/revisions\/2456"}],"wp:featuredmedia":[{"embeddable":true,"href":"https:\/\/psoecanarias.com\/web\/wp-json\/wp\/v2\/media\/2165"}],"wp:attachment":[{"href":"https:\/\/psoecanarias.com\/web\/wp-json\/wp\/v2\/media?parent=2455"}],"wp:term":[{"taxonomy":"category","embeddable":true,"href":"https:\/\/psoecanarias.com\/web\/wp-json\/wp\/v2\/categories?post=2455"},{"taxonomy":"post_tag","embeddable":true,"href":"https:\/\/psoecanarias.com\/web\/wp-json\/wp\/v2\/tags?post=2455"}],"curies":[{"name":"wp","href":"https:\/\/api.w.org\/{rel}","templated":true}]}}