{"id":2471,"date":"2016-10-28T13:50:54","date_gmt":"2016-10-28T12:50:54","guid":{"rendered":"http:\/\/psoecanarias.com\/web\/?p=2471"},"modified":"2016-10-28T13:50:54","modified_gmt":"2016-10-28T12:50:54","slug":"los-representantes-socialistas-del-sur-de-tenerife-respaldan-de-forma-unanime-los-planes-de-obras-publicas-para-la-tf-1","status":"publish","type":"post","link":"https:\/\/psoecanarias.com\/web\/los-representantes-socialistas-del-sur-de-tenerife-respaldan-de-forma-unanime-los-planes-de-obras-publicas-para-la-tf-1\/","title":{"rendered":"Los representantes socialistas del sur de Tenerife respaldan de forma un\u00e1nime los planes de Obras P\u00fablicas para la TF-1"},"content":{"rendered":"<p style=\"text-align: justify;\">XH\/ Los alcaldes, portavoces municipales y representantes del PSOE de los ayuntamientos de Fasnia, Vilaflor, Arona, Adeje, Granadilla de Abona, San Miguel de Abona y Gu\u00eda de Isora mostraron su apoyo un\u00e1nime a las propuestas presentadas por la Consejer\u00eda de Obras P\u00fablicas y Transportes del Gobierno de Canarias para los problemas de tr\u00e1fico que se producen en la TF-1 a su paso por los municipios sure\u00f1os.<\/p>\n<p style=\"text-align: justify;\">Ornella Chac\u00f3n, consejera del \u00e1rea, y Jos\u00e9 Luis Delgado, director general de Infraestructura Viaria, explicaron durante un encuentro celebrado en las zonas m\u00e1s perjudicadas por los colapsos, las soluciones que se estudian y los plazos previstos para la puesta en marcha de las obras.<\/p>\n<p style=\"text-align: justify;\">Chac\u00f3n se entrevist\u00f3 con los alcaldes Dami\u00e1n P\u00e9rez (Fasnia), Agustina Beltr\u00e1n (Vilaflor), Jos\u00e9 Juli\u00e1n Mena (Arona), Jos\u00e9 Miguel Rodr\u00edguez Fraga (Adeje) y con los portavoces municipales Jaime Gonz\u00e1lez Cejas (Granadilla de Abona), V\u00edctor Chinea (San Miguel de Abona) y la consejera insular de Juventud, Igualdad y Patrimonio Hist\u00f3rico, Josefa Mesa (Gu\u00eda de Isora).<\/p>\n<p style=\"text-align: justify;\">La consejera les expuso las l\u00edneas de actuaci\u00f3n de su equipo de trabajo para tratar de solucionar \u201ccuanto antes\u201d los problemas detectados en el enlace de Los Cristianos en su conexi\u00f3n con el hospital comarcal del sur. Durante el encuentro tambi\u00e9n se detall\u00f3 el plan de actuaci\u00f3n para el enlace de Oroteanda, para el que la Consejer\u00eda de Obras P\u00fablicas ha pedido financiaci\u00f3n al Fondo de Desarrollo de Canarias (Fdecan), al igual que para la obra de cierre del Anillo Insular de Tenerife (t\u00fanel de Erjos).<\/p>\n<p style=\"text-align: justify;\">Los representantes socialistas del sur alabaron el rigor en el an\u00e1lisis de los problemas que sufre la principal v\u00eda de conexi\u00f3n de los municipios de la comarca y consideraron muy positivas las soluciones que se aplicar\u00e1n en un lugar que transitan \u201ctanto los habitantes de la zona como los millones de visitantes que recibe durante el a\u00f1o el sur de Tenerife\u201d.<\/p>\n<p style=\"text-align: justify;\">A pesar de los \u201cproblemas presupuestarios\u201d a los que se ha enfrentado el Gobierno de Canarias ante los incumplimientos del convenio de carreteras por el Estado en estos \u00faltimos cinco a\u00f1os, Chac\u00f3n insisti\u00f3 en la necesidad de afrontar cuanto antes un problema \u201cagravado\u201d por el p\u00e9simo estado del asfalto en muchos tramos de la TF-1, una competencia propia de los cabildos y que est\u00e1 acompa\u00f1ada de una ficha financiera que transfiere cada a\u00f1o el Gobierno de Canarias y que, en el caso de Tenerife, alcanza los 18 millones de euros.<\/p>\n","protected":false},"excerpt":{"rendered":"<p>Ornella Chac\u00f3n explica sobre el terreno las obras que se realizar\u00e1n en los enlaces de Los Cristianos de acceso al hospital comarcal y de Oroteanda<\/p>\n","protected":false},"author":1,"featured_media":2472,"comment_status":"open","ping_status":"open","sticky":false,"template":"","format":"standard","meta":{"footnotes":""},"categories":[7],"tags":[685,439,686,688,687,684,690,545,432,349,689],"class_list":["post-2471","post","type-post","status-publish","format-standard","has-post-thumbnail","hentry","category-politica","tag-agustina-beltran","tag-consejera","tag-damian-perez","tag-jaime-gonzalez-cejas","tag-jose-julian-mena","tag-jose-miguel-rodriguez-fraga","tag-josefa-mesa","tag-obras-publicas-y-transportes","tag-ornella-chacon","tag-tenerife-sur","tag-victor-chinea"],"featured_image_src":"https:\/\/psoecanarias.com\/web\/wp-content\/uploads\/2016\/10\/IMG_3990-e1477659031796.jpg","author_info":{"display_name":"PSOE Canarias","author_link":"https:\/\/psoecanarias.com\/web\/author\/admin\/"},"yoast_head":"<!-- This site is optimized with the Yoast SEO plugin v27.2 - https:\/\/yoast.com\/product\/yoast-seo-wordpress\/ -->\n<title>Los representantes socialistas del sur de Tenerife respaldan de forma un\u00e1nime los planes de Obras P\u00fablicas para la TF-1 | PSOE Canarias<\/title>\n<meta name=\"robots\" content=\"index, follow, max-snippet:-1, max-image-preview:large, max-video-preview:-1\" \/>\n<link rel=\"canonical\" href=\"https:\/\/psoecanarias.com\/web\/los-representantes-socialistas-del-sur-de-tenerife-respaldan-de-forma-unanime-los-planes-de-obras-publicas-para-la-tf-1\/\" \/>\n<meta property=\"og:locale\" content=\"es_ES\" \/>\n<meta property=\"og:type\" content=\"article\" \/>\n<meta property=\"og:title\" content=\"Los representantes socialistas del sur de Tenerife respaldan de forma un\u00e1nime los planes de Obras P\u00fablicas para la TF-1 | PSOE Canarias\" \/>\n<meta property=\"og:description\" content=\"Ornella Chac\u00f3n explica sobre el terreno las obras que se realizar\u00e1n en los enlaces de Los Cristianos de acceso al hospital comarcal y de Oroteanda\" \/>\n<meta property=\"og:url\" content=\"https:\/\/psoecanarias.com\/web\/los-representantes-socialistas-del-sur-de-tenerife-respaldan-de-forma-unanime-los-planes-de-obras-publicas-para-la-tf-1\/\" \/>\n<meta property=\"og:site_name\" content=\"PSOE Canarias\" \/>\n<meta property=\"article:published_time\" content=\"2016-10-28T12:50:54+00:00\" \/>\n<meta property=\"og:image\" content=\"https:\/\/psoecanarias.com\/web\/wp-content\/uploads\/2016\/10\/IMG_3990-e1477659031796.jpg\" \/>\n\t<meta property=\"og:image:width\" content=\"900\" \/>\n\t<meta property=\"og:image:height\" content=\"506\" \/>\n\t<meta property=\"og:image:type\" content=\"image\/jpeg\" \/>\n<meta name=\"author\" content=\"PSOE Canarias\" \/>\n<meta name=\"twitter:card\" content=\"summary_large_image\" \/>\n<script type=\"application\/ld+json\" class=\"yoast-schema-graph\">{\"@context\":\"https:\/\/schema.org\",\"@graph\":[{\"@type\":\"Article\",\"@id\":\"https:\/\/psoecanarias.com\/web\/los-representantes-socialistas-del-sur-de-tenerife-respaldan-de-forma-unanime-los-planes-de-obras-publicas-para-la-tf-1\/#article\",\"isPartOf\":{\"@id\":\"https:\/\/psoecanarias.com\/web\/los-representantes-socialistas-del-sur-de-tenerife-respaldan-de-forma-unanime-los-planes-de-obras-publicas-para-la-tf-1\/\"},\"author\":{\"name\":\"PSOE Canarias\",\"@id\":\"https:\/\/psoecanarias.com\/web\/#\/schema\/person\/1ae43f9659d2fc599ca69c11e1dbf26f\"},\"headline\":\"Los representantes socialistas del sur de Tenerife respaldan de forma un\u00e1nime los planes de Obras P\u00fablicas para la TF-1\",\"datePublished\":\"2016-10-28T12:50:54+00:00\",\"mainEntityOfPage\":{\"@id\":\"https:\/\/psoecanarias.com\/web\/los-representantes-socialistas-del-sur-de-tenerife-respaldan-de-forma-unanime-los-planes-de-obras-publicas-para-la-tf-1\/\"},\"wordCount\":457,\"commentCount\":0,\"image\":{\"@id\":\"https:\/\/psoecanarias.com\/web\/los-representantes-socialistas-del-sur-de-tenerife-respaldan-de-forma-unanime-los-planes-de-obras-publicas-para-la-tf-1\/#primaryimage\"},\"thumbnailUrl\":\"https:\/\/psoecanarias.com\/web\/wp-content\/uploads\/2016\/10\/IMG_3990-e1477659031796.jpg\",\"keywords\":[\"Agustina Beltr\u00e1n\",\"Consejera\",\"Dami\u00e1n P\u00e9rez\",\"Jaime Gonz\u00e1lez Cejas\",\"Jos\u00e9 Juli\u00e1n Mena\",\"Jos\u00e9 Miguel Rodr\u00edguez fraga\",\"Josefa Mesa\",\"Obras P\u00fablicas y Transportes\",\"Ornella Chac\u00f3n\",\"Tenerife sur\",\"Victor Chinea\"],\"articleSection\":[\"Pol\u00edtica\"],\"inLanguage\":\"es\",\"potentialAction\":[{\"@type\":\"CommentAction\",\"name\":\"Comment\",\"target\":[\"https:\/\/psoecanarias.com\/web\/los-representantes-socialistas-del-sur-de-tenerife-respaldan-de-forma-unanime-los-planes-de-obras-publicas-para-la-tf-1\/#respond\"]}]},{\"@type\":\"WebPage\",\"@id\":\"https:\/\/psoecanarias.com\/web\/los-representantes-socialistas-del-sur-de-tenerife-respaldan-de-forma-unanime-los-planes-de-obras-publicas-para-la-tf-1\/\",\"url\":\"https:\/\/psoecanarias.com\/web\/los-representantes-socialistas-del-sur-de-tenerife-respaldan-de-forma-unanime-los-planes-de-obras-publicas-para-la-tf-1\/\",\"name\":\"Los representantes socialistas del sur de Tenerife respaldan de forma un\u00e1nime los planes de Obras P\u00fablicas para la TF-1 | PSOE Canarias\",\"isPartOf\":{\"@id\":\"https:\/\/psoecanarias.com\/web\/#website\"},\"primaryImageOfPage\":{\"@id\":\"https:\/\/psoecanarias.com\/web\/los-representantes-socialistas-del-sur-de-tenerife-respaldan-de-forma-unanime-los-planes-de-obras-publicas-para-la-tf-1\/#primaryimage\"},\"image\":{\"@id\":\"https:\/\/psoecanarias.com\/web\/los-representantes-socialistas-del-sur-de-tenerife-respaldan-de-forma-unanime-los-planes-de-obras-publicas-para-la-tf-1\/#primaryimage\"},\"thumbnailUrl\":\"https:\/\/psoecanarias.com\/web\/wp-content\/uploads\/2016\/10\/IMG_3990-e1477659031796.jpg\",\"datePublished\":\"2016-10-28T12:50:54+00:00\",\"author\":{\"@id\":\"https:\/\/psoecanarias.com\/web\/#\/schema\/person\/1ae43f9659d2fc599ca69c11e1dbf26f\"},\"breadcrumb\":{\"@id\":\"https:\/\/psoecanarias.com\/web\/los-representantes-socialistas-del-sur-de-tenerife-respaldan-de-forma-unanime-los-planes-de-obras-publicas-para-la-tf-1\/#breadcrumb\"},\"inLanguage\":\"es\",\"potentialAction\":[{\"@type\":\"ReadAction\",\"target\":[\"https:\/\/psoecanarias.com\/web\/los-representantes-socialistas-del-sur-de-tenerife-respaldan-de-forma-unanime-los-planes-de-obras-publicas-para-la-tf-1\/\"]}]},{\"@type\":\"ImageObject\",\"inLanguage\":\"es\",\"@id\":\"https:\/\/psoecanarias.com\/web\/los-representantes-socialistas-del-sur-de-tenerife-respaldan-de-forma-unanime-los-planes-de-obras-publicas-para-la-tf-1\/#primaryimage\",\"url\":\"https:\/\/psoecanarias.com\/web\/wp-content\/uploads\/2016\/10\/IMG_3990-e1477659031796.jpg\",\"contentUrl\":\"https:\/\/psoecanarias.com\/web\/wp-content\/uploads\/2016\/10\/IMG_3990-e1477659031796.jpg\",\"width\":900,\"height\":506},{\"@type\":\"BreadcrumbList\",\"@id\":\"https:\/\/psoecanarias.com\/web\/los-representantes-socialistas-del-sur-de-tenerife-respaldan-de-forma-unanime-los-planes-de-obras-publicas-para-la-tf-1\/#breadcrumb\",\"itemListElement\":[{\"@type\":\"ListItem\",\"position\":1,\"name\":\"Portada\",\"item\":\"https:\/\/psoecanarias.com\/web\/\"},{\"@type\":\"ListItem\",\"position\":2,\"name\":\"Los representantes socialistas del sur de Tenerife respaldan de forma un\u00e1nime los planes de Obras P\u00fablicas para la TF-1\"}]},{\"@type\":\"WebSite\",\"@id\":\"https:\/\/psoecanarias.com\/web\/#website\",\"url\":\"https:\/\/psoecanarias.com\/web\/\",\"name\":\"PSOE Canarias\",\"description\":\"Partido Socialista Obrero Espa\u00f1ol Canarias\",\"potentialAction\":[{\"@type\":\"SearchAction\",\"target\":{\"@type\":\"EntryPoint\",\"urlTemplate\":\"https:\/\/psoecanarias.com\/web\/?s={search_term_string}\"},\"query-input\":{\"@type\":\"PropertyValueSpecification\",\"valueRequired\":true,\"valueName\":\"search_term_string\"}}],\"inLanguage\":\"es\"},{\"@type\":\"Person\",\"@id\":\"https:\/\/psoecanarias.com\/web\/#\/schema\/person\/1ae43f9659d2fc599ca69c11e1dbf26f\",\"name\":\"PSOE Canarias\",\"image\":{\"@type\":\"ImageObject\",\"inLanguage\":\"es\",\"@id\":\"https:\/\/secure.gravatar.com\/avatar\/4364d37f6f6f9cdb7af199b46151565f37d8a8c3c0e04c1d78c04e857a15e3a8?s=96&d=mm&r=g\",\"url\":\"https:\/\/secure.gravatar.com\/avatar\/4364d37f6f6f9cdb7af199b46151565f37d8a8c3c0e04c1d78c04e857a15e3a8?s=96&d=mm&r=g\",\"contentUrl\":\"https:\/\/secure.gravatar.com\/avatar\/4364d37f6f6f9cdb7af199b46151565f37d8a8c3c0e04c1d78c04e857a15e3a8?s=96&d=mm&r=g\",\"caption\":\"PSOE Canarias\"},\"url\":\"https:\/\/psoecanarias.com\/web\/author\/admin\/\"}]}<\/script>\n<!-- \/ Yoast SEO plugin. -->","yoast_head_json":{"title":"Los representantes socialistas del sur de Tenerife respaldan de forma un\u00e1nime los planes de Obras P\u00fablicas para la TF-1 | PSOE Canarias","robots":{"index":"index","follow":"follow","max-snippet":"max-snippet:-1","max-image-preview":"max-image-preview:large","max-video-preview":"max-video-preview:-1"},"canonical":"https:\/\/psoecanarias.com\/web\/los-representantes-socialistas-del-sur-de-tenerife-respaldan-de-forma-unanime-los-planes-de-obras-publicas-para-la-tf-1\/","og_locale":"es_ES","og_type":"article","og_title":"Los representantes socialistas del sur de Tenerife respaldan de forma un\u00e1nime los planes de Obras P\u00fablicas para la TF-1 | PSOE Canarias","og_description":"Ornella Chac\u00f3n explica sobre el terreno las obras que se realizar\u00e1n en los enlaces de Los Cristianos de acceso al hospital comarcal y de Oroteanda","og_url":"https:\/\/psoecanarias.com\/web\/los-representantes-socialistas-del-sur-de-tenerife-respaldan-de-forma-unanime-los-planes-de-obras-publicas-para-la-tf-1\/","og_site_name":"PSOE Canarias","article_published_time":"2016-10-28T12:50:54+00:00","og_image":[{"width":900,"height":506,"url":"https:\/\/psoecanarias.com\/web\/wp-content\/uploads\/2016\/10\/IMG_3990-e1477659031796.jpg","type":"image\/jpeg"}],"author":"PSOE Canarias","twitter_card":"summary_large_image","schema":{"@context":"https:\/\/schema.org","@graph":[{"@type":"Article","@id":"https:\/\/psoecanarias.com\/web\/los-representantes-socialistas-del-sur-de-tenerife-respaldan-de-forma-unanime-los-planes-de-obras-publicas-para-la-tf-1\/#article","isPartOf":{"@id":"https:\/\/psoecanarias.com\/web\/los-representantes-socialistas-del-sur-de-tenerife-respaldan-de-forma-unanime-los-planes-de-obras-publicas-para-la-tf-1\/"},"author":{"name":"PSOE Canarias","@id":"https:\/\/psoecanarias.com\/web\/#\/schema\/person\/1ae43f9659d2fc599ca69c11e1dbf26f"},"headline":"Los representantes socialistas del sur de Tenerife respaldan de forma un\u00e1nime los planes de Obras P\u00fablicas para la TF-1","datePublished":"2016-10-28T12:50:54+00:00","mainEntityOfPage":{"@id":"https:\/\/psoecanarias.com\/web\/los-representantes-socialistas-del-sur-de-tenerife-respaldan-de-forma-unanime-los-planes-de-obras-publicas-para-la-tf-1\/"},"wordCount":457,"commentCount":0,"image":{"@id":"https:\/\/psoecanarias.com\/web\/los-representantes-socialistas-del-sur-de-tenerife-respaldan-de-forma-unanime-los-planes-de-obras-publicas-para-la-tf-1\/#primaryimage"},"thumbnailUrl":"https:\/\/psoecanarias.com\/web\/wp-content\/uploads\/2016\/10\/IMG_3990-e1477659031796.jpg","keywords":["Agustina Beltr\u00e1n","Consejera","Dami\u00e1n P\u00e9rez","Jaime Gonz\u00e1lez Cejas","Jos\u00e9 Juli\u00e1n Mena","Jos\u00e9 Miguel Rodr\u00edguez fraga","Josefa Mesa","Obras P\u00fablicas y Transportes","Ornella Chac\u00f3n","Tenerife sur","Victor Chinea"],"articleSection":["Pol\u00edtica"],"inLanguage":"es","potentialAction":[{"@type":"CommentAction","name":"Comment","target":["https:\/\/psoecanarias.com\/web\/los-representantes-socialistas-del-sur-de-tenerife-respaldan-de-forma-unanime-los-planes-de-obras-publicas-para-la-tf-1\/#respond"]}]},{"@type":"WebPage","@id":"https:\/\/psoecanarias.com\/web\/los-representantes-socialistas-del-sur-de-tenerife-respaldan-de-forma-unanime-los-planes-de-obras-publicas-para-la-tf-1\/","url":"https:\/\/psoecanarias.com\/web\/los-representantes-socialistas-del-sur-de-tenerife-respaldan-de-forma-unanime-los-planes-de-obras-publicas-para-la-tf-1\/","name":"Los representantes socialistas del sur de Tenerife respaldan de forma un\u00e1nime los planes de Obras P\u00fablicas para la TF-1 | PSOE Canarias","isPartOf":{"@id":"https:\/\/psoecanarias.com\/web\/#website"},"primaryImageOfPage":{"@id":"https:\/\/psoecanarias.com\/web\/los-representantes-socialistas-del-sur-de-tenerife-respaldan-de-forma-unanime-los-planes-de-obras-publicas-para-la-tf-1\/#primaryimage"},"image":{"@id":"https:\/\/psoecanarias.com\/web\/los-representantes-socialistas-del-sur-de-tenerife-respaldan-de-forma-unanime-los-planes-de-obras-publicas-para-la-tf-1\/#primaryimage"},"thumbnailUrl":"https:\/\/psoecanarias.com\/web\/wp-content\/uploads\/2016\/10\/IMG_3990-e1477659031796.jpg","datePublished":"2016-10-28T12:50:54+00:00","author":{"@id":"https:\/\/psoecanarias.com\/web\/#\/schema\/person\/1ae43f9659d2fc599ca69c11e1dbf26f"},"breadcrumb":{"@id":"https:\/\/psoecanarias.com\/web\/los-representantes-socialistas-del-sur-de-tenerife-respaldan-de-forma-unanime-los-planes-de-obras-publicas-para-la-tf-1\/#breadcrumb"},"inLanguage":"es","potentialAction":[{"@type":"ReadAction","target":["https:\/\/psoecanarias.com\/web\/los-representantes-socialistas-del-sur-de-tenerife-respaldan-de-forma-unanime-los-planes-de-obras-publicas-para-la-tf-1\/"]}]},{"@type":"ImageObject","inLanguage":"es","@id":"https:\/\/psoecanarias.com\/web\/los-representantes-socialistas-del-sur-de-tenerife-respaldan-de-forma-unanime-los-planes-de-obras-publicas-para-la-tf-1\/#primaryimage","url":"https:\/\/psoecanarias.com\/web\/wp-content\/uploads\/2016\/10\/IMG_3990-e1477659031796.jpg","contentUrl":"https:\/\/psoecanarias.com\/web\/wp-content\/uploads\/2016\/10\/IMG_3990-e1477659031796.jpg","width":900,"height":506},{"@type":"BreadcrumbList","@id":"https:\/\/psoecanarias.com\/web\/los-representantes-socialistas-del-sur-de-tenerife-respaldan-de-forma-unanime-los-planes-de-obras-publicas-para-la-tf-1\/#breadcrumb","itemListElement":[{"@type":"ListItem","position":1,"name":"Portada","item":"https:\/\/psoecanarias.com\/web\/"},{"@type":"ListItem","position":2,"name":"Los representantes socialistas del sur de Tenerife respaldan de forma un\u00e1nime los planes de Obras P\u00fablicas para la TF-1"}]},{"@type":"WebSite","@id":"https:\/\/psoecanarias.com\/web\/#website","url":"https:\/\/psoecanarias.com\/web\/","name":"PSOE Canarias","description":"Partido Socialista Obrero Espa\u00f1ol Canarias","potentialAction":[{"@type":"SearchAction","target":{"@type":"EntryPoint","urlTemplate":"https:\/\/psoecanarias.com\/web\/?s={search_term_string}"},"query-input":{"@type":"PropertyValueSpecification","valueRequired":true,"valueName":"search_term_string"}}],"inLanguage":"es"},{"@type":"Person","@id":"https:\/\/psoecanarias.com\/web\/#\/schema\/person\/1ae43f9659d2fc599ca69c11e1dbf26f","name":"PSOE Canarias","image":{"@type":"ImageObject","inLanguage":"es","@id":"https:\/\/secure.gravatar.com\/avatar\/4364d37f6f6f9cdb7af199b46151565f37d8a8c3c0e04c1d78c04e857a15e3a8?s=96&d=mm&r=g","url":"https:\/\/secure.gravatar.com\/avatar\/4364d37f6f6f9cdb7af199b46151565f37d8a8c3c0e04c1d78c04e857a15e3a8?s=96&d=mm&r=g","contentUrl":"https:\/\/secure.gravatar.com\/avatar\/4364d37f6f6f9cdb7af199b46151565f37d8a8c3c0e04c1d78c04e857a15e3a8?s=96&d=mm&r=g","caption":"PSOE Canarias"},"url":"https:\/\/psoecanarias.com\/web\/author\/admin\/"}]}},"_links":{"self":[{"href":"https:\/\/psoecanarias.com\/web\/wp-json\/wp\/v2\/posts\/2471","targetHints":{"allow":["GET"]}}],"collection":[{"href":"https:\/\/psoecanarias.com\/web\/wp-json\/wp\/v2\/posts"}],"about":[{"href":"https:\/\/psoecanarias.com\/web\/wp-json\/wp\/v2\/types\/post"}],"author":[{"embeddable":true,"href":"https:\/\/psoecanarias.com\/web\/wp-json\/wp\/v2\/users\/1"}],"replies":[{"embeddable":true,"href":"https:\/\/psoecanarias.com\/web\/wp-json\/wp\/v2\/comments?post=2471"}],"version-history":[{"count":1,"href":"https:\/\/psoecanarias.com\/web\/wp-json\/wp\/v2\/posts\/2471\/revisions"}],"predecessor-version":[{"id":2473,"href":"https:\/\/psoecanarias.com\/web\/wp-json\/wp\/v2\/posts\/2471\/revisions\/2473"}],"wp:featuredmedia":[{"embeddable":true,"href":"https:\/\/psoecanarias.com\/web\/wp-json\/wp\/v2\/media\/2472"}],"wp:attachment":[{"href":"https:\/\/psoecanarias.com\/web\/wp-json\/wp\/v2\/media?parent=2471"}],"wp:term":[{"taxonomy":"category","embeddable":true,"href":"https:\/\/psoecanarias.com\/web\/wp-json\/wp\/v2\/categories?post=2471"},{"taxonomy":"post_tag","embeddable":true,"href":"https:\/\/psoecanarias.com\/web\/wp-json\/wp\/v2\/tags?post=2471"}],"curies":[{"name":"wp","href":"https:\/\/api.w.org\/{rel}","templated":true}]}}