{"id":2612,"date":"2016-11-29T19:51:22","date_gmt":"2016-11-29T19:51:22","guid":{"rendered":"http:\/\/psoecanarias.com\/web\/?p=2612"},"modified":"2016-11-29T19:51:22","modified_gmt":"2016-11-29T19:51:22","slug":"el-psoe-destaca-la-contundencia-con-que-politicas-sociales-esta-gestionando-la-vivienda","status":"publish","type":"post","link":"https:\/\/psoecanarias.com\/web\/el-psoe-destaca-la-contundencia-con-que-politicas-sociales-esta-gestionando-la-vivienda\/","title":{"rendered":"El PSOE destaca la contundencia con que Pol\u00edticas Sociales est\u00e1 gestionando la vivienda"},"content":{"rendered":"<p style=\"text-align: justify;\"><em>XH\/<\/em>\u00a0La diputada del PSOE Teresa Cruz Oval destac\u00f3 este martes la contundencia con la que la Consejer\u00eda de Empleo, Pol\u00edtica Social y Vivienda del Gobierno de Canarias est\u00e1 gestionando la vivienda en las islas. \u201cSus esfuerzos son m\u00e1ximos para limitar las consecuencias m\u00e1s crueles de la grave situaci\u00f3n socioecon\u00f3mica que hemos padecido en los \u00faltimos ocho a\u00f1os, los desahucios, y para poner las bases de actuaciones que permitan facilitar el acceso a la vivienda a las personas en condiciones asequibles, favoreciendo su inclusi\u00f3n social\u201d, dijo en el pleno del Parlamento.<\/p>\n<p style=\"text-align: justify;\">En su intervenci\u00f3n, lament\u00f3 que desde \u201cciertas posiciones pol\u00edticas\u201d se haya \u201cdenostado\u201d la importancia que la Constituci\u00f3n otorga al derecho a la vivienda, \u201cal identificar, interesadamente, derecho a la vivienda con derecho a su propiedad\u201d. Explic\u00f3 que esa preferencia por impulsar la propiedad en detrimento de otras formas jur\u00eddicas de uso y disfrute \u201cno es de extra\u00f1ar, dado que la vivienda ha sido concebida y utilizada m\u00e1s como una pieza de la pol\u00edtica econ\u00f3mica, basada durante d\u00e9cadas en la construcci\u00f3n, que como derecho social\u201d.<\/p>\n<p style=\"text-align: justify;\">Por ello, insisti\u00f3 en la necesidad de reconocer que el departamento que dirige Patricia Hern\u00e1ndez \u201cafortunadamente representa la excepci\u00f3n, ya que en la medida de sus posibilidades es consecuente con sus compromisos; desde el minuto uno ha defendido la funci\u00f3n social de la vivienda y ha emprendido acciones encaminadas a ello\u201d.<\/p>\n<p style=\"text-align: justify;\">Cruz Oval hizo hincapi\u00e9 en que la ausencia de vivienda conlleva a la imposibilidad de ejercer otros derechos e impide a las personas afectadas realizarse, tanto profesional como familiarmente y, en muchos casos, las condena a la exclusi\u00f3n social.<\/p>\n","protected":false},"excerpt":{"rendered":"<p>La diputada del PSOE Teresa Cruz Oval destac\u00f3 este martes la contundencia con la que la Consejer\u00eda de Empleo, Pol\u00edtica Social y Vivienda del Gobierno de Canarias est\u00e1 gestionando la vivienda en las islas.<\/p>\n","protected":false},"author":1,"featured_media":2613,"comment_status":"open","ping_status":"open","sticky":false,"template":"","format":"standard","meta":{"footnotes":""},"categories":[7],"tags":[616,302,293,521,741],"class_list":["post-2612","post","type-post","status-publish","format-standard","has-post-thumbnail","hentry","category-politica","tag-consejeria-de-empleo","tag-diputada","tag-grupo-parlamentario-socialista-canario","tag-maria-teresa-cruz-oval","tag-politicas-sociales-y-vivienda"],"featured_image_src":"https:\/\/psoecanarias.com\/web\/wp-content\/uploads\/2016\/11\/30863481885_7a42fb4580_k-e1480449025282.jpg","author_info":{"display_name":"PSOE Canarias","author_link":"https:\/\/psoecanarias.com\/web\/author\/admin\/"},"yoast_head":"<!-- This site is optimized with the Yoast SEO plugin v27.2 - https:\/\/yoast.com\/product\/yoast-seo-wordpress\/ -->\n<title>El PSOE destaca la contundencia con que Pol\u00edticas Sociales est\u00e1 gestionando la vivienda | PSOE Canarias<\/title>\n<meta name=\"robots\" content=\"index, follow, max-snippet:-1, max-image-preview:large, max-video-preview:-1\" \/>\n<link rel=\"canonical\" href=\"https:\/\/psoecanarias.com\/web\/el-psoe-destaca-la-contundencia-con-que-politicas-sociales-esta-gestionando-la-vivienda\/\" \/>\n<meta property=\"og:locale\" content=\"es_ES\" \/>\n<meta property=\"og:type\" content=\"article\" \/>\n<meta property=\"og:title\" content=\"El PSOE destaca la contundencia con que Pol\u00edticas Sociales est\u00e1 gestionando la vivienda | PSOE Canarias\" \/>\n<meta property=\"og:description\" content=\"La diputada del PSOE Teresa Cruz Oval destac\u00f3 este martes la contundencia con la que la Consejer\u00eda de Empleo, Pol\u00edtica Social y Vivienda del Gobierno de Canarias est\u00e1 gestionando la vivienda en las islas.\" \/>\n<meta property=\"og:url\" content=\"https:\/\/psoecanarias.com\/web\/el-psoe-destaca-la-contundencia-con-que-politicas-sociales-esta-gestionando-la-vivienda\/\" \/>\n<meta property=\"og:site_name\" content=\"PSOE Canarias\" \/>\n<meta property=\"article:published_time\" content=\"2016-11-29T19:51:22+00:00\" \/>\n<meta property=\"og:image\" content=\"https:\/\/psoecanarias.com\/web\/wp-content\/uploads\/2016\/11\/30863481885_7a42fb4580_k-e1480449025282.jpg\" \/>\n\t<meta property=\"og:image:width\" content=\"900\" \/>\n\t<meta property=\"og:image:height\" content=\"575\" \/>\n\t<meta property=\"og:image:type\" content=\"image\/jpeg\" \/>\n<meta name=\"author\" content=\"PSOE Canarias\" \/>\n<meta name=\"twitter:card\" content=\"summary_large_image\" \/>\n<script type=\"application\/ld+json\" class=\"yoast-schema-graph\">{\"@context\":\"https:\/\/schema.org\",\"@graph\":[{\"@type\":\"Article\",\"@id\":\"https:\/\/psoecanarias.com\/web\/el-psoe-destaca-la-contundencia-con-que-politicas-sociales-esta-gestionando-la-vivienda\/#article\",\"isPartOf\":{\"@id\":\"https:\/\/psoecanarias.com\/web\/el-psoe-destaca-la-contundencia-con-que-politicas-sociales-esta-gestionando-la-vivienda\/\"},\"author\":{\"name\":\"PSOE Canarias\",\"@id\":\"https:\/\/psoecanarias.com\/web\/#\/schema\/person\/1ae43f9659d2fc599ca69c11e1dbf26f\"},\"headline\":\"El PSOE destaca la contundencia con que Pol\u00edticas Sociales est\u00e1 gestionando la vivienda\",\"datePublished\":\"2016-11-29T19:51:22+00:00\",\"mainEntityOfPage\":{\"@id\":\"https:\/\/psoecanarias.com\/web\/el-psoe-destaca-la-contundencia-con-que-politicas-sociales-esta-gestionando-la-vivienda\/\"},\"wordCount\":301,\"commentCount\":0,\"image\":{\"@id\":\"https:\/\/psoecanarias.com\/web\/el-psoe-destaca-la-contundencia-con-que-politicas-sociales-esta-gestionando-la-vivienda\/#primaryimage\"},\"thumbnailUrl\":\"https:\/\/psoecanarias.com\/web\/wp-content\/uploads\/2016\/11\/30863481885_7a42fb4580_k-e1480449025282.jpg\",\"keywords\":[\"Consejer\u00eda de Empleo\",\"Diputada\",\"Grupo Parlamentario Socialista Canario\",\"Mar\u00eda Teresa Cruz Oval\",\"Pol\u00edticas Sociales y Vivienda\"],\"articleSection\":[\"Pol\u00edtica\"],\"inLanguage\":\"es\",\"potentialAction\":[{\"@type\":\"CommentAction\",\"name\":\"Comment\",\"target\":[\"https:\/\/psoecanarias.com\/web\/el-psoe-destaca-la-contundencia-con-que-politicas-sociales-esta-gestionando-la-vivienda\/#respond\"]}]},{\"@type\":\"WebPage\",\"@id\":\"https:\/\/psoecanarias.com\/web\/el-psoe-destaca-la-contundencia-con-que-politicas-sociales-esta-gestionando-la-vivienda\/\",\"url\":\"https:\/\/psoecanarias.com\/web\/el-psoe-destaca-la-contundencia-con-que-politicas-sociales-esta-gestionando-la-vivienda\/\",\"name\":\"El PSOE destaca la contundencia con que Pol\u00edticas Sociales est\u00e1 gestionando la vivienda | PSOE Canarias\",\"isPartOf\":{\"@id\":\"https:\/\/psoecanarias.com\/web\/#website\"},\"primaryImageOfPage\":{\"@id\":\"https:\/\/psoecanarias.com\/web\/el-psoe-destaca-la-contundencia-con-que-politicas-sociales-esta-gestionando-la-vivienda\/#primaryimage\"},\"image\":{\"@id\":\"https:\/\/psoecanarias.com\/web\/el-psoe-destaca-la-contundencia-con-que-politicas-sociales-esta-gestionando-la-vivienda\/#primaryimage\"},\"thumbnailUrl\":\"https:\/\/psoecanarias.com\/web\/wp-content\/uploads\/2016\/11\/30863481885_7a42fb4580_k-e1480449025282.jpg\",\"datePublished\":\"2016-11-29T19:51:22+00:00\",\"author\":{\"@id\":\"https:\/\/psoecanarias.com\/web\/#\/schema\/person\/1ae43f9659d2fc599ca69c11e1dbf26f\"},\"breadcrumb\":{\"@id\":\"https:\/\/psoecanarias.com\/web\/el-psoe-destaca-la-contundencia-con-que-politicas-sociales-esta-gestionando-la-vivienda\/#breadcrumb\"},\"inLanguage\":\"es\",\"potentialAction\":[{\"@type\":\"ReadAction\",\"target\":[\"https:\/\/psoecanarias.com\/web\/el-psoe-destaca-la-contundencia-con-que-politicas-sociales-esta-gestionando-la-vivienda\/\"]}]},{\"@type\":\"ImageObject\",\"inLanguage\":\"es\",\"@id\":\"https:\/\/psoecanarias.com\/web\/el-psoe-destaca-la-contundencia-con-que-politicas-sociales-esta-gestionando-la-vivienda\/#primaryimage\",\"url\":\"https:\/\/psoecanarias.com\/web\/wp-content\/uploads\/2016\/11\/30863481885_7a42fb4580_k-e1480449025282.jpg\",\"contentUrl\":\"https:\/\/psoecanarias.com\/web\/wp-content\/uploads\/2016\/11\/30863481885_7a42fb4580_k-e1480449025282.jpg\",\"width\":900,\"height\":575},{\"@type\":\"BreadcrumbList\",\"@id\":\"https:\/\/psoecanarias.com\/web\/el-psoe-destaca-la-contundencia-con-que-politicas-sociales-esta-gestionando-la-vivienda\/#breadcrumb\",\"itemListElement\":[{\"@type\":\"ListItem\",\"position\":1,\"name\":\"Portada\",\"item\":\"https:\/\/psoecanarias.com\/web\/\"},{\"@type\":\"ListItem\",\"position\":2,\"name\":\"El PSOE destaca la contundencia con que Pol\u00edticas Sociales est\u00e1 gestionando la vivienda\"}]},{\"@type\":\"WebSite\",\"@id\":\"https:\/\/psoecanarias.com\/web\/#website\",\"url\":\"https:\/\/psoecanarias.com\/web\/\",\"name\":\"PSOE Canarias\",\"description\":\"Partido Socialista Obrero Espa\u00f1ol Canarias\",\"potentialAction\":[{\"@type\":\"SearchAction\",\"target\":{\"@type\":\"EntryPoint\",\"urlTemplate\":\"https:\/\/psoecanarias.com\/web\/?s={search_term_string}\"},\"query-input\":{\"@type\":\"PropertyValueSpecification\",\"valueRequired\":true,\"valueName\":\"search_term_string\"}}],\"inLanguage\":\"es\"},{\"@type\":\"Person\",\"@id\":\"https:\/\/psoecanarias.com\/web\/#\/schema\/person\/1ae43f9659d2fc599ca69c11e1dbf26f\",\"name\":\"PSOE Canarias\",\"image\":{\"@type\":\"ImageObject\",\"inLanguage\":\"es\",\"@id\":\"https:\/\/secure.gravatar.com\/avatar\/4364d37f6f6f9cdb7af199b46151565f37d8a8c3c0e04c1d78c04e857a15e3a8?s=96&d=mm&r=g\",\"url\":\"https:\/\/secure.gravatar.com\/avatar\/4364d37f6f6f9cdb7af199b46151565f37d8a8c3c0e04c1d78c04e857a15e3a8?s=96&d=mm&r=g\",\"contentUrl\":\"https:\/\/secure.gravatar.com\/avatar\/4364d37f6f6f9cdb7af199b46151565f37d8a8c3c0e04c1d78c04e857a15e3a8?s=96&d=mm&r=g\",\"caption\":\"PSOE Canarias\"},\"url\":\"https:\/\/psoecanarias.com\/web\/author\/admin\/\"}]}<\/script>\n<!-- \/ Yoast SEO plugin. -->","yoast_head_json":{"title":"El PSOE destaca la contundencia con que Pol\u00edticas Sociales est\u00e1 gestionando la vivienda | PSOE Canarias","robots":{"index":"index","follow":"follow","max-snippet":"max-snippet:-1","max-image-preview":"max-image-preview:large","max-video-preview":"max-video-preview:-1"},"canonical":"https:\/\/psoecanarias.com\/web\/el-psoe-destaca-la-contundencia-con-que-politicas-sociales-esta-gestionando-la-vivienda\/","og_locale":"es_ES","og_type":"article","og_title":"El PSOE destaca la contundencia con que Pol\u00edticas Sociales est\u00e1 gestionando la vivienda | PSOE Canarias","og_description":"La diputada del PSOE Teresa Cruz Oval destac\u00f3 este martes la contundencia con la que la Consejer\u00eda de Empleo, Pol\u00edtica Social y Vivienda del Gobierno de Canarias est\u00e1 gestionando la vivienda en las islas.","og_url":"https:\/\/psoecanarias.com\/web\/el-psoe-destaca-la-contundencia-con-que-politicas-sociales-esta-gestionando-la-vivienda\/","og_site_name":"PSOE Canarias","article_published_time":"2016-11-29T19:51:22+00:00","og_image":[{"width":900,"height":575,"url":"https:\/\/psoecanarias.com\/web\/wp-content\/uploads\/2016\/11\/30863481885_7a42fb4580_k-e1480449025282.jpg","type":"image\/jpeg"}],"author":"PSOE Canarias","twitter_card":"summary_large_image","schema":{"@context":"https:\/\/schema.org","@graph":[{"@type":"Article","@id":"https:\/\/psoecanarias.com\/web\/el-psoe-destaca-la-contundencia-con-que-politicas-sociales-esta-gestionando-la-vivienda\/#article","isPartOf":{"@id":"https:\/\/psoecanarias.com\/web\/el-psoe-destaca-la-contundencia-con-que-politicas-sociales-esta-gestionando-la-vivienda\/"},"author":{"name":"PSOE Canarias","@id":"https:\/\/psoecanarias.com\/web\/#\/schema\/person\/1ae43f9659d2fc599ca69c11e1dbf26f"},"headline":"El PSOE destaca la contundencia con que Pol\u00edticas Sociales est\u00e1 gestionando la vivienda","datePublished":"2016-11-29T19:51:22+00:00","mainEntityOfPage":{"@id":"https:\/\/psoecanarias.com\/web\/el-psoe-destaca-la-contundencia-con-que-politicas-sociales-esta-gestionando-la-vivienda\/"},"wordCount":301,"commentCount":0,"image":{"@id":"https:\/\/psoecanarias.com\/web\/el-psoe-destaca-la-contundencia-con-que-politicas-sociales-esta-gestionando-la-vivienda\/#primaryimage"},"thumbnailUrl":"https:\/\/psoecanarias.com\/web\/wp-content\/uploads\/2016\/11\/30863481885_7a42fb4580_k-e1480449025282.jpg","keywords":["Consejer\u00eda de Empleo","Diputada","Grupo Parlamentario Socialista Canario","Mar\u00eda Teresa Cruz Oval","Pol\u00edticas Sociales y Vivienda"],"articleSection":["Pol\u00edtica"],"inLanguage":"es","potentialAction":[{"@type":"CommentAction","name":"Comment","target":["https:\/\/psoecanarias.com\/web\/el-psoe-destaca-la-contundencia-con-que-politicas-sociales-esta-gestionando-la-vivienda\/#respond"]}]},{"@type":"WebPage","@id":"https:\/\/psoecanarias.com\/web\/el-psoe-destaca-la-contundencia-con-que-politicas-sociales-esta-gestionando-la-vivienda\/","url":"https:\/\/psoecanarias.com\/web\/el-psoe-destaca-la-contundencia-con-que-politicas-sociales-esta-gestionando-la-vivienda\/","name":"El PSOE destaca la contundencia con que Pol\u00edticas Sociales est\u00e1 gestionando la vivienda | PSOE Canarias","isPartOf":{"@id":"https:\/\/psoecanarias.com\/web\/#website"},"primaryImageOfPage":{"@id":"https:\/\/psoecanarias.com\/web\/el-psoe-destaca-la-contundencia-con-que-politicas-sociales-esta-gestionando-la-vivienda\/#primaryimage"},"image":{"@id":"https:\/\/psoecanarias.com\/web\/el-psoe-destaca-la-contundencia-con-que-politicas-sociales-esta-gestionando-la-vivienda\/#primaryimage"},"thumbnailUrl":"https:\/\/psoecanarias.com\/web\/wp-content\/uploads\/2016\/11\/30863481885_7a42fb4580_k-e1480449025282.jpg","datePublished":"2016-11-29T19:51:22+00:00","author":{"@id":"https:\/\/psoecanarias.com\/web\/#\/schema\/person\/1ae43f9659d2fc599ca69c11e1dbf26f"},"breadcrumb":{"@id":"https:\/\/psoecanarias.com\/web\/el-psoe-destaca-la-contundencia-con-que-politicas-sociales-esta-gestionando-la-vivienda\/#breadcrumb"},"inLanguage":"es","potentialAction":[{"@type":"ReadAction","target":["https:\/\/psoecanarias.com\/web\/el-psoe-destaca-la-contundencia-con-que-politicas-sociales-esta-gestionando-la-vivienda\/"]}]},{"@type":"ImageObject","inLanguage":"es","@id":"https:\/\/psoecanarias.com\/web\/el-psoe-destaca-la-contundencia-con-que-politicas-sociales-esta-gestionando-la-vivienda\/#primaryimage","url":"https:\/\/psoecanarias.com\/web\/wp-content\/uploads\/2016\/11\/30863481885_7a42fb4580_k-e1480449025282.jpg","contentUrl":"https:\/\/psoecanarias.com\/web\/wp-content\/uploads\/2016\/11\/30863481885_7a42fb4580_k-e1480449025282.jpg","width":900,"height":575},{"@type":"BreadcrumbList","@id":"https:\/\/psoecanarias.com\/web\/el-psoe-destaca-la-contundencia-con-que-politicas-sociales-esta-gestionando-la-vivienda\/#breadcrumb","itemListElement":[{"@type":"ListItem","position":1,"name":"Portada","item":"https:\/\/psoecanarias.com\/web\/"},{"@type":"ListItem","position":2,"name":"El PSOE destaca la contundencia con que Pol\u00edticas Sociales est\u00e1 gestionando la vivienda"}]},{"@type":"WebSite","@id":"https:\/\/psoecanarias.com\/web\/#website","url":"https:\/\/psoecanarias.com\/web\/","name":"PSOE Canarias","description":"Partido Socialista Obrero Espa\u00f1ol Canarias","potentialAction":[{"@type":"SearchAction","target":{"@type":"EntryPoint","urlTemplate":"https:\/\/psoecanarias.com\/web\/?s={search_term_string}"},"query-input":{"@type":"PropertyValueSpecification","valueRequired":true,"valueName":"search_term_string"}}],"inLanguage":"es"},{"@type":"Person","@id":"https:\/\/psoecanarias.com\/web\/#\/schema\/person\/1ae43f9659d2fc599ca69c11e1dbf26f","name":"PSOE Canarias","image":{"@type":"ImageObject","inLanguage":"es","@id":"https:\/\/secure.gravatar.com\/avatar\/4364d37f6f6f9cdb7af199b46151565f37d8a8c3c0e04c1d78c04e857a15e3a8?s=96&d=mm&r=g","url":"https:\/\/secure.gravatar.com\/avatar\/4364d37f6f6f9cdb7af199b46151565f37d8a8c3c0e04c1d78c04e857a15e3a8?s=96&d=mm&r=g","contentUrl":"https:\/\/secure.gravatar.com\/avatar\/4364d37f6f6f9cdb7af199b46151565f37d8a8c3c0e04c1d78c04e857a15e3a8?s=96&d=mm&r=g","caption":"PSOE Canarias"},"url":"https:\/\/psoecanarias.com\/web\/author\/admin\/"}]}},"_links":{"self":[{"href":"https:\/\/psoecanarias.com\/web\/wp-json\/wp\/v2\/posts\/2612","targetHints":{"allow":["GET"]}}],"collection":[{"href":"https:\/\/psoecanarias.com\/web\/wp-json\/wp\/v2\/posts"}],"about":[{"href":"https:\/\/psoecanarias.com\/web\/wp-json\/wp\/v2\/types\/post"}],"author":[{"embeddable":true,"href":"https:\/\/psoecanarias.com\/web\/wp-json\/wp\/v2\/users\/1"}],"replies":[{"embeddable":true,"href":"https:\/\/psoecanarias.com\/web\/wp-json\/wp\/v2\/comments?post=2612"}],"version-history":[{"count":1,"href":"https:\/\/psoecanarias.com\/web\/wp-json\/wp\/v2\/posts\/2612\/revisions"}],"predecessor-version":[{"id":2614,"href":"https:\/\/psoecanarias.com\/web\/wp-json\/wp\/v2\/posts\/2612\/revisions\/2614"}],"wp:featuredmedia":[{"embeddable":true,"href":"https:\/\/psoecanarias.com\/web\/wp-json\/wp\/v2\/media\/2613"}],"wp:attachment":[{"href":"https:\/\/psoecanarias.com\/web\/wp-json\/wp\/v2\/media?parent=2612"}],"wp:term":[{"taxonomy":"category","embeddable":true,"href":"https:\/\/psoecanarias.com\/web\/wp-json\/wp\/v2\/categories?post=2612"},{"taxonomy":"post_tag","embeddable":true,"href":"https:\/\/psoecanarias.com\/web\/wp-json\/wp\/v2\/tags?post=2612"}],"curies":[{"name":"wp","href":"https:\/\/api.w.org\/{rel}","templated":true}]}}