{"id":26333,"date":"2022-07-01T12:07:29","date_gmt":"2022-07-01T11:07:29","guid":{"rendered":"https:\/\/psoecanarias.com\/web\/?p=26333"},"modified":"2022-12-27T09:41:26","modified_gmt":"2022-12-27T09:41:26","slug":"blindar-la-sanidad-publica","status":"publish","type":"post","link":"https:\/\/psoecanarias.com\/web\/blindar-la-sanidad-publica\/","title":{"rendered":"Blindar la Sanidad p\u00fablica"},"content":{"rendered":"<p>A veces tendemos a creer que los derechos que hemos ido ganando como sociedad democr\u00e1tica son eternos e inamovibles. Un error grave, porque derechos tan fundamentales en nuestro sistema como la educaci\u00f3n y la sanidad p\u00fablica, no han sido prioritarios en la agenda de todos los gobiernos, como ha sucedido en las etapas en las que ha estado al frente de este pa\u00eds el Partido Popular. La apuesta por consolidar una sanidad p\u00fablica universal y de calidad ha sido una de los signos de identidad de los gobiernos socialistas.<\/p>\n<p>Un hito en esta vocaci\u00f3n por seguir dando pasos para garantizar y robustecer el sistema p\u00fablico de salud, ha sido la aprobaci\u00f3n por el Consejo de Ministros que preside Pedro S\u00e1nchez del Anteproyecto de la Ley que consolida la Equidad, Universalidad y Cohesi\u00f3n del Sistema Nacional de Salud. Proyecto que ahora sigue su tramitaci\u00f3n en el Parlamento. A trav\u00e9s de este proyecto de Ley se permitir\u00e1 dar cumplimiento a nuestros compromisos y al programa de Gobierno de progreso, garantizando con ello la equidad, la cohesi\u00f3n y la universalidad del Sistema Nacional de Salud. Ganamos en derechos y logramos devolver a la ciudadan\u00eda lo que gobiernos anteriores suprimieron. Se trata de una iniciativa legislativa acorde con el ADN de este Gobierno, medidas que mejoran la vida de las personas vengan de donde vengan y vivan donde vivan.<\/p>\n<p>Nos encontramos ante una norma que tiene como objetivo blindar la sanidad p\u00fablica. Con un modelo de gesti\u00f3n directa en el Sistema Nacional de Salud, la gesti\u00f3n directa, entendiendo como tal, aquella que se presta a trav\u00e9s de las administraciones p\u00fablicas (entidades que conforman el sector p\u00fablico institucional estatal, auton\u00f3mico o local; y mediante la creaci\u00f3n de consorcios, 100% de titularidad p\u00fablica\u201d.<\/p>\n<p>Mediante una apuesta decidida por la equidad, el Gobierno de Pedro S\u00e1nchez ha ido eliminando progresivamente los copagos farmac\u00e9uticos que impuso el gobierno del Partido Popular. Hemos desterrado los copagos para los colectivos m\u00e1s vulnerables como las personas perceptoras del Ingreso M\u00ednimo Vital, pensionistas con rentas m\u00e1s bajas, menores con discapacidad reconocida y a personas de rentas bajas por hijo a cargo. Unos 6 millones de personas se han beneficiado de esta supresi\u00f3n de los copagos. Este anteproyecto, que se acaba de aprobar, elimina, tambi\u00e9n, el copago ortoprot\u00e9sico a estos colectivos.<\/p>\n<p>Se ampl\u00eda con cargo a fondos p\u00fablicos, el derecho a la asistencia sanitaria a las personas ascendientes reagrupadas por su hija o hijo titular del derecho a la asistencia sanitaria en el SNS, siempre que no haya un tercero obligado al pago; Y ampl\u00eda derechos a las personas espa\u00f1olas de origen y residentes en el exterior durante sus desplazamientos temporales al territorio espa\u00f1ol y sus familiares.<\/p>\n<p>El Anteproyecto de Ley tambi\u00e9n profundiza en uno de los valores claves en el sistema p\u00fablico de salud, como es la universalidad, ampliando el derecho a la asistencia sanitaria a las personas ascendientes reagrupadas por su hija o hijo titular del derecho a la asistencia sanitaria en el Sistema Nacional de Salud. Adem\u00e1s de ampliar derechos a las personas espa\u00f1olas de origen y residentes en el exterior durante sus desplazamientos temporales al territorio espa\u00f1ol y sus familiares.<\/p>\n<p>Del mismo modo, mediante este articulado, se garantiza la homogeneidad en la efectividad del derecho a la protecci\u00f3n a la salud, a la asistencia sanitaria, a las personas no registradas ni autorizadas como residentes en Espa\u00f1a. Un Sistema que, adem\u00e1s, se guiar\u00e1 por los principios e instrumentos de buena gobernanza y consolida la cultura evaluativa. Con un modelo que ser\u00e1 m\u00e1s participativo y coordinado, a trav\u00e9s del Foro Abierto de Salud, que tendr\u00e1 car\u00e1cter permanente, incorporando la voz de los pacientes, personas con discapacidad, colegios profesionales y sociedades cient\u00edficas.<\/p>\n<p>Nos encontramos, por tanto, ante un avance cualitativo, que permitir\u00e1 consolidar el derecho a una atenci\u00f3n sanitaria universal y de calidad, despu\u00e9s de los intentos por adelgazar el sistema p\u00fablico de salud de los gobiernos del Partido Popular. Un paso firme que nos compromete tambi\u00e9n a seguir apostando por dotar de recursos al Sistema Nacional de Salud para garantizar la mejor prestaci\u00f3n sanitaria, la investigaci\u00f3n y, en definitiva, el cuidado de las personas.<\/p>\n","protected":false},"excerpt":{"rendered":"<p>Art\u00edculo de opini\u00f3n sobre la Ley de equidad, universalidad y cohesi\u00f3n, impulsada por el Gobierno de Pedro S\u00e1nchez<\/p>\n","protected":false},"author":1,"featured_media":26338,"comment_status":"open","ping_status":"open","sticky":false,"template":"","format":"standard","meta":{"footnotes":""},"categories":[1186,7],"tags":[1226],"class_list":["post-26333","post","type-post","status-publish","format-standard","has-post-thumbnail","hentry","category-opinion","category-politica","tag-kilian-sanchez"],"featured_image_src":"https:\/\/psoecanarias.com\/web\/wp-content\/uploads\/2022\/07\/articulo-kilian-1.png","author_info":{"display_name":"PSOE Canarias","author_link":"https:\/\/psoecanarias.com\/web\/author\/admin\/"},"yoast_head":"<!-- This site is optimized with the Yoast SEO plugin v27.2 - https:\/\/yoast.com\/product\/yoast-seo-wordpress\/ -->\n<title>Blindar la Sanidad p\u00fablica | PSOE Canarias<\/title>\n<meta name=\"robots\" content=\"index, follow, max-snippet:-1, max-image-preview:large, max-video-preview:-1\" \/>\n<link rel=\"canonical\" href=\"https:\/\/psoecanarias.com\/web\/blindar-la-sanidad-publica\/\" \/>\n<meta property=\"og:locale\" content=\"es_ES\" \/>\n<meta property=\"og:type\" content=\"article\" \/>\n<meta property=\"og:title\" content=\"Blindar la Sanidad p\u00fablica | PSOE Canarias\" \/>\n<meta property=\"og:description\" content=\"Art\u00edculo de opini\u00f3n sobre la Ley de equidad, universalidad y cohesi\u00f3n, impulsada por el Gobierno de Pedro S\u00e1nchez\" \/>\n<meta property=\"og:url\" content=\"https:\/\/psoecanarias.com\/web\/blindar-la-sanidad-publica\/\" \/>\n<meta property=\"og:site_name\" content=\"PSOE Canarias\" \/>\n<meta property=\"article:published_time\" content=\"2022-07-01T11:07:29+00:00\" \/>\n<meta property=\"article:modified_time\" content=\"2022-12-27T09:41:26+00:00\" \/>\n<meta property=\"og:image\" content=\"https:\/\/psoecanarias.com\/web\/wp-content\/uploads\/2022\/07\/articulo-kilian-1.png\" \/>\n\t<meta property=\"og:image:width\" content=\"1044\" \/>\n\t<meta property=\"og:image:height\" content=\"546\" \/>\n\t<meta property=\"og:image:type\" content=\"image\/png\" \/>\n<meta name=\"author\" content=\"PSOE Canarias\" \/>\n<meta name=\"twitter:card\" content=\"summary_large_image\" \/>\n<script type=\"application\/ld+json\" class=\"yoast-schema-graph\">{\"@context\":\"https:\/\/schema.org\",\"@graph\":[{\"@type\":\"Article\",\"@id\":\"https:\/\/psoecanarias.com\/web\/blindar-la-sanidad-publica\/#article\",\"isPartOf\":{\"@id\":\"https:\/\/psoecanarias.com\/web\/blindar-la-sanidad-publica\/\"},\"author\":{\"name\":\"PSOE Canarias\",\"@id\":\"https:\/\/psoecanarias.com\/web\/#\/schema\/person\/1ae43f9659d2fc599ca69c11e1dbf26f\"},\"headline\":\"Blindar la Sanidad p\u00fablica\",\"datePublished\":\"2022-07-01T11:07:29+00:00\",\"dateModified\":\"2022-12-27T09:41:26+00:00\",\"mainEntityOfPage\":{\"@id\":\"https:\/\/psoecanarias.com\/web\/blindar-la-sanidad-publica\/\"},\"wordCount\":740,\"commentCount\":0,\"image\":{\"@id\":\"https:\/\/psoecanarias.com\/web\/blindar-la-sanidad-publica\/#primaryimage\"},\"thumbnailUrl\":\"https:\/\/psoecanarias.com\/web\/wp-content\/uploads\/2022\/07\/articulo-kilian-1.png\",\"keywords\":[\"Kilian S\u00e1nchez\"],\"articleSection\":[\"Opini\u00f3n\",\"Pol\u00edtica\"],\"inLanguage\":\"es\",\"potentialAction\":[{\"@type\":\"CommentAction\",\"name\":\"Comment\",\"target\":[\"https:\/\/psoecanarias.com\/web\/blindar-la-sanidad-publica\/#respond\"]}]},{\"@type\":\"WebPage\",\"@id\":\"https:\/\/psoecanarias.com\/web\/blindar-la-sanidad-publica\/\",\"url\":\"https:\/\/psoecanarias.com\/web\/blindar-la-sanidad-publica\/\",\"name\":\"Blindar la Sanidad p\u00fablica | PSOE Canarias\",\"isPartOf\":{\"@id\":\"https:\/\/psoecanarias.com\/web\/#website\"},\"primaryImageOfPage\":{\"@id\":\"https:\/\/psoecanarias.com\/web\/blindar-la-sanidad-publica\/#primaryimage\"},\"image\":{\"@id\":\"https:\/\/psoecanarias.com\/web\/blindar-la-sanidad-publica\/#primaryimage\"},\"thumbnailUrl\":\"https:\/\/psoecanarias.com\/web\/wp-content\/uploads\/2022\/07\/articulo-kilian-1.png\",\"datePublished\":\"2022-07-01T11:07:29+00:00\",\"dateModified\":\"2022-12-27T09:41:26+00:00\",\"author\":{\"@id\":\"https:\/\/psoecanarias.com\/web\/#\/schema\/person\/1ae43f9659d2fc599ca69c11e1dbf26f\"},\"breadcrumb\":{\"@id\":\"https:\/\/psoecanarias.com\/web\/blindar-la-sanidad-publica\/#breadcrumb\"},\"inLanguage\":\"es\",\"potentialAction\":[{\"@type\":\"ReadAction\",\"target\":[\"https:\/\/psoecanarias.com\/web\/blindar-la-sanidad-publica\/\"]}]},{\"@type\":\"ImageObject\",\"inLanguage\":\"es\",\"@id\":\"https:\/\/psoecanarias.com\/web\/blindar-la-sanidad-publica\/#primaryimage\",\"url\":\"https:\/\/psoecanarias.com\/web\/wp-content\/uploads\/2022\/07\/articulo-kilian-1.png\",\"contentUrl\":\"https:\/\/psoecanarias.com\/web\/wp-content\/uploads\/2022\/07\/articulo-kilian-1.png\",\"width\":1044,\"height\":546},{\"@type\":\"BreadcrumbList\",\"@id\":\"https:\/\/psoecanarias.com\/web\/blindar-la-sanidad-publica\/#breadcrumb\",\"itemListElement\":[{\"@type\":\"ListItem\",\"position\":1,\"name\":\"Portada\",\"item\":\"https:\/\/psoecanarias.com\/web\/\"},{\"@type\":\"ListItem\",\"position\":2,\"name\":\"Blindar la Sanidad p\u00fablica\"}]},{\"@type\":\"WebSite\",\"@id\":\"https:\/\/psoecanarias.com\/web\/#website\",\"url\":\"https:\/\/psoecanarias.com\/web\/\",\"name\":\"PSOE Canarias\",\"description\":\"Partido Socialista Obrero Espa\u00f1ol Canarias\",\"potentialAction\":[{\"@type\":\"SearchAction\",\"target\":{\"@type\":\"EntryPoint\",\"urlTemplate\":\"https:\/\/psoecanarias.com\/web\/?s={search_term_string}\"},\"query-input\":{\"@type\":\"PropertyValueSpecification\",\"valueRequired\":true,\"valueName\":\"search_term_string\"}}],\"inLanguage\":\"es\"},{\"@type\":\"Person\",\"@id\":\"https:\/\/psoecanarias.com\/web\/#\/schema\/person\/1ae43f9659d2fc599ca69c11e1dbf26f\",\"name\":\"PSOE Canarias\",\"image\":{\"@type\":\"ImageObject\",\"inLanguage\":\"es\",\"@id\":\"https:\/\/secure.gravatar.com\/avatar\/4364d37f6f6f9cdb7af199b46151565f37d8a8c3c0e04c1d78c04e857a15e3a8?s=96&d=mm&r=g\",\"url\":\"https:\/\/secure.gravatar.com\/avatar\/4364d37f6f6f9cdb7af199b46151565f37d8a8c3c0e04c1d78c04e857a15e3a8?s=96&d=mm&r=g\",\"contentUrl\":\"https:\/\/secure.gravatar.com\/avatar\/4364d37f6f6f9cdb7af199b46151565f37d8a8c3c0e04c1d78c04e857a15e3a8?s=96&d=mm&r=g\",\"caption\":\"PSOE Canarias\"},\"url\":\"https:\/\/psoecanarias.com\/web\/author\/admin\/\"}]}<\/script>\n<!-- \/ Yoast SEO plugin. -->","yoast_head_json":{"title":"Blindar la Sanidad p\u00fablica | PSOE Canarias","robots":{"index":"index","follow":"follow","max-snippet":"max-snippet:-1","max-image-preview":"max-image-preview:large","max-video-preview":"max-video-preview:-1"},"canonical":"https:\/\/psoecanarias.com\/web\/blindar-la-sanidad-publica\/","og_locale":"es_ES","og_type":"article","og_title":"Blindar la Sanidad p\u00fablica | PSOE Canarias","og_description":"Art\u00edculo de opini\u00f3n sobre la Ley de equidad, universalidad y cohesi\u00f3n, impulsada por el Gobierno de Pedro S\u00e1nchez","og_url":"https:\/\/psoecanarias.com\/web\/blindar-la-sanidad-publica\/","og_site_name":"PSOE Canarias","article_published_time":"2022-07-01T11:07:29+00:00","article_modified_time":"2022-12-27T09:41:26+00:00","og_image":[{"width":1044,"height":546,"url":"https:\/\/psoecanarias.com\/web\/wp-content\/uploads\/2022\/07\/articulo-kilian-1.png","type":"image\/png"}],"author":"PSOE Canarias","twitter_card":"summary_large_image","schema":{"@context":"https:\/\/schema.org","@graph":[{"@type":"Article","@id":"https:\/\/psoecanarias.com\/web\/blindar-la-sanidad-publica\/#article","isPartOf":{"@id":"https:\/\/psoecanarias.com\/web\/blindar-la-sanidad-publica\/"},"author":{"name":"PSOE Canarias","@id":"https:\/\/psoecanarias.com\/web\/#\/schema\/person\/1ae43f9659d2fc599ca69c11e1dbf26f"},"headline":"Blindar la Sanidad p\u00fablica","datePublished":"2022-07-01T11:07:29+00:00","dateModified":"2022-12-27T09:41:26+00:00","mainEntityOfPage":{"@id":"https:\/\/psoecanarias.com\/web\/blindar-la-sanidad-publica\/"},"wordCount":740,"commentCount":0,"image":{"@id":"https:\/\/psoecanarias.com\/web\/blindar-la-sanidad-publica\/#primaryimage"},"thumbnailUrl":"https:\/\/psoecanarias.com\/web\/wp-content\/uploads\/2022\/07\/articulo-kilian-1.png","keywords":["Kilian S\u00e1nchez"],"articleSection":["Opini\u00f3n","Pol\u00edtica"],"inLanguage":"es","potentialAction":[{"@type":"CommentAction","name":"Comment","target":["https:\/\/psoecanarias.com\/web\/blindar-la-sanidad-publica\/#respond"]}]},{"@type":"WebPage","@id":"https:\/\/psoecanarias.com\/web\/blindar-la-sanidad-publica\/","url":"https:\/\/psoecanarias.com\/web\/blindar-la-sanidad-publica\/","name":"Blindar la Sanidad p\u00fablica | PSOE Canarias","isPartOf":{"@id":"https:\/\/psoecanarias.com\/web\/#website"},"primaryImageOfPage":{"@id":"https:\/\/psoecanarias.com\/web\/blindar-la-sanidad-publica\/#primaryimage"},"image":{"@id":"https:\/\/psoecanarias.com\/web\/blindar-la-sanidad-publica\/#primaryimage"},"thumbnailUrl":"https:\/\/psoecanarias.com\/web\/wp-content\/uploads\/2022\/07\/articulo-kilian-1.png","datePublished":"2022-07-01T11:07:29+00:00","dateModified":"2022-12-27T09:41:26+00:00","author":{"@id":"https:\/\/psoecanarias.com\/web\/#\/schema\/person\/1ae43f9659d2fc599ca69c11e1dbf26f"},"breadcrumb":{"@id":"https:\/\/psoecanarias.com\/web\/blindar-la-sanidad-publica\/#breadcrumb"},"inLanguage":"es","potentialAction":[{"@type":"ReadAction","target":["https:\/\/psoecanarias.com\/web\/blindar-la-sanidad-publica\/"]}]},{"@type":"ImageObject","inLanguage":"es","@id":"https:\/\/psoecanarias.com\/web\/blindar-la-sanidad-publica\/#primaryimage","url":"https:\/\/psoecanarias.com\/web\/wp-content\/uploads\/2022\/07\/articulo-kilian-1.png","contentUrl":"https:\/\/psoecanarias.com\/web\/wp-content\/uploads\/2022\/07\/articulo-kilian-1.png","width":1044,"height":546},{"@type":"BreadcrumbList","@id":"https:\/\/psoecanarias.com\/web\/blindar-la-sanidad-publica\/#breadcrumb","itemListElement":[{"@type":"ListItem","position":1,"name":"Portada","item":"https:\/\/psoecanarias.com\/web\/"},{"@type":"ListItem","position":2,"name":"Blindar la Sanidad p\u00fablica"}]},{"@type":"WebSite","@id":"https:\/\/psoecanarias.com\/web\/#website","url":"https:\/\/psoecanarias.com\/web\/","name":"PSOE Canarias","description":"Partido Socialista Obrero Espa\u00f1ol Canarias","potentialAction":[{"@type":"SearchAction","target":{"@type":"EntryPoint","urlTemplate":"https:\/\/psoecanarias.com\/web\/?s={search_term_string}"},"query-input":{"@type":"PropertyValueSpecification","valueRequired":true,"valueName":"search_term_string"}}],"inLanguage":"es"},{"@type":"Person","@id":"https:\/\/psoecanarias.com\/web\/#\/schema\/person\/1ae43f9659d2fc599ca69c11e1dbf26f","name":"PSOE Canarias","image":{"@type":"ImageObject","inLanguage":"es","@id":"https:\/\/secure.gravatar.com\/avatar\/4364d37f6f6f9cdb7af199b46151565f37d8a8c3c0e04c1d78c04e857a15e3a8?s=96&d=mm&r=g","url":"https:\/\/secure.gravatar.com\/avatar\/4364d37f6f6f9cdb7af199b46151565f37d8a8c3c0e04c1d78c04e857a15e3a8?s=96&d=mm&r=g","contentUrl":"https:\/\/secure.gravatar.com\/avatar\/4364d37f6f6f9cdb7af199b46151565f37d8a8c3c0e04c1d78c04e857a15e3a8?s=96&d=mm&r=g","caption":"PSOE Canarias"},"url":"https:\/\/psoecanarias.com\/web\/author\/admin\/"}]}},"_links":{"self":[{"href":"https:\/\/psoecanarias.com\/web\/wp-json\/wp\/v2\/posts\/26333","targetHints":{"allow":["GET"]}}],"collection":[{"href":"https:\/\/psoecanarias.com\/web\/wp-json\/wp\/v2\/posts"}],"about":[{"href":"https:\/\/psoecanarias.com\/web\/wp-json\/wp\/v2\/types\/post"}],"author":[{"embeddable":true,"href":"https:\/\/psoecanarias.com\/web\/wp-json\/wp\/v2\/users\/1"}],"replies":[{"embeddable":true,"href":"https:\/\/psoecanarias.com\/web\/wp-json\/wp\/v2\/comments?post=26333"}],"version-history":[{"count":2,"href":"https:\/\/psoecanarias.com\/web\/wp-json\/wp\/v2\/posts\/26333\/revisions"}],"predecessor-version":[{"id":26337,"href":"https:\/\/psoecanarias.com\/web\/wp-json\/wp\/v2\/posts\/26333\/revisions\/26337"}],"wp:featuredmedia":[{"embeddable":true,"href":"https:\/\/psoecanarias.com\/web\/wp-json\/wp\/v2\/media\/26338"}],"wp:attachment":[{"href":"https:\/\/psoecanarias.com\/web\/wp-json\/wp\/v2\/media?parent=26333"}],"wp:term":[{"taxonomy":"category","embeddable":true,"href":"https:\/\/psoecanarias.com\/web\/wp-json\/wp\/v2\/categories?post=26333"},{"taxonomy":"post_tag","embeddable":true,"href":"https:\/\/psoecanarias.com\/web\/wp-json\/wp\/v2\/tags?post=26333"}],"curies":[{"name":"wp","href":"https:\/\/api.w.org\/{rel}","templated":true}]}}