{"id":2695,"date":"2016-12-19T13:47:02","date_gmt":"2016-12-19T13:47:02","guid":{"rendered":"http:\/\/psoecanarias.com\/web\/?p=2695"},"modified":"2016-12-19T13:52:31","modified_gmt":"2016-12-19T13:52:31","slug":"el-psoe-urge-a-nadal-a-impulsar-el-aprendizaje-digital-y-cree-imprescindible-reducir-la-brecha-tecnologica","status":"publish","type":"post","link":"https:\/\/psoecanarias.com\/web\/el-psoe-urge-a-nadal-a-impulsar-el-aprendizaje-digital-y-cree-imprescindible-reducir-la-brecha-tecnologica\/","title":{"rendered":"El PSOE urge a Nadal a impulsar el aprendizaje digital y cree imprescindible reducir la brecha tecnol\u00f3gica"},"content":{"rendered":"<p style=\"text-align: justify;\">La senadora del PSOE por Tenerife, Olivia Delgado, cree que es urgente invertir en I+D+i para reducir la brecha digital en nuestro pa\u00eds en tres \u00e1mbitos: de edad, sexo y territorio, con el objetivo de garantizar la igualdad.<\/p>\n<p style=\"text-align: justify;\">Durante la comparecencia ayer en el Senado del Ministro \u00c1lvaro Nadal en la Comisi\u00f3n de Energ\u00eda, Turismo y Agenda Digital, Delgado hizo hincapi\u00e9 en la necesidad de que el Gobierno haga una apuesta transversal con el apoyo de los Ministerios de Energ\u00eda, Turismo y Agenda Digital, Empleo y Educaci\u00f3n para fortalecer la cartera de servicios sociales aprovechando las posibilidades que ofrece el Big Data.<\/p>\n<p style=\"text-align: justify;\">A su juicio, es fundamental la formaci\u00f3n de ciudadanos y trabajadores en habilidades digitales, ya que la competencia digital es una de las ocho competencias clave para el aprendizaje permanente que resultan esenciales para las personas en una sociedad basada en el conocimiento. \u201cTenemos muchos retos por delante y es necesario el di\u00e1logo y el consenso para no quedarnos a la cola de la revoluci\u00f3n digital porque los avances tecnol\u00f3gicos cambiar\u00e1n en un tiempo no muy largo nuestras formas de vida\u201d, apostill\u00f3.<\/p>\n<p style=\"text-align: justify;\">Delgado asegur\u00f3 que \u201cpara mejorar la competencia y competitividad es necesario tener personal capacitado e incrementar el personal especializado en TIC\u201d y sugiri\u00f3 que el Ministerio debe hacer, en este sentido, un trabajo transversal.<\/p>\n<p style=\"text-align: justify;\">Durante su intervenci\u00f3n, la parlamentaria del PSOE tambi\u00e9n apunt\u00f3 que \u201cla sociedad demanda servicios sociales b\u00e1sicos como la sanidad o la educaci\u00f3n\u201d y pidi\u00f3 al Ministro que aclare cu\u00e1les van a ser las l\u00edneas fundamentales para dar las respuestas m\u00e1s \u00f3ptimas posibles con los recursos de que disponemos, compaginando el BIG- DATA y la inteligencia artificial, y que explique cu\u00e1l es la previsi\u00f3n en inversi\u00f3n en I+D+i tecnolog\u00edas de la informaci\u00f3n.<\/p>\n<p style=\"text-align: justify;\">Com explic\u00f3 a continuaci\u00f3n, \u201cel an\u00e1lisis de datos ha evolucionado mucho y los sistemas inform\u00e1ticos tienen una capacidad muy avanzada de procesamiento de datos, capaces de detectar patrones desconocidos sobre una determinada enfermedad o para recomendar tratamientos personalizados. La digitalizaci\u00f3n de los sistemas de salud nos da la posibilidad de analizar informaci\u00f3n de diversas fuentes<\/p>\n<p style=\"text-align: justify;\">de datos (cl\u00ednica, social, estilo de vida, etc\u2026) y a partir de ah\u00ed, a trav\u00e9s de algoritmos, guiar la toma de decisiones profesionales.<\/p>\n<p style=\"text-align: justify;\">En otro orden de cosas, tambi\u00e9n hizo referencia al mercado de trabajo con vistas a<\/p>\n<p style=\"text-align: justify;\">2030 y destac\u00f3 que \u201clos empleos del futuro, en gran medida, no ser\u00e1n los que conocemos. Pero las tecnolog\u00edas, tampoco. El escenario de cambios en el mercado de trabajo dentro de 10 o 15 a\u00f1os estar\u00e1 muy relacionado con los cambios demogr\u00e1ficos, la globalizaci\u00f3n y\u00a0 las innovaciones tecnol\u00f3gicas\u201d.<\/p>\n<p style=\"text-align: justify;\">Olivia Delgado detall\u00f3 que, seg\u00fan las predicciones del INE, en 2039 la tasa de dependencia de la poblaci\u00f3n mayor de 65 a\u00f1os aumentar\u00e1 en 27.8 puntos situ\u00e1ndose en el 55.4% y a\u00f1adi\u00f3 que \u201chay que destacar una cuesti\u00f3n clave, seg\u00fan datos del \u00edndice DESI 2016 (\u00edndice de econom\u00eda y sociedad digital EU28), Espa\u00f1a cuenta con bajos niveles de habilidades digitales b\u00e1sicas y de uso de Internet (s\u00f3lo el 54% de los espa\u00f1oles tiene habilidades digitales b\u00e1sicas\u201d.<\/p>\n<p style=\"text-align: justify;\">Por \u00faltimo, Delgado tambi\u00e9n se refiri\u00f3 a la relaci\u00f3n entre el turismo y la agenta digital y puntualiz\u00f3 que \u201cse trata del sector m\u00e1s importante de la econom\u00eda espa\u00f1ola, y desde luego de Canarias. No solo ha cambiado la forma de contratar sino que podemos mejorar la competitividad con valor a\u00f1adido. Entendemos que es importante la apuesta de las administraciones p\u00fablicas y privadas por el desarrollo de destinos tur\u00edsticos inteligentes\u201d.<\/p>\n","protected":false},"excerpt":{"rendered":"<p>La senadora socialista por Tenerife, Olivia Delgado, reclama una mayor inversi\u00f3n en I+D+i y una apuesta \u201cdecidida\u201d del Gobierno para fortalecer la cartera de servicios sociales aprovechando las posibilidades del Big Data<\/p>\n","protected":false},"author":1,"featured_media":2696,"comment_status":"open","ping_status":"open","sticky":false,"template":"","format":"standard","meta":{"footnotes":""},"categories":[7],"tags":[767,766,350,38],"class_list":["post-2695","post","type-post","status-publish","format-standard","has-post-thumbnail","hentry","category-politica","tag-aprendizaje-digital","tag-idi","tag-olivia-delgado","tag-senado"],"featured_image_src":"https:\/\/psoecanarias.com\/web\/wp-content\/uploads\/2016\/12\/oli-e1482155541747.jpg","author_info":{"display_name":"PSOE Canarias","author_link":"https:\/\/psoecanarias.com\/web\/author\/admin\/"},"yoast_head":"<!-- This site is optimized with the Yoast SEO plugin v27.2 - https:\/\/yoast.com\/product\/yoast-seo-wordpress\/ -->\n<title>El PSOE urge a Nadal a impulsar el aprendizaje digital y cree imprescindible reducir la brecha tecnol\u00f3gica | PSOE Canarias<\/title>\n<meta name=\"robots\" content=\"index, follow, max-snippet:-1, max-image-preview:large, max-video-preview:-1\" \/>\n<link rel=\"canonical\" href=\"https:\/\/psoecanarias.com\/web\/el-psoe-urge-a-nadal-a-impulsar-el-aprendizaje-digital-y-cree-imprescindible-reducir-la-brecha-tecnologica\/\" \/>\n<meta property=\"og:locale\" content=\"es_ES\" \/>\n<meta property=\"og:type\" content=\"article\" \/>\n<meta property=\"og:title\" content=\"El PSOE urge a Nadal a impulsar el aprendizaje digital y cree imprescindible reducir la brecha tecnol\u00f3gica | PSOE Canarias\" \/>\n<meta property=\"og:description\" content=\"La senadora socialista por Tenerife, Olivia Delgado, reclama una mayor inversi\u00f3n en I+D+i y una apuesta \u201cdecidida\u201d del Gobierno para fortalecer la cartera de servicios sociales aprovechando las posibilidades del Big Data\" \/>\n<meta property=\"og:url\" content=\"https:\/\/psoecanarias.com\/web\/el-psoe-urge-a-nadal-a-impulsar-el-aprendizaje-digital-y-cree-imprescindible-reducir-la-brecha-tecnologica\/\" \/>\n<meta property=\"og:site_name\" content=\"PSOE Canarias\" \/>\n<meta property=\"article:published_time\" content=\"2016-12-19T13:47:02+00:00\" \/>\n<meta property=\"article:modified_time\" content=\"2016-12-19T13:52:31+00:00\" \/>\n<meta property=\"og:image\" content=\"https:\/\/psoecanarias.com\/web\/wp-content\/uploads\/2016\/12\/oli-e1482155541747.jpg\" \/>\n\t<meta property=\"og:image:width\" content=\"500\" \/>\n\t<meta property=\"og:image:height\" content=\"494\" \/>\n\t<meta property=\"og:image:type\" content=\"image\/jpeg\" \/>\n<meta name=\"author\" content=\"PSOE Canarias\" \/>\n<meta name=\"twitter:card\" content=\"summary_large_image\" \/>\n<script type=\"application\/ld+json\" class=\"yoast-schema-graph\">{\"@context\":\"https:\/\/schema.org\",\"@graph\":[{\"@type\":\"Article\",\"@id\":\"https:\/\/psoecanarias.com\/web\/el-psoe-urge-a-nadal-a-impulsar-el-aprendizaje-digital-y-cree-imprescindible-reducir-la-brecha-tecnologica\/#article\",\"isPartOf\":{\"@id\":\"https:\/\/psoecanarias.com\/web\/el-psoe-urge-a-nadal-a-impulsar-el-aprendizaje-digital-y-cree-imprescindible-reducir-la-brecha-tecnologica\/\"},\"author\":{\"name\":\"PSOE Canarias\",\"@id\":\"https:\/\/psoecanarias.com\/web\/#\/schema\/person\/1ae43f9659d2fc599ca69c11e1dbf26f\"},\"headline\":\"El PSOE urge a Nadal a impulsar el aprendizaje digital y cree imprescindible reducir la brecha tecnol\u00f3gica\",\"datePublished\":\"2016-12-19T13:47:02+00:00\",\"dateModified\":\"2016-12-19T13:52:31+00:00\",\"mainEntityOfPage\":{\"@id\":\"https:\/\/psoecanarias.com\/web\/el-psoe-urge-a-nadal-a-impulsar-el-aprendizaje-digital-y-cree-imprescindible-reducir-la-brecha-tecnologica\/\"},\"wordCount\":646,\"commentCount\":0,\"image\":{\"@id\":\"https:\/\/psoecanarias.com\/web\/el-psoe-urge-a-nadal-a-impulsar-el-aprendizaje-digital-y-cree-imprescindible-reducir-la-brecha-tecnologica\/#primaryimage\"},\"thumbnailUrl\":\"https:\/\/psoecanarias.com\/web\/wp-content\/uploads\/2016\/12\/oli-e1482155541747.jpg\",\"keywords\":[\"Aprendizaje digital\",\"I+D+i\",\"Olivia Delgado\",\"Senado\"],\"articleSection\":[\"Pol\u00edtica\"],\"inLanguage\":\"es\",\"potentialAction\":[{\"@type\":\"CommentAction\",\"name\":\"Comment\",\"target\":[\"https:\/\/psoecanarias.com\/web\/el-psoe-urge-a-nadal-a-impulsar-el-aprendizaje-digital-y-cree-imprescindible-reducir-la-brecha-tecnologica\/#respond\"]}]},{\"@type\":\"WebPage\",\"@id\":\"https:\/\/psoecanarias.com\/web\/el-psoe-urge-a-nadal-a-impulsar-el-aprendizaje-digital-y-cree-imprescindible-reducir-la-brecha-tecnologica\/\",\"url\":\"https:\/\/psoecanarias.com\/web\/el-psoe-urge-a-nadal-a-impulsar-el-aprendizaje-digital-y-cree-imprescindible-reducir-la-brecha-tecnologica\/\",\"name\":\"El PSOE urge a Nadal a impulsar el aprendizaje digital y cree imprescindible reducir la brecha tecnol\u00f3gica | PSOE Canarias\",\"isPartOf\":{\"@id\":\"https:\/\/psoecanarias.com\/web\/#website\"},\"primaryImageOfPage\":{\"@id\":\"https:\/\/psoecanarias.com\/web\/el-psoe-urge-a-nadal-a-impulsar-el-aprendizaje-digital-y-cree-imprescindible-reducir-la-brecha-tecnologica\/#primaryimage\"},\"image\":{\"@id\":\"https:\/\/psoecanarias.com\/web\/el-psoe-urge-a-nadal-a-impulsar-el-aprendizaje-digital-y-cree-imprescindible-reducir-la-brecha-tecnologica\/#primaryimage\"},\"thumbnailUrl\":\"https:\/\/psoecanarias.com\/web\/wp-content\/uploads\/2016\/12\/oli-e1482155541747.jpg\",\"datePublished\":\"2016-12-19T13:47:02+00:00\",\"dateModified\":\"2016-12-19T13:52:31+00:00\",\"author\":{\"@id\":\"https:\/\/psoecanarias.com\/web\/#\/schema\/person\/1ae43f9659d2fc599ca69c11e1dbf26f\"},\"breadcrumb\":{\"@id\":\"https:\/\/psoecanarias.com\/web\/el-psoe-urge-a-nadal-a-impulsar-el-aprendizaje-digital-y-cree-imprescindible-reducir-la-brecha-tecnologica\/#breadcrumb\"},\"inLanguage\":\"es\",\"potentialAction\":[{\"@type\":\"ReadAction\",\"target\":[\"https:\/\/psoecanarias.com\/web\/el-psoe-urge-a-nadal-a-impulsar-el-aprendizaje-digital-y-cree-imprescindible-reducir-la-brecha-tecnologica\/\"]}]},{\"@type\":\"ImageObject\",\"inLanguage\":\"es\",\"@id\":\"https:\/\/psoecanarias.com\/web\/el-psoe-urge-a-nadal-a-impulsar-el-aprendizaje-digital-y-cree-imprescindible-reducir-la-brecha-tecnologica\/#primaryimage\",\"url\":\"https:\/\/psoecanarias.com\/web\/wp-content\/uploads\/2016\/12\/oli-e1482155541747.jpg\",\"contentUrl\":\"https:\/\/psoecanarias.com\/web\/wp-content\/uploads\/2016\/12\/oli-e1482155541747.jpg\",\"width\":500,\"height\":494},{\"@type\":\"BreadcrumbList\",\"@id\":\"https:\/\/psoecanarias.com\/web\/el-psoe-urge-a-nadal-a-impulsar-el-aprendizaje-digital-y-cree-imprescindible-reducir-la-brecha-tecnologica\/#breadcrumb\",\"itemListElement\":[{\"@type\":\"ListItem\",\"position\":1,\"name\":\"Portada\",\"item\":\"https:\/\/psoecanarias.com\/web\/\"},{\"@type\":\"ListItem\",\"position\":2,\"name\":\"El PSOE urge a Nadal a impulsar el aprendizaje digital y cree imprescindible reducir la brecha tecnol\u00f3gica\"}]},{\"@type\":\"WebSite\",\"@id\":\"https:\/\/psoecanarias.com\/web\/#website\",\"url\":\"https:\/\/psoecanarias.com\/web\/\",\"name\":\"PSOE Canarias\",\"description\":\"Partido Socialista Obrero Espa\u00f1ol Canarias\",\"potentialAction\":[{\"@type\":\"SearchAction\",\"target\":{\"@type\":\"EntryPoint\",\"urlTemplate\":\"https:\/\/psoecanarias.com\/web\/?s={search_term_string}\"},\"query-input\":{\"@type\":\"PropertyValueSpecification\",\"valueRequired\":true,\"valueName\":\"search_term_string\"}}],\"inLanguage\":\"es\"},{\"@type\":\"Person\",\"@id\":\"https:\/\/psoecanarias.com\/web\/#\/schema\/person\/1ae43f9659d2fc599ca69c11e1dbf26f\",\"name\":\"PSOE Canarias\",\"image\":{\"@type\":\"ImageObject\",\"inLanguage\":\"es\",\"@id\":\"https:\/\/secure.gravatar.com\/avatar\/4364d37f6f6f9cdb7af199b46151565f37d8a8c3c0e04c1d78c04e857a15e3a8?s=96&d=mm&r=g\",\"url\":\"https:\/\/secure.gravatar.com\/avatar\/4364d37f6f6f9cdb7af199b46151565f37d8a8c3c0e04c1d78c04e857a15e3a8?s=96&d=mm&r=g\",\"contentUrl\":\"https:\/\/secure.gravatar.com\/avatar\/4364d37f6f6f9cdb7af199b46151565f37d8a8c3c0e04c1d78c04e857a15e3a8?s=96&d=mm&r=g\",\"caption\":\"PSOE Canarias\"},\"url\":\"https:\/\/psoecanarias.com\/web\/author\/admin\/\"}]}<\/script>\n<!-- \/ Yoast SEO plugin. -->","yoast_head_json":{"title":"El PSOE urge a Nadal a impulsar el aprendizaje digital y cree imprescindible reducir la brecha tecnol\u00f3gica | PSOE Canarias","robots":{"index":"index","follow":"follow","max-snippet":"max-snippet:-1","max-image-preview":"max-image-preview:large","max-video-preview":"max-video-preview:-1"},"canonical":"https:\/\/psoecanarias.com\/web\/el-psoe-urge-a-nadal-a-impulsar-el-aprendizaje-digital-y-cree-imprescindible-reducir-la-brecha-tecnologica\/","og_locale":"es_ES","og_type":"article","og_title":"El PSOE urge a Nadal a impulsar el aprendizaje digital y cree imprescindible reducir la brecha tecnol\u00f3gica | PSOE Canarias","og_description":"La senadora socialista por Tenerife, Olivia Delgado, reclama una mayor inversi\u00f3n en I+D+i y una apuesta \u201cdecidida\u201d del Gobierno para fortalecer la cartera de servicios sociales aprovechando las posibilidades del Big Data","og_url":"https:\/\/psoecanarias.com\/web\/el-psoe-urge-a-nadal-a-impulsar-el-aprendizaje-digital-y-cree-imprescindible-reducir-la-brecha-tecnologica\/","og_site_name":"PSOE Canarias","article_published_time":"2016-12-19T13:47:02+00:00","article_modified_time":"2016-12-19T13:52:31+00:00","og_image":[{"width":500,"height":494,"url":"https:\/\/psoecanarias.com\/web\/wp-content\/uploads\/2016\/12\/oli-e1482155541747.jpg","type":"image\/jpeg"}],"author":"PSOE Canarias","twitter_card":"summary_large_image","schema":{"@context":"https:\/\/schema.org","@graph":[{"@type":"Article","@id":"https:\/\/psoecanarias.com\/web\/el-psoe-urge-a-nadal-a-impulsar-el-aprendizaje-digital-y-cree-imprescindible-reducir-la-brecha-tecnologica\/#article","isPartOf":{"@id":"https:\/\/psoecanarias.com\/web\/el-psoe-urge-a-nadal-a-impulsar-el-aprendizaje-digital-y-cree-imprescindible-reducir-la-brecha-tecnologica\/"},"author":{"name":"PSOE Canarias","@id":"https:\/\/psoecanarias.com\/web\/#\/schema\/person\/1ae43f9659d2fc599ca69c11e1dbf26f"},"headline":"El PSOE urge a Nadal a impulsar el aprendizaje digital y cree imprescindible reducir la brecha tecnol\u00f3gica","datePublished":"2016-12-19T13:47:02+00:00","dateModified":"2016-12-19T13:52:31+00:00","mainEntityOfPage":{"@id":"https:\/\/psoecanarias.com\/web\/el-psoe-urge-a-nadal-a-impulsar-el-aprendizaje-digital-y-cree-imprescindible-reducir-la-brecha-tecnologica\/"},"wordCount":646,"commentCount":0,"image":{"@id":"https:\/\/psoecanarias.com\/web\/el-psoe-urge-a-nadal-a-impulsar-el-aprendizaje-digital-y-cree-imprescindible-reducir-la-brecha-tecnologica\/#primaryimage"},"thumbnailUrl":"https:\/\/psoecanarias.com\/web\/wp-content\/uploads\/2016\/12\/oli-e1482155541747.jpg","keywords":["Aprendizaje digital","I+D+i","Olivia Delgado","Senado"],"articleSection":["Pol\u00edtica"],"inLanguage":"es","potentialAction":[{"@type":"CommentAction","name":"Comment","target":["https:\/\/psoecanarias.com\/web\/el-psoe-urge-a-nadal-a-impulsar-el-aprendizaje-digital-y-cree-imprescindible-reducir-la-brecha-tecnologica\/#respond"]}]},{"@type":"WebPage","@id":"https:\/\/psoecanarias.com\/web\/el-psoe-urge-a-nadal-a-impulsar-el-aprendizaje-digital-y-cree-imprescindible-reducir-la-brecha-tecnologica\/","url":"https:\/\/psoecanarias.com\/web\/el-psoe-urge-a-nadal-a-impulsar-el-aprendizaje-digital-y-cree-imprescindible-reducir-la-brecha-tecnologica\/","name":"El PSOE urge a Nadal a impulsar el aprendizaje digital y cree imprescindible reducir la brecha tecnol\u00f3gica | PSOE Canarias","isPartOf":{"@id":"https:\/\/psoecanarias.com\/web\/#website"},"primaryImageOfPage":{"@id":"https:\/\/psoecanarias.com\/web\/el-psoe-urge-a-nadal-a-impulsar-el-aprendizaje-digital-y-cree-imprescindible-reducir-la-brecha-tecnologica\/#primaryimage"},"image":{"@id":"https:\/\/psoecanarias.com\/web\/el-psoe-urge-a-nadal-a-impulsar-el-aprendizaje-digital-y-cree-imprescindible-reducir-la-brecha-tecnologica\/#primaryimage"},"thumbnailUrl":"https:\/\/psoecanarias.com\/web\/wp-content\/uploads\/2016\/12\/oli-e1482155541747.jpg","datePublished":"2016-12-19T13:47:02+00:00","dateModified":"2016-12-19T13:52:31+00:00","author":{"@id":"https:\/\/psoecanarias.com\/web\/#\/schema\/person\/1ae43f9659d2fc599ca69c11e1dbf26f"},"breadcrumb":{"@id":"https:\/\/psoecanarias.com\/web\/el-psoe-urge-a-nadal-a-impulsar-el-aprendizaje-digital-y-cree-imprescindible-reducir-la-brecha-tecnologica\/#breadcrumb"},"inLanguage":"es","potentialAction":[{"@type":"ReadAction","target":["https:\/\/psoecanarias.com\/web\/el-psoe-urge-a-nadal-a-impulsar-el-aprendizaje-digital-y-cree-imprescindible-reducir-la-brecha-tecnologica\/"]}]},{"@type":"ImageObject","inLanguage":"es","@id":"https:\/\/psoecanarias.com\/web\/el-psoe-urge-a-nadal-a-impulsar-el-aprendizaje-digital-y-cree-imprescindible-reducir-la-brecha-tecnologica\/#primaryimage","url":"https:\/\/psoecanarias.com\/web\/wp-content\/uploads\/2016\/12\/oli-e1482155541747.jpg","contentUrl":"https:\/\/psoecanarias.com\/web\/wp-content\/uploads\/2016\/12\/oli-e1482155541747.jpg","width":500,"height":494},{"@type":"BreadcrumbList","@id":"https:\/\/psoecanarias.com\/web\/el-psoe-urge-a-nadal-a-impulsar-el-aprendizaje-digital-y-cree-imprescindible-reducir-la-brecha-tecnologica\/#breadcrumb","itemListElement":[{"@type":"ListItem","position":1,"name":"Portada","item":"https:\/\/psoecanarias.com\/web\/"},{"@type":"ListItem","position":2,"name":"El PSOE urge a Nadal a impulsar el aprendizaje digital y cree imprescindible reducir la brecha tecnol\u00f3gica"}]},{"@type":"WebSite","@id":"https:\/\/psoecanarias.com\/web\/#website","url":"https:\/\/psoecanarias.com\/web\/","name":"PSOE Canarias","description":"Partido Socialista Obrero Espa\u00f1ol Canarias","potentialAction":[{"@type":"SearchAction","target":{"@type":"EntryPoint","urlTemplate":"https:\/\/psoecanarias.com\/web\/?s={search_term_string}"},"query-input":{"@type":"PropertyValueSpecification","valueRequired":true,"valueName":"search_term_string"}}],"inLanguage":"es"},{"@type":"Person","@id":"https:\/\/psoecanarias.com\/web\/#\/schema\/person\/1ae43f9659d2fc599ca69c11e1dbf26f","name":"PSOE Canarias","image":{"@type":"ImageObject","inLanguage":"es","@id":"https:\/\/secure.gravatar.com\/avatar\/4364d37f6f6f9cdb7af199b46151565f37d8a8c3c0e04c1d78c04e857a15e3a8?s=96&d=mm&r=g","url":"https:\/\/secure.gravatar.com\/avatar\/4364d37f6f6f9cdb7af199b46151565f37d8a8c3c0e04c1d78c04e857a15e3a8?s=96&d=mm&r=g","contentUrl":"https:\/\/secure.gravatar.com\/avatar\/4364d37f6f6f9cdb7af199b46151565f37d8a8c3c0e04c1d78c04e857a15e3a8?s=96&d=mm&r=g","caption":"PSOE Canarias"},"url":"https:\/\/psoecanarias.com\/web\/author\/admin\/"}]}},"_links":{"self":[{"href":"https:\/\/psoecanarias.com\/web\/wp-json\/wp\/v2\/posts\/2695","targetHints":{"allow":["GET"]}}],"collection":[{"href":"https:\/\/psoecanarias.com\/web\/wp-json\/wp\/v2\/posts"}],"about":[{"href":"https:\/\/psoecanarias.com\/web\/wp-json\/wp\/v2\/types\/post"}],"author":[{"embeddable":true,"href":"https:\/\/psoecanarias.com\/web\/wp-json\/wp\/v2\/users\/1"}],"replies":[{"embeddable":true,"href":"https:\/\/psoecanarias.com\/web\/wp-json\/wp\/v2\/comments?post=2695"}],"version-history":[{"count":1,"href":"https:\/\/psoecanarias.com\/web\/wp-json\/wp\/v2\/posts\/2695\/revisions"}],"predecessor-version":[{"id":2697,"href":"https:\/\/psoecanarias.com\/web\/wp-json\/wp\/v2\/posts\/2695\/revisions\/2697"}],"wp:featuredmedia":[{"embeddable":true,"href":"https:\/\/psoecanarias.com\/web\/wp-json\/wp\/v2\/media\/2696"}],"wp:attachment":[{"href":"https:\/\/psoecanarias.com\/web\/wp-json\/wp\/v2\/media?parent=2695"}],"wp:term":[{"taxonomy":"category","embeddable":true,"href":"https:\/\/psoecanarias.com\/web\/wp-json\/wp\/v2\/categories?post=2695"},{"taxonomy":"post_tag","embeddable":true,"href":"https:\/\/psoecanarias.com\/web\/wp-json\/wp\/v2\/tags?post=2695"}],"curies":[{"name":"wp","href":"https:\/\/api.w.org\/{rel}","templated":true}]}}