{"id":2716,"date":"2016-12-20T11:15:06","date_gmt":"2016-12-20T11:15:06","guid":{"rendered":"http:\/\/psoecanarias.com\/web\/?p=2716"},"modified":"2016-12-20T11:15:06","modified_gmt":"2016-12-20T11:15:06","slug":"los-senadores-socialistas-piden-incrementar-las-plantillas-de-la-guardia-civil-y-la-policia-nacional-en-canarias","status":"publish","type":"post","link":"https:\/\/psoecanarias.com\/web\/los-senadores-socialistas-piden-incrementar-las-plantillas-de-la-guardia-civil-y-la-policia-nacional-en-canarias\/","title":{"rendered":"Los senadores socialistas piden incrementar las plantillas de la Guardia Civil y la Polic\u00eda Nacional en Canarias"},"content":{"rendered":"<p style=\"text-align: justify;\">XH\/\u00a0Los senadores socialistas canarios, Julio Cruz y Olivia Delgado, defender\u00e1n ma\u00f1ana una moci\u00f3n ante la Comisi\u00f3n de Interior para la mejora de la dotaci\u00f3n humana y material de los Cuerpos y Fuerzas de Seguridad del Estado en Canarias.<\/p>\n<p style=\"text-align: justify;\">La Comisi\u00f3n de Interior insta al Gobierno a cubrir y actualizar con car\u00e1cter de urgencia las plazas vacantes en el Cat\u00e1logo de Puestos de Trabajo de Cuerpos y Fuerzas de Seguridad del Estado en las islas Canarias, dotarlos del equipamiento necesario, y establecer un plan que permita a corto plazo, dar cobertura a un m\u00ednimo, distribuidos territorialmente, de comisar\u00edas y puestos de la guardia civil, de traductores oficiales de idiomas.<\/p>\n<p style=\"text-align: justify;\">La senadora Olivia Delgado denuncia no s\u00f3lo la falta de medios humanos y materiales sino que recalca, &#8220;para que incluso el que fuera delegado del Gobierno en Canarias hasta la semana pasada, Enrique Hern\u00e1ndez Bento, reconozca este hecho es que se trata de una petici\u00f3n prioritaria para el archipi\u00e9lago&#8221;.<\/p>\n<p style=\"text-align: justify;\">La cifra de residentes en las islas Canarias ronda los 2,1 millones de personas, a la que hay que sumar una media de 300.000 turistas diarios lo que supone 2,4 millones de personas. Para este a\u00f1o 2016 hay programadas 16,2 millones de plazas a\u00e9reas hacia Canarias.<\/p>\n<p style=\"text-align: justify;\">En los \u00faltimos a\u00f1os, hemos asistido a un aumento de reclamaciones con respecto a la escasez de medios humanos y materiales de las Fuerzas y Cuerpos de Seguridad del Estado. Insistiendo cada vez m\u00e1s desde diversos sectores, sindicatos, asociaciones de empresarios, responsables de administraciones locales, en la necesidad de dar respuesta a las demandas en materia de recursos humanos y materiales.<\/p>\n<p style=\"text-align: justify;\">La plantilla actual del Cuerpo Nacional de Polic\u00eda de Canarias se encuentra cubierta al 85% respecto al \u00faltimo Cat\u00e1logo de Puestos de Trabajo que determina que el Archipi\u00e9lago deber estar dotado con 4.397 agentes de la Polic\u00eda Nacional, lo que supone una carencia de alrededor de 660 plazas sin cubrir.<\/p>\n<p style=\"text-align: justify;\">La Confederaci\u00f3n Espa\u00f1ola de Polic\u00eda (CEP), incluso denunciaba p\u00fablicamente a finales del a\u00f1o pasado la escasez de agentes del CNP en la capital de provincia tinerfe\u00f1a, lo que consideran ha comprometido la seguridad ciudadana pues el grado de cobertura de puestos de trabajo est\u00e1 en 5,3 puntos por debajo de la media que registra el conjunto de la Jefatura Superior de Canarias. La reducci\u00f3n de efectivos ha generado, al mismo tiempo, un repunte considerable de los robos con violencia e intimidaci\u00f3n, dispar\u00e1ndose en la ciudad a finales de a\u00f1o un 28,1% respecto al mismo periodo de 2014.<\/p>\n<p style=\"text-align: justify;\">En el caso de la Guardia Civil la plantilla actual se encuentra en torno al 87% lo que supone que s\u00f3lo en la comandancia de Santa Cruz de Tenerife faltar\u00edan por cubrirse en torno a 250 plazas.<\/p>\n<p style=\"text-align: justify;\">A esta carencia de efectivos de los Cuerpos y Seguridad del Estado, agravada por los recortes que ha llevado a cabo el gobierno central en los \u00faltimos a\u00f1os, congelando las OPE hasta el a\u00f1o pasado, se suma la situaci\u00f3n de plantillas obsoletas que deben revisarse para dar respuesta a las necesidades actuales de las islas.<\/p>\n","protected":false},"excerpt":{"rendered":"<p>La plantilla actual del Cuerpo Nacional de Polic\u00eda de Canarias se encuentra cubierta s\u00f3lo al 85% y la plantilla actual de la Guardia Civil  Cuerpo s\u00f3lo al 87%<\/p>\n","protected":false},"author":1,"featured_media":2448,"comment_status":"open","ping_status":"open","sticky":false,"template":"","format":"standard","meta":{"footnotes":""},"categories":[7],"tags":[534,75,350,769,38],"class_list":["post-2716","post","type-post","status-publish","format-standard","has-post-thumbnail","hentry","category-politica","tag-guardia-civil","tag-julio-cruz","tag-olivia-delgado","tag-policia-nacional","tag-senado"],"featured_image_src":"https:\/\/psoecanarias.com\/web\/wp-content\/uploads\/2016\/10\/FullSizeRender-1-e1477415192909.jpg","author_info":{"display_name":"PSOE Canarias","author_link":"https:\/\/psoecanarias.com\/web\/author\/admin\/"},"yoast_head":"<!-- This site is optimized with the Yoast SEO plugin v27.2 - https:\/\/yoast.com\/product\/yoast-seo-wordpress\/ -->\n<title>Los senadores socialistas piden incrementar las plantillas de la Guardia Civil y la Polic\u00eda Nacional en Canarias | PSOE Canarias<\/title>\n<meta name=\"robots\" content=\"index, follow, max-snippet:-1, max-image-preview:large, max-video-preview:-1\" \/>\n<link rel=\"canonical\" href=\"https:\/\/psoecanarias.com\/web\/los-senadores-socialistas-piden-incrementar-las-plantillas-de-la-guardia-civil-y-la-policia-nacional-en-canarias\/\" \/>\n<meta property=\"og:locale\" content=\"es_ES\" \/>\n<meta property=\"og:type\" content=\"article\" \/>\n<meta property=\"og:title\" content=\"Los senadores socialistas piden incrementar las plantillas de la Guardia Civil y la Polic\u00eda Nacional en Canarias | PSOE Canarias\" \/>\n<meta property=\"og:description\" content=\"La plantilla actual del Cuerpo Nacional de Polic\u00eda de Canarias se encuentra cubierta s\u00f3lo al 85% y la plantilla actual de la Guardia Civil Cuerpo s\u00f3lo al 87%\" \/>\n<meta property=\"og:url\" content=\"https:\/\/psoecanarias.com\/web\/los-senadores-socialistas-piden-incrementar-las-plantillas-de-la-guardia-civil-y-la-policia-nacional-en-canarias\/\" \/>\n<meta property=\"og:site_name\" content=\"PSOE Canarias\" \/>\n<meta property=\"article:published_time\" content=\"2016-12-20T11:15:06+00:00\" \/>\n<meta property=\"og:image\" content=\"https:\/\/psoecanarias.com\/web\/wp-content\/uploads\/2016\/10\/FullSizeRender-1-e1477415192909.jpg\" \/>\n\t<meta property=\"og:image:width\" content=\"900\" \/>\n\t<meta property=\"og:image:height\" content=\"860\" \/>\n\t<meta property=\"og:image:type\" content=\"image\/jpeg\" \/>\n<meta name=\"author\" content=\"PSOE Canarias\" \/>\n<meta name=\"twitter:card\" content=\"summary_large_image\" \/>\n<script type=\"application\/ld+json\" class=\"yoast-schema-graph\">{\"@context\":\"https:\/\/schema.org\",\"@graph\":[{\"@type\":\"Article\",\"@id\":\"https:\/\/psoecanarias.com\/web\/los-senadores-socialistas-piden-incrementar-las-plantillas-de-la-guardia-civil-y-la-policia-nacional-en-canarias\/#article\",\"isPartOf\":{\"@id\":\"https:\/\/psoecanarias.com\/web\/los-senadores-socialistas-piden-incrementar-las-plantillas-de-la-guardia-civil-y-la-policia-nacional-en-canarias\/\"},\"author\":{\"name\":\"PSOE Canarias\",\"@id\":\"https:\/\/psoecanarias.com\/web\/#\/schema\/person\/1ae43f9659d2fc599ca69c11e1dbf26f\"},\"headline\":\"Los senadores socialistas piden incrementar las plantillas de la Guardia Civil y la Polic\u00eda Nacional en Canarias\",\"datePublished\":\"2016-12-20T11:15:06+00:00\",\"mainEntityOfPage\":{\"@id\":\"https:\/\/psoecanarias.com\/web\/los-senadores-socialistas-piden-incrementar-las-plantillas-de-la-guardia-civil-y-la-policia-nacional-en-canarias\/\"},\"wordCount\":546,\"commentCount\":0,\"image\":{\"@id\":\"https:\/\/psoecanarias.com\/web\/los-senadores-socialistas-piden-incrementar-las-plantillas-de-la-guardia-civil-y-la-policia-nacional-en-canarias\/#primaryimage\"},\"thumbnailUrl\":\"https:\/\/psoecanarias.com\/web\/wp-content\/uploads\/2016\/10\/FullSizeRender-1-e1477415192909.jpg\",\"keywords\":[\"Guardia Civil\",\"Julio Cruz\",\"Olivia Delgado\",\"Polic\u00eda Nacional\",\"Senado\"],\"articleSection\":[\"Pol\u00edtica\"],\"inLanguage\":\"es\",\"potentialAction\":[{\"@type\":\"CommentAction\",\"name\":\"Comment\",\"target\":[\"https:\/\/psoecanarias.com\/web\/los-senadores-socialistas-piden-incrementar-las-plantillas-de-la-guardia-civil-y-la-policia-nacional-en-canarias\/#respond\"]}]},{\"@type\":\"WebPage\",\"@id\":\"https:\/\/psoecanarias.com\/web\/los-senadores-socialistas-piden-incrementar-las-plantillas-de-la-guardia-civil-y-la-policia-nacional-en-canarias\/\",\"url\":\"https:\/\/psoecanarias.com\/web\/los-senadores-socialistas-piden-incrementar-las-plantillas-de-la-guardia-civil-y-la-policia-nacional-en-canarias\/\",\"name\":\"Los senadores socialistas piden incrementar las plantillas de la Guardia Civil y la Polic\u00eda Nacional en Canarias | PSOE Canarias\",\"isPartOf\":{\"@id\":\"https:\/\/psoecanarias.com\/web\/#website\"},\"primaryImageOfPage\":{\"@id\":\"https:\/\/psoecanarias.com\/web\/los-senadores-socialistas-piden-incrementar-las-plantillas-de-la-guardia-civil-y-la-policia-nacional-en-canarias\/#primaryimage\"},\"image\":{\"@id\":\"https:\/\/psoecanarias.com\/web\/los-senadores-socialistas-piden-incrementar-las-plantillas-de-la-guardia-civil-y-la-policia-nacional-en-canarias\/#primaryimage\"},\"thumbnailUrl\":\"https:\/\/psoecanarias.com\/web\/wp-content\/uploads\/2016\/10\/FullSizeRender-1-e1477415192909.jpg\",\"datePublished\":\"2016-12-20T11:15:06+00:00\",\"author\":{\"@id\":\"https:\/\/psoecanarias.com\/web\/#\/schema\/person\/1ae43f9659d2fc599ca69c11e1dbf26f\"},\"breadcrumb\":{\"@id\":\"https:\/\/psoecanarias.com\/web\/los-senadores-socialistas-piden-incrementar-las-plantillas-de-la-guardia-civil-y-la-policia-nacional-en-canarias\/#breadcrumb\"},\"inLanguage\":\"es\",\"potentialAction\":[{\"@type\":\"ReadAction\",\"target\":[\"https:\/\/psoecanarias.com\/web\/los-senadores-socialistas-piden-incrementar-las-plantillas-de-la-guardia-civil-y-la-policia-nacional-en-canarias\/\"]}]},{\"@type\":\"ImageObject\",\"inLanguage\":\"es\",\"@id\":\"https:\/\/psoecanarias.com\/web\/los-senadores-socialistas-piden-incrementar-las-plantillas-de-la-guardia-civil-y-la-policia-nacional-en-canarias\/#primaryimage\",\"url\":\"https:\/\/psoecanarias.com\/web\/wp-content\/uploads\/2016\/10\/FullSizeRender-1-e1477415192909.jpg\",\"contentUrl\":\"https:\/\/psoecanarias.com\/web\/wp-content\/uploads\/2016\/10\/FullSizeRender-1-e1477415192909.jpg\",\"width\":900,\"height\":860},{\"@type\":\"BreadcrumbList\",\"@id\":\"https:\/\/psoecanarias.com\/web\/los-senadores-socialistas-piden-incrementar-las-plantillas-de-la-guardia-civil-y-la-policia-nacional-en-canarias\/#breadcrumb\",\"itemListElement\":[{\"@type\":\"ListItem\",\"position\":1,\"name\":\"Portada\",\"item\":\"https:\/\/psoecanarias.com\/web\/\"},{\"@type\":\"ListItem\",\"position\":2,\"name\":\"Los senadores socialistas piden incrementar las plantillas de la Guardia Civil y la Polic\u00eda Nacional en Canarias\"}]},{\"@type\":\"WebSite\",\"@id\":\"https:\/\/psoecanarias.com\/web\/#website\",\"url\":\"https:\/\/psoecanarias.com\/web\/\",\"name\":\"PSOE Canarias\",\"description\":\"Partido Socialista Obrero Espa\u00f1ol Canarias\",\"potentialAction\":[{\"@type\":\"SearchAction\",\"target\":{\"@type\":\"EntryPoint\",\"urlTemplate\":\"https:\/\/psoecanarias.com\/web\/?s={search_term_string}\"},\"query-input\":{\"@type\":\"PropertyValueSpecification\",\"valueRequired\":true,\"valueName\":\"search_term_string\"}}],\"inLanguage\":\"es\"},{\"@type\":\"Person\",\"@id\":\"https:\/\/psoecanarias.com\/web\/#\/schema\/person\/1ae43f9659d2fc599ca69c11e1dbf26f\",\"name\":\"PSOE Canarias\",\"image\":{\"@type\":\"ImageObject\",\"inLanguage\":\"es\",\"@id\":\"https:\/\/secure.gravatar.com\/avatar\/4364d37f6f6f9cdb7af199b46151565f37d8a8c3c0e04c1d78c04e857a15e3a8?s=96&d=mm&r=g\",\"url\":\"https:\/\/secure.gravatar.com\/avatar\/4364d37f6f6f9cdb7af199b46151565f37d8a8c3c0e04c1d78c04e857a15e3a8?s=96&d=mm&r=g\",\"contentUrl\":\"https:\/\/secure.gravatar.com\/avatar\/4364d37f6f6f9cdb7af199b46151565f37d8a8c3c0e04c1d78c04e857a15e3a8?s=96&d=mm&r=g\",\"caption\":\"PSOE Canarias\"},\"url\":\"https:\/\/psoecanarias.com\/web\/author\/admin\/\"}]}<\/script>\n<!-- \/ Yoast SEO plugin. -->","yoast_head_json":{"title":"Los senadores socialistas piden incrementar las plantillas de la Guardia Civil y la Polic\u00eda Nacional en Canarias | PSOE Canarias","robots":{"index":"index","follow":"follow","max-snippet":"max-snippet:-1","max-image-preview":"max-image-preview:large","max-video-preview":"max-video-preview:-1"},"canonical":"https:\/\/psoecanarias.com\/web\/los-senadores-socialistas-piden-incrementar-las-plantillas-de-la-guardia-civil-y-la-policia-nacional-en-canarias\/","og_locale":"es_ES","og_type":"article","og_title":"Los senadores socialistas piden incrementar las plantillas de la Guardia Civil y la Polic\u00eda Nacional en Canarias | PSOE Canarias","og_description":"La plantilla actual del Cuerpo Nacional de Polic\u00eda de Canarias se encuentra cubierta s\u00f3lo al 85% y la plantilla actual de la Guardia Civil Cuerpo s\u00f3lo al 87%","og_url":"https:\/\/psoecanarias.com\/web\/los-senadores-socialistas-piden-incrementar-las-plantillas-de-la-guardia-civil-y-la-policia-nacional-en-canarias\/","og_site_name":"PSOE Canarias","article_published_time":"2016-12-20T11:15:06+00:00","og_image":[{"width":900,"height":860,"url":"https:\/\/psoecanarias.com\/web\/wp-content\/uploads\/2016\/10\/FullSizeRender-1-e1477415192909.jpg","type":"image\/jpeg"}],"author":"PSOE Canarias","twitter_card":"summary_large_image","schema":{"@context":"https:\/\/schema.org","@graph":[{"@type":"Article","@id":"https:\/\/psoecanarias.com\/web\/los-senadores-socialistas-piden-incrementar-las-plantillas-de-la-guardia-civil-y-la-policia-nacional-en-canarias\/#article","isPartOf":{"@id":"https:\/\/psoecanarias.com\/web\/los-senadores-socialistas-piden-incrementar-las-plantillas-de-la-guardia-civil-y-la-policia-nacional-en-canarias\/"},"author":{"name":"PSOE Canarias","@id":"https:\/\/psoecanarias.com\/web\/#\/schema\/person\/1ae43f9659d2fc599ca69c11e1dbf26f"},"headline":"Los senadores socialistas piden incrementar las plantillas de la Guardia Civil y la Polic\u00eda Nacional en Canarias","datePublished":"2016-12-20T11:15:06+00:00","mainEntityOfPage":{"@id":"https:\/\/psoecanarias.com\/web\/los-senadores-socialistas-piden-incrementar-las-plantillas-de-la-guardia-civil-y-la-policia-nacional-en-canarias\/"},"wordCount":546,"commentCount":0,"image":{"@id":"https:\/\/psoecanarias.com\/web\/los-senadores-socialistas-piden-incrementar-las-plantillas-de-la-guardia-civil-y-la-policia-nacional-en-canarias\/#primaryimage"},"thumbnailUrl":"https:\/\/psoecanarias.com\/web\/wp-content\/uploads\/2016\/10\/FullSizeRender-1-e1477415192909.jpg","keywords":["Guardia Civil","Julio Cruz","Olivia Delgado","Polic\u00eda Nacional","Senado"],"articleSection":["Pol\u00edtica"],"inLanguage":"es","potentialAction":[{"@type":"CommentAction","name":"Comment","target":["https:\/\/psoecanarias.com\/web\/los-senadores-socialistas-piden-incrementar-las-plantillas-de-la-guardia-civil-y-la-policia-nacional-en-canarias\/#respond"]}]},{"@type":"WebPage","@id":"https:\/\/psoecanarias.com\/web\/los-senadores-socialistas-piden-incrementar-las-plantillas-de-la-guardia-civil-y-la-policia-nacional-en-canarias\/","url":"https:\/\/psoecanarias.com\/web\/los-senadores-socialistas-piden-incrementar-las-plantillas-de-la-guardia-civil-y-la-policia-nacional-en-canarias\/","name":"Los senadores socialistas piden incrementar las plantillas de la Guardia Civil y la Polic\u00eda Nacional en Canarias | PSOE Canarias","isPartOf":{"@id":"https:\/\/psoecanarias.com\/web\/#website"},"primaryImageOfPage":{"@id":"https:\/\/psoecanarias.com\/web\/los-senadores-socialistas-piden-incrementar-las-plantillas-de-la-guardia-civil-y-la-policia-nacional-en-canarias\/#primaryimage"},"image":{"@id":"https:\/\/psoecanarias.com\/web\/los-senadores-socialistas-piden-incrementar-las-plantillas-de-la-guardia-civil-y-la-policia-nacional-en-canarias\/#primaryimage"},"thumbnailUrl":"https:\/\/psoecanarias.com\/web\/wp-content\/uploads\/2016\/10\/FullSizeRender-1-e1477415192909.jpg","datePublished":"2016-12-20T11:15:06+00:00","author":{"@id":"https:\/\/psoecanarias.com\/web\/#\/schema\/person\/1ae43f9659d2fc599ca69c11e1dbf26f"},"breadcrumb":{"@id":"https:\/\/psoecanarias.com\/web\/los-senadores-socialistas-piden-incrementar-las-plantillas-de-la-guardia-civil-y-la-policia-nacional-en-canarias\/#breadcrumb"},"inLanguage":"es","potentialAction":[{"@type":"ReadAction","target":["https:\/\/psoecanarias.com\/web\/los-senadores-socialistas-piden-incrementar-las-plantillas-de-la-guardia-civil-y-la-policia-nacional-en-canarias\/"]}]},{"@type":"ImageObject","inLanguage":"es","@id":"https:\/\/psoecanarias.com\/web\/los-senadores-socialistas-piden-incrementar-las-plantillas-de-la-guardia-civil-y-la-policia-nacional-en-canarias\/#primaryimage","url":"https:\/\/psoecanarias.com\/web\/wp-content\/uploads\/2016\/10\/FullSizeRender-1-e1477415192909.jpg","contentUrl":"https:\/\/psoecanarias.com\/web\/wp-content\/uploads\/2016\/10\/FullSizeRender-1-e1477415192909.jpg","width":900,"height":860},{"@type":"BreadcrumbList","@id":"https:\/\/psoecanarias.com\/web\/los-senadores-socialistas-piden-incrementar-las-plantillas-de-la-guardia-civil-y-la-policia-nacional-en-canarias\/#breadcrumb","itemListElement":[{"@type":"ListItem","position":1,"name":"Portada","item":"https:\/\/psoecanarias.com\/web\/"},{"@type":"ListItem","position":2,"name":"Los senadores socialistas piden incrementar las plantillas de la Guardia Civil y la Polic\u00eda Nacional en Canarias"}]},{"@type":"WebSite","@id":"https:\/\/psoecanarias.com\/web\/#website","url":"https:\/\/psoecanarias.com\/web\/","name":"PSOE Canarias","description":"Partido Socialista Obrero Espa\u00f1ol Canarias","potentialAction":[{"@type":"SearchAction","target":{"@type":"EntryPoint","urlTemplate":"https:\/\/psoecanarias.com\/web\/?s={search_term_string}"},"query-input":{"@type":"PropertyValueSpecification","valueRequired":true,"valueName":"search_term_string"}}],"inLanguage":"es"},{"@type":"Person","@id":"https:\/\/psoecanarias.com\/web\/#\/schema\/person\/1ae43f9659d2fc599ca69c11e1dbf26f","name":"PSOE Canarias","image":{"@type":"ImageObject","inLanguage":"es","@id":"https:\/\/secure.gravatar.com\/avatar\/4364d37f6f6f9cdb7af199b46151565f37d8a8c3c0e04c1d78c04e857a15e3a8?s=96&d=mm&r=g","url":"https:\/\/secure.gravatar.com\/avatar\/4364d37f6f6f9cdb7af199b46151565f37d8a8c3c0e04c1d78c04e857a15e3a8?s=96&d=mm&r=g","contentUrl":"https:\/\/secure.gravatar.com\/avatar\/4364d37f6f6f9cdb7af199b46151565f37d8a8c3c0e04c1d78c04e857a15e3a8?s=96&d=mm&r=g","caption":"PSOE Canarias"},"url":"https:\/\/psoecanarias.com\/web\/author\/admin\/"}]}},"_links":{"self":[{"href":"https:\/\/psoecanarias.com\/web\/wp-json\/wp\/v2\/posts\/2716","targetHints":{"allow":["GET"]}}],"collection":[{"href":"https:\/\/psoecanarias.com\/web\/wp-json\/wp\/v2\/posts"}],"about":[{"href":"https:\/\/psoecanarias.com\/web\/wp-json\/wp\/v2\/types\/post"}],"author":[{"embeddable":true,"href":"https:\/\/psoecanarias.com\/web\/wp-json\/wp\/v2\/users\/1"}],"replies":[{"embeddable":true,"href":"https:\/\/psoecanarias.com\/web\/wp-json\/wp\/v2\/comments?post=2716"}],"version-history":[{"count":1,"href":"https:\/\/psoecanarias.com\/web\/wp-json\/wp\/v2\/posts\/2716\/revisions"}],"predecessor-version":[{"id":2717,"href":"https:\/\/psoecanarias.com\/web\/wp-json\/wp\/v2\/posts\/2716\/revisions\/2717"}],"wp:featuredmedia":[{"embeddable":true,"href":"https:\/\/psoecanarias.com\/web\/wp-json\/wp\/v2\/media\/2448"}],"wp:attachment":[{"href":"https:\/\/psoecanarias.com\/web\/wp-json\/wp\/v2\/media?parent=2716"}],"wp:term":[{"taxonomy":"category","embeddable":true,"href":"https:\/\/psoecanarias.com\/web\/wp-json\/wp\/v2\/categories?post=2716"},{"taxonomy":"post_tag","embeddable":true,"href":"https:\/\/psoecanarias.com\/web\/wp-json\/wp\/v2\/tags?post=2716"}],"curies":[{"name":"wp","href":"https:\/\/api.w.org\/{rel}","templated":true}]}}