{"id":2810,"date":"2017-01-27T13:55:07","date_gmt":"2017-01-27T13:55:07","guid":{"rendered":"http:\/\/psoecanarias.com\/web\/?p=2810"},"modified":"2017-01-27T13:55:07","modified_gmt":"2017-01-27T13:55:07","slug":"el-psoe-valora-que-el-paro-descienda-por-primera-vez-desde-2008-al-25-por-ciento","status":"publish","type":"post","link":"https:\/\/psoecanarias.com\/web\/el-psoe-valora-que-el-paro-descienda-por-primera-vez-desde-2008-al-25-por-ciento\/","title":{"rendered":"El PSOE valora que el paro descienda por primera vez desde 2008 al 25 por ciento"},"content":{"rendered":"<p style=\"text-align: justify;\"><em>XH\/<\/em>\u00a0El portavoz de Empleo del Grupo Parlamentario Socialista, H\u00e9ctor G\u00f3mez, destac\u00f3 este jueves el importante descenso del paro que se desprende de los datos finales de la Encuesta sobre Poblaci\u00f3n Activa (EPA) para 2016 publicados hoy por el Instituto Nacional de Estad\u00edstica. Indica que la tasa de paro alcanza el 24,9 por ciento, el registro m\u00e1s bajo que se produce desde el cuarto trimestre de 2008, con un descenso de 10 puntos respecto al m\u00e1ximo hist\u00f3rico, mientras que en lo que va de legislatura se ha producido un descenso de 5,6 puntos\u201d. Esto supone un descenso de 1,1 puntos respecto al trimestre anterior y del 1,5 si se compara con el mismo momento del a\u00f1o anterior.<\/p>\n<p style=\"text-align: justify;\">Este importante descenso del paro, precisa, se produce antes de la crisis de Gobierno y de la inestabilidad pol\u00edtica generada por el presidente, Fernando Clavijo. Subraya que no hay \u201cnada peor\u201d para la generaci\u00f3n de empleo y la dinamizaci\u00f3n econ\u00f3mica que la inestabilidad pol\u00edtica, \u201cderivada exclusivamente de la irresponsabilidad de Clavijo, quien est\u00e1 poniendo en riesgo la creaci\u00f3n de empleo a ritmos de 2016\u201d.<\/p>\n<p style=\"text-align: justify;\">G\u00f3mez explica que el n\u00famero de parados se situ\u00f3 en 274.000 personas, lo que supone un descenso de 12.700 respecto al trimestre anterior y de 23.100 respecto al a\u00f1o pasado. \u201cEste es el registro m\u00e1s bajo desde el tercer trimestre de 2009 y se ha producido un descenso de 109.000 personas respecto al m\u00e1ximo hist\u00f3rico que tuvo lugar en el tercer trimestre de 2013\u201d, remarca.<\/p>\n<p style=\"text-align: justify;\">El diputado hace hincapi\u00e9 en que en lo que va de legislatura, el paro ha descendido en 62.500 personas, \u201cde tal forma que seguimos recogiendo los frutos del importante trabajo que realiz\u00f3 el PSOE desde el \u00e1rea de Empleo durante este periodo\u201d. Asimismo, se\u00f1ala que Canarias cierra 2016 con 226.800 ocupados, creciendo respecto al trimestre anterior en 11.300 personas y respecto al a\u00f1o pasado en 13.500. Resalta que es la cifra m\u00e1s elevada desde el tercer trimestre de 2008, ha supuesto un incremento de 107.000 personas respecto al m\u00ednimo que se alcanz\u00f3 en tercer trimestre de 2013 y un aumento de 52.600 personas desde el inicio de la legislatura.<\/p>\n","protected":false},"excerpt":{"rendered":"<p>H\u00e9ctor G\u00f3mez subraya que este importante descenso del paro se produce antes de la crisis de Gobierno y de la inestabilidad pol\u00edtica generada por Clavijo. Afirma que no hay \u201cnada peor\u201d para la generaci\u00f3n de empleo y la dinamizaci\u00f3n econ\u00f3mica que la inestabilidad pol\u00edtica, \u201cderivada exclusivamente de la irresponsabilidad del presidente, quien est\u00e1 poniendo en riesgo la creaci\u00f3n de empleo a ritmos de 2016\u201d<\/p>\n","protected":false},"author":1,"featured_media":2811,"comment_status":"open","ping_status":"open","sticky":false,"template":"","format":"standard","meta":{"footnotes":""},"categories":[7],"tags":[29,293,556],"class_list":["post-2810","post","type-post","status-publish","format-standard","has-post-thumbnail","hentry","category-politica","tag-empleo","tag-grupo-parlamentario-socialista-canario","tag-hector-gomez"],"featured_image_src":"https:\/\/psoecanarias.com\/web\/wp-content\/uploads\/2017\/01\/27525653895_709d2c7560_k-e1485525291261.jpg","author_info":{"display_name":"PSOE Canarias","author_link":"https:\/\/psoecanarias.com\/web\/author\/admin\/"},"yoast_head":"<!-- This site is optimized with the Yoast SEO plugin v27.2 - https:\/\/yoast.com\/product\/yoast-seo-wordpress\/ -->\n<title>El PSOE valora que el paro descienda por primera vez desde 2008 al 25 por ciento | PSOE Canarias<\/title>\n<meta name=\"robots\" content=\"index, follow, max-snippet:-1, max-image-preview:large, max-video-preview:-1\" \/>\n<link rel=\"canonical\" href=\"https:\/\/psoecanarias.com\/web\/el-psoe-valora-que-el-paro-descienda-por-primera-vez-desde-2008-al-25-por-ciento\/\" \/>\n<meta property=\"og:locale\" content=\"es_ES\" \/>\n<meta property=\"og:type\" content=\"article\" \/>\n<meta property=\"og:title\" content=\"El PSOE valora que el paro descienda por primera vez desde 2008 al 25 por ciento | PSOE Canarias\" \/>\n<meta property=\"og:description\" content=\"H\u00e9ctor G\u00f3mez subraya que este importante descenso del paro se produce antes de la crisis de Gobierno y de la inestabilidad pol\u00edtica generada por Clavijo. Afirma que no hay \u201cnada peor\u201d para la generaci\u00f3n de empleo y la dinamizaci\u00f3n econ\u00f3mica que la inestabilidad pol\u00edtica, \u201cderivada exclusivamente de la irresponsabilidad del presidente, quien est\u00e1 poniendo en riesgo la creaci\u00f3n de empleo a ritmos de 2016\u201d\" \/>\n<meta property=\"og:url\" content=\"https:\/\/psoecanarias.com\/web\/el-psoe-valora-que-el-paro-descienda-por-primera-vez-desde-2008-al-25-por-ciento\/\" \/>\n<meta property=\"og:site_name\" content=\"PSOE Canarias\" \/>\n<meta property=\"article:published_time\" content=\"2017-01-27T13:55:07+00:00\" \/>\n<meta property=\"og:image\" content=\"https:\/\/psoecanarias.com\/web\/wp-content\/uploads\/2017\/01\/27525653895_709d2c7560_k-e1485525291261.jpg\" \/>\n\t<meta property=\"og:image:width\" content=\"900\" \/>\n\t<meta property=\"og:image:height\" content=\"686\" \/>\n\t<meta property=\"og:image:type\" content=\"image\/jpeg\" \/>\n<meta name=\"author\" content=\"PSOE Canarias\" \/>\n<meta name=\"twitter:card\" content=\"summary_large_image\" \/>\n<script type=\"application\/ld+json\" class=\"yoast-schema-graph\">{\"@context\":\"https:\/\/schema.org\",\"@graph\":[{\"@type\":\"Article\",\"@id\":\"https:\/\/psoecanarias.com\/web\/el-psoe-valora-que-el-paro-descienda-por-primera-vez-desde-2008-al-25-por-ciento\/#article\",\"isPartOf\":{\"@id\":\"https:\/\/psoecanarias.com\/web\/el-psoe-valora-que-el-paro-descienda-por-primera-vez-desde-2008-al-25-por-ciento\/\"},\"author\":{\"name\":\"PSOE Canarias\",\"@id\":\"https:\/\/psoecanarias.com\/web\/#\/schema\/person\/1ae43f9659d2fc599ca69c11e1dbf26f\"},\"headline\":\"El PSOE valora que el paro descienda por primera vez desde 2008 al 25 por ciento\",\"datePublished\":\"2017-01-27T13:55:07+00:00\",\"mainEntityOfPage\":{\"@id\":\"https:\/\/psoecanarias.com\/web\/el-psoe-valora-que-el-paro-descienda-por-primera-vez-desde-2008-al-25-por-ciento\/\"},\"wordCount\":370,\"commentCount\":0,\"image\":{\"@id\":\"https:\/\/psoecanarias.com\/web\/el-psoe-valora-que-el-paro-descienda-por-primera-vez-desde-2008-al-25-por-ciento\/#primaryimage\"},\"thumbnailUrl\":\"https:\/\/psoecanarias.com\/web\/wp-content\/uploads\/2017\/01\/27525653895_709d2c7560_k-e1485525291261.jpg\",\"keywords\":[\"empleo\",\"Grupo Parlamentario Socialista Canario\",\"H\u00e9ctor G\u00f3mez\"],\"articleSection\":[\"Pol\u00edtica\"],\"inLanguage\":\"es\",\"potentialAction\":[{\"@type\":\"CommentAction\",\"name\":\"Comment\",\"target\":[\"https:\/\/psoecanarias.com\/web\/el-psoe-valora-que-el-paro-descienda-por-primera-vez-desde-2008-al-25-por-ciento\/#respond\"]}]},{\"@type\":\"WebPage\",\"@id\":\"https:\/\/psoecanarias.com\/web\/el-psoe-valora-que-el-paro-descienda-por-primera-vez-desde-2008-al-25-por-ciento\/\",\"url\":\"https:\/\/psoecanarias.com\/web\/el-psoe-valora-que-el-paro-descienda-por-primera-vez-desde-2008-al-25-por-ciento\/\",\"name\":\"El PSOE valora que el paro descienda por primera vez desde 2008 al 25 por ciento | PSOE Canarias\",\"isPartOf\":{\"@id\":\"https:\/\/psoecanarias.com\/web\/#website\"},\"primaryImageOfPage\":{\"@id\":\"https:\/\/psoecanarias.com\/web\/el-psoe-valora-que-el-paro-descienda-por-primera-vez-desde-2008-al-25-por-ciento\/#primaryimage\"},\"image\":{\"@id\":\"https:\/\/psoecanarias.com\/web\/el-psoe-valora-que-el-paro-descienda-por-primera-vez-desde-2008-al-25-por-ciento\/#primaryimage\"},\"thumbnailUrl\":\"https:\/\/psoecanarias.com\/web\/wp-content\/uploads\/2017\/01\/27525653895_709d2c7560_k-e1485525291261.jpg\",\"datePublished\":\"2017-01-27T13:55:07+00:00\",\"author\":{\"@id\":\"https:\/\/psoecanarias.com\/web\/#\/schema\/person\/1ae43f9659d2fc599ca69c11e1dbf26f\"},\"breadcrumb\":{\"@id\":\"https:\/\/psoecanarias.com\/web\/el-psoe-valora-que-el-paro-descienda-por-primera-vez-desde-2008-al-25-por-ciento\/#breadcrumb\"},\"inLanguage\":\"es\",\"potentialAction\":[{\"@type\":\"ReadAction\",\"target\":[\"https:\/\/psoecanarias.com\/web\/el-psoe-valora-que-el-paro-descienda-por-primera-vez-desde-2008-al-25-por-ciento\/\"]}]},{\"@type\":\"ImageObject\",\"inLanguage\":\"es\",\"@id\":\"https:\/\/psoecanarias.com\/web\/el-psoe-valora-que-el-paro-descienda-por-primera-vez-desde-2008-al-25-por-ciento\/#primaryimage\",\"url\":\"https:\/\/psoecanarias.com\/web\/wp-content\/uploads\/2017\/01\/27525653895_709d2c7560_k-e1485525291261.jpg\",\"contentUrl\":\"https:\/\/psoecanarias.com\/web\/wp-content\/uploads\/2017\/01\/27525653895_709d2c7560_k-e1485525291261.jpg\",\"width\":900,\"height\":686},{\"@type\":\"BreadcrumbList\",\"@id\":\"https:\/\/psoecanarias.com\/web\/el-psoe-valora-que-el-paro-descienda-por-primera-vez-desde-2008-al-25-por-ciento\/#breadcrumb\",\"itemListElement\":[{\"@type\":\"ListItem\",\"position\":1,\"name\":\"Portada\",\"item\":\"https:\/\/psoecanarias.com\/web\/\"},{\"@type\":\"ListItem\",\"position\":2,\"name\":\"El PSOE valora que el paro descienda por primera vez desde 2008 al 25 por ciento\"}]},{\"@type\":\"WebSite\",\"@id\":\"https:\/\/psoecanarias.com\/web\/#website\",\"url\":\"https:\/\/psoecanarias.com\/web\/\",\"name\":\"PSOE Canarias\",\"description\":\"Partido Socialista Obrero Espa\u00f1ol Canarias\",\"potentialAction\":[{\"@type\":\"SearchAction\",\"target\":{\"@type\":\"EntryPoint\",\"urlTemplate\":\"https:\/\/psoecanarias.com\/web\/?s={search_term_string}\"},\"query-input\":{\"@type\":\"PropertyValueSpecification\",\"valueRequired\":true,\"valueName\":\"search_term_string\"}}],\"inLanguage\":\"es\"},{\"@type\":\"Person\",\"@id\":\"https:\/\/psoecanarias.com\/web\/#\/schema\/person\/1ae43f9659d2fc599ca69c11e1dbf26f\",\"name\":\"PSOE Canarias\",\"image\":{\"@type\":\"ImageObject\",\"inLanguage\":\"es\",\"@id\":\"https:\/\/secure.gravatar.com\/avatar\/4364d37f6f6f9cdb7af199b46151565f37d8a8c3c0e04c1d78c04e857a15e3a8?s=96&d=mm&r=g\",\"url\":\"https:\/\/secure.gravatar.com\/avatar\/4364d37f6f6f9cdb7af199b46151565f37d8a8c3c0e04c1d78c04e857a15e3a8?s=96&d=mm&r=g\",\"contentUrl\":\"https:\/\/secure.gravatar.com\/avatar\/4364d37f6f6f9cdb7af199b46151565f37d8a8c3c0e04c1d78c04e857a15e3a8?s=96&d=mm&r=g\",\"caption\":\"PSOE Canarias\"},\"url\":\"https:\/\/psoecanarias.com\/web\/author\/admin\/\"}]}<\/script>\n<!-- \/ Yoast SEO plugin. -->","yoast_head_json":{"title":"El PSOE valora que el paro descienda por primera vez desde 2008 al 25 por ciento | PSOE Canarias","robots":{"index":"index","follow":"follow","max-snippet":"max-snippet:-1","max-image-preview":"max-image-preview:large","max-video-preview":"max-video-preview:-1"},"canonical":"https:\/\/psoecanarias.com\/web\/el-psoe-valora-que-el-paro-descienda-por-primera-vez-desde-2008-al-25-por-ciento\/","og_locale":"es_ES","og_type":"article","og_title":"El PSOE valora que el paro descienda por primera vez desde 2008 al 25 por ciento | PSOE Canarias","og_description":"H\u00e9ctor G\u00f3mez subraya que este importante descenso del paro se produce antes de la crisis de Gobierno y de la inestabilidad pol\u00edtica generada por Clavijo. Afirma que no hay \u201cnada peor\u201d para la generaci\u00f3n de empleo y la dinamizaci\u00f3n econ\u00f3mica que la inestabilidad pol\u00edtica, \u201cderivada exclusivamente de la irresponsabilidad del presidente, quien est\u00e1 poniendo en riesgo la creaci\u00f3n de empleo a ritmos de 2016\u201d","og_url":"https:\/\/psoecanarias.com\/web\/el-psoe-valora-que-el-paro-descienda-por-primera-vez-desde-2008-al-25-por-ciento\/","og_site_name":"PSOE Canarias","article_published_time":"2017-01-27T13:55:07+00:00","og_image":[{"width":900,"height":686,"url":"https:\/\/psoecanarias.com\/web\/wp-content\/uploads\/2017\/01\/27525653895_709d2c7560_k-e1485525291261.jpg","type":"image\/jpeg"}],"author":"PSOE Canarias","twitter_card":"summary_large_image","schema":{"@context":"https:\/\/schema.org","@graph":[{"@type":"Article","@id":"https:\/\/psoecanarias.com\/web\/el-psoe-valora-que-el-paro-descienda-por-primera-vez-desde-2008-al-25-por-ciento\/#article","isPartOf":{"@id":"https:\/\/psoecanarias.com\/web\/el-psoe-valora-que-el-paro-descienda-por-primera-vez-desde-2008-al-25-por-ciento\/"},"author":{"name":"PSOE Canarias","@id":"https:\/\/psoecanarias.com\/web\/#\/schema\/person\/1ae43f9659d2fc599ca69c11e1dbf26f"},"headline":"El PSOE valora que el paro descienda por primera vez desde 2008 al 25 por ciento","datePublished":"2017-01-27T13:55:07+00:00","mainEntityOfPage":{"@id":"https:\/\/psoecanarias.com\/web\/el-psoe-valora-que-el-paro-descienda-por-primera-vez-desde-2008-al-25-por-ciento\/"},"wordCount":370,"commentCount":0,"image":{"@id":"https:\/\/psoecanarias.com\/web\/el-psoe-valora-que-el-paro-descienda-por-primera-vez-desde-2008-al-25-por-ciento\/#primaryimage"},"thumbnailUrl":"https:\/\/psoecanarias.com\/web\/wp-content\/uploads\/2017\/01\/27525653895_709d2c7560_k-e1485525291261.jpg","keywords":["empleo","Grupo Parlamentario Socialista Canario","H\u00e9ctor G\u00f3mez"],"articleSection":["Pol\u00edtica"],"inLanguage":"es","potentialAction":[{"@type":"CommentAction","name":"Comment","target":["https:\/\/psoecanarias.com\/web\/el-psoe-valora-que-el-paro-descienda-por-primera-vez-desde-2008-al-25-por-ciento\/#respond"]}]},{"@type":"WebPage","@id":"https:\/\/psoecanarias.com\/web\/el-psoe-valora-que-el-paro-descienda-por-primera-vez-desde-2008-al-25-por-ciento\/","url":"https:\/\/psoecanarias.com\/web\/el-psoe-valora-que-el-paro-descienda-por-primera-vez-desde-2008-al-25-por-ciento\/","name":"El PSOE valora que el paro descienda por primera vez desde 2008 al 25 por ciento | PSOE Canarias","isPartOf":{"@id":"https:\/\/psoecanarias.com\/web\/#website"},"primaryImageOfPage":{"@id":"https:\/\/psoecanarias.com\/web\/el-psoe-valora-que-el-paro-descienda-por-primera-vez-desde-2008-al-25-por-ciento\/#primaryimage"},"image":{"@id":"https:\/\/psoecanarias.com\/web\/el-psoe-valora-que-el-paro-descienda-por-primera-vez-desde-2008-al-25-por-ciento\/#primaryimage"},"thumbnailUrl":"https:\/\/psoecanarias.com\/web\/wp-content\/uploads\/2017\/01\/27525653895_709d2c7560_k-e1485525291261.jpg","datePublished":"2017-01-27T13:55:07+00:00","author":{"@id":"https:\/\/psoecanarias.com\/web\/#\/schema\/person\/1ae43f9659d2fc599ca69c11e1dbf26f"},"breadcrumb":{"@id":"https:\/\/psoecanarias.com\/web\/el-psoe-valora-que-el-paro-descienda-por-primera-vez-desde-2008-al-25-por-ciento\/#breadcrumb"},"inLanguage":"es","potentialAction":[{"@type":"ReadAction","target":["https:\/\/psoecanarias.com\/web\/el-psoe-valora-que-el-paro-descienda-por-primera-vez-desde-2008-al-25-por-ciento\/"]}]},{"@type":"ImageObject","inLanguage":"es","@id":"https:\/\/psoecanarias.com\/web\/el-psoe-valora-que-el-paro-descienda-por-primera-vez-desde-2008-al-25-por-ciento\/#primaryimage","url":"https:\/\/psoecanarias.com\/web\/wp-content\/uploads\/2017\/01\/27525653895_709d2c7560_k-e1485525291261.jpg","contentUrl":"https:\/\/psoecanarias.com\/web\/wp-content\/uploads\/2017\/01\/27525653895_709d2c7560_k-e1485525291261.jpg","width":900,"height":686},{"@type":"BreadcrumbList","@id":"https:\/\/psoecanarias.com\/web\/el-psoe-valora-que-el-paro-descienda-por-primera-vez-desde-2008-al-25-por-ciento\/#breadcrumb","itemListElement":[{"@type":"ListItem","position":1,"name":"Portada","item":"https:\/\/psoecanarias.com\/web\/"},{"@type":"ListItem","position":2,"name":"El PSOE valora que el paro descienda por primera vez desde 2008 al 25 por ciento"}]},{"@type":"WebSite","@id":"https:\/\/psoecanarias.com\/web\/#website","url":"https:\/\/psoecanarias.com\/web\/","name":"PSOE Canarias","description":"Partido Socialista Obrero Espa\u00f1ol Canarias","potentialAction":[{"@type":"SearchAction","target":{"@type":"EntryPoint","urlTemplate":"https:\/\/psoecanarias.com\/web\/?s={search_term_string}"},"query-input":{"@type":"PropertyValueSpecification","valueRequired":true,"valueName":"search_term_string"}}],"inLanguage":"es"},{"@type":"Person","@id":"https:\/\/psoecanarias.com\/web\/#\/schema\/person\/1ae43f9659d2fc599ca69c11e1dbf26f","name":"PSOE Canarias","image":{"@type":"ImageObject","inLanguage":"es","@id":"https:\/\/secure.gravatar.com\/avatar\/4364d37f6f6f9cdb7af199b46151565f37d8a8c3c0e04c1d78c04e857a15e3a8?s=96&d=mm&r=g","url":"https:\/\/secure.gravatar.com\/avatar\/4364d37f6f6f9cdb7af199b46151565f37d8a8c3c0e04c1d78c04e857a15e3a8?s=96&d=mm&r=g","contentUrl":"https:\/\/secure.gravatar.com\/avatar\/4364d37f6f6f9cdb7af199b46151565f37d8a8c3c0e04c1d78c04e857a15e3a8?s=96&d=mm&r=g","caption":"PSOE Canarias"},"url":"https:\/\/psoecanarias.com\/web\/author\/admin\/"}]}},"_links":{"self":[{"href":"https:\/\/psoecanarias.com\/web\/wp-json\/wp\/v2\/posts\/2810","targetHints":{"allow":["GET"]}}],"collection":[{"href":"https:\/\/psoecanarias.com\/web\/wp-json\/wp\/v2\/posts"}],"about":[{"href":"https:\/\/psoecanarias.com\/web\/wp-json\/wp\/v2\/types\/post"}],"author":[{"embeddable":true,"href":"https:\/\/psoecanarias.com\/web\/wp-json\/wp\/v2\/users\/1"}],"replies":[{"embeddable":true,"href":"https:\/\/psoecanarias.com\/web\/wp-json\/wp\/v2\/comments?post=2810"}],"version-history":[{"count":1,"href":"https:\/\/psoecanarias.com\/web\/wp-json\/wp\/v2\/posts\/2810\/revisions"}],"predecessor-version":[{"id":2812,"href":"https:\/\/psoecanarias.com\/web\/wp-json\/wp\/v2\/posts\/2810\/revisions\/2812"}],"wp:featuredmedia":[{"embeddable":true,"href":"https:\/\/psoecanarias.com\/web\/wp-json\/wp\/v2\/media\/2811"}],"wp:attachment":[{"href":"https:\/\/psoecanarias.com\/web\/wp-json\/wp\/v2\/media?parent=2810"}],"wp:term":[{"taxonomy":"category","embeddable":true,"href":"https:\/\/psoecanarias.com\/web\/wp-json\/wp\/v2\/categories?post=2810"},{"taxonomy":"post_tag","embeddable":true,"href":"https:\/\/psoecanarias.com\/web\/wp-json\/wp\/v2\/tags?post=2810"}],"curies":[{"name":"wp","href":"https:\/\/api.w.org\/{rel}","templated":true}]}}