{"id":2846,"date":"2017-02-07T14:53:24","date_gmt":"2017-02-07T14:53:24","guid":{"rendered":"http:\/\/psoecanarias.com\/web\/?p=2846"},"modified":"2017-02-07T14:53:24","modified_gmt":"2017-02-07T14:53:24","slug":"tamara-raya-se-reunio-el-pasado-viernes-con-los-y-las-representantes-del-sindicato-csi-f","status":"publish","type":"post","link":"https:\/\/psoecanarias.com\/web\/tamara-raya-se-reunio-el-pasado-viernes-con-los-y-las-representantes-del-sindicato-csi-f\/","title":{"rendered":"Tamara Raya se reuni\u00f3 el pasado viernes con los y las representantes del sindicato CSI-F"},"content":{"rendered":"<p style=\"text-align: justify;\"><em>XH\/\u00a0<\/em>La diputada socialista por Santa Cruz de Tenerife, Tamara Raya, se reuni\u00f3 el pasado viernes con los y las representantes del sindicato CSI-F, Central Sindical Independiente y de Funcionarios, para escuchar sus demandas entre las que se encuentran, permitir que las personas funcionarias p\u00fablicas de clases pasivas ejercer la opci\u00f3n de continuar en el R\u00e9gimen de Clases Pasivas u optar por su incorporaci\u00f3n al R\u00e9gimen General de la Seguridad Social, con todas sus consecuencias.<\/p>\n<p style=\"text-align: justify;\">Otra de las demandas del sindicato es que en cuanto al gasto farmac\u00e9utico, el o la pensionista de Clases Pasivas hoy abona el producto en iguales condiciones que en activo: un 30% del precio del medicamento, mientras el o la pensionista de R\u00e9gimen General abona s\u00f3lo el 10%.<\/p>\n<p style=\"text-align: justify;\">El objetivo final que defienden es conseguir la integraci\u00f3n de todos los y las empleados p\u00fablicos en R\u00e9gimen General, despu\u00e9s de un per\u00edodo transitorio lo suficientemente largo para no perjudicar derechos adquiridos.<\/p>\n","protected":false},"excerpt":{"rendered":"<p>La diputada socialista por Santa Cruz de Tenerife, Tamara Raya, se reuni\u00f3 el pasado viernes con los y las representantes del sindicato CSI-F, Central Sindical Independiente y de Funcionarios, para escuchar sus demandas entre las que se encuentran, permitir que las personas funcionarias p\u00fablicas de clases pasivas ejercer la opci\u00f3n de continuar en el R\u00e9gimen de Clases Pasivas u optar por su incorporaci\u00f3n al R\u00e9gimen General de la Seguridad Social, con todas sus consecuencias<\/p>\n","protected":false},"author":1,"featured_media":2847,"comment_status":"open","ping_status":"open","sticky":false,"template":"","format":"standard","meta":{"footnotes":""},"categories":[7],"tags":[834,835,836,295],"class_list":["post-2846","post","type-post","status-publish","format-standard","has-post-thumbnail","hentry","category-politica","tag-csi-f","tag-regimen-de-clases-pasivas","tag-regimen-general-de-la-seguridad-social","tag-tamara-raya"],"featured_image_src":"https:\/\/psoecanarias.com\/web\/wp-content\/uploads\/2017\/02\/IMG_0008-e1486479152295.jpg","author_info":{"display_name":"PSOE Canarias","author_link":"https:\/\/psoecanarias.com\/web\/author\/admin\/"},"yoast_head":"<!-- This site is optimized with the Yoast SEO plugin v27.2 - https:\/\/yoast.com\/product\/yoast-seo-wordpress\/ -->\n<title>Tamara Raya se reuni\u00f3 el pasado viernes con los y las representantes del sindicato CSI-F | PSOE Canarias<\/title>\n<meta name=\"robots\" content=\"index, follow, max-snippet:-1, max-image-preview:large, max-video-preview:-1\" \/>\n<link rel=\"canonical\" href=\"https:\/\/psoecanarias.com\/web\/tamara-raya-se-reunio-el-pasado-viernes-con-los-y-las-representantes-del-sindicato-csi-f\/\" \/>\n<meta property=\"og:locale\" content=\"es_ES\" \/>\n<meta property=\"og:type\" content=\"article\" \/>\n<meta property=\"og:title\" content=\"Tamara Raya se reuni\u00f3 el pasado viernes con los y las representantes del sindicato CSI-F | PSOE Canarias\" \/>\n<meta property=\"og:description\" content=\"La diputada socialista por Santa Cruz de Tenerife, Tamara Raya, se reuni\u00f3 el pasado viernes con los y las representantes del sindicato CSI-F, Central Sindical Independiente y de Funcionarios, para escuchar sus demandas entre las que se encuentran, permitir que las personas funcionarias p\u00fablicas de clases pasivas ejercer la opci\u00f3n de continuar en el R\u00e9gimen de Clases Pasivas u optar por su incorporaci\u00f3n al R\u00e9gimen General de la Seguridad Social, con todas sus consecuencias\" \/>\n<meta property=\"og:url\" content=\"https:\/\/psoecanarias.com\/web\/tamara-raya-se-reunio-el-pasado-viernes-con-los-y-las-representantes-del-sindicato-csi-f\/\" \/>\n<meta property=\"og:site_name\" content=\"PSOE Canarias\" \/>\n<meta property=\"article:published_time\" content=\"2017-02-07T14:53:24+00:00\" \/>\n<meta property=\"og:image\" content=\"https:\/\/psoecanarias.com\/web\/wp-content\/uploads\/2017\/02\/IMG_0008-e1486479152295.jpg\" \/>\n\t<meta property=\"og:image:width\" content=\"900\" \/>\n\t<meta property=\"og:image:height\" content=\"506\" \/>\n\t<meta property=\"og:image:type\" content=\"image\/jpeg\" \/>\n<meta name=\"author\" content=\"PSOE Canarias\" \/>\n<meta name=\"twitter:card\" content=\"summary_large_image\" \/>\n<script type=\"application\/ld+json\" class=\"yoast-schema-graph\">{\"@context\":\"https:\/\/schema.org\",\"@graph\":[{\"@type\":\"Article\",\"@id\":\"https:\/\/psoecanarias.com\/web\/tamara-raya-se-reunio-el-pasado-viernes-con-los-y-las-representantes-del-sindicato-csi-f\/#article\",\"isPartOf\":{\"@id\":\"https:\/\/psoecanarias.com\/web\/tamara-raya-se-reunio-el-pasado-viernes-con-los-y-las-representantes-del-sindicato-csi-f\/\"},\"author\":{\"name\":\"PSOE Canarias\",\"@id\":\"https:\/\/psoecanarias.com\/web\/#\/schema\/person\/1ae43f9659d2fc599ca69c11e1dbf26f\"},\"headline\":\"Tamara Raya se reuni\u00f3 el pasado viernes con los y las representantes del sindicato CSI-F\",\"datePublished\":\"2017-02-07T14:53:24+00:00\",\"mainEntityOfPage\":{\"@id\":\"https:\/\/psoecanarias.com\/web\/tamara-raya-se-reunio-el-pasado-viernes-con-los-y-las-representantes-del-sindicato-csi-f\/\"},\"wordCount\":181,\"commentCount\":0,\"image\":{\"@id\":\"https:\/\/psoecanarias.com\/web\/tamara-raya-se-reunio-el-pasado-viernes-con-los-y-las-representantes-del-sindicato-csi-f\/#primaryimage\"},\"thumbnailUrl\":\"https:\/\/psoecanarias.com\/web\/wp-content\/uploads\/2017\/02\/IMG_0008-e1486479152295.jpg\",\"keywords\":[\"CSI-F\",\"R\u00e9gimen de Clases Pasivas\",\"R\u00e9gimen General de la Seguridad Social\",\"Tamara Raya\"],\"articleSection\":[\"Pol\u00edtica\"],\"inLanguage\":\"es\",\"potentialAction\":[{\"@type\":\"CommentAction\",\"name\":\"Comment\",\"target\":[\"https:\/\/psoecanarias.com\/web\/tamara-raya-se-reunio-el-pasado-viernes-con-los-y-las-representantes-del-sindicato-csi-f\/#respond\"]}]},{\"@type\":\"WebPage\",\"@id\":\"https:\/\/psoecanarias.com\/web\/tamara-raya-se-reunio-el-pasado-viernes-con-los-y-las-representantes-del-sindicato-csi-f\/\",\"url\":\"https:\/\/psoecanarias.com\/web\/tamara-raya-se-reunio-el-pasado-viernes-con-los-y-las-representantes-del-sindicato-csi-f\/\",\"name\":\"Tamara Raya se reuni\u00f3 el pasado viernes con los y las representantes del sindicato CSI-F | PSOE Canarias\",\"isPartOf\":{\"@id\":\"https:\/\/psoecanarias.com\/web\/#website\"},\"primaryImageOfPage\":{\"@id\":\"https:\/\/psoecanarias.com\/web\/tamara-raya-se-reunio-el-pasado-viernes-con-los-y-las-representantes-del-sindicato-csi-f\/#primaryimage\"},\"image\":{\"@id\":\"https:\/\/psoecanarias.com\/web\/tamara-raya-se-reunio-el-pasado-viernes-con-los-y-las-representantes-del-sindicato-csi-f\/#primaryimage\"},\"thumbnailUrl\":\"https:\/\/psoecanarias.com\/web\/wp-content\/uploads\/2017\/02\/IMG_0008-e1486479152295.jpg\",\"datePublished\":\"2017-02-07T14:53:24+00:00\",\"author\":{\"@id\":\"https:\/\/psoecanarias.com\/web\/#\/schema\/person\/1ae43f9659d2fc599ca69c11e1dbf26f\"},\"breadcrumb\":{\"@id\":\"https:\/\/psoecanarias.com\/web\/tamara-raya-se-reunio-el-pasado-viernes-con-los-y-las-representantes-del-sindicato-csi-f\/#breadcrumb\"},\"inLanguage\":\"es\",\"potentialAction\":[{\"@type\":\"ReadAction\",\"target\":[\"https:\/\/psoecanarias.com\/web\/tamara-raya-se-reunio-el-pasado-viernes-con-los-y-las-representantes-del-sindicato-csi-f\/\"]}]},{\"@type\":\"ImageObject\",\"inLanguage\":\"es\",\"@id\":\"https:\/\/psoecanarias.com\/web\/tamara-raya-se-reunio-el-pasado-viernes-con-los-y-las-representantes-del-sindicato-csi-f\/#primaryimage\",\"url\":\"https:\/\/psoecanarias.com\/web\/wp-content\/uploads\/2017\/02\/IMG_0008-e1486479152295.jpg\",\"contentUrl\":\"https:\/\/psoecanarias.com\/web\/wp-content\/uploads\/2017\/02\/IMG_0008-e1486479152295.jpg\",\"width\":900,\"height\":506},{\"@type\":\"BreadcrumbList\",\"@id\":\"https:\/\/psoecanarias.com\/web\/tamara-raya-se-reunio-el-pasado-viernes-con-los-y-las-representantes-del-sindicato-csi-f\/#breadcrumb\",\"itemListElement\":[{\"@type\":\"ListItem\",\"position\":1,\"name\":\"Portada\",\"item\":\"https:\/\/psoecanarias.com\/web\/\"},{\"@type\":\"ListItem\",\"position\":2,\"name\":\"Tamara Raya se reuni\u00f3 el pasado viernes con los y las representantes del sindicato CSI-F\"}]},{\"@type\":\"WebSite\",\"@id\":\"https:\/\/psoecanarias.com\/web\/#website\",\"url\":\"https:\/\/psoecanarias.com\/web\/\",\"name\":\"PSOE Canarias\",\"description\":\"Partido Socialista Obrero Espa\u00f1ol Canarias\",\"potentialAction\":[{\"@type\":\"SearchAction\",\"target\":{\"@type\":\"EntryPoint\",\"urlTemplate\":\"https:\/\/psoecanarias.com\/web\/?s={search_term_string}\"},\"query-input\":{\"@type\":\"PropertyValueSpecification\",\"valueRequired\":true,\"valueName\":\"search_term_string\"}}],\"inLanguage\":\"es\"},{\"@type\":\"Person\",\"@id\":\"https:\/\/psoecanarias.com\/web\/#\/schema\/person\/1ae43f9659d2fc599ca69c11e1dbf26f\",\"name\":\"PSOE Canarias\",\"image\":{\"@type\":\"ImageObject\",\"inLanguage\":\"es\",\"@id\":\"https:\/\/secure.gravatar.com\/avatar\/4364d37f6f6f9cdb7af199b46151565f37d8a8c3c0e04c1d78c04e857a15e3a8?s=96&d=mm&r=g\",\"url\":\"https:\/\/secure.gravatar.com\/avatar\/4364d37f6f6f9cdb7af199b46151565f37d8a8c3c0e04c1d78c04e857a15e3a8?s=96&d=mm&r=g\",\"contentUrl\":\"https:\/\/secure.gravatar.com\/avatar\/4364d37f6f6f9cdb7af199b46151565f37d8a8c3c0e04c1d78c04e857a15e3a8?s=96&d=mm&r=g\",\"caption\":\"PSOE Canarias\"},\"url\":\"https:\/\/psoecanarias.com\/web\/author\/admin\/\"}]}<\/script>\n<!-- \/ Yoast SEO plugin. -->","yoast_head_json":{"title":"Tamara Raya se reuni\u00f3 el pasado viernes con los y las representantes del sindicato CSI-F | PSOE Canarias","robots":{"index":"index","follow":"follow","max-snippet":"max-snippet:-1","max-image-preview":"max-image-preview:large","max-video-preview":"max-video-preview:-1"},"canonical":"https:\/\/psoecanarias.com\/web\/tamara-raya-se-reunio-el-pasado-viernes-con-los-y-las-representantes-del-sindicato-csi-f\/","og_locale":"es_ES","og_type":"article","og_title":"Tamara Raya se reuni\u00f3 el pasado viernes con los y las representantes del sindicato CSI-F | PSOE Canarias","og_description":"La diputada socialista por Santa Cruz de Tenerife, Tamara Raya, se reuni\u00f3 el pasado viernes con los y las representantes del sindicato CSI-F, Central Sindical Independiente y de Funcionarios, para escuchar sus demandas entre las que se encuentran, permitir que las personas funcionarias p\u00fablicas de clases pasivas ejercer la opci\u00f3n de continuar en el R\u00e9gimen de Clases Pasivas u optar por su incorporaci\u00f3n al R\u00e9gimen General de la Seguridad Social, con todas sus consecuencias","og_url":"https:\/\/psoecanarias.com\/web\/tamara-raya-se-reunio-el-pasado-viernes-con-los-y-las-representantes-del-sindicato-csi-f\/","og_site_name":"PSOE Canarias","article_published_time":"2017-02-07T14:53:24+00:00","og_image":[{"width":900,"height":506,"url":"https:\/\/psoecanarias.com\/web\/wp-content\/uploads\/2017\/02\/IMG_0008-e1486479152295.jpg","type":"image\/jpeg"}],"author":"PSOE Canarias","twitter_card":"summary_large_image","schema":{"@context":"https:\/\/schema.org","@graph":[{"@type":"Article","@id":"https:\/\/psoecanarias.com\/web\/tamara-raya-se-reunio-el-pasado-viernes-con-los-y-las-representantes-del-sindicato-csi-f\/#article","isPartOf":{"@id":"https:\/\/psoecanarias.com\/web\/tamara-raya-se-reunio-el-pasado-viernes-con-los-y-las-representantes-del-sindicato-csi-f\/"},"author":{"name":"PSOE Canarias","@id":"https:\/\/psoecanarias.com\/web\/#\/schema\/person\/1ae43f9659d2fc599ca69c11e1dbf26f"},"headline":"Tamara Raya se reuni\u00f3 el pasado viernes con los y las representantes del sindicato CSI-F","datePublished":"2017-02-07T14:53:24+00:00","mainEntityOfPage":{"@id":"https:\/\/psoecanarias.com\/web\/tamara-raya-se-reunio-el-pasado-viernes-con-los-y-las-representantes-del-sindicato-csi-f\/"},"wordCount":181,"commentCount":0,"image":{"@id":"https:\/\/psoecanarias.com\/web\/tamara-raya-se-reunio-el-pasado-viernes-con-los-y-las-representantes-del-sindicato-csi-f\/#primaryimage"},"thumbnailUrl":"https:\/\/psoecanarias.com\/web\/wp-content\/uploads\/2017\/02\/IMG_0008-e1486479152295.jpg","keywords":["CSI-F","R\u00e9gimen de Clases Pasivas","R\u00e9gimen General de la Seguridad Social","Tamara Raya"],"articleSection":["Pol\u00edtica"],"inLanguage":"es","potentialAction":[{"@type":"CommentAction","name":"Comment","target":["https:\/\/psoecanarias.com\/web\/tamara-raya-se-reunio-el-pasado-viernes-con-los-y-las-representantes-del-sindicato-csi-f\/#respond"]}]},{"@type":"WebPage","@id":"https:\/\/psoecanarias.com\/web\/tamara-raya-se-reunio-el-pasado-viernes-con-los-y-las-representantes-del-sindicato-csi-f\/","url":"https:\/\/psoecanarias.com\/web\/tamara-raya-se-reunio-el-pasado-viernes-con-los-y-las-representantes-del-sindicato-csi-f\/","name":"Tamara Raya se reuni\u00f3 el pasado viernes con los y las representantes del sindicato CSI-F | PSOE Canarias","isPartOf":{"@id":"https:\/\/psoecanarias.com\/web\/#website"},"primaryImageOfPage":{"@id":"https:\/\/psoecanarias.com\/web\/tamara-raya-se-reunio-el-pasado-viernes-con-los-y-las-representantes-del-sindicato-csi-f\/#primaryimage"},"image":{"@id":"https:\/\/psoecanarias.com\/web\/tamara-raya-se-reunio-el-pasado-viernes-con-los-y-las-representantes-del-sindicato-csi-f\/#primaryimage"},"thumbnailUrl":"https:\/\/psoecanarias.com\/web\/wp-content\/uploads\/2017\/02\/IMG_0008-e1486479152295.jpg","datePublished":"2017-02-07T14:53:24+00:00","author":{"@id":"https:\/\/psoecanarias.com\/web\/#\/schema\/person\/1ae43f9659d2fc599ca69c11e1dbf26f"},"breadcrumb":{"@id":"https:\/\/psoecanarias.com\/web\/tamara-raya-se-reunio-el-pasado-viernes-con-los-y-las-representantes-del-sindicato-csi-f\/#breadcrumb"},"inLanguage":"es","potentialAction":[{"@type":"ReadAction","target":["https:\/\/psoecanarias.com\/web\/tamara-raya-se-reunio-el-pasado-viernes-con-los-y-las-representantes-del-sindicato-csi-f\/"]}]},{"@type":"ImageObject","inLanguage":"es","@id":"https:\/\/psoecanarias.com\/web\/tamara-raya-se-reunio-el-pasado-viernes-con-los-y-las-representantes-del-sindicato-csi-f\/#primaryimage","url":"https:\/\/psoecanarias.com\/web\/wp-content\/uploads\/2017\/02\/IMG_0008-e1486479152295.jpg","contentUrl":"https:\/\/psoecanarias.com\/web\/wp-content\/uploads\/2017\/02\/IMG_0008-e1486479152295.jpg","width":900,"height":506},{"@type":"BreadcrumbList","@id":"https:\/\/psoecanarias.com\/web\/tamara-raya-se-reunio-el-pasado-viernes-con-los-y-las-representantes-del-sindicato-csi-f\/#breadcrumb","itemListElement":[{"@type":"ListItem","position":1,"name":"Portada","item":"https:\/\/psoecanarias.com\/web\/"},{"@type":"ListItem","position":2,"name":"Tamara Raya se reuni\u00f3 el pasado viernes con los y las representantes del sindicato CSI-F"}]},{"@type":"WebSite","@id":"https:\/\/psoecanarias.com\/web\/#website","url":"https:\/\/psoecanarias.com\/web\/","name":"PSOE Canarias","description":"Partido Socialista Obrero Espa\u00f1ol Canarias","potentialAction":[{"@type":"SearchAction","target":{"@type":"EntryPoint","urlTemplate":"https:\/\/psoecanarias.com\/web\/?s={search_term_string}"},"query-input":{"@type":"PropertyValueSpecification","valueRequired":true,"valueName":"search_term_string"}}],"inLanguage":"es"},{"@type":"Person","@id":"https:\/\/psoecanarias.com\/web\/#\/schema\/person\/1ae43f9659d2fc599ca69c11e1dbf26f","name":"PSOE Canarias","image":{"@type":"ImageObject","inLanguage":"es","@id":"https:\/\/secure.gravatar.com\/avatar\/4364d37f6f6f9cdb7af199b46151565f37d8a8c3c0e04c1d78c04e857a15e3a8?s=96&d=mm&r=g","url":"https:\/\/secure.gravatar.com\/avatar\/4364d37f6f6f9cdb7af199b46151565f37d8a8c3c0e04c1d78c04e857a15e3a8?s=96&d=mm&r=g","contentUrl":"https:\/\/secure.gravatar.com\/avatar\/4364d37f6f6f9cdb7af199b46151565f37d8a8c3c0e04c1d78c04e857a15e3a8?s=96&d=mm&r=g","caption":"PSOE Canarias"},"url":"https:\/\/psoecanarias.com\/web\/author\/admin\/"}]}},"_links":{"self":[{"href":"https:\/\/psoecanarias.com\/web\/wp-json\/wp\/v2\/posts\/2846","targetHints":{"allow":["GET"]}}],"collection":[{"href":"https:\/\/psoecanarias.com\/web\/wp-json\/wp\/v2\/posts"}],"about":[{"href":"https:\/\/psoecanarias.com\/web\/wp-json\/wp\/v2\/types\/post"}],"author":[{"embeddable":true,"href":"https:\/\/psoecanarias.com\/web\/wp-json\/wp\/v2\/users\/1"}],"replies":[{"embeddable":true,"href":"https:\/\/psoecanarias.com\/web\/wp-json\/wp\/v2\/comments?post=2846"}],"version-history":[{"count":1,"href":"https:\/\/psoecanarias.com\/web\/wp-json\/wp\/v2\/posts\/2846\/revisions"}],"predecessor-version":[{"id":2848,"href":"https:\/\/psoecanarias.com\/web\/wp-json\/wp\/v2\/posts\/2846\/revisions\/2848"}],"wp:featuredmedia":[{"embeddable":true,"href":"https:\/\/psoecanarias.com\/web\/wp-json\/wp\/v2\/media\/2847"}],"wp:attachment":[{"href":"https:\/\/psoecanarias.com\/web\/wp-json\/wp\/v2\/media?parent=2846"}],"wp:term":[{"taxonomy":"category","embeddable":true,"href":"https:\/\/psoecanarias.com\/web\/wp-json\/wp\/v2\/categories?post=2846"},{"taxonomy":"post_tag","embeddable":true,"href":"https:\/\/psoecanarias.com\/web\/wp-json\/wp\/v2\/tags?post=2846"}],"curies":[{"name":"wp","href":"https:\/\/api.w.org\/{rel}","templated":true}]}}