{"id":2849,"date":"2017-02-07T19:04:45","date_gmt":"2017-02-07T19:04:45","guid":{"rendered":"http:\/\/psoecanarias.com\/web\/?p=2849"},"modified":"2017-02-07T19:04:45","modified_gmt":"2017-02-07T19:04:45","slug":"ventura-del-carmen-rodriguez-vuelve-a-exigir-la-mejora-de-los-vuelos-con-la-gomera","status":"publish","type":"post","link":"https:\/\/psoecanarias.com\/web\/ventura-del-carmen-rodriguez-vuelve-a-exigir-la-mejora-de-los-vuelos-con-la-gomera\/","title":{"rendered":"Ventura del Carmen Rodr\u00edguez vuelve a exigir la mejora de los vuelos con La Gomera"},"content":{"rendered":"<p style=\"text-align: justify;\"><em>XH\/\u00a0<\/em>La diputada del PSOE por La Gomera, Ventura del Carmen Rodr\u00edguez, exigi\u00f3 este martes al Gobierno de Canarias que demande ante el Ejecutivo central, en concreto ante el Ministerio de Fomento, la mejora de los vuelos con la isla, la revisi\u00f3n de la obligaci\u00f3n de servicio p\u00fablico y vuelos directos con Gran Canaria, adem\u00e1s de pedir que se inicien los tr\u00e1mites de ampliaci\u00f3n para mejorar la operatividad.<\/p>\n<p style=\"text-align: justify;\">\u201cEs necesario que se busquen alternativas para los horarios y conexiones, porque La Gomera no es un barrio perif\u00e9rico de Tenerife, sino una isla cuyo aeropuerto se convierte en un elemento clave para su desarrollo\u201d, dijo en el pleno del Parlamento, donde inst\u00f3 al consejero de Obras P\u00fablicas a que explique a los gomeros y gomeras por qu\u00e9 su aeropuerto no tiene las mismas posibilidades que el resto de canarias.<\/p>\n<p style=\"text-align: justify;\">Rodr\u00edguez Herrera explic\u00f3 que mientras que en toda Canarias aumenta el n\u00famero de turistas, en La Gomera ser\u00e1 imposible mejorar la tendencia si el aeropuerto no est\u00e1 operativo. En este sentido, insisti\u00f3 en que se deben buscar otras posibilidades de horarios y conexiones, as\u00ed como estudiar las razones de las cancelaciones y analizando si se debe regresar al sistema de controladores.<\/p>\n<p style=\"text-align: justify;\">La parlamentaria socialista record\u00f3 que los horarios de los vuelos con la isla son insuficientes e irrealistas, no permiten conexiones con otros vuelos, no dan respuesta a las necesidades de los gomeros ni tampoco a la demanda que plantea el resto de canarios o los turistas que quieren visitar la isla.<\/p>\n<p style=\"text-align: justify;\">\u201cNo podemos permitir que el hist\u00f3rico aislamiento que ha sufrido La Gomera se vea agravado por la falta de inter\u00e9s de partidos e instituciones que no consideran que este sea un problema grave, al contrario del sentir de la ciudadan\u00eda de la isla, que se niega a resignarse a la realidad de que resulte m\u00e1s caro viajar a Tenerife o Gran Canaria para acudir a una cita m\u00e9dica que ir de vacaciones de Dubl\u00edn\u201d, explica la diputada.<\/p>\n<p style=\"text-align: justify;\">Por \u00faltimo, Ventura del Carmen Rodr\u00edguez adelanta que el PSOE est\u00e1 trabajando en la presentaci\u00f3n de iniciativas, tanto ante el Parlamento de Canarias como en las Cortes Generales, para lo que contar\u00e1 con las aportaciones que realicen los distintos colectivos de la isla.<\/p>\n","protected":false},"excerpt":{"rendered":"<p>La diputada del PSOE subraya que el aeropuerto es clave para el desarrollo de la isla, pide la revisi\u00f3n de la obligaci\u00f3n de servicio p\u00fablico y vuelos directos con Gran Canaria. Adelanta que el PSOE trabaja en la presentaci\u00f3n de iniciativas ante el Parlamento canario y las Cortes Generales, para lo que contar\u00e1 con las aportaciones que realicen los distintos colectivos de la isla<\/p>\n","protected":false},"author":1,"featured_media":2850,"comment_status":"open","ping_status":"open","sticky":false,"template":"","format":"standard","meta":{"footnotes":""},"categories":[7],"tags":[433,293,301],"class_list":["post-2849","post","type-post","status-publish","format-standard","has-post-thumbnail","hentry","category-politica","tag-aeropuerto-de-la-gomera","tag-grupo-parlamentario-socialista-canario","tag-ventura-del-carmen-rodriguez-herrera"],"featured_image_src":"https:\/\/psoecanarias.com\/web\/wp-content\/uploads\/2017\/02\/32614969832_78f57721ea_k-e1486494249437.jpg","author_info":{"display_name":"PSOE Canarias","author_link":"https:\/\/psoecanarias.com\/web\/author\/admin\/"},"yoast_head":"<!-- This site is optimized with the Yoast SEO plugin v27.2 - https:\/\/yoast.com\/product\/yoast-seo-wordpress\/ -->\n<title>Ventura del Carmen Rodr\u00edguez vuelve a exigir la mejora de los vuelos con La Gomera | PSOE Canarias<\/title>\n<meta name=\"robots\" content=\"index, follow, max-snippet:-1, max-image-preview:large, max-video-preview:-1\" \/>\n<link rel=\"canonical\" href=\"https:\/\/psoecanarias.com\/web\/ventura-del-carmen-rodriguez-vuelve-a-exigir-la-mejora-de-los-vuelos-con-la-gomera\/\" \/>\n<meta property=\"og:locale\" content=\"es_ES\" \/>\n<meta property=\"og:type\" content=\"article\" \/>\n<meta property=\"og:title\" content=\"Ventura del Carmen Rodr\u00edguez vuelve a exigir la mejora de los vuelos con La Gomera | PSOE Canarias\" \/>\n<meta property=\"og:description\" content=\"La diputada del PSOE subraya que el aeropuerto es clave para el desarrollo de la isla, pide la revisi\u00f3n de la obligaci\u00f3n de servicio p\u00fablico y vuelos directos con Gran Canaria. Adelanta que el PSOE trabaja en la presentaci\u00f3n de iniciativas ante el Parlamento canario y las Cortes Generales, para lo que contar\u00e1 con las aportaciones que realicen los distintos colectivos de la isla\" \/>\n<meta property=\"og:url\" content=\"https:\/\/psoecanarias.com\/web\/ventura-del-carmen-rodriguez-vuelve-a-exigir-la-mejora-de-los-vuelos-con-la-gomera\/\" \/>\n<meta property=\"og:site_name\" content=\"PSOE Canarias\" \/>\n<meta property=\"article:published_time\" content=\"2017-02-07T19:04:45+00:00\" \/>\n<meta property=\"og:image\" content=\"https:\/\/psoecanarias.com\/web\/wp-content\/uploads\/2017\/02\/32614969832_78f57721ea_k-e1486494249437.jpg\" \/>\n\t<meta property=\"og:image:width\" content=\"900\" \/>\n\t<meta property=\"og:image:height\" content=\"1349\" \/>\n\t<meta property=\"og:image:type\" content=\"image\/jpeg\" \/>\n<meta name=\"author\" content=\"PSOE Canarias\" \/>\n<meta name=\"twitter:card\" content=\"summary_large_image\" \/>\n<script type=\"application\/ld+json\" class=\"yoast-schema-graph\">{\"@context\":\"https:\/\/schema.org\",\"@graph\":[{\"@type\":\"Article\",\"@id\":\"https:\/\/psoecanarias.com\/web\/ventura-del-carmen-rodriguez-vuelve-a-exigir-la-mejora-de-los-vuelos-con-la-gomera\/#article\",\"isPartOf\":{\"@id\":\"https:\/\/psoecanarias.com\/web\/ventura-del-carmen-rodriguez-vuelve-a-exigir-la-mejora-de-los-vuelos-con-la-gomera\/\"},\"author\":{\"name\":\"PSOE Canarias\",\"@id\":\"https:\/\/psoecanarias.com\/web\/#\/schema\/person\/1ae43f9659d2fc599ca69c11e1dbf26f\"},\"headline\":\"Ventura del Carmen Rodr\u00edguez vuelve a exigir la mejora de los vuelos con La Gomera\",\"datePublished\":\"2017-02-07T19:04:45+00:00\",\"mainEntityOfPage\":{\"@id\":\"https:\/\/psoecanarias.com\/web\/ventura-del-carmen-rodriguez-vuelve-a-exigir-la-mejora-de-los-vuelos-con-la-gomera\/\"},\"wordCount\":405,\"commentCount\":0,\"image\":{\"@id\":\"https:\/\/psoecanarias.com\/web\/ventura-del-carmen-rodriguez-vuelve-a-exigir-la-mejora-de-los-vuelos-con-la-gomera\/#primaryimage\"},\"thumbnailUrl\":\"https:\/\/psoecanarias.com\/web\/wp-content\/uploads\/2017\/02\/32614969832_78f57721ea_k-e1486494249437.jpg\",\"keywords\":[\"Aeropuerto de La Gomera\",\"Grupo Parlamentario Socialista Canario\",\"Ventura del Carmen Rodr\u00edguez Herrera\"],\"articleSection\":[\"Pol\u00edtica\"],\"inLanguage\":\"es\",\"potentialAction\":[{\"@type\":\"CommentAction\",\"name\":\"Comment\",\"target\":[\"https:\/\/psoecanarias.com\/web\/ventura-del-carmen-rodriguez-vuelve-a-exigir-la-mejora-de-los-vuelos-con-la-gomera\/#respond\"]}]},{\"@type\":\"WebPage\",\"@id\":\"https:\/\/psoecanarias.com\/web\/ventura-del-carmen-rodriguez-vuelve-a-exigir-la-mejora-de-los-vuelos-con-la-gomera\/\",\"url\":\"https:\/\/psoecanarias.com\/web\/ventura-del-carmen-rodriguez-vuelve-a-exigir-la-mejora-de-los-vuelos-con-la-gomera\/\",\"name\":\"Ventura del Carmen Rodr\u00edguez vuelve a exigir la mejora de los vuelos con La Gomera | PSOE Canarias\",\"isPartOf\":{\"@id\":\"https:\/\/psoecanarias.com\/web\/#website\"},\"primaryImageOfPage\":{\"@id\":\"https:\/\/psoecanarias.com\/web\/ventura-del-carmen-rodriguez-vuelve-a-exigir-la-mejora-de-los-vuelos-con-la-gomera\/#primaryimage\"},\"image\":{\"@id\":\"https:\/\/psoecanarias.com\/web\/ventura-del-carmen-rodriguez-vuelve-a-exigir-la-mejora-de-los-vuelos-con-la-gomera\/#primaryimage\"},\"thumbnailUrl\":\"https:\/\/psoecanarias.com\/web\/wp-content\/uploads\/2017\/02\/32614969832_78f57721ea_k-e1486494249437.jpg\",\"datePublished\":\"2017-02-07T19:04:45+00:00\",\"author\":{\"@id\":\"https:\/\/psoecanarias.com\/web\/#\/schema\/person\/1ae43f9659d2fc599ca69c11e1dbf26f\"},\"breadcrumb\":{\"@id\":\"https:\/\/psoecanarias.com\/web\/ventura-del-carmen-rodriguez-vuelve-a-exigir-la-mejora-de-los-vuelos-con-la-gomera\/#breadcrumb\"},\"inLanguage\":\"es\",\"potentialAction\":[{\"@type\":\"ReadAction\",\"target\":[\"https:\/\/psoecanarias.com\/web\/ventura-del-carmen-rodriguez-vuelve-a-exigir-la-mejora-de-los-vuelos-con-la-gomera\/\"]}]},{\"@type\":\"ImageObject\",\"inLanguage\":\"es\",\"@id\":\"https:\/\/psoecanarias.com\/web\/ventura-del-carmen-rodriguez-vuelve-a-exigir-la-mejora-de-los-vuelos-con-la-gomera\/#primaryimage\",\"url\":\"https:\/\/psoecanarias.com\/web\/wp-content\/uploads\/2017\/02\/32614969832_78f57721ea_k-e1486494249437.jpg\",\"contentUrl\":\"https:\/\/psoecanarias.com\/web\/wp-content\/uploads\/2017\/02\/32614969832_78f57721ea_k-e1486494249437.jpg\",\"width\":900,\"height\":1349},{\"@type\":\"BreadcrumbList\",\"@id\":\"https:\/\/psoecanarias.com\/web\/ventura-del-carmen-rodriguez-vuelve-a-exigir-la-mejora-de-los-vuelos-con-la-gomera\/#breadcrumb\",\"itemListElement\":[{\"@type\":\"ListItem\",\"position\":1,\"name\":\"Portada\",\"item\":\"https:\/\/psoecanarias.com\/web\/\"},{\"@type\":\"ListItem\",\"position\":2,\"name\":\"Ventura del Carmen Rodr\u00edguez vuelve a exigir la mejora de los vuelos con La Gomera\"}]},{\"@type\":\"WebSite\",\"@id\":\"https:\/\/psoecanarias.com\/web\/#website\",\"url\":\"https:\/\/psoecanarias.com\/web\/\",\"name\":\"PSOE Canarias\",\"description\":\"Partido Socialista Obrero Espa\u00f1ol Canarias\",\"potentialAction\":[{\"@type\":\"SearchAction\",\"target\":{\"@type\":\"EntryPoint\",\"urlTemplate\":\"https:\/\/psoecanarias.com\/web\/?s={search_term_string}\"},\"query-input\":{\"@type\":\"PropertyValueSpecification\",\"valueRequired\":true,\"valueName\":\"search_term_string\"}}],\"inLanguage\":\"es\"},{\"@type\":\"Person\",\"@id\":\"https:\/\/psoecanarias.com\/web\/#\/schema\/person\/1ae43f9659d2fc599ca69c11e1dbf26f\",\"name\":\"PSOE Canarias\",\"image\":{\"@type\":\"ImageObject\",\"inLanguage\":\"es\",\"@id\":\"https:\/\/secure.gravatar.com\/avatar\/4364d37f6f6f9cdb7af199b46151565f37d8a8c3c0e04c1d78c04e857a15e3a8?s=96&d=mm&r=g\",\"url\":\"https:\/\/secure.gravatar.com\/avatar\/4364d37f6f6f9cdb7af199b46151565f37d8a8c3c0e04c1d78c04e857a15e3a8?s=96&d=mm&r=g\",\"contentUrl\":\"https:\/\/secure.gravatar.com\/avatar\/4364d37f6f6f9cdb7af199b46151565f37d8a8c3c0e04c1d78c04e857a15e3a8?s=96&d=mm&r=g\",\"caption\":\"PSOE Canarias\"},\"url\":\"https:\/\/psoecanarias.com\/web\/author\/admin\/\"}]}<\/script>\n<!-- \/ Yoast SEO plugin. -->","yoast_head_json":{"title":"Ventura del Carmen Rodr\u00edguez vuelve a exigir la mejora de los vuelos con La Gomera | PSOE Canarias","robots":{"index":"index","follow":"follow","max-snippet":"max-snippet:-1","max-image-preview":"max-image-preview:large","max-video-preview":"max-video-preview:-1"},"canonical":"https:\/\/psoecanarias.com\/web\/ventura-del-carmen-rodriguez-vuelve-a-exigir-la-mejora-de-los-vuelos-con-la-gomera\/","og_locale":"es_ES","og_type":"article","og_title":"Ventura del Carmen Rodr\u00edguez vuelve a exigir la mejora de los vuelos con La Gomera | PSOE Canarias","og_description":"La diputada del PSOE subraya que el aeropuerto es clave para el desarrollo de la isla, pide la revisi\u00f3n de la obligaci\u00f3n de servicio p\u00fablico y vuelos directos con Gran Canaria. Adelanta que el PSOE trabaja en la presentaci\u00f3n de iniciativas ante el Parlamento canario y las Cortes Generales, para lo que contar\u00e1 con las aportaciones que realicen los distintos colectivos de la isla","og_url":"https:\/\/psoecanarias.com\/web\/ventura-del-carmen-rodriguez-vuelve-a-exigir-la-mejora-de-los-vuelos-con-la-gomera\/","og_site_name":"PSOE Canarias","article_published_time":"2017-02-07T19:04:45+00:00","og_image":[{"width":900,"height":1349,"url":"https:\/\/psoecanarias.com\/web\/wp-content\/uploads\/2017\/02\/32614969832_78f57721ea_k-e1486494249437.jpg","type":"image\/jpeg"}],"author":"PSOE Canarias","twitter_card":"summary_large_image","schema":{"@context":"https:\/\/schema.org","@graph":[{"@type":"Article","@id":"https:\/\/psoecanarias.com\/web\/ventura-del-carmen-rodriguez-vuelve-a-exigir-la-mejora-de-los-vuelos-con-la-gomera\/#article","isPartOf":{"@id":"https:\/\/psoecanarias.com\/web\/ventura-del-carmen-rodriguez-vuelve-a-exigir-la-mejora-de-los-vuelos-con-la-gomera\/"},"author":{"name":"PSOE Canarias","@id":"https:\/\/psoecanarias.com\/web\/#\/schema\/person\/1ae43f9659d2fc599ca69c11e1dbf26f"},"headline":"Ventura del Carmen Rodr\u00edguez vuelve a exigir la mejora de los vuelos con La Gomera","datePublished":"2017-02-07T19:04:45+00:00","mainEntityOfPage":{"@id":"https:\/\/psoecanarias.com\/web\/ventura-del-carmen-rodriguez-vuelve-a-exigir-la-mejora-de-los-vuelos-con-la-gomera\/"},"wordCount":405,"commentCount":0,"image":{"@id":"https:\/\/psoecanarias.com\/web\/ventura-del-carmen-rodriguez-vuelve-a-exigir-la-mejora-de-los-vuelos-con-la-gomera\/#primaryimage"},"thumbnailUrl":"https:\/\/psoecanarias.com\/web\/wp-content\/uploads\/2017\/02\/32614969832_78f57721ea_k-e1486494249437.jpg","keywords":["Aeropuerto de La Gomera","Grupo Parlamentario Socialista Canario","Ventura del Carmen Rodr\u00edguez Herrera"],"articleSection":["Pol\u00edtica"],"inLanguage":"es","potentialAction":[{"@type":"CommentAction","name":"Comment","target":["https:\/\/psoecanarias.com\/web\/ventura-del-carmen-rodriguez-vuelve-a-exigir-la-mejora-de-los-vuelos-con-la-gomera\/#respond"]}]},{"@type":"WebPage","@id":"https:\/\/psoecanarias.com\/web\/ventura-del-carmen-rodriguez-vuelve-a-exigir-la-mejora-de-los-vuelos-con-la-gomera\/","url":"https:\/\/psoecanarias.com\/web\/ventura-del-carmen-rodriguez-vuelve-a-exigir-la-mejora-de-los-vuelos-con-la-gomera\/","name":"Ventura del Carmen Rodr\u00edguez vuelve a exigir la mejora de los vuelos con La Gomera | PSOE Canarias","isPartOf":{"@id":"https:\/\/psoecanarias.com\/web\/#website"},"primaryImageOfPage":{"@id":"https:\/\/psoecanarias.com\/web\/ventura-del-carmen-rodriguez-vuelve-a-exigir-la-mejora-de-los-vuelos-con-la-gomera\/#primaryimage"},"image":{"@id":"https:\/\/psoecanarias.com\/web\/ventura-del-carmen-rodriguez-vuelve-a-exigir-la-mejora-de-los-vuelos-con-la-gomera\/#primaryimage"},"thumbnailUrl":"https:\/\/psoecanarias.com\/web\/wp-content\/uploads\/2017\/02\/32614969832_78f57721ea_k-e1486494249437.jpg","datePublished":"2017-02-07T19:04:45+00:00","author":{"@id":"https:\/\/psoecanarias.com\/web\/#\/schema\/person\/1ae43f9659d2fc599ca69c11e1dbf26f"},"breadcrumb":{"@id":"https:\/\/psoecanarias.com\/web\/ventura-del-carmen-rodriguez-vuelve-a-exigir-la-mejora-de-los-vuelos-con-la-gomera\/#breadcrumb"},"inLanguage":"es","potentialAction":[{"@type":"ReadAction","target":["https:\/\/psoecanarias.com\/web\/ventura-del-carmen-rodriguez-vuelve-a-exigir-la-mejora-de-los-vuelos-con-la-gomera\/"]}]},{"@type":"ImageObject","inLanguage":"es","@id":"https:\/\/psoecanarias.com\/web\/ventura-del-carmen-rodriguez-vuelve-a-exigir-la-mejora-de-los-vuelos-con-la-gomera\/#primaryimage","url":"https:\/\/psoecanarias.com\/web\/wp-content\/uploads\/2017\/02\/32614969832_78f57721ea_k-e1486494249437.jpg","contentUrl":"https:\/\/psoecanarias.com\/web\/wp-content\/uploads\/2017\/02\/32614969832_78f57721ea_k-e1486494249437.jpg","width":900,"height":1349},{"@type":"BreadcrumbList","@id":"https:\/\/psoecanarias.com\/web\/ventura-del-carmen-rodriguez-vuelve-a-exigir-la-mejora-de-los-vuelos-con-la-gomera\/#breadcrumb","itemListElement":[{"@type":"ListItem","position":1,"name":"Portada","item":"https:\/\/psoecanarias.com\/web\/"},{"@type":"ListItem","position":2,"name":"Ventura del Carmen Rodr\u00edguez vuelve a exigir la mejora de los vuelos con La Gomera"}]},{"@type":"WebSite","@id":"https:\/\/psoecanarias.com\/web\/#website","url":"https:\/\/psoecanarias.com\/web\/","name":"PSOE Canarias","description":"Partido Socialista Obrero Espa\u00f1ol Canarias","potentialAction":[{"@type":"SearchAction","target":{"@type":"EntryPoint","urlTemplate":"https:\/\/psoecanarias.com\/web\/?s={search_term_string}"},"query-input":{"@type":"PropertyValueSpecification","valueRequired":true,"valueName":"search_term_string"}}],"inLanguage":"es"},{"@type":"Person","@id":"https:\/\/psoecanarias.com\/web\/#\/schema\/person\/1ae43f9659d2fc599ca69c11e1dbf26f","name":"PSOE Canarias","image":{"@type":"ImageObject","inLanguage":"es","@id":"https:\/\/secure.gravatar.com\/avatar\/4364d37f6f6f9cdb7af199b46151565f37d8a8c3c0e04c1d78c04e857a15e3a8?s=96&d=mm&r=g","url":"https:\/\/secure.gravatar.com\/avatar\/4364d37f6f6f9cdb7af199b46151565f37d8a8c3c0e04c1d78c04e857a15e3a8?s=96&d=mm&r=g","contentUrl":"https:\/\/secure.gravatar.com\/avatar\/4364d37f6f6f9cdb7af199b46151565f37d8a8c3c0e04c1d78c04e857a15e3a8?s=96&d=mm&r=g","caption":"PSOE Canarias"},"url":"https:\/\/psoecanarias.com\/web\/author\/admin\/"}]}},"_links":{"self":[{"href":"https:\/\/psoecanarias.com\/web\/wp-json\/wp\/v2\/posts\/2849","targetHints":{"allow":["GET"]}}],"collection":[{"href":"https:\/\/psoecanarias.com\/web\/wp-json\/wp\/v2\/posts"}],"about":[{"href":"https:\/\/psoecanarias.com\/web\/wp-json\/wp\/v2\/types\/post"}],"author":[{"embeddable":true,"href":"https:\/\/psoecanarias.com\/web\/wp-json\/wp\/v2\/users\/1"}],"replies":[{"embeddable":true,"href":"https:\/\/psoecanarias.com\/web\/wp-json\/wp\/v2\/comments?post=2849"}],"version-history":[{"count":1,"href":"https:\/\/psoecanarias.com\/web\/wp-json\/wp\/v2\/posts\/2849\/revisions"}],"predecessor-version":[{"id":2851,"href":"https:\/\/psoecanarias.com\/web\/wp-json\/wp\/v2\/posts\/2849\/revisions\/2851"}],"wp:featuredmedia":[{"embeddable":true,"href":"https:\/\/psoecanarias.com\/web\/wp-json\/wp\/v2\/media\/2850"}],"wp:attachment":[{"href":"https:\/\/psoecanarias.com\/web\/wp-json\/wp\/v2\/media?parent=2849"}],"wp:term":[{"taxonomy":"category","embeddable":true,"href":"https:\/\/psoecanarias.com\/web\/wp-json\/wp\/v2\/categories?post=2849"},{"taxonomy":"post_tag","embeddable":true,"href":"https:\/\/psoecanarias.com\/web\/wp-json\/wp\/v2\/tags?post=2849"}],"curies":[{"name":"wp","href":"https:\/\/api.w.org\/{rel}","templated":true}]}}