{"id":2852,"date":"2017-02-08T10:22:35","date_gmt":"2017-02-08T10:22:35","guid":{"rendered":"http:\/\/psoecanarias.com\/web\/?p=2852"},"modified":"2017-02-08T10:22:35","modified_gmt":"2017-02-08T10:22:35","slug":"el-psoe-apela-a-la-unidad-institucional-para-defender-el-soterramiento-del-tendido-electrico-en-el-sur-de-lanzarote-y-en-fuerteventura","status":"publish","type":"post","link":"https:\/\/psoecanarias.com\/web\/el-psoe-apela-a-la-unidad-institucional-para-defender-el-soterramiento-del-tendido-electrico-en-el-sur-de-lanzarote-y-en-fuerteventura\/","title":{"rendered":"El PSOE apela a la unidad institucional para defender el soterramiento del tendido el\u00e9ctrico en el sur de Lanzarote y en Fuerteventura"},"content":{"rendered":"<p style=\"text-align: justify;\">La diputada del PSOE por Lanzarote, Dolores Corujo, reiter\u00f3 este martes el rechazo del Grupo Socialista a un tendido el\u00e9ctrico a\u00e9reo para el sur de la isla y Fuerteventura e insisti\u00f3 en que la apuesta debe pasar por el soterramiento. \u201cEstamos convencidos de que hay alternativas, soluciones, porque existen otras maneras de abordar el reforzamiento de las l\u00edneas de distribuci\u00f3n el\u00e9ctrica sin cometer la salvajada que este proyecto pretende\u201d, dijo en el pleno del Parlamento.<\/p>\n<p style=\"text-align: justify;\">Tras subrayar que el soterramiento, \u201cpese a ser m\u00e1s caro, es factible, se trata de una decisi\u00f3n much\u00edsimo m\u00e1s racional, especialmente en nuestras islas, donde los costes ambientales y paisaj\u00edsticos debieran integrarse como un elemento m\u00e1s en el c\u00e1lculo del coste real de cualquier intervenci\u00f3n en el medio\u201d.<\/p>\n<p style=\"text-align: justify;\">Corujo hizo hincapi\u00e9 en el enorme valor del paisaje de Los Ajaches, en Lanzarote, o de la zona especial de protecci\u00f3n de aves (ZEPA) de Antigua, patrimonio natural que se ver\u00eda afectado por un tendido a\u00e9reo. \u201cEs cierto que es m\u00e1s barato, pero no es el m\u00e1s econ\u00f3mico si somos capaces de contemplar en el c\u00e1lculo de su coste real el impacto ambiental y paisaj\u00edstico que con tanta alegr\u00eda se externaliza, repercuti\u00e9ndolo al conjunto de la sociedad, en este caso en forma de deterioro de su medio ambiente y su paisaje\u201d, expuso.<\/p>\n<p style=\"text-align: justify;\">La parlamentaria se\u00f1al\u00f3 otra raz\u00f3n de calado para rechazar el proyecto \u201cse podr\u00eda resumir diciendo que se trata de una cuesti\u00f3n de fueros\u201d. En este sentido, record\u00f3 que el Parlamento ha sido escenario de encendidos debates m\u00e1s que justificados sobre decisiones del Gobierno de Espa\u00f1a tomadas a espaldas de Canarias. \u201cEsta C\u00e1mara, y con toda la raz\u00f3n, ha reprochado el ejercicio metropolitano del poder al Gobierno de turno cuando ha exhibido galones para decidir sobre Canarias sin contar con Canarias. Sin embargo, este Gobierno sigue justificando decisiones que no son de car\u00e1cter comunitario, sino puramente insulares, con desprecio a la opini\u00f3n de la isla o islas afectadas\u201d, indic\u00f3.<\/p>\n<p style=\"text-align: justify;\">En este punto, rechaz\u00f3 que se ignoren las disposiciones que contemplan los planes de ordenaci\u00f3n insular, que proh\u00edben este tipo de tendidos, simplemente porque la norma concede a este Gobierno la capacidad de hacerlo. Es legal, pero no es leg\u00edtimo y alcanza tintes cuasi colonialistas cuando se hace despreciando el rechazo manifestado un\u00e1nimemente por las instituciones afectadas.<\/p>\n","protected":false},"excerpt":{"rendered":"<p>Dolores Corujo esgrime razones paisaj\u00edsticas y medioambientales para rechazar el tendido a\u00e9reo por considerarlo \u201cuna salvajada\u201d<\/p>\n","protected":false},"author":1,"featured_media":2853,"comment_status":"open","ping_status":"open","sticky":false,"template":"","format":"standard","meta":{"footnotes":""},"categories":[7],"tags":[247,293,837,838],"class_list":["post-2852","post","type-post","status-publish","format-standard","has-post-thumbnail","hentry","category-politica","tag-dolores-corujo","tag-grupo-parlamentario-socialista-canario","tag-lanzarote-fuerteventura","tag-tendido-electrico"],"featured_image_src":"https:\/\/psoecanarias.com\/web\/wp-content\/uploads\/2017\/02\/LCorujo1.jpg","author_info":{"display_name":"PSOE Canarias","author_link":"https:\/\/psoecanarias.com\/web\/author\/admin\/"},"yoast_head":"<!-- This site is optimized with the Yoast SEO plugin v27.2 - https:\/\/yoast.com\/product\/yoast-seo-wordpress\/ -->\n<title>El PSOE apela a la unidad institucional para defender el soterramiento del tendido el\u00e9ctrico en el sur de Lanzarote y en Fuerteventura | PSOE Canarias<\/title>\n<meta name=\"robots\" content=\"index, follow, max-snippet:-1, max-image-preview:large, max-video-preview:-1\" \/>\n<link rel=\"canonical\" href=\"https:\/\/psoecanarias.com\/web\/el-psoe-apela-a-la-unidad-institucional-para-defender-el-soterramiento-del-tendido-electrico-en-el-sur-de-lanzarote-y-en-fuerteventura\/\" \/>\n<meta property=\"og:locale\" content=\"es_ES\" \/>\n<meta property=\"og:type\" content=\"article\" \/>\n<meta property=\"og:title\" content=\"El PSOE apela a la unidad institucional para defender el soterramiento del tendido el\u00e9ctrico en el sur de Lanzarote y en Fuerteventura | PSOE Canarias\" \/>\n<meta property=\"og:description\" content=\"Dolores Corujo esgrime razones paisaj\u00edsticas y medioambientales para rechazar el tendido a\u00e9reo por considerarlo \u201cuna salvajada\u201d\" \/>\n<meta property=\"og:url\" content=\"https:\/\/psoecanarias.com\/web\/el-psoe-apela-a-la-unidad-institucional-para-defender-el-soterramiento-del-tendido-electrico-en-el-sur-de-lanzarote-y-en-fuerteventura\/\" \/>\n<meta property=\"og:site_name\" content=\"PSOE Canarias\" \/>\n<meta property=\"article:published_time\" content=\"2017-02-08T10:22:35+00:00\" \/>\n<meta property=\"og:image\" content=\"https:\/\/psoecanarias.com\/web\/wp-content\/uploads\/2017\/02\/LCorujo1.jpg\" \/>\n\t<meta property=\"og:image:width\" content=\"999\" \/>\n\t<meta property=\"og:image:height\" content=\"597\" \/>\n\t<meta property=\"og:image:type\" content=\"image\/jpeg\" \/>\n<meta name=\"author\" content=\"PSOE Canarias\" \/>\n<meta name=\"twitter:card\" content=\"summary_large_image\" \/>\n<script type=\"application\/ld+json\" class=\"yoast-schema-graph\">{\"@context\":\"https:\/\/schema.org\",\"@graph\":[{\"@type\":\"Article\",\"@id\":\"https:\/\/psoecanarias.com\/web\/el-psoe-apela-a-la-unidad-institucional-para-defender-el-soterramiento-del-tendido-electrico-en-el-sur-de-lanzarote-y-en-fuerteventura\/#article\",\"isPartOf\":{\"@id\":\"https:\/\/psoecanarias.com\/web\/el-psoe-apela-a-la-unidad-institucional-para-defender-el-soterramiento-del-tendido-electrico-en-el-sur-de-lanzarote-y-en-fuerteventura\/\"},\"author\":{\"name\":\"PSOE Canarias\",\"@id\":\"https:\/\/psoecanarias.com\/web\/#\/schema\/person\/1ae43f9659d2fc599ca69c11e1dbf26f\"},\"headline\":\"El PSOE apela a la unidad institucional para defender el soterramiento del tendido el\u00e9ctrico en el sur de Lanzarote y en Fuerteventura\",\"datePublished\":\"2017-02-08T10:22:35+00:00\",\"mainEntityOfPage\":{\"@id\":\"https:\/\/psoecanarias.com\/web\/el-psoe-apela-a-la-unidad-institucional-para-defender-el-soterramiento-del-tendido-electrico-en-el-sur-de-lanzarote-y-en-fuerteventura\/\"},\"wordCount\":440,\"commentCount\":0,\"image\":{\"@id\":\"https:\/\/psoecanarias.com\/web\/el-psoe-apela-a-la-unidad-institucional-para-defender-el-soterramiento-del-tendido-electrico-en-el-sur-de-lanzarote-y-en-fuerteventura\/#primaryimage\"},\"thumbnailUrl\":\"https:\/\/psoecanarias.com\/web\/wp-content\/uploads\/2017\/02\/LCorujo1.jpg\",\"keywords\":[\"Dolores Corujo\",\"Grupo Parlamentario Socialista Canario\",\"Lanzarote Fuerteventura\",\"Tendido el\u00e9ctrico\"],\"articleSection\":[\"Pol\u00edtica\"],\"inLanguage\":\"es\",\"potentialAction\":[{\"@type\":\"CommentAction\",\"name\":\"Comment\",\"target\":[\"https:\/\/psoecanarias.com\/web\/el-psoe-apela-a-la-unidad-institucional-para-defender-el-soterramiento-del-tendido-electrico-en-el-sur-de-lanzarote-y-en-fuerteventura\/#respond\"]}]},{\"@type\":\"WebPage\",\"@id\":\"https:\/\/psoecanarias.com\/web\/el-psoe-apela-a-la-unidad-institucional-para-defender-el-soterramiento-del-tendido-electrico-en-el-sur-de-lanzarote-y-en-fuerteventura\/\",\"url\":\"https:\/\/psoecanarias.com\/web\/el-psoe-apela-a-la-unidad-institucional-para-defender-el-soterramiento-del-tendido-electrico-en-el-sur-de-lanzarote-y-en-fuerteventura\/\",\"name\":\"El PSOE apela a la unidad institucional para defender el soterramiento del tendido el\u00e9ctrico en el sur de Lanzarote y en Fuerteventura | PSOE Canarias\",\"isPartOf\":{\"@id\":\"https:\/\/psoecanarias.com\/web\/#website\"},\"primaryImageOfPage\":{\"@id\":\"https:\/\/psoecanarias.com\/web\/el-psoe-apela-a-la-unidad-institucional-para-defender-el-soterramiento-del-tendido-electrico-en-el-sur-de-lanzarote-y-en-fuerteventura\/#primaryimage\"},\"image\":{\"@id\":\"https:\/\/psoecanarias.com\/web\/el-psoe-apela-a-la-unidad-institucional-para-defender-el-soterramiento-del-tendido-electrico-en-el-sur-de-lanzarote-y-en-fuerteventura\/#primaryimage\"},\"thumbnailUrl\":\"https:\/\/psoecanarias.com\/web\/wp-content\/uploads\/2017\/02\/LCorujo1.jpg\",\"datePublished\":\"2017-02-08T10:22:35+00:00\",\"author\":{\"@id\":\"https:\/\/psoecanarias.com\/web\/#\/schema\/person\/1ae43f9659d2fc599ca69c11e1dbf26f\"},\"breadcrumb\":{\"@id\":\"https:\/\/psoecanarias.com\/web\/el-psoe-apela-a-la-unidad-institucional-para-defender-el-soterramiento-del-tendido-electrico-en-el-sur-de-lanzarote-y-en-fuerteventura\/#breadcrumb\"},\"inLanguage\":\"es\",\"potentialAction\":[{\"@type\":\"ReadAction\",\"target\":[\"https:\/\/psoecanarias.com\/web\/el-psoe-apela-a-la-unidad-institucional-para-defender-el-soterramiento-del-tendido-electrico-en-el-sur-de-lanzarote-y-en-fuerteventura\/\"]}]},{\"@type\":\"ImageObject\",\"inLanguage\":\"es\",\"@id\":\"https:\/\/psoecanarias.com\/web\/el-psoe-apela-a-la-unidad-institucional-para-defender-el-soterramiento-del-tendido-electrico-en-el-sur-de-lanzarote-y-en-fuerteventura\/#primaryimage\",\"url\":\"https:\/\/psoecanarias.com\/web\/wp-content\/uploads\/2017\/02\/LCorujo1.jpg\",\"contentUrl\":\"https:\/\/psoecanarias.com\/web\/wp-content\/uploads\/2017\/02\/LCorujo1.jpg\",\"width\":999,\"height\":597},{\"@type\":\"BreadcrumbList\",\"@id\":\"https:\/\/psoecanarias.com\/web\/el-psoe-apela-a-la-unidad-institucional-para-defender-el-soterramiento-del-tendido-electrico-en-el-sur-de-lanzarote-y-en-fuerteventura\/#breadcrumb\",\"itemListElement\":[{\"@type\":\"ListItem\",\"position\":1,\"name\":\"Portada\",\"item\":\"https:\/\/psoecanarias.com\/web\/\"},{\"@type\":\"ListItem\",\"position\":2,\"name\":\"El PSOE apela a la unidad institucional para defender el soterramiento del tendido el\u00e9ctrico en el sur de Lanzarote y en Fuerteventura\"}]},{\"@type\":\"WebSite\",\"@id\":\"https:\/\/psoecanarias.com\/web\/#website\",\"url\":\"https:\/\/psoecanarias.com\/web\/\",\"name\":\"PSOE Canarias\",\"description\":\"Partido Socialista Obrero Espa\u00f1ol Canarias\",\"potentialAction\":[{\"@type\":\"SearchAction\",\"target\":{\"@type\":\"EntryPoint\",\"urlTemplate\":\"https:\/\/psoecanarias.com\/web\/?s={search_term_string}\"},\"query-input\":{\"@type\":\"PropertyValueSpecification\",\"valueRequired\":true,\"valueName\":\"search_term_string\"}}],\"inLanguage\":\"es\"},{\"@type\":\"Person\",\"@id\":\"https:\/\/psoecanarias.com\/web\/#\/schema\/person\/1ae43f9659d2fc599ca69c11e1dbf26f\",\"name\":\"PSOE Canarias\",\"image\":{\"@type\":\"ImageObject\",\"inLanguage\":\"es\",\"@id\":\"https:\/\/secure.gravatar.com\/avatar\/4364d37f6f6f9cdb7af199b46151565f37d8a8c3c0e04c1d78c04e857a15e3a8?s=96&d=mm&r=g\",\"url\":\"https:\/\/secure.gravatar.com\/avatar\/4364d37f6f6f9cdb7af199b46151565f37d8a8c3c0e04c1d78c04e857a15e3a8?s=96&d=mm&r=g\",\"contentUrl\":\"https:\/\/secure.gravatar.com\/avatar\/4364d37f6f6f9cdb7af199b46151565f37d8a8c3c0e04c1d78c04e857a15e3a8?s=96&d=mm&r=g\",\"caption\":\"PSOE Canarias\"},\"url\":\"https:\/\/psoecanarias.com\/web\/author\/admin\/\"}]}<\/script>\n<!-- \/ Yoast SEO plugin. -->","yoast_head_json":{"title":"El PSOE apela a la unidad institucional para defender el soterramiento del tendido el\u00e9ctrico en el sur de Lanzarote y en Fuerteventura | PSOE Canarias","robots":{"index":"index","follow":"follow","max-snippet":"max-snippet:-1","max-image-preview":"max-image-preview:large","max-video-preview":"max-video-preview:-1"},"canonical":"https:\/\/psoecanarias.com\/web\/el-psoe-apela-a-la-unidad-institucional-para-defender-el-soterramiento-del-tendido-electrico-en-el-sur-de-lanzarote-y-en-fuerteventura\/","og_locale":"es_ES","og_type":"article","og_title":"El PSOE apela a la unidad institucional para defender el soterramiento del tendido el\u00e9ctrico en el sur de Lanzarote y en Fuerteventura | PSOE Canarias","og_description":"Dolores Corujo esgrime razones paisaj\u00edsticas y medioambientales para rechazar el tendido a\u00e9reo por considerarlo \u201cuna salvajada\u201d","og_url":"https:\/\/psoecanarias.com\/web\/el-psoe-apela-a-la-unidad-institucional-para-defender-el-soterramiento-del-tendido-electrico-en-el-sur-de-lanzarote-y-en-fuerteventura\/","og_site_name":"PSOE Canarias","article_published_time":"2017-02-08T10:22:35+00:00","og_image":[{"width":999,"height":597,"url":"https:\/\/psoecanarias.com\/web\/wp-content\/uploads\/2017\/02\/LCorujo1.jpg","type":"image\/jpeg"}],"author":"PSOE Canarias","twitter_card":"summary_large_image","schema":{"@context":"https:\/\/schema.org","@graph":[{"@type":"Article","@id":"https:\/\/psoecanarias.com\/web\/el-psoe-apela-a-la-unidad-institucional-para-defender-el-soterramiento-del-tendido-electrico-en-el-sur-de-lanzarote-y-en-fuerteventura\/#article","isPartOf":{"@id":"https:\/\/psoecanarias.com\/web\/el-psoe-apela-a-la-unidad-institucional-para-defender-el-soterramiento-del-tendido-electrico-en-el-sur-de-lanzarote-y-en-fuerteventura\/"},"author":{"name":"PSOE Canarias","@id":"https:\/\/psoecanarias.com\/web\/#\/schema\/person\/1ae43f9659d2fc599ca69c11e1dbf26f"},"headline":"El PSOE apela a la unidad institucional para defender el soterramiento del tendido el\u00e9ctrico en el sur de Lanzarote y en Fuerteventura","datePublished":"2017-02-08T10:22:35+00:00","mainEntityOfPage":{"@id":"https:\/\/psoecanarias.com\/web\/el-psoe-apela-a-la-unidad-institucional-para-defender-el-soterramiento-del-tendido-electrico-en-el-sur-de-lanzarote-y-en-fuerteventura\/"},"wordCount":440,"commentCount":0,"image":{"@id":"https:\/\/psoecanarias.com\/web\/el-psoe-apela-a-la-unidad-institucional-para-defender-el-soterramiento-del-tendido-electrico-en-el-sur-de-lanzarote-y-en-fuerteventura\/#primaryimage"},"thumbnailUrl":"https:\/\/psoecanarias.com\/web\/wp-content\/uploads\/2017\/02\/LCorujo1.jpg","keywords":["Dolores Corujo","Grupo Parlamentario Socialista Canario","Lanzarote Fuerteventura","Tendido el\u00e9ctrico"],"articleSection":["Pol\u00edtica"],"inLanguage":"es","potentialAction":[{"@type":"CommentAction","name":"Comment","target":["https:\/\/psoecanarias.com\/web\/el-psoe-apela-a-la-unidad-institucional-para-defender-el-soterramiento-del-tendido-electrico-en-el-sur-de-lanzarote-y-en-fuerteventura\/#respond"]}]},{"@type":"WebPage","@id":"https:\/\/psoecanarias.com\/web\/el-psoe-apela-a-la-unidad-institucional-para-defender-el-soterramiento-del-tendido-electrico-en-el-sur-de-lanzarote-y-en-fuerteventura\/","url":"https:\/\/psoecanarias.com\/web\/el-psoe-apela-a-la-unidad-institucional-para-defender-el-soterramiento-del-tendido-electrico-en-el-sur-de-lanzarote-y-en-fuerteventura\/","name":"El PSOE apela a la unidad institucional para defender el soterramiento del tendido el\u00e9ctrico en el sur de Lanzarote y en Fuerteventura | PSOE Canarias","isPartOf":{"@id":"https:\/\/psoecanarias.com\/web\/#website"},"primaryImageOfPage":{"@id":"https:\/\/psoecanarias.com\/web\/el-psoe-apela-a-la-unidad-institucional-para-defender-el-soterramiento-del-tendido-electrico-en-el-sur-de-lanzarote-y-en-fuerteventura\/#primaryimage"},"image":{"@id":"https:\/\/psoecanarias.com\/web\/el-psoe-apela-a-la-unidad-institucional-para-defender-el-soterramiento-del-tendido-electrico-en-el-sur-de-lanzarote-y-en-fuerteventura\/#primaryimage"},"thumbnailUrl":"https:\/\/psoecanarias.com\/web\/wp-content\/uploads\/2017\/02\/LCorujo1.jpg","datePublished":"2017-02-08T10:22:35+00:00","author":{"@id":"https:\/\/psoecanarias.com\/web\/#\/schema\/person\/1ae43f9659d2fc599ca69c11e1dbf26f"},"breadcrumb":{"@id":"https:\/\/psoecanarias.com\/web\/el-psoe-apela-a-la-unidad-institucional-para-defender-el-soterramiento-del-tendido-electrico-en-el-sur-de-lanzarote-y-en-fuerteventura\/#breadcrumb"},"inLanguage":"es","potentialAction":[{"@type":"ReadAction","target":["https:\/\/psoecanarias.com\/web\/el-psoe-apela-a-la-unidad-institucional-para-defender-el-soterramiento-del-tendido-electrico-en-el-sur-de-lanzarote-y-en-fuerteventura\/"]}]},{"@type":"ImageObject","inLanguage":"es","@id":"https:\/\/psoecanarias.com\/web\/el-psoe-apela-a-la-unidad-institucional-para-defender-el-soterramiento-del-tendido-electrico-en-el-sur-de-lanzarote-y-en-fuerteventura\/#primaryimage","url":"https:\/\/psoecanarias.com\/web\/wp-content\/uploads\/2017\/02\/LCorujo1.jpg","contentUrl":"https:\/\/psoecanarias.com\/web\/wp-content\/uploads\/2017\/02\/LCorujo1.jpg","width":999,"height":597},{"@type":"BreadcrumbList","@id":"https:\/\/psoecanarias.com\/web\/el-psoe-apela-a-la-unidad-institucional-para-defender-el-soterramiento-del-tendido-electrico-en-el-sur-de-lanzarote-y-en-fuerteventura\/#breadcrumb","itemListElement":[{"@type":"ListItem","position":1,"name":"Portada","item":"https:\/\/psoecanarias.com\/web\/"},{"@type":"ListItem","position":2,"name":"El PSOE apela a la unidad institucional para defender el soterramiento del tendido el\u00e9ctrico en el sur de Lanzarote y en Fuerteventura"}]},{"@type":"WebSite","@id":"https:\/\/psoecanarias.com\/web\/#website","url":"https:\/\/psoecanarias.com\/web\/","name":"PSOE Canarias","description":"Partido Socialista Obrero Espa\u00f1ol Canarias","potentialAction":[{"@type":"SearchAction","target":{"@type":"EntryPoint","urlTemplate":"https:\/\/psoecanarias.com\/web\/?s={search_term_string}"},"query-input":{"@type":"PropertyValueSpecification","valueRequired":true,"valueName":"search_term_string"}}],"inLanguage":"es"},{"@type":"Person","@id":"https:\/\/psoecanarias.com\/web\/#\/schema\/person\/1ae43f9659d2fc599ca69c11e1dbf26f","name":"PSOE Canarias","image":{"@type":"ImageObject","inLanguage":"es","@id":"https:\/\/secure.gravatar.com\/avatar\/4364d37f6f6f9cdb7af199b46151565f37d8a8c3c0e04c1d78c04e857a15e3a8?s=96&d=mm&r=g","url":"https:\/\/secure.gravatar.com\/avatar\/4364d37f6f6f9cdb7af199b46151565f37d8a8c3c0e04c1d78c04e857a15e3a8?s=96&d=mm&r=g","contentUrl":"https:\/\/secure.gravatar.com\/avatar\/4364d37f6f6f9cdb7af199b46151565f37d8a8c3c0e04c1d78c04e857a15e3a8?s=96&d=mm&r=g","caption":"PSOE Canarias"},"url":"https:\/\/psoecanarias.com\/web\/author\/admin\/"}]}},"_links":{"self":[{"href":"https:\/\/psoecanarias.com\/web\/wp-json\/wp\/v2\/posts\/2852","targetHints":{"allow":["GET"]}}],"collection":[{"href":"https:\/\/psoecanarias.com\/web\/wp-json\/wp\/v2\/posts"}],"about":[{"href":"https:\/\/psoecanarias.com\/web\/wp-json\/wp\/v2\/types\/post"}],"author":[{"embeddable":true,"href":"https:\/\/psoecanarias.com\/web\/wp-json\/wp\/v2\/users\/1"}],"replies":[{"embeddable":true,"href":"https:\/\/psoecanarias.com\/web\/wp-json\/wp\/v2\/comments?post=2852"}],"version-history":[{"count":1,"href":"https:\/\/psoecanarias.com\/web\/wp-json\/wp\/v2\/posts\/2852\/revisions"}],"predecessor-version":[{"id":2854,"href":"https:\/\/psoecanarias.com\/web\/wp-json\/wp\/v2\/posts\/2852\/revisions\/2854"}],"wp:featuredmedia":[{"embeddable":true,"href":"https:\/\/psoecanarias.com\/web\/wp-json\/wp\/v2\/media\/2853"}],"wp:attachment":[{"href":"https:\/\/psoecanarias.com\/web\/wp-json\/wp\/v2\/media?parent=2852"}],"wp:term":[{"taxonomy":"category","embeddable":true,"href":"https:\/\/psoecanarias.com\/web\/wp-json\/wp\/v2\/categories?post=2852"},{"taxonomy":"post_tag","embeddable":true,"href":"https:\/\/psoecanarias.com\/web\/wp-json\/wp\/v2\/tags?post=2852"}],"curies":[{"name":"wp","href":"https:\/\/api.w.org\/{rel}","templated":true}]}}