{"id":2872,"date":"2017-02-09T18:09:48","date_gmt":"2017-02-09T18:09:48","guid":{"rendered":"http:\/\/psoecanarias.com\/web\/?p=2872"},"modified":"2017-02-09T18:09:48","modified_gmt":"2017-02-09T18:09:48","slug":"se-aprueba-por-unanimidad-la-apuesta-del-psoe-por-implantar-en-fuerteventura-estudios-de-arte-y-diseno","status":"publish","type":"post","link":"https:\/\/psoecanarias.com\/web\/se-aprueba-por-unanimidad-la-apuesta-del-psoe-por-implantar-en-fuerteventura-estudios-de-arte-y-diseno\/","title":{"rendered":"Se aprueba por unanimidad la apuesta del PSOE por implantar en Fuerteventura estudios de arte y dise\u00f1o"},"content":{"rendered":"<p style=\"text-align: justify;\">Todos los grupos parlamentarios dieron hoy su voto favorable a la propuesta del PSOE por la que se pide la implantaci\u00f3n en Fuerteventura de estudios relacionados con las artes pl\u00e1sticas y el dise\u00f1o a partir del pr\u00f3ximo curso acad\u00e9mico. La diputada Rosa Bella Cabrera explic\u00f3 que con esta proposici\u00f3n no de ley se pide que se inicien los tr\u00e1mites oportunos para la implementaci\u00f3n y desarrollo de determinadas ense\u00f1anzas de esas disciplinas, hasta ahora inexistentes en la isla.<\/p>\n<p style=\"text-align: justify;\">En comisi\u00f3n parlamentaria, record\u00f3 que la formaci\u00f3n en las diferentes \u00e1reas de las artes aplicadas y los oficios art\u00edsticos se ha impartido tradicionalmente en las escuelas de arte y dise\u00f1o repartidas por todo el archipi\u00e9lago, pero Fuerteventura, por diferentes motivos, nunca tuvo la ocasi\u00f3n de contar con la suya propia.<\/p>\n<p style=\"text-align: justify;\">Se\u00f1al\u00f3 que Fuerteventura actualmente es la cuarta isla m\u00e1s habitada del archipi\u00e9lago, con una poblaci\u00f3n que ronda los 110.000 habitantes. Este incremento poblacional siempre ha ido acompa\u00f1ado de un aumento proporcional de los servicios p\u00fablicos en general, pero precis\u00f3 que en materia educativa, la oferta actual es insuficiente en lo que a ense\u00f1anzas profesionales se refiere.<\/p>\n<p style=\"text-align: justify;\">En su intervenci\u00f3n, consider\u00f3 \u201cincomprensible\u201d que Fuerteventura no cuente con una escuela de arte y dise\u00f1o, lo que obliga al alumnado que desea formarse en el mundo art\u00edstico al terminar Secundaria a abandonar la isla con apenas diecis\u00e9is a\u00f1os. \u201cEsta realidad condiciona notablemente tanto al estudiante como a su familia, que han de afrontar los gastos de desplazamiento y alojamiento en otra isla, adem\u00e1s del temor leg\u00edtimo al abandono del hogar a tan temprana edad\u201d, dijo. A\u00fan as\u00ed, remarc\u00f3, muchos estudiantes de las escuelas de artes y dise\u00f1o de Canarias proceden de Fuerteventura, sobre todo en las de Lanzarote y Gran Canaria, islas que cuentan adem\u00e1s con residencias escolares.<\/p>\n<p style=\"text-align: justify;\">La parlamentaria del PSOE expuso que tradicionalmente, las escuelas de arte ofrecen al alumnado, para que desarrolle su potencial creativo, la posibilidad de trabajar varias disciplinas art\u00edsticas, debido a que las artes pl\u00e1sticas parten de principios y conceptos comunes a todas las disciplinas art\u00edsticas. A\u00f1adi\u00f3 que aumentar las oportunidades de adquirir experiencia profesional y mejorar las habilidades y la formaci\u00f3n para el empleo en los j\u00f3venes son algunos de los compromisos adquiridos por los pa\u00edses europeos\u00a0para cumplir con los objetivos de la Estrategia Europa 2020.<\/p>\n<p style=\"text-align: justify;\">En lo que se refiere a las especialidades de ense\u00f1anzas profesionales de artes pl\u00e1sticas y dise\u00f1o, indic\u00f3 que Fuerteventura presenta amplias posibilidades laborales dentro de la familia \u2018Comunicaci\u00f3n Gr\u00e1fica y Audiovisual\u2019, orientada a la utilizaci\u00f3n de las nuevas tecnolog\u00edas y el tratamiento de la imagen digital. \u201cDe esta manera se puede potenciar un determinado sector de trabajo, dada la importancia y las potencialidades que genera el sector tur\u00edstico en la isla en materia de creaci\u00f3n de empleo\u201d, se\u00f1al\u00f3.<\/p>\n<p style=\"text-align: justify;\">Destac\u00f3 que Fuerteventura cuenta con una planta hotelera moderna y de calidad, con m\u00e1s de doscientos establecimientos hoteleros, sin contar apartamentos y casas rurales. \u201cEsta cantidad de camas tur\u00edsticas, por encima de 100.000, genera un volumen de negocios important\u00edsimo que demanda profesionales relacionados con publicidad, dise\u00f1o gr\u00e1fico, decoraci\u00f3n en establecimientos, organizaci\u00f3n de espect\u00e1culos audiovisuales, reportajes gr\u00e1ficos, fotograf\u00eda de eventos sociales, culturales o deportivos, rodaje de cortos, etc\u00e9tera\u201d.<\/p>\n<p style=\"text-align: justify;\">Por todo ello, insisti\u00f3 en que la implantaci\u00f3n de estudios relacionados con las artes pl\u00e1sticas y el dise\u00f1o en la isla \u201cconstituir\u00eda un salto cualitativo en la oferta formativa actual y favorecer\u00e1 la continuidad escolar evitando adem\u00e1s el abandono escolar temprano, dentro de la Estrategia Europa 2020\u201d.<\/p>\n","protected":false},"excerpt":{"rendered":"<p>Todos los grupos parlamentarios dieron hoy su voto favorable a la propuesta del PSOE por la que se pide la implantaci\u00f3n en Fuerteventura de estudios relacionados con las artes pl\u00e1sticas y el dise\u00f1o a partir del pr\u00f3ximo curso acad\u00e9mico. <\/p>\n","protected":false},"author":1,"featured_media":2873,"comment_status":"open","ping_status":"open","sticky":false,"template":"","format":"standard","meta":{"footnotes":""},"categories":[7],"tags":[132,31,293,390],"class_list":["post-2872","post","type-post","status-publish","format-standard","has-post-thumbnail","hentry","category-politica","tag-educacion","tag-fuerteventura","tag-grupo-parlamentario-socialista-canario","tag-rosa-bella-cabrera-noda"],"featured_image_src":"https:\/\/psoecanarias.com\/web\/wp-content\/uploads\/2017\/02\/rosa-e1486663754888.jpg","author_info":{"display_name":"PSOE Canarias","author_link":"https:\/\/psoecanarias.com\/web\/author\/admin\/"},"yoast_head":"<!-- This site is optimized with the Yoast SEO plugin v27.2 - https:\/\/yoast.com\/product\/yoast-seo-wordpress\/ -->\n<title>Se aprueba por unanimidad la apuesta del PSOE por implantar en Fuerteventura estudios de arte y dise\u00f1o | PSOE Canarias<\/title>\n<meta name=\"robots\" content=\"index, follow, max-snippet:-1, max-image-preview:large, max-video-preview:-1\" \/>\n<link rel=\"canonical\" href=\"https:\/\/psoecanarias.com\/web\/se-aprueba-por-unanimidad-la-apuesta-del-psoe-por-implantar-en-fuerteventura-estudios-de-arte-y-diseno\/\" \/>\n<meta property=\"og:locale\" content=\"es_ES\" \/>\n<meta property=\"og:type\" content=\"article\" \/>\n<meta property=\"og:title\" content=\"Se aprueba por unanimidad la apuesta del PSOE por implantar en Fuerteventura estudios de arte y dise\u00f1o | PSOE Canarias\" \/>\n<meta property=\"og:description\" content=\"Todos los grupos parlamentarios dieron hoy su voto favorable a la propuesta del PSOE por la que se pide la implantaci\u00f3n en Fuerteventura de estudios relacionados con las artes pl\u00e1sticas y el dise\u00f1o a partir del pr\u00f3ximo curso acad\u00e9mico.\" \/>\n<meta property=\"og:url\" content=\"https:\/\/psoecanarias.com\/web\/se-aprueba-por-unanimidad-la-apuesta-del-psoe-por-implantar-en-fuerteventura-estudios-de-arte-y-diseno\/\" \/>\n<meta property=\"og:site_name\" content=\"PSOE Canarias\" \/>\n<meta property=\"article:published_time\" content=\"2017-02-09T18:09:48+00:00\" \/>\n<meta property=\"og:image\" content=\"https:\/\/psoecanarias.com\/web\/wp-content\/uploads\/2017\/02\/rosa-e1486663754888.jpg\" \/>\n\t<meta property=\"og:image:width\" content=\"900\" \/>\n\t<meta property=\"og:image:height\" content=\"600\" \/>\n\t<meta property=\"og:image:type\" content=\"image\/jpeg\" \/>\n<meta name=\"author\" content=\"PSOE Canarias\" \/>\n<meta name=\"twitter:card\" content=\"summary_large_image\" \/>\n<script type=\"application\/ld+json\" class=\"yoast-schema-graph\">{\"@context\":\"https:\/\/schema.org\",\"@graph\":[{\"@type\":\"Article\",\"@id\":\"https:\/\/psoecanarias.com\/web\/se-aprueba-por-unanimidad-la-apuesta-del-psoe-por-implantar-en-fuerteventura-estudios-de-arte-y-diseno\/#article\",\"isPartOf\":{\"@id\":\"https:\/\/psoecanarias.com\/web\/se-aprueba-por-unanimidad-la-apuesta-del-psoe-por-implantar-en-fuerteventura-estudios-de-arte-y-diseno\/\"},\"author\":{\"name\":\"PSOE Canarias\",\"@id\":\"https:\/\/psoecanarias.com\/web\/#\/schema\/person\/1ae43f9659d2fc599ca69c11e1dbf26f\"},\"headline\":\"Se aprueba por unanimidad la apuesta del PSOE por implantar en Fuerteventura estudios de arte y dise\u00f1o\",\"datePublished\":\"2017-02-09T18:09:48+00:00\",\"mainEntityOfPage\":{\"@id\":\"https:\/\/psoecanarias.com\/web\/se-aprueba-por-unanimidad-la-apuesta-del-psoe-por-implantar-en-fuerteventura-estudios-de-arte-y-diseno\/\"},\"wordCount\":649,\"commentCount\":0,\"image\":{\"@id\":\"https:\/\/psoecanarias.com\/web\/se-aprueba-por-unanimidad-la-apuesta-del-psoe-por-implantar-en-fuerteventura-estudios-de-arte-y-diseno\/#primaryimage\"},\"thumbnailUrl\":\"https:\/\/psoecanarias.com\/web\/wp-content\/uploads\/2017\/02\/rosa-e1486663754888.jpg\",\"keywords\":[\"educaci\u00f3n\",\"Fuerteventura\",\"Grupo Parlamentario Socialista Canario\",\"Rosa Bella Cabrera Noda\"],\"articleSection\":[\"Pol\u00edtica\"],\"inLanguage\":\"es\",\"potentialAction\":[{\"@type\":\"CommentAction\",\"name\":\"Comment\",\"target\":[\"https:\/\/psoecanarias.com\/web\/se-aprueba-por-unanimidad-la-apuesta-del-psoe-por-implantar-en-fuerteventura-estudios-de-arte-y-diseno\/#respond\"]}]},{\"@type\":\"WebPage\",\"@id\":\"https:\/\/psoecanarias.com\/web\/se-aprueba-por-unanimidad-la-apuesta-del-psoe-por-implantar-en-fuerteventura-estudios-de-arte-y-diseno\/\",\"url\":\"https:\/\/psoecanarias.com\/web\/se-aprueba-por-unanimidad-la-apuesta-del-psoe-por-implantar-en-fuerteventura-estudios-de-arte-y-diseno\/\",\"name\":\"Se aprueba por unanimidad la apuesta del PSOE por implantar en Fuerteventura estudios de arte y dise\u00f1o | PSOE Canarias\",\"isPartOf\":{\"@id\":\"https:\/\/psoecanarias.com\/web\/#website\"},\"primaryImageOfPage\":{\"@id\":\"https:\/\/psoecanarias.com\/web\/se-aprueba-por-unanimidad-la-apuesta-del-psoe-por-implantar-en-fuerteventura-estudios-de-arte-y-diseno\/#primaryimage\"},\"image\":{\"@id\":\"https:\/\/psoecanarias.com\/web\/se-aprueba-por-unanimidad-la-apuesta-del-psoe-por-implantar-en-fuerteventura-estudios-de-arte-y-diseno\/#primaryimage\"},\"thumbnailUrl\":\"https:\/\/psoecanarias.com\/web\/wp-content\/uploads\/2017\/02\/rosa-e1486663754888.jpg\",\"datePublished\":\"2017-02-09T18:09:48+00:00\",\"author\":{\"@id\":\"https:\/\/psoecanarias.com\/web\/#\/schema\/person\/1ae43f9659d2fc599ca69c11e1dbf26f\"},\"breadcrumb\":{\"@id\":\"https:\/\/psoecanarias.com\/web\/se-aprueba-por-unanimidad-la-apuesta-del-psoe-por-implantar-en-fuerteventura-estudios-de-arte-y-diseno\/#breadcrumb\"},\"inLanguage\":\"es\",\"potentialAction\":[{\"@type\":\"ReadAction\",\"target\":[\"https:\/\/psoecanarias.com\/web\/se-aprueba-por-unanimidad-la-apuesta-del-psoe-por-implantar-en-fuerteventura-estudios-de-arte-y-diseno\/\"]}]},{\"@type\":\"ImageObject\",\"inLanguage\":\"es\",\"@id\":\"https:\/\/psoecanarias.com\/web\/se-aprueba-por-unanimidad-la-apuesta-del-psoe-por-implantar-en-fuerteventura-estudios-de-arte-y-diseno\/#primaryimage\",\"url\":\"https:\/\/psoecanarias.com\/web\/wp-content\/uploads\/2017\/02\/rosa-e1486663754888.jpg\",\"contentUrl\":\"https:\/\/psoecanarias.com\/web\/wp-content\/uploads\/2017\/02\/rosa-e1486663754888.jpg\",\"width\":900,\"height\":600},{\"@type\":\"BreadcrumbList\",\"@id\":\"https:\/\/psoecanarias.com\/web\/se-aprueba-por-unanimidad-la-apuesta-del-psoe-por-implantar-en-fuerteventura-estudios-de-arte-y-diseno\/#breadcrumb\",\"itemListElement\":[{\"@type\":\"ListItem\",\"position\":1,\"name\":\"Portada\",\"item\":\"https:\/\/psoecanarias.com\/web\/\"},{\"@type\":\"ListItem\",\"position\":2,\"name\":\"Se aprueba por unanimidad la apuesta del PSOE por implantar en Fuerteventura estudios de arte y dise\u00f1o\"}]},{\"@type\":\"WebSite\",\"@id\":\"https:\/\/psoecanarias.com\/web\/#website\",\"url\":\"https:\/\/psoecanarias.com\/web\/\",\"name\":\"PSOE Canarias\",\"description\":\"Partido Socialista Obrero Espa\u00f1ol Canarias\",\"potentialAction\":[{\"@type\":\"SearchAction\",\"target\":{\"@type\":\"EntryPoint\",\"urlTemplate\":\"https:\/\/psoecanarias.com\/web\/?s={search_term_string}\"},\"query-input\":{\"@type\":\"PropertyValueSpecification\",\"valueRequired\":true,\"valueName\":\"search_term_string\"}}],\"inLanguage\":\"es\"},{\"@type\":\"Person\",\"@id\":\"https:\/\/psoecanarias.com\/web\/#\/schema\/person\/1ae43f9659d2fc599ca69c11e1dbf26f\",\"name\":\"PSOE Canarias\",\"image\":{\"@type\":\"ImageObject\",\"inLanguage\":\"es\",\"@id\":\"https:\/\/secure.gravatar.com\/avatar\/4364d37f6f6f9cdb7af199b46151565f37d8a8c3c0e04c1d78c04e857a15e3a8?s=96&d=mm&r=g\",\"url\":\"https:\/\/secure.gravatar.com\/avatar\/4364d37f6f6f9cdb7af199b46151565f37d8a8c3c0e04c1d78c04e857a15e3a8?s=96&d=mm&r=g\",\"contentUrl\":\"https:\/\/secure.gravatar.com\/avatar\/4364d37f6f6f9cdb7af199b46151565f37d8a8c3c0e04c1d78c04e857a15e3a8?s=96&d=mm&r=g\",\"caption\":\"PSOE Canarias\"},\"url\":\"https:\/\/psoecanarias.com\/web\/author\/admin\/\"}]}<\/script>\n<!-- \/ Yoast SEO plugin. -->","yoast_head_json":{"title":"Se aprueba por unanimidad la apuesta del PSOE por implantar en Fuerteventura estudios de arte y dise\u00f1o | PSOE Canarias","robots":{"index":"index","follow":"follow","max-snippet":"max-snippet:-1","max-image-preview":"max-image-preview:large","max-video-preview":"max-video-preview:-1"},"canonical":"https:\/\/psoecanarias.com\/web\/se-aprueba-por-unanimidad-la-apuesta-del-psoe-por-implantar-en-fuerteventura-estudios-de-arte-y-diseno\/","og_locale":"es_ES","og_type":"article","og_title":"Se aprueba por unanimidad la apuesta del PSOE por implantar en Fuerteventura estudios de arte y dise\u00f1o | PSOE Canarias","og_description":"Todos los grupos parlamentarios dieron hoy su voto favorable a la propuesta del PSOE por la que se pide la implantaci\u00f3n en Fuerteventura de estudios relacionados con las artes pl\u00e1sticas y el dise\u00f1o a partir del pr\u00f3ximo curso acad\u00e9mico.","og_url":"https:\/\/psoecanarias.com\/web\/se-aprueba-por-unanimidad-la-apuesta-del-psoe-por-implantar-en-fuerteventura-estudios-de-arte-y-diseno\/","og_site_name":"PSOE Canarias","article_published_time":"2017-02-09T18:09:48+00:00","og_image":[{"width":900,"height":600,"url":"https:\/\/psoecanarias.com\/web\/wp-content\/uploads\/2017\/02\/rosa-e1486663754888.jpg","type":"image\/jpeg"}],"author":"PSOE Canarias","twitter_card":"summary_large_image","schema":{"@context":"https:\/\/schema.org","@graph":[{"@type":"Article","@id":"https:\/\/psoecanarias.com\/web\/se-aprueba-por-unanimidad-la-apuesta-del-psoe-por-implantar-en-fuerteventura-estudios-de-arte-y-diseno\/#article","isPartOf":{"@id":"https:\/\/psoecanarias.com\/web\/se-aprueba-por-unanimidad-la-apuesta-del-psoe-por-implantar-en-fuerteventura-estudios-de-arte-y-diseno\/"},"author":{"name":"PSOE Canarias","@id":"https:\/\/psoecanarias.com\/web\/#\/schema\/person\/1ae43f9659d2fc599ca69c11e1dbf26f"},"headline":"Se aprueba por unanimidad la apuesta del PSOE por implantar en Fuerteventura estudios de arte y dise\u00f1o","datePublished":"2017-02-09T18:09:48+00:00","mainEntityOfPage":{"@id":"https:\/\/psoecanarias.com\/web\/se-aprueba-por-unanimidad-la-apuesta-del-psoe-por-implantar-en-fuerteventura-estudios-de-arte-y-diseno\/"},"wordCount":649,"commentCount":0,"image":{"@id":"https:\/\/psoecanarias.com\/web\/se-aprueba-por-unanimidad-la-apuesta-del-psoe-por-implantar-en-fuerteventura-estudios-de-arte-y-diseno\/#primaryimage"},"thumbnailUrl":"https:\/\/psoecanarias.com\/web\/wp-content\/uploads\/2017\/02\/rosa-e1486663754888.jpg","keywords":["educaci\u00f3n","Fuerteventura","Grupo Parlamentario Socialista Canario","Rosa Bella Cabrera Noda"],"articleSection":["Pol\u00edtica"],"inLanguage":"es","potentialAction":[{"@type":"CommentAction","name":"Comment","target":["https:\/\/psoecanarias.com\/web\/se-aprueba-por-unanimidad-la-apuesta-del-psoe-por-implantar-en-fuerteventura-estudios-de-arte-y-diseno\/#respond"]}]},{"@type":"WebPage","@id":"https:\/\/psoecanarias.com\/web\/se-aprueba-por-unanimidad-la-apuesta-del-psoe-por-implantar-en-fuerteventura-estudios-de-arte-y-diseno\/","url":"https:\/\/psoecanarias.com\/web\/se-aprueba-por-unanimidad-la-apuesta-del-psoe-por-implantar-en-fuerteventura-estudios-de-arte-y-diseno\/","name":"Se aprueba por unanimidad la apuesta del PSOE por implantar en Fuerteventura estudios de arte y dise\u00f1o | PSOE Canarias","isPartOf":{"@id":"https:\/\/psoecanarias.com\/web\/#website"},"primaryImageOfPage":{"@id":"https:\/\/psoecanarias.com\/web\/se-aprueba-por-unanimidad-la-apuesta-del-psoe-por-implantar-en-fuerteventura-estudios-de-arte-y-diseno\/#primaryimage"},"image":{"@id":"https:\/\/psoecanarias.com\/web\/se-aprueba-por-unanimidad-la-apuesta-del-psoe-por-implantar-en-fuerteventura-estudios-de-arte-y-diseno\/#primaryimage"},"thumbnailUrl":"https:\/\/psoecanarias.com\/web\/wp-content\/uploads\/2017\/02\/rosa-e1486663754888.jpg","datePublished":"2017-02-09T18:09:48+00:00","author":{"@id":"https:\/\/psoecanarias.com\/web\/#\/schema\/person\/1ae43f9659d2fc599ca69c11e1dbf26f"},"breadcrumb":{"@id":"https:\/\/psoecanarias.com\/web\/se-aprueba-por-unanimidad-la-apuesta-del-psoe-por-implantar-en-fuerteventura-estudios-de-arte-y-diseno\/#breadcrumb"},"inLanguage":"es","potentialAction":[{"@type":"ReadAction","target":["https:\/\/psoecanarias.com\/web\/se-aprueba-por-unanimidad-la-apuesta-del-psoe-por-implantar-en-fuerteventura-estudios-de-arte-y-diseno\/"]}]},{"@type":"ImageObject","inLanguage":"es","@id":"https:\/\/psoecanarias.com\/web\/se-aprueba-por-unanimidad-la-apuesta-del-psoe-por-implantar-en-fuerteventura-estudios-de-arte-y-diseno\/#primaryimage","url":"https:\/\/psoecanarias.com\/web\/wp-content\/uploads\/2017\/02\/rosa-e1486663754888.jpg","contentUrl":"https:\/\/psoecanarias.com\/web\/wp-content\/uploads\/2017\/02\/rosa-e1486663754888.jpg","width":900,"height":600},{"@type":"BreadcrumbList","@id":"https:\/\/psoecanarias.com\/web\/se-aprueba-por-unanimidad-la-apuesta-del-psoe-por-implantar-en-fuerteventura-estudios-de-arte-y-diseno\/#breadcrumb","itemListElement":[{"@type":"ListItem","position":1,"name":"Portada","item":"https:\/\/psoecanarias.com\/web\/"},{"@type":"ListItem","position":2,"name":"Se aprueba por unanimidad la apuesta del PSOE por implantar en Fuerteventura estudios de arte y dise\u00f1o"}]},{"@type":"WebSite","@id":"https:\/\/psoecanarias.com\/web\/#website","url":"https:\/\/psoecanarias.com\/web\/","name":"PSOE Canarias","description":"Partido Socialista Obrero Espa\u00f1ol Canarias","potentialAction":[{"@type":"SearchAction","target":{"@type":"EntryPoint","urlTemplate":"https:\/\/psoecanarias.com\/web\/?s={search_term_string}"},"query-input":{"@type":"PropertyValueSpecification","valueRequired":true,"valueName":"search_term_string"}}],"inLanguage":"es"},{"@type":"Person","@id":"https:\/\/psoecanarias.com\/web\/#\/schema\/person\/1ae43f9659d2fc599ca69c11e1dbf26f","name":"PSOE Canarias","image":{"@type":"ImageObject","inLanguage":"es","@id":"https:\/\/secure.gravatar.com\/avatar\/4364d37f6f6f9cdb7af199b46151565f37d8a8c3c0e04c1d78c04e857a15e3a8?s=96&d=mm&r=g","url":"https:\/\/secure.gravatar.com\/avatar\/4364d37f6f6f9cdb7af199b46151565f37d8a8c3c0e04c1d78c04e857a15e3a8?s=96&d=mm&r=g","contentUrl":"https:\/\/secure.gravatar.com\/avatar\/4364d37f6f6f9cdb7af199b46151565f37d8a8c3c0e04c1d78c04e857a15e3a8?s=96&d=mm&r=g","caption":"PSOE Canarias"},"url":"https:\/\/psoecanarias.com\/web\/author\/admin\/"}]}},"_links":{"self":[{"href":"https:\/\/psoecanarias.com\/web\/wp-json\/wp\/v2\/posts\/2872","targetHints":{"allow":["GET"]}}],"collection":[{"href":"https:\/\/psoecanarias.com\/web\/wp-json\/wp\/v2\/posts"}],"about":[{"href":"https:\/\/psoecanarias.com\/web\/wp-json\/wp\/v2\/types\/post"}],"author":[{"embeddable":true,"href":"https:\/\/psoecanarias.com\/web\/wp-json\/wp\/v2\/users\/1"}],"replies":[{"embeddable":true,"href":"https:\/\/psoecanarias.com\/web\/wp-json\/wp\/v2\/comments?post=2872"}],"version-history":[{"count":1,"href":"https:\/\/psoecanarias.com\/web\/wp-json\/wp\/v2\/posts\/2872\/revisions"}],"predecessor-version":[{"id":2874,"href":"https:\/\/psoecanarias.com\/web\/wp-json\/wp\/v2\/posts\/2872\/revisions\/2874"}],"wp:featuredmedia":[{"embeddable":true,"href":"https:\/\/psoecanarias.com\/web\/wp-json\/wp\/v2\/media\/2873"}],"wp:attachment":[{"href":"https:\/\/psoecanarias.com\/web\/wp-json\/wp\/v2\/media?parent=2872"}],"wp:term":[{"taxonomy":"category","embeddable":true,"href":"https:\/\/psoecanarias.com\/web\/wp-json\/wp\/v2\/categories?post=2872"},{"taxonomy":"post_tag","embeddable":true,"href":"https:\/\/psoecanarias.com\/web\/wp-json\/wp\/v2\/tags?post=2872"}],"curies":[{"name":"wp","href":"https:\/\/api.w.org\/{rel}","templated":true}]}}