{"id":2879,"date":"2017-02-13T09:47:47","date_gmt":"2017-02-13T09:47:47","guid":{"rendered":"http:\/\/psoecanarias.com\/web\/?p=2879"},"modified":"2017-02-13T09:47:47","modified_gmt":"2017-02-13T09:47:47","slug":"el-psoe-apuesta-por-una-convivencia-equilibrada-entre-defensa-de-la-especie-y-usos-tradicionales","status":"publish","type":"post","link":"https:\/\/psoecanarias.com\/web\/el-psoe-apuesta-por-una-convivencia-equilibrada-entre-defensa-de-la-especie-y-usos-tradicionales\/","title":{"rendered":"El PSOE apuesta por una convivencia equilibrada entre defensa de la especie y usos tradicionales"},"content":{"rendered":"<p style=\"text-align: justify;\"><em>XH\/ <\/em>La diputada del PSOE por Fuerteventura, Rosa Bella Cabrera, considera necesario que se coordinen todos los elementos implicados para que pasado, presente y futuro de la lapa majorera puedan coexistir de forma equilibrada y cohesionada. \u201cEs imprescindible una sana convivencia entre la defensa y protecci\u00f3n de la especie y los usos tradicionales que ha tenido\u201d, afirma.<\/p>\n<p style=\"text-align: justify;\">La diputada subraya que la lapa majorera est\u00e1 considerada de buena calidad, mientras que su cantidad es reducida si se compara con otras especies de lapas. Tras catalogarse en peligro de extinci\u00f3n, el Gobierno aprob\u00f3 un plan de recuperaci\u00f3n por Decreto 161\/2015 de 3 de julio, que ya ha sido debatido en el Parlamento de Canarias. Ese plan incluye una serie de medidas y recomendaciones para preservar las actuales poblaciones de lapa majorera, y articula, entre otras acciones, la exclusi\u00f3n de acciones que puedan suponer amenazas para la especie o su h\u00e1bitat.<\/p>\n<p style=\"text-align: justify;\">\u201cSin embargo, esta serie de exclusiones suscita importantes reacciones de la mayor\u00eda de los distintos sectores afectados en Fuerteventura, porque consideran que los usos tradicionales han coexistido con la poblaci\u00f3n de la lapa majorera sin que hayan interferido sobre la especie\u201d, explica la parlamentaria del PSOE. Por ello, reivindican la compatibilidad entre la recuperaci\u00f3n de la lapa y esos usos, respaldando en todo momento las actuaciones encaminadas a garantizar la protecci\u00f3n de esta especie \u00fanica en Canarias.<\/p>\n<p style=\"text-align: justify;\">Cabrera Noda recuerda que antiguamente, en Canarias hubo bastantes especies de lapas y a d\u00eda de hoy se presentan cuatro diferenciadas, lo que delata la gran tradici\u00f3n marisquera que ha existido en el archipi\u00e9lago y que se remonta a la \u00e9poca aborigen. Ejemplos de ello, dice, son los concheros repartidos por todas las islas y que se usan como instrumento musical en Fuerteventura y Lanzarote.<\/p>\n","protected":false},"excerpt":{"rendered":"<p> La diputada del PSOE por Fuerteventura, Rosa Bella Cabrera, considera necesario que se coordinen todos los elementos implicados para que pasado, presente y futuro de la lapa majorera puedan coexistir de forma equilibrada y cohesionada.<\/p>\n","protected":false},"author":1,"featured_media":1625,"comment_status":"open","ping_status":"open","sticky":false,"template":"","format":"standard","meta":{"footnotes":""},"categories":[7],"tags":[31,293,846,303,390],"class_list":["post-2879","post","type-post","status-publish","format-standard","has-post-thumbnail","hentry","category-politica","tag-fuerteventura","tag-grupo-parlamentario-socialista-canario","tag-lapa-majorera","tag-pesca","tag-rosa-bella-cabrera-noda"],"featured_image_src":"https:\/\/psoecanarias.com\/web\/wp-content\/uploads\/2016\/03\/DSF2972-e1458035982265.jpg","author_info":{"display_name":"PSOE Canarias","author_link":"https:\/\/psoecanarias.com\/web\/author\/admin\/"},"yoast_head":"<!-- This site is optimized with the Yoast SEO plugin v27.2 - https:\/\/yoast.com\/product\/yoast-seo-wordpress\/ -->\n<title>El PSOE apuesta por una convivencia equilibrada entre defensa de la especie y usos tradicionales | PSOE Canarias<\/title>\n<meta name=\"robots\" content=\"index, follow, max-snippet:-1, max-image-preview:large, max-video-preview:-1\" \/>\n<link rel=\"canonical\" href=\"https:\/\/psoecanarias.com\/web\/el-psoe-apuesta-por-una-convivencia-equilibrada-entre-defensa-de-la-especie-y-usos-tradicionales\/\" \/>\n<meta property=\"og:locale\" content=\"es_ES\" \/>\n<meta property=\"og:type\" content=\"article\" \/>\n<meta property=\"og:title\" content=\"El PSOE apuesta por una convivencia equilibrada entre defensa de la especie y usos tradicionales | PSOE Canarias\" \/>\n<meta property=\"og:description\" content=\"La diputada del PSOE por Fuerteventura, Rosa Bella Cabrera, considera necesario que se coordinen todos los elementos implicados para que pasado, presente y futuro de la lapa majorera puedan coexistir de forma equilibrada y cohesionada.\" \/>\n<meta property=\"og:url\" content=\"https:\/\/psoecanarias.com\/web\/el-psoe-apuesta-por-una-convivencia-equilibrada-entre-defensa-de-la-especie-y-usos-tradicionales\/\" \/>\n<meta property=\"og:site_name\" content=\"PSOE Canarias\" \/>\n<meta property=\"article:published_time\" content=\"2017-02-13T09:47:47+00:00\" \/>\n<meta property=\"og:image\" content=\"https:\/\/psoecanarias.com\/web\/wp-content\/uploads\/2016\/03\/DSF2972-e1458035982265.jpg\" \/>\n\t<meta property=\"og:image:width\" content=\"900\" \/>\n\t<meta property=\"og:image:height\" content=\"1350\" \/>\n\t<meta property=\"og:image:type\" content=\"image\/jpeg\" \/>\n<meta name=\"author\" content=\"PSOE Canarias\" \/>\n<meta name=\"twitter:card\" content=\"summary_large_image\" \/>\n<script type=\"application\/ld+json\" class=\"yoast-schema-graph\">{\"@context\":\"https:\/\/schema.org\",\"@graph\":[{\"@type\":\"Article\",\"@id\":\"https:\/\/psoecanarias.com\/web\/el-psoe-apuesta-por-una-convivencia-equilibrada-entre-defensa-de-la-especie-y-usos-tradicionales\/#article\",\"isPartOf\":{\"@id\":\"https:\/\/psoecanarias.com\/web\/el-psoe-apuesta-por-una-convivencia-equilibrada-entre-defensa-de-la-especie-y-usos-tradicionales\/\"},\"author\":{\"name\":\"PSOE Canarias\",\"@id\":\"https:\/\/psoecanarias.com\/web\/#\/schema\/person\/1ae43f9659d2fc599ca69c11e1dbf26f\"},\"headline\":\"El PSOE apuesta por una convivencia equilibrada entre defensa de la especie y usos tradicionales\",\"datePublished\":\"2017-02-13T09:47:47+00:00\",\"mainEntityOfPage\":{\"@id\":\"https:\/\/psoecanarias.com\/web\/el-psoe-apuesta-por-una-convivencia-equilibrada-entre-defensa-de-la-especie-y-usos-tradicionales\/\"},\"wordCount\":316,\"commentCount\":0,\"image\":{\"@id\":\"https:\/\/psoecanarias.com\/web\/el-psoe-apuesta-por-una-convivencia-equilibrada-entre-defensa-de-la-especie-y-usos-tradicionales\/#primaryimage\"},\"thumbnailUrl\":\"https:\/\/psoecanarias.com\/web\/wp-content\/uploads\/2016\/03\/DSF2972-e1458035982265.jpg\",\"keywords\":[\"Fuerteventura\",\"Grupo Parlamentario Socialista Canario\",\"Lapa majorera\",\"Pesca\",\"Rosa Bella Cabrera Noda\"],\"articleSection\":[\"Pol\u00edtica\"],\"inLanguage\":\"es\",\"potentialAction\":[{\"@type\":\"CommentAction\",\"name\":\"Comment\",\"target\":[\"https:\/\/psoecanarias.com\/web\/el-psoe-apuesta-por-una-convivencia-equilibrada-entre-defensa-de-la-especie-y-usos-tradicionales\/#respond\"]}]},{\"@type\":\"WebPage\",\"@id\":\"https:\/\/psoecanarias.com\/web\/el-psoe-apuesta-por-una-convivencia-equilibrada-entre-defensa-de-la-especie-y-usos-tradicionales\/\",\"url\":\"https:\/\/psoecanarias.com\/web\/el-psoe-apuesta-por-una-convivencia-equilibrada-entre-defensa-de-la-especie-y-usos-tradicionales\/\",\"name\":\"El PSOE apuesta por una convivencia equilibrada entre defensa de la especie y usos tradicionales | PSOE Canarias\",\"isPartOf\":{\"@id\":\"https:\/\/psoecanarias.com\/web\/#website\"},\"primaryImageOfPage\":{\"@id\":\"https:\/\/psoecanarias.com\/web\/el-psoe-apuesta-por-una-convivencia-equilibrada-entre-defensa-de-la-especie-y-usos-tradicionales\/#primaryimage\"},\"image\":{\"@id\":\"https:\/\/psoecanarias.com\/web\/el-psoe-apuesta-por-una-convivencia-equilibrada-entre-defensa-de-la-especie-y-usos-tradicionales\/#primaryimage\"},\"thumbnailUrl\":\"https:\/\/psoecanarias.com\/web\/wp-content\/uploads\/2016\/03\/DSF2972-e1458035982265.jpg\",\"datePublished\":\"2017-02-13T09:47:47+00:00\",\"author\":{\"@id\":\"https:\/\/psoecanarias.com\/web\/#\/schema\/person\/1ae43f9659d2fc599ca69c11e1dbf26f\"},\"breadcrumb\":{\"@id\":\"https:\/\/psoecanarias.com\/web\/el-psoe-apuesta-por-una-convivencia-equilibrada-entre-defensa-de-la-especie-y-usos-tradicionales\/#breadcrumb\"},\"inLanguage\":\"es\",\"potentialAction\":[{\"@type\":\"ReadAction\",\"target\":[\"https:\/\/psoecanarias.com\/web\/el-psoe-apuesta-por-una-convivencia-equilibrada-entre-defensa-de-la-especie-y-usos-tradicionales\/\"]}]},{\"@type\":\"ImageObject\",\"inLanguage\":\"es\",\"@id\":\"https:\/\/psoecanarias.com\/web\/el-psoe-apuesta-por-una-convivencia-equilibrada-entre-defensa-de-la-especie-y-usos-tradicionales\/#primaryimage\",\"url\":\"https:\/\/psoecanarias.com\/web\/wp-content\/uploads\/2016\/03\/DSF2972-e1458035982265.jpg\",\"contentUrl\":\"https:\/\/psoecanarias.com\/web\/wp-content\/uploads\/2016\/03\/DSF2972-e1458035982265.jpg\",\"width\":900,\"height\":1350},{\"@type\":\"BreadcrumbList\",\"@id\":\"https:\/\/psoecanarias.com\/web\/el-psoe-apuesta-por-una-convivencia-equilibrada-entre-defensa-de-la-especie-y-usos-tradicionales\/#breadcrumb\",\"itemListElement\":[{\"@type\":\"ListItem\",\"position\":1,\"name\":\"Portada\",\"item\":\"https:\/\/psoecanarias.com\/web\/\"},{\"@type\":\"ListItem\",\"position\":2,\"name\":\"El PSOE apuesta por una convivencia equilibrada entre defensa de la especie y usos tradicionales\"}]},{\"@type\":\"WebSite\",\"@id\":\"https:\/\/psoecanarias.com\/web\/#website\",\"url\":\"https:\/\/psoecanarias.com\/web\/\",\"name\":\"PSOE Canarias\",\"description\":\"Partido Socialista Obrero Espa\u00f1ol Canarias\",\"potentialAction\":[{\"@type\":\"SearchAction\",\"target\":{\"@type\":\"EntryPoint\",\"urlTemplate\":\"https:\/\/psoecanarias.com\/web\/?s={search_term_string}\"},\"query-input\":{\"@type\":\"PropertyValueSpecification\",\"valueRequired\":true,\"valueName\":\"search_term_string\"}}],\"inLanguage\":\"es\"},{\"@type\":\"Person\",\"@id\":\"https:\/\/psoecanarias.com\/web\/#\/schema\/person\/1ae43f9659d2fc599ca69c11e1dbf26f\",\"name\":\"PSOE Canarias\",\"image\":{\"@type\":\"ImageObject\",\"inLanguage\":\"es\",\"@id\":\"https:\/\/secure.gravatar.com\/avatar\/4364d37f6f6f9cdb7af199b46151565f37d8a8c3c0e04c1d78c04e857a15e3a8?s=96&d=mm&r=g\",\"url\":\"https:\/\/secure.gravatar.com\/avatar\/4364d37f6f6f9cdb7af199b46151565f37d8a8c3c0e04c1d78c04e857a15e3a8?s=96&d=mm&r=g\",\"contentUrl\":\"https:\/\/secure.gravatar.com\/avatar\/4364d37f6f6f9cdb7af199b46151565f37d8a8c3c0e04c1d78c04e857a15e3a8?s=96&d=mm&r=g\",\"caption\":\"PSOE Canarias\"},\"url\":\"https:\/\/psoecanarias.com\/web\/author\/admin\/\"}]}<\/script>\n<!-- \/ Yoast SEO plugin. -->","yoast_head_json":{"title":"El PSOE apuesta por una convivencia equilibrada entre defensa de la especie y usos tradicionales | PSOE Canarias","robots":{"index":"index","follow":"follow","max-snippet":"max-snippet:-1","max-image-preview":"max-image-preview:large","max-video-preview":"max-video-preview:-1"},"canonical":"https:\/\/psoecanarias.com\/web\/el-psoe-apuesta-por-una-convivencia-equilibrada-entre-defensa-de-la-especie-y-usos-tradicionales\/","og_locale":"es_ES","og_type":"article","og_title":"El PSOE apuesta por una convivencia equilibrada entre defensa de la especie y usos tradicionales | PSOE Canarias","og_description":"La diputada del PSOE por Fuerteventura, Rosa Bella Cabrera, considera necesario que se coordinen todos los elementos implicados para que pasado, presente y futuro de la lapa majorera puedan coexistir de forma equilibrada y cohesionada.","og_url":"https:\/\/psoecanarias.com\/web\/el-psoe-apuesta-por-una-convivencia-equilibrada-entre-defensa-de-la-especie-y-usos-tradicionales\/","og_site_name":"PSOE Canarias","article_published_time":"2017-02-13T09:47:47+00:00","og_image":[{"width":900,"height":1350,"url":"https:\/\/psoecanarias.com\/web\/wp-content\/uploads\/2016\/03\/DSF2972-e1458035982265.jpg","type":"image\/jpeg"}],"author":"PSOE Canarias","twitter_card":"summary_large_image","schema":{"@context":"https:\/\/schema.org","@graph":[{"@type":"Article","@id":"https:\/\/psoecanarias.com\/web\/el-psoe-apuesta-por-una-convivencia-equilibrada-entre-defensa-de-la-especie-y-usos-tradicionales\/#article","isPartOf":{"@id":"https:\/\/psoecanarias.com\/web\/el-psoe-apuesta-por-una-convivencia-equilibrada-entre-defensa-de-la-especie-y-usos-tradicionales\/"},"author":{"name":"PSOE Canarias","@id":"https:\/\/psoecanarias.com\/web\/#\/schema\/person\/1ae43f9659d2fc599ca69c11e1dbf26f"},"headline":"El PSOE apuesta por una convivencia equilibrada entre defensa de la especie y usos tradicionales","datePublished":"2017-02-13T09:47:47+00:00","mainEntityOfPage":{"@id":"https:\/\/psoecanarias.com\/web\/el-psoe-apuesta-por-una-convivencia-equilibrada-entre-defensa-de-la-especie-y-usos-tradicionales\/"},"wordCount":316,"commentCount":0,"image":{"@id":"https:\/\/psoecanarias.com\/web\/el-psoe-apuesta-por-una-convivencia-equilibrada-entre-defensa-de-la-especie-y-usos-tradicionales\/#primaryimage"},"thumbnailUrl":"https:\/\/psoecanarias.com\/web\/wp-content\/uploads\/2016\/03\/DSF2972-e1458035982265.jpg","keywords":["Fuerteventura","Grupo Parlamentario Socialista Canario","Lapa majorera","Pesca","Rosa Bella Cabrera Noda"],"articleSection":["Pol\u00edtica"],"inLanguage":"es","potentialAction":[{"@type":"CommentAction","name":"Comment","target":["https:\/\/psoecanarias.com\/web\/el-psoe-apuesta-por-una-convivencia-equilibrada-entre-defensa-de-la-especie-y-usos-tradicionales\/#respond"]}]},{"@type":"WebPage","@id":"https:\/\/psoecanarias.com\/web\/el-psoe-apuesta-por-una-convivencia-equilibrada-entre-defensa-de-la-especie-y-usos-tradicionales\/","url":"https:\/\/psoecanarias.com\/web\/el-psoe-apuesta-por-una-convivencia-equilibrada-entre-defensa-de-la-especie-y-usos-tradicionales\/","name":"El PSOE apuesta por una convivencia equilibrada entre defensa de la especie y usos tradicionales | PSOE Canarias","isPartOf":{"@id":"https:\/\/psoecanarias.com\/web\/#website"},"primaryImageOfPage":{"@id":"https:\/\/psoecanarias.com\/web\/el-psoe-apuesta-por-una-convivencia-equilibrada-entre-defensa-de-la-especie-y-usos-tradicionales\/#primaryimage"},"image":{"@id":"https:\/\/psoecanarias.com\/web\/el-psoe-apuesta-por-una-convivencia-equilibrada-entre-defensa-de-la-especie-y-usos-tradicionales\/#primaryimage"},"thumbnailUrl":"https:\/\/psoecanarias.com\/web\/wp-content\/uploads\/2016\/03\/DSF2972-e1458035982265.jpg","datePublished":"2017-02-13T09:47:47+00:00","author":{"@id":"https:\/\/psoecanarias.com\/web\/#\/schema\/person\/1ae43f9659d2fc599ca69c11e1dbf26f"},"breadcrumb":{"@id":"https:\/\/psoecanarias.com\/web\/el-psoe-apuesta-por-una-convivencia-equilibrada-entre-defensa-de-la-especie-y-usos-tradicionales\/#breadcrumb"},"inLanguage":"es","potentialAction":[{"@type":"ReadAction","target":["https:\/\/psoecanarias.com\/web\/el-psoe-apuesta-por-una-convivencia-equilibrada-entre-defensa-de-la-especie-y-usos-tradicionales\/"]}]},{"@type":"ImageObject","inLanguage":"es","@id":"https:\/\/psoecanarias.com\/web\/el-psoe-apuesta-por-una-convivencia-equilibrada-entre-defensa-de-la-especie-y-usos-tradicionales\/#primaryimage","url":"https:\/\/psoecanarias.com\/web\/wp-content\/uploads\/2016\/03\/DSF2972-e1458035982265.jpg","contentUrl":"https:\/\/psoecanarias.com\/web\/wp-content\/uploads\/2016\/03\/DSF2972-e1458035982265.jpg","width":900,"height":1350},{"@type":"BreadcrumbList","@id":"https:\/\/psoecanarias.com\/web\/el-psoe-apuesta-por-una-convivencia-equilibrada-entre-defensa-de-la-especie-y-usos-tradicionales\/#breadcrumb","itemListElement":[{"@type":"ListItem","position":1,"name":"Portada","item":"https:\/\/psoecanarias.com\/web\/"},{"@type":"ListItem","position":2,"name":"El PSOE apuesta por una convivencia equilibrada entre defensa de la especie y usos tradicionales"}]},{"@type":"WebSite","@id":"https:\/\/psoecanarias.com\/web\/#website","url":"https:\/\/psoecanarias.com\/web\/","name":"PSOE Canarias","description":"Partido Socialista Obrero Espa\u00f1ol Canarias","potentialAction":[{"@type":"SearchAction","target":{"@type":"EntryPoint","urlTemplate":"https:\/\/psoecanarias.com\/web\/?s={search_term_string}"},"query-input":{"@type":"PropertyValueSpecification","valueRequired":true,"valueName":"search_term_string"}}],"inLanguage":"es"},{"@type":"Person","@id":"https:\/\/psoecanarias.com\/web\/#\/schema\/person\/1ae43f9659d2fc599ca69c11e1dbf26f","name":"PSOE Canarias","image":{"@type":"ImageObject","inLanguage":"es","@id":"https:\/\/secure.gravatar.com\/avatar\/4364d37f6f6f9cdb7af199b46151565f37d8a8c3c0e04c1d78c04e857a15e3a8?s=96&d=mm&r=g","url":"https:\/\/secure.gravatar.com\/avatar\/4364d37f6f6f9cdb7af199b46151565f37d8a8c3c0e04c1d78c04e857a15e3a8?s=96&d=mm&r=g","contentUrl":"https:\/\/secure.gravatar.com\/avatar\/4364d37f6f6f9cdb7af199b46151565f37d8a8c3c0e04c1d78c04e857a15e3a8?s=96&d=mm&r=g","caption":"PSOE Canarias"},"url":"https:\/\/psoecanarias.com\/web\/author\/admin\/"}]}},"_links":{"self":[{"href":"https:\/\/psoecanarias.com\/web\/wp-json\/wp\/v2\/posts\/2879","targetHints":{"allow":["GET"]}}],"collection":[{"href":"https:\/\/psoecanarias.com\/web\/wp-json\/wp\/v2\/posts"}],"about":[{"href":"https:\/\/psoecanarias.com\/web\/wp-json\/wp\/v2\/types\/post"}],"author":[{"embeddable":true,"href":"https:\/\/psoecanarias.com\/web\/wp-json\/wp\/v2\/users\/1"}],"replies":[{"embeddable":true,"href":"https:\/\/psoecanarias.com\/web\/wp-json\/wp\/v2\/comments?post=2879"}],"version-history":[{"count":1,"href":"https:\/\/psoecanarias.com\/web\/wp-json\/wp\/v2\/posts\/2879\/revisions"}],"predecessor-version":[{"id":2880,"href":"https:\/\/psoecanarias.com\/web\/wp-json\/wp\/v2\/posts\/2879\/revisions\/2880"}],"wp:featuredmedia":[{"embeddable":true,"href":"https:\/\/psoecanarias.com\/web\/wp-json\/wp\/v2\/media\/1625"}],"wp:attachment":[{"href":"https:\/\/psoecanarias.com\/web\/wp-json\/wp\/v2\/media?parent=2879"}],"wp:term":[{"taxonomy":"category","embeddable":true,"href":"https:\/\/psoecanarias.com\/web\/wp-json\/wp\/v2\/categories?post=2879"},{"taxonomy":"post_tag","embeddable":true,"href":"https:\/\/psoecanarias.com\/web\/wp-json\/wp\/v2\/tags?post=2879"}],"curies":[{"name":"wp","href":"https:\/\/api.w.org\/{rel}","templated":true}]}}