{"id":2925,"date":"2017-02-23T18:58:54","date_gmt":"2017-02-23T18:58:54","guid":{"rendered":"http:\/\/psoecanarias.com\/web\/?p=2925"},"modified":"2017-02-23T18:58:54","modified_gmt":"2017-02-23T18:58:54","slug":"como-creernos-que-a-clavijo-le-preocupan-los-problemas-de-canarias-si-ve-negocio-en-las-desgracias-de-otros-paises","status":"publish","type":"post","link":"https:\/\/psoecanarias.com\/web\/como-creernos-que-a-clavijo-le-preocupan-los-problemas-de-canarias-si-ve-negocio-en-las-desgracias-de-otros-paises\/","title":{"rendered":"\u201c\u00bfC\u00f3mo creernos que a Clavijo le preocupan los problemas de Canarias si ve negocio en las desgracias de otros pa\u00edses?\u201d"},"content":{"rendered":"<p style=\"text-align: justify;\">La portavoz de Turismo del Grupo Parlamentario Socialista, Rosa Bella Cabrera, cuestion\u00f3 hoy la credibilidad que puede tener el presidente Clavijo cuando dice sentir preocupaci\u00f3n por la pobreza o la exclusi\u00f3n social en Canarias mientras ve una oportunidad de negocio en las desgracias de otros pa\u00edses, tal y como se desprende de las declaraciones realizadas por este en las que dice que puede \u201cabrirse una v\u00eda\u201d para el turismo en las islas \u201csi se recrudece la pol\u00edtica de Trump con M\u00e9xico\u201d.<\/p>\n<p style=\"text-align: justify;\">\u201cNo parece una buena estrategia para captar turistas alinearse con las pol\u00edticas migratorias de Donald Trump\u201d, dijo en la C\u00e1mara, donde inst\u00f3 a la consejera de Turismo a corregir esas palabras de Clavijo. \u201cEs, en primer lugar, un disparate, pero tambi\u00e9n una temeridad y, sobre todo, preocupa la falta de sensibilidad que hay detr\u00e1s de estas manifestaciones\u201d, expres\u00f3.<\/p>\n<p style=\"text-align: justify;\">Como record\u00f3, el propio viceconsejero de Turismo ha tenido que desmentir a Fernando Clavijo diciendo que las mejoras para captar estos mercados tienen que venir, s\u00ed o s\u00ed, por la introducci\u00f3n de compa\u00f1\u00edas de bajo coste que cubran los trayectos. Pregunt\u00f3 tambi\u00e9n c\u00f3mo la ciudadan\u00eda del archipi\u00e9lago puede creerse que el Ejecutivo regional quiera afianzar nuestras relaciones econ\u00f3micas con Hispanoam\u00e9rica \u201csi a la primera oportunidad le damos de lado en beneficio propio, como si nuestros lazos hist\u00f3ricos con estos pa\u00edses no importasen nada\u201d.<\/p>\n<p style=\"text-align: justify;\">Cabrera Noda lament\u00f3 la mala imagen ante los competidores tur\u00edsticos que declaraciones como las de Clavijo dan de Canarias, la imagen del \u2018todo vale\u2019. \u201cQuiero creer que la consejera de Turismo del Gobierno de Canarias se siente tan desconcertada, indignada y confundida como el Grupo Socialista y como todos los canarios\u201d, dijo.<\/p>\n","protected":false},"excerpt":{"rendered":"<p>Rosa Bella Cabrera dice que no parece una buena estrategia para captar turistas alinearse con las pol\u00edticas migratorias de Donald Trump<\/p>\n","protected":false},"author":1,"featured_media":2926,"comment_status":"open","ping_status":"open","sticky":false,"template":"","format":"standard","meta":{"footnotes":""},"categories":[7],"tags":[851,32,272,849,64],"class_list":["post-2925","post","type-post","status-publish","format-standard","has-post-thumbnail","hentry","category-politica","tag-eeuu","tag-inaki-lavandera","tag-rosa-bella","tag-trump","tag-turismo"],"featured_image_src":"https:\/\/psoecanarias.com\/web\/wp-content\/uploads\/2017\/02\/rb1-e1487876300445.jpg","author_info":{"display_name":"PSOE Canarias","author_link":"https:\/\/psoecanarias.com\/web\/author\/admin\/"},"yoast_head":"<!-- This site is optimized with the Yoast SEO plugin v27.2 - https:\/\/yoast.com\/product\/yoast-seo-wordpress\/ -->\n<title>\u201c\u00bfC\u00f3mo creernos que a Clavijo le preocupan los problemas de Canarias si ve negocio en las desgracias de otros pa\u00edses?\u201d | PSOE Canarias<\/title>\n<meta name=\"robots\" content=\"index, follow, max-snippet:-1, max-image-preview:large, max-video-preview:-1\" \/>\n<link rel=\"canonical\" href=\"https:\/\/psoecanarias.com\/web\/como-creernos-que-a-clavijo-le-preocupan-los-problemas-de-canarias-si-ve-negocio-en-las-desgracias-de-otros-paises\/\" \/>\n<meta property=\"og:locale\" content=\"es_ES\" \/>\n<meta property=\"og:type\" content=\"article\" \/>\n<meta property=\"og:title\" content=\"\u201c\u00bfC\u00f3mo creernos que a Clavijo le preocupan los problemas de Canarias si ve negocio en las desgracias de otros pa\u00edses?\u201d | PSOE Canarias\" \/>\n<meta property=\"og:description\" content=\"Rosa Bella Cabrera dice que no parece una buena estrategia para captar turistas alinearse con las pol\u00edticas migratorias de Donald Trump\" \/>\n<meta property=\"og:url\" content=\"https:\/\/psoecanarias.com\/web\/como-creernos-que-a-clavijo-le-preocupan-los-problemas-de-canarias-si-ve-negocio-en-las-desgracias-de-otros-paises\/\" \/>\n<meta property=\"og:site_name\" content=\"PSOE Canarias\" \/>\n<meta property=\"article:published_time\" content=\"2017-02-23T18:58:54+00:00\" \/>\n<meta property=\"og:image\" content=\"https:\/\/psoecanarias.com\/web\/wp-content\/uploads\/2017\/02\/rb1-e1487876300445.jpg\" \/>\n\t<meta property=\"og:image:width\" content=\"900\" \/>\n\t<meta property=\"og:image:height\" content=\"600\" \/>\n\t<meta property=\"og:image:type\" content=\"image\/jpeg\" \/>\n<meta name=\"author\" content=\"PSOE Canarias\" \/>\n<meta name=\"twitter:card\" content=\"summary_large_image\" \/>\n<script type=\"application\/ld+json\" class=\"yoast-schema-graph\">{\"@context\":\"https:\/\/schema.org\",\"@graph\":[{\"@type\":\"Article\",\"@id\":\"https:\/\/psoecanarias.com\/web\/como-creernos-que-a-clavijo-le-preocupan-los-problemas-de-canarias-si-ve-negocio-en-las-desgracias-de-otros-paises\/#article\",\"isPartOf\":{\"@id\":\"https:\/\/psoecanarias.com\/web\/como-creernos-que-a-clavijo-le-preocupan-los-problemas-de-canarias-si-ve-negocio-en-las-desgracias-de-otros-paises\/\"},\"author\":{\"name\":\"PSOE Canarias\",\"@id\":\"https:\/\/psoecanarias.com\/web\/#\/schema\/person\/1ae43f9659d2fc599ca69c11e1dbf26f\"},\"headline\":\"\u201c\u00bfC\u00f3mo creernos que a Clavijo le preocupan los problemas de Canarias si ve negocio en las desgracias de otros pa\u00edses?\u201d\",\"datePublished\":\"2017-02-23T18:58:54+00:00\",\"mainEntityOfPage\":{\"@id\":\"https:\/\/psoecanarias.com\/web\/como-creernos-que-a-clavijo-le-preocupan-los-problemas-de-canarias-si-ve-negocio-en-las-desgracias-de-otros-paises\/\"},\"wordCount\":317,\"commentCount\":0,\"image\":{\"@id\":\"https:\/\/psoecanarias.com\/web\/como-creernos-que-a-clavijo-le-preocupan-los-problemas-de-canarias-si-ve-negocio-en-las-desgracias-de-otros-paises\/#primaryimage\"},\"thumbnailUrl\":\"https:\/\/psoecanarias.com\/web\/wp-content\/uploads\/2017\/02\/rb1-e1487876300445.jpg\",\"keywords\":[\"EEUU\",\"I\u00f1aki Lavandera\",\"Rosa Bella\",\"Trump\",\"turismo\"],\"articleSection\":[\"Pol\u00edtica\"],\"inLanguage\":\"es\",\"potentialAction\":[{\"@type\":\"CommentAction\",\"name\":\"Comment\",\"target\":[\"https:\/\/psoecanarias.com\/web\/como-creernos-que-a-clavijo-le-preocupan-los-problemas-de-canarias-si-ve-negocio-en-las-desgracias-de-otros-paises\/#respond\"]}]},{\"@type\":\"WebPage\",\"@id\":\"https:\/\/psoecanarias.com\/web\/como-creernos-que-a-clavijo-le-preocupan-los-problemas-de-canarias-si-ve-negocio-en-las-desgracias-de-otros-paises\/\",\"url\":\"https:\/\/psoecanarias.com\/web\/como-creernos-que-a-clavijo-le-preocupan-los-problemas-de-canarias-si-ve-negocio-en-las-desgracias-de-otros-paises\/\",\"name\":\"\u201c\u00bfC\u00f3mo creernos que a Clavijo le preocupan los problemas de Canarias si ve negocio en las desgracias de otros pa\u00edses?\u201d | PSOE Canarias\",\"isPartOf\":{\"@id\":\"https:\/\/psoecanarias.com\/web\/#website\"},\"primaryImageOfPage\":{\"@id\":\"https:\/\/psoecanarias.com\/web\/como-creernos-que-a-clavijo-le-preocupan-los-problemas-de-canarias-si-ve-negocio-en-las-desgracias-de-otros-paises\/#primaryimage\"},\"image\":{\"@id\":\"https:\/\/psoecanarias.com\/web\/como-creernos-que-a-clavijo-le-preocupan-los-problemas-de-canarias-si-ve-negocio-en-las-desgracias-de-otros-paises\/#primaryimage\"},\"thumbnailUrl\":\"https:\/\/psoecanarias.com\/web\/wp-content\/uploads\/2017\/02\/rb1-e1487876300445.jpg\",\"datePublished\":\"2017-02-23T18:58:54+00:00\",\"author\":{\"@id\":\"https:\/\/psoecanarias.com\/web\/#\/schema\/person\/1ae43f9659d2fc599ca69c11e1dbf26f\"},\"breadcrumb\":{\"@id\":\"https:\/\/psoecanarias.com\/web\/como-creernos-que-a-clavijo-le-preocupan-los-problemas-de-canarias-si-ve-negocio-en-las-desgracias-de-otros-paises\/#breadcrumb\"},\"inLanguage\":\"es\",\"potentialAction\":[{\"@type\":\"ReadAction\",\"target\":[\"https:\/\/psoecanarias.com\/web\/como-creernos-que-a-clavijo-le-preocupan-los-problemas-de-canarias-si-ve-negocio-en-las-desgracias-de-otros-paises\/\"]}]},{\"@type\":\"ImageObject\",\"inLanguage\":\"es\",\"@id\":\"https:\/\/psoecanarias.com\/web\/como-creernos-que-a-clavijo-le-preocupan-los-problemas-de-canarias-si-ve-negocio-en-las-desgracias-de-otros-paises\/#primaryimage\",\"url\":\"https:\/\/psoecanarias.com\/web\/wp-content\/uploads\/2017\/02\/rb1-e1487876300445.jpg\",\"contentUrl\":\"https:\/\/psoecanarias.com\/web\/wp-content\/uploads\/2017\/02\/rb1-e1487876300445.jpg\",\"width\":900,\"height\":600},{\"@type\":\"BreadcrumbList\",\"@id\":\"https:\/\/psoecanarias.com\/web\/como-creernos-que-a-clavijo-le-preocupan-los-problemas-de-canarias-si-ve-negocio-en-las-desgracias-de-otros-paises\/#breadcrumb\",\"itemListElement\":[{\"@type\":\"ListItem\",\"position\":1,\"name\":\"Portada\",\"item\":\"https:\/\/psoecanarias.com\/web\/\"},{\"@type\":\"ListItem\",\"position\":2,\"name\":\"\u201c\u00bfC\u00f3mo creernos que a Clavijo le preocupan los problemas de Canarias si ve negocio en las desgracias de otros pa\u00edses?\u201d\"}]},{\"@type\":\"WebSite\",\"@id\":\"https:\/\/psoecanarias.com\/web\/#website\",\"url\":\"https:\/\/psoecanarias.com\/web\/\",\"name\":\"PSOE Canarias\",\"description\":\"Partido Socialista Obrero Espa\u00f1ol Canarias\",\"potentialAction\":[{\"@type\":\"SearchAction\",\"target\":{\"@type\":\"EntryPoint\",\"urlTemplate\":\"https:\/\/psoecanarias.com\/web\/?s={search_term_string}\"},\"query-input\":{\"@type\":\"PropertyValueSpecification\",\"valueRequired\":true,\"valueName\":\"search_term_string\"}}],\"inLanguage\":\"es\"},{\"@type\":\"Person\",\"@id\":\"https:\/\/psoecanarias.com\/web\/#\/schema\/person\/1ae43f9659d2fc599ca69c11e1dbf26f\",\"name\":\"PSOE Canarias\",\"image\":{\"@type\":\"ImageObject\",\"inLanguage\":\"es\",\"@id\":\"https:\/\/secure.gravatar.com\/avatar\/4364d37f6f6f9cdb7af199b46151565f37d8a8c3c0e04c1d78c04e857a15e3a8?s=96&d=mm&r=g\",\"url\":\"https:\/\/secure.gravatar.com\/avatar\/4364d37f6f6f9cdb7af199b46151565f37d8a8c3c0e04c1d78c04e857a15e3a8?s=96&d=mm&r=g\",\"contentUrl\":\"https:\/\/secure.gravatar.com\/avatar\/4364d37f6f6f9cdb7af199b46151565f37d8a8c3c0e04c1d78c04e857a15e3a8?s=96&d=mm&r=g\",\"caption\":\"PSOE Canarias\"},\"url\":\"https:\/\/psoecanarias.com\/web\/author\/admin\/\"}]}<\/script>\n<!-- \/ Yoast SEO plugin. -->","yoast_head_json":{"title":"\u201c\u00bfC\u00f3mo creernos que a Clavijo le preocupan los problemas de Canarias si ve negocio en las desgracias de otros pa\u00edses?\u201d | PSOE Canarias","robots":{"index":"index","follow":"follow","max-snippet":"max-snippet:-1","max-image-preview":"max-image-preview:large","max-video-preview":"max-video-preview:-1"},"canonical":"https:\/\/psoecanarias.com\/web\/como-creernos-que-a-clavijo-le-preocupan-los-problemas-de-canarias-si-ve-negocio-en-las-desgracias-de-otros-paises\/","og_locale":"es_ES","og_type":"article","og_title":"\u201c\u00bfC\u00f3mo creernos que a Clavijo le preocupan los problemas de Canarias si ve negocio en las desgracias de otros pa\u00edses?\u201d | PSOE Canarias","og_description":"Rosa Bella Cabrera dice que no parece una buena estrategia para captar turistas alinearse con las pol\u00edticas migratorias de Donald Trump","og_url":"https:\/\/psoecanarias.com\/web\/como-creernos-que-a-clavijo-le-preocupan-los-problemas-de-canarias-si-ve-negocio-en-las-desgracias-de-otros-paises\/","og_site_name":"PSOE Canarias","article_published_time":"2017-02-23T18:58:54+00:00","og_image":[{"width":900,"height":600,"url":"https:\/\/psoecanarias.com\/web\/wp-content\/uploads\/2017\/02\/rb1-e1487876300445.jpg","type":"image\/jpeg"}],"author":"PSOE Canarias","twitter_card":"summary_large_image","schema":{"@context":"https:\/\/schema.org","@graph":[{"@type":"Article","@id":"https:\/\/psoecanarias.com\/web\/como-creernos-que-a-clavijo-le-preocupan-los-problemas-de-canarias-si-ve-negocio-en-las-desgracias-de-otros-paises\/#article","isPartOf":{"@id":"https:\/\/psoecanarias.com\/web\/como-creernos-que-a-clavijo-le-preocupan-los-problemas-de-canarias-si-ve-negocio-en-las-desgracias-de-otros-paises\/"},"author":{"name":"PSOE Canarias","@id":"https:\/\/psoecanarias.com\/web\/#\/schema\/person\/1ae43f9659d2fc599ca69c11e1dbf26f"},"headline":"\u201c\u00bfC\u00f3mo creernos que a Clavijo le preocupan los problemas de Canarias si ve negocio en las desgracias de otros pa\u00edses?\u201d","datePublished":"2017-02-23T18:58:54+00:00","mainEntityOfPage":{"@id":"https:\/\/psoecanarias.com\/web\/como-creernos-que-a-clavijo-le-preocupan-los-problemas-de-canarias-si-ve-negocio-en-las-desgracias-de-otros-paises\/"},"wordCount":317,"commentCount":0,"image":{"@id":"https:\/\/psoecanarias.com\/web\/como-creernos-que-a-clavijo-le-preocupan-los-problemas-de-canarias-si-ve-negocio-en-las-desgracias-de-otros-paises\/#primaryimage"},"thumbnailUrl":"https:\/\/psoecanarias.com\/web\/wp-content\/uploads\/2017\/02\/rb1-e1487876300445.jpg","keywords":["EEUU","I\u00f1aki Lavandera","Rosa Bella","Trump","turismo"],"articleSection":["Pol\u00edtica"],"inLanguage":"es","potentialAction":[{"@type":"CommentAction","name":"Comment","target":["https:\/\/psoecanarias.com\/web\/como-creernos-que-a-clavijo-le-preocupan-los-problemas-de-canarias-si-ve-negocio-en-las-desgracias-de-otros-paises\/#respond"]}]},{"@type":"WebPage","@id":"https:\/\/psoecanarias.com\/web\/como-creernos-que-a-clavijo-le-preocupan-los-problemas-de-canarias-si-ve-negocio-en-las-desgracias-de-otros-paises\/","url":"https:\/\/psoecanarias.com\/web\/como-creernos-que-a-clavijo-le-preocupan-los-problemas-de-canarias-si-ve-negocio-en-las-desgracias-de-otros-paises\/","name":"\u201c\u00bfC\u00f3mo creernos que a Clavijo le preocupan los problemas de Canarias si ve negocio en las desgracias de otros pa\u00edses?\u201d | PSOE Canarias","isPartOf":{"@id":"https:\/\/psoecanarias.com\/web\/#website"},"primaryImageOfPage":{"@id":"https:\/\/psoecanarias.com\/web\/como-creernos-que-a-clavijo-le-preocupan-los-problemas-de-canarias-si-ve-negocio-en-las-desgracias-de-otros-paises\/#primaryimage"},"image":{"@id":"https:\/\/psoecanarias.com\/web\/como-creernos-que-a-clavijo-le-preocupan-los-problemas-de-canarias-si-ve-negocio-en-las-desgracias-de-otros-paises\/#primaryimage"},"thumbnailUrl":"https:\/\/psoecanarias.com\/web\/wp-content\/uploads\/2017\/02\/rb1-e1487876300445.jpg","datePublished":"2017-02-23T18:58:54+00:00","author":{"@id":"https:\/\/psoecanarias.com\/web\/#\/schema\/person\/1ae43f9659d2fc599ca69c11e1dbf26f"},"breadcrumb":{"@id":"https:\/\/psoecanarias.com\/web\/como-creernos-que-a-clavijo-le-preocupan-los-problemas-de-canarias-si-ve-negocio-en-las-desgracias-de-otros-paises\/#breadcrumb"},"inLanguage":"es","potentialAction":[{"@type":"ReadAction","target":["https:\/\/psoecanarias.com\/web\/como-creernos-que-a-clavijo-le-preocupan-los-problemas-de-canarias-si-ve-negocio-en-las-desgracias-de-otros-paises\/"]}]},{"@type":"ImageObject","inLanguage":"es","@id":"https:\/\/psoecanarias.com\/web\/como-creernos-que-a-clavijo-le-preocupan-los-problemas-de-canarias-si-ve-negocio-en-las-desgracias-de-otros-paises\/#primaryimage","url":"https:\/\/psoecanarias.com\/web\/wp-content\/uploads\/2017\/02\/rb1-e1487876300445.jpg","contentUrl":"https:\/\/psoecanarias.com\/web\/wp-content\/uploads\/2017\/02\/rb1-e1487876300445.jpg","width":900,"height":600},{"@type":"BreadcrumbList","@id":"https:\/\/psoecanarias.com\/web\/como-creernos-que-a-clavijo-le-preocupan-los-problemas-de-canarias-si-ve-negocio-en-las-desgracias-de-otros-paises\/#breadcrumb","itemListElement":[{"@type":"ListItem","position":1,"name":"Portada","item":"https:\/\/psoecanarias.com\/web\/"},{"@type":"ListItem","position":2,"name":"\u201c\u00bfC\u00f3mo creernos que a Clavijo le preocupan los problemas de Canarias si ve negocio en las desgracias de otros pa\u00edses?\u201d"}]},{"@type":"WebSite","@id":"https:\/\/psoecanarias.com\/web\/#website","url":"https:\/\/psoecanarias.com\/web\/","name":"PSOE Canarias","description":"Partido Socialista Obrero Espa\u00f1ol Canarias","potentialAction":[{"@type":"SearchAction","target":{"@type":"EntryPoint","urlTemplate":"https:\/\/psoecanarias.com\/web\/?s={search_term_string}"},"query-input":{"@type":"PropertyValueSpecification","valueRequired":true,"valueName":"search_term_string"}}],"inLanguage":"es"},{"@type":"Person","@id":"https:\/\/psoecanarias.com\/web\/#\/schema\/person\/1ae43f9659d2fc599ca69c11e1dbf26f","name":"PSOE Canarias","image":{"@type":"ImageObject","inLanguage":"es","@id":"https:\/\/secure.gravatar.com\/avatar\/4364d37f6f6f9cdb7af199b46151565f37d8a8c3c0e04c1d78c04e857a15e3a8?s=96&d=mm&r=g","url":"https:\/\/secure.gravatar.com\/avatar\/4364d37f6f6f9cdb7af199b46151565f37d8a8c3c0e04c1d78c04e857a15e3a8?s=96&d=mm&r=g","contentUrl":"https:\/\/secure.gravatar.com\/avatar\/4364d37f6f6f9cdb7af199b46151565f37d8a8c3c0e04c1d78c04e857a15e3a8?s=96&d=mm&r=g","caption":"PSOE Canarias"},"url":"https:\/\/psoecanarias.com\/web\/author\/admin\/"}]}},"_links":{"self":[{"href":"https:\/\/psoecanarias.com\/web\/wp-json\/wp\/v2\/posts\/2925","targetHints":{"allow":["GET"]}}],"collection":[{"href":"https:\/\/psoecanarias.com\/web\/wp-json\/wp\/v2\/posts"}],"about":[{"href":"https:\/\/psoecanarias.com\/web\/wp-json\/wp\/v2\/types\/post"}],"author":[{"embeddable":true,"href":"https:\/\/psoecanarias.com\/web\/wp-json\/wp\/v2\/users\/1"}],"replies":[{"embeddable":true,"href":"https:\/\/psoecanarias.com\/web\/wp-json\/wp\/v2\/comments?post=2925"}],"version-history":[{"count":1,"href":"https:\/\/psoecanarias.com\/web\/wp-json\/wp\/v2\/posts\/2925\/revisions"}],"predecessor-version":[{"id":2927,"href":"https:\/\/psoecanarias.com\/web\/wp-json\/wp\/v2\/posts\/2925\/revisions\/2927"}],"wp:featuredmedia":[{"embeddable":true,"href":"https:\/\/psoecanarias.com\/web\/wp-json\/wp\/v2\/media\/2926"}],"wp:attachment":[{"href":"https:\/\/psoecanarias.com\/web\/wp-json\/wp\/v2\/media?parent=2925"}],"wp:term":[{"taxonomy":"category","embeddable":true,"href":"https:\/\/psoecanarias.com\/web\/wp-json\/wp\/v2\/categories?post=2925"},{"taxonomy":"post_tag","embeddable":true,"href":"https:\/\/psoecanarias.com\/web\/wp-json\/wp\/v2\/tags?post=2925"}],"curies":[{"name":"wp","href":"https:\/\/api.w.org\/{rel}","templated":true}]}}