{"id":2928,"date":"2017-02-23T19:04:03","date_gmt":"2017-02-23T19:04:03","guid":{"rendered":"http:\/\/psoecanarias.com\/web\/?p=2928"},"modified":"2017-02-23T19:04:03","modified_gmt":"2017-02-23T19:04:03","slug":"baltar-debe-decir-ya-si-frenara-la-privatizacion-de-la-medicina-nuclear-para-pasar-la-gestion-al-doctor-negrin","status":"publish","type":"post","link":"https:\/\/psoecanarias.com\/web\/baltar-debe-decir-ya-si-frenara-la-privatizacion-de-la-medicina-nuclear-para-pasar-la-gestion-al-doctor-negrin\/","title":{"rendered":"\u201cBaltar debe decir ya si frenar\u00e1 la privatizaci\u00f3n de la medicina nuclear para pasar la gesti\u00f3n al Doctor Negr\u00edn\u201d"},"content":{"rendered":"<p style=\"text-align: justify;\">El portavoz del Grupo Parlamentario Socialista, I\u00f1aki Lavandera, inst\u00f3 hoy al Gobierno de Canarias a que realice cuanto sea necesario para que el servicio de medicina nuclear del Hospital Universitario de Gran Canaria Doctor Negr\u00edn sea gestionado por el propio centro sanitario, pues se trata del \u00fanico servicio asistencial de gesti\u00f3n privada dentro de un hospital p\u00fablico en todo el archipi\u00e9lago.<\/p>\n<p style=\"text-align: justify;\">Seg\u00fan dijo, \u201ces necesario que el consejero diga si tiene la voluntad de parar el proceso de desprivatizaci\u00f3n ya iniciado, si tiene realmente la intenci\u00f3n de trabajar por la sanidad p\u00fablica, defendiendo los recursos p\u00fablicos e invirtiendo en el sistema p\u00fablico, algo que no est\u00e1 en contradicci\u00f3n con que el paciente sea el centro del sistema, sino m\u00e1s bien todo lo contrario\u201d.<\/p>\n<p style=\"text-align: justify;\">\u201cEstamos ante un claro ejemplo sobre c\u00f3mo ha sido concebida la prestaci\u00f3n de servicios sanitarios p\u00fablicos en la Comunidad aut\u00f3noma a trav\u00e9s de operadores privados\u201d, dijo en el pleno del Parlamento, donde record\u00f3 que es la empresa Dimec SA, del Grupo San Roque, la encargada del servicio desde el a\u00f1o 2005, siendo consejera entonces Mar\u00eda del Mar Julios.<\/p>\n<p style=\"text-align: justify;\">Lavandera se\u00f1al\u00f3 que el contrato con Dimec est\u00e1 vencido, es improrrogable y, por tanto, no es posible una alteraci\u00f3n en las condiciones de la prestaci\u00f3n del servicio, tal y como la empresa alega. \u201cO se presta de forma directa o continua a trav\u00e9s de una empresa que, en todo caso, tendr\u00e1 que ser seleccionada mediante concurso p\u00fablico, y esta es la decisi\u00f3n que debe tomar la Consejer\u00eda de Sanidad: volver a sacar a concurso la prestaci\u00f3n del servicio o asumirlo mediante gesti\u00f3n directa\u201d, expuso.<\/p>\n<p style=\"text-align: justify;\">Para ser m\u00e1s exacto, explic\u00f3 que el consejero debe decidir si desautoriza al anterior equipo directivo del hospital y a la anterior Direcci\u00f3n del Servicio Canario de la Salud y de la Consejer\u00eda de Sanidad, cambiando el criterio ya adoptado y razonado, o contin\u00faa con un proceso ya iniciado, presupuestado y profesionalmente valorado, que es la gesti\u00f3n directa del servicio de medicina nuclear por parte del centro hospitalario.<\/p>\n<p style=\"text-align: justify;\">El portavoz socialista record\u00f3 que existe un escrito firmado por el anterior gerente del centro en noviembre de 2016 por el que se comunicaba a la Consejer\u00eda de Sanidad el ahorro que supon\u00eda para el SCS el cambio de modelo. \u201cBaltar dice que no existe expediente administrativo y que una hoja de Excel no es un informe porque no est\u00e1 firmada, pero los n\u00fameros no enga\u00f1an y en ese ya famoso escrito se calcula en torno a 800.000 euros el ahorro para el Servicio Canario de la Salud\u201d.<\/p>\n<p style=\"text-align: justify;\">I\u00f1aki Lavandera subray\u00f3 que la situaci\u00f3n actual es una anomal\u00eda \u201cy no verlo as\u00ed es algo que nos diferencia y que explica por s\u00ed solo el nombramiento del actual consejero, quien ha dicho que existe un cierto miedo a perder parte del presupuesto que ahora mismo se destina a las cl\u00ednicas privadas\u201d. As\u00ed, inst\u00f3 a Baltar a hacer la transici\u00f3n de forma \u201camable y r\u00e1pida, para beneficio de los pacientes y del sistema\u201d, al tiempo que consider\u00f3 que no es casual el nombramiento del consejero por Clavijo, como tampoco lo es el de las direcciones de \u00e1rea de Tenerife y Gran Canaria, que gestionan el mayor presupuesto para concertaci\u00f3n y que provienen, al igual que el consejero, de empresas del sector, con intereses y contratos con el Gobierno canario.<\/p>\n<p style=\"text-align: justify;\">Entre otros hechos no casuales, el parlamentario del PSOE habl\u00f3 de que durante la presente legislatura previsiblemente comiencen los trabajos para un nuevo expediente de contrataci\u00f3n con el Hospital San Roque Maspalomas; que se iniciasen los trabajos para sacar a concurso la hospitalizaci\u00f3n de corta y media estancia en centros privados; que se sacase a concurso la adquisici\u00f3n de la resonancia magn\u00e9tica nuclear de La Palma, Lanzarote y Fuerteventura; que el anterior consejero comunicase oficialmente la decisi\u00f3n de prestar directamente el servicio de medicina nuclear del Doctor Negr\u00edn, o que el presidente de la Comisi\u00f3n de Sanidad de la Confederaci\u00f3n Canaria de Empresarios y presidente de los hospitales San Roque afirmase que \u201clas estad\u00edsticas avalan que con 16 millones de euros se pueden reducir las listas de espera sanitarias\u201d.<\/p>\n<p style=\"text-align: justify;\">\u201cTodo esto nos hace pensar que la campa\u00f1a de acoso y derribo a Jes\u00fas Morera por parte de Coalici\u00f3n Canaria y, en especial, por Fernando Clavijo, poco ten\u00eda que ver con la salud de los canarios y s\u00ed con los intereses de determinadas empresas\u201d, continu\u00f3 Lavandera, quien inst\u00f3 al actual consejero a desarrollar una gesti\u00f3n transparente y a situar al paciente en el centro del sistema.<\/p>\n","protected":false},"excerpt":{"rendered":"<p>Lavandera afirma que la campa\u00f1a de acoso y derribo a Jes\u00fas Morera por CC y, en especial, por Clavijo, \u201cpoco ten\u00eda que ver con la salud de los canarios y s\u00ed con los intereses de determinadas empresas\u201d<\/p>\n","protected":false},"author":1,"featured_media":2929,"comment_status":"open","ping_status":"open","sticky":false,"template":"","format":"standard","meta":{"footnotes":""},"categories":[7],"tags":[871,56,293,658,32,140,35],"class_list":["post-2928","post","type-post","status-publish","format-standard","has-post-thumbnail","hentry","category-politica","tag-baltar","tag-gran-canaria","tag-grupo-parlamentario-socialista-canario","tag-hospital-doctor-negrin","tag-inaki-lavandera","tag-privatizacion","tag-sanidad"],"featured_image_src":"https:\/\/psoecanarias.com\/web\/wp-content\/uploads\/2017\/02\/jal-e1487876623976.jpg","author_info":{"display_name":"PSOE Canarias","author_link":"https:\/\/psoecanarias.com\/web\/author\/admin\/"},"yoast_head":"<!-- This site is optimized with the Yoast SEO plugin v27.2 - https:\/\/yoast.com\/product\/yoast-seo-wordpress\/ -->\n<title>\u201cBaltar debe decir ya si frenar\u00e1 la privatizaci\u00f3n de la medicina nuclear para pasar la gesti\u00f3n al Doctor Negr\u00edn\u201d | PSOE Canarias<\/title>\n<meta name=\"robots\" content=\"index, follow, max-snippet:-1, max-image-preview:large, max-video-preview:-1\" \/>\n<link rel=\"canonical\" href=\"https:\/\/psoecanarias.com\/web\/baltar-debe-decir-ya-si-frenara-la-privatizacion-de-la-medicina-nuclear-para-pasar-la-gestion-al-doctor-negrin\/\" \/>\n<meta property=\"og:locale\" content=\"es_ES\" \/>\n<meta property=\"og:type\" content=\"article\" \/>\n<meta property=\"og:title\" content=\"\u201cBaltar debe decir ya si frenar\u00e1 la privatizaci\u00f3n de la medicina nuclear para pasar la gesti\u00f3n al Doctor Negr\u00edn\u201d | PSOE Canarias\" \/>\n<meta property=\"og:description\" content=\"Lavandera afirma que la campa\u00f1a de acoso y derribo a Jes\u00fas Morera por CC y, en especial, por Clavijo, \u201cpoco ten\u00eda que ver con la salud de los canarios y s\u00ed con los intereses de determinadas empresas\u201d\" \/>\n<meta property=\"og:url\" content=\"https:\/\/psoecanarias.com\/web\/baltar-debe-decir-ya-si-frenara-la-privatizacion-de-la-medicina-nuclear-para-pasar-la-gestion-al-doctor-negrin\/\" \/>\n<meta property=\"og:site_name\" content=\"PSOE Canarias\" \/>\n<meta property=\"article:published_time\" content=\"2017-02-23T19:04:03+00:00\" \/>\n<meta property=\"og:image\" content=\"https:\/\/psoecanarias.com\/web\/wp-content\/uploads\/2017\/02\/jal-e1487876623976.jpg\" \/>\n\t<meta property=\"og:image:width\" content=\"900\" \/>\n\t<meta property=\"og:image:height\" content=\"600\" \/>\n\t<meta property=\"og:image:type\" content=\"image\/jpeg\" \/>\n<meta name=\"author\" content=\"PSOE Canarias\" \/>\n<meta name=\"twitter:card\" content=\"summary_large_image\" \/>\n<script type=\"application\/ld+json\" class=\"yoast-schema-graph\">{\"@context\":\"https:\/\/schema.org\",\"@graph\":[{\"@type\":\"Article\",\"@id\":\"https:\/\/psoecanarias.com\/web\/baltar-debe-decir-ya-si-frenara-la-privatizacion-de-la-medicina-nuclear-para-pasar-la-gestion-al-doctor-negrin\/#article\",\"isPartOf\":{\"@id\":\"https:\/\/psoecanarias.com\/web\/baltar-debe-decir-ya-si-frenara-la-privatizacion-de-la-medicina-nuclear-para-pasar-la-gestion-al-doctor-negrin\/\"},\"author\":{\"name\":\"PSOE Canarias\",\"@id\":\"https:\/\/psoecanarias.com\/web\/#\/schema\/person\/1ae43f9659d2fc599ca69c11e1dbf26f\"},\"headline\":\"\u201cBaltar debe decir ya si frenar\u00e1 la privatizaci\u00f3n de la medicina nuclear para pasar la gesti\u00f3n al Doctor Negr\u00edn\u201d\",\"datePublished\":\"2017-02-23T19:04:03+00:00\",\"mainEntityOfPage\":{\"@id\":\"https:\/\/psoecanarias.com\/web\/baltar-debe-decir-ya-si-frenara-la-privatizacion-de-la-medicina-nuclear-para-pasar-la-gestion-al-doctor-negrin\/\"},\"wordCount\":822,\"commentCount\":0,\"image\":{\"@id\":\"https:\/\/psoecanarias.com\/web\/baltar-debe-decir-ya-si-frenara-la-privatizacion-de-la-medicina-nuclear-para-pasar-la-gestion-al-doctor-negrin\/#primaryimage\"},\"thumbnailUrl\":\"https:\/\/psoecanarias.com\/web\/wp-content\/uploads\/2017\/02\/jal-e1487876623976.jpg\",\"keywords\":[\"Baltar\",\"Gran Canaria\",\"Grupo Parlamentario Socialista Canario\",\"Hospital Doctor Negr\u00edn\",\"I\u00f1aki Lavandera\",\"privatizaci\u00f3n\",\"sanidad\"],\"articleSection\":[\"Pol\u00edtica\"],\"inLanguage\":\"es\",\"potentialAction\":[{\"@type\":\"CommentAction\",\"name\":\"Comment\",\"target\":[\"https:\/\/psoecanarias.com\/web\/baltar-debe-decir-ya-si-frenara-la-privatizacion-de-la-medicina-nuclear-para-pasar-la-gestion-al-doctor-negrin\/#respond\"]}]},{\"@type\":\"WebPage\",\"@id\":\"https:\/\/psoecanarias.com\/web\/baltar-debe-decir-ya-si-frenara-la-privatizacion-de-la-medicina-nuclear-para-pasar-la-gestion-al-doctor-negrin\/\",\"url\":\"https:\/\/psoecanarias.com\/web\/baltar-debe-decir-ya-si-frenara-la-privatizacion-de-la-medicina-nuclear-para-pasar-la-gestion-al-doctor-negrin\/\",\"name\":\"\u201cBaltar debe decir ya si frenar\u00e1 la privatizaci\u00f3n de la medicina nuclear para pasar la gesti\u00f3n al Doctor Negr\u00edn\u201d | PSOE Canarias\",\"isPartOf\":{\"@id\":\"https:\/\/psoecanarias.com\/web\/#website\"},\"primaryImageOfPage\":{\"@id\":\"https:\/\/psoecanarias.com\/web\/baltar-debe-decir-ya-si-frenara-la-privatizacion-de-la-medicina-nuclear-para-pasar-la-gestion-al-doctor-negrin\/#primaryimage\"},\"image\":{\"@id\":\"https:\/\/psoecanarias.com\/web\/baltar-debe-decir-ya-si-frenara-la-privatizacion-de-la-medicina-nuclear-para-pasar-la-gestion-al-doctor-negrin\/#primaryimage\"},\"thumbnailUrl\":\"https:\/\/psoecanarias.com\/web\/wp-content\/uploads\/2017\/02\/jal-e1487876623976.jpg\",\"datePublished\":\"2017-02-23T19:04:03+00:00\",\"author\":{\"@id\":\"https:\/\/psoecanarias.com\/web\/#\/schema\/person\/1ae43f9659d2fc599ca69c11e1dbf26f\"},\"breadcrumb\":{\"@id\":\"https:\/\/psoecanarias.com\/web\/baltar-debe-decir-ya-si-frenara-la-privatizacion-de-la-medicina-nuclear-para-pasar-la-gestion-al-doctor-negrin\/#breadcrumb\"},\"inLanguage\":\"es\",\"potentialAction\":[{\"@type\":\"ReadAction\",\"target\":[\"https:\/\/psoecanarias.com\/web\/baltar-debe-decir-ya-si-frenara-la-privatizacion-de-la-medicina-nuclear-para-pasar-la-gestion-al-doctor-negrin\/\"]}]},{\"@type\":\"ImageObject\",\"inLanguage\":\"es\",\"@id\":\"https:\/\/psoecanarias.com\/web\/baltar-debe-decir-ya-si-frenara-la-privatizacion-de-la-medicina-nuclear-para-pasar-la-gestion-al-doctor-negrin\/#primaryimage\",\"url\":\"https:\/\/psoecanarias.com\/web\/wp-content\/uploads\/2017\/02\/jal-e1487876623976.jpg\",\"contentUrl\":\"https:\/\/psoecanarias.com\/web\/wp-content\/uploads\/2017\/02\/jal-e1487876623976.jpg\",\"width\":900,\"height\":600},{\"@type\":\"BreadcrumbList\",\"@id\":\"https:\/\/psoecanarias.com\/web\/baltar-debe-decir-ya-si-frenara-la-privatizacion-de-la-medicina-nuclear-para-pasar-la-gestion-al-doctor-negrin\/#breadcrumb\",\"itemListElement\":[{\"@type\":\"ListItem\",\"position\":1,\"name\":\"Portada\",\"item\":\"https:\/\/psoecanarias.com\/web\/\"},{\"@type\":\"ListItem\",\"position\":2,\"name\":\"\u201cBaltar debe decir ya si frenar\u00e1 la privatizaci\u00f3n de la medicina nuclear para pasar la gesti\u00f3n al Doctor Negr\u00edn\u201d\"}]},{\"@type\":\"WebSite\",\"@id\":\"https:\/\/psoecanarias.com\/web\/#website\",\"url\":\"https:\/\/psoecanarias.com\/web\/\",\"name\":\"PSOE Canarias\",\"description\":\"Partido Socialista Obrero Espa\u00f1ol Canarias\",\"potentialAction\":[{\"@type\":\"SearchAction\",\"target\":{\"@type\":\"EntryPoint\",\"urlTemplate\":\"https:\/\/psoecanarias.com\/web\/?s={search_term_string}\"},\"query-input\":{\"@type\":\"PropertyValueSpecification\",\"valueRequired\":true,\"valueName\":\"search_term_string\"}}],\"inLanguage\":\"es\"},{\"@type\":\"Person\",\"@id\":\"https:\/\/psoecanarias.com\/web\/#\/schema\/person\/1ae43f9659d2fc599ca69c11e1dbf26f\",\"name\":\"PSOE Canarias\",\"image\":{\"@type\":\"ImageObject\",\"inLanguage\":\"es\",\"@id\":\"https:\/\/secure.gravatar.com\/avatar\/4364d37f6f6f9cdb7af199b46151565f37d8a8c3c0e04c1d78c04e857a15e3a8?s=96&d=mm&r=g\",\"url\":\"https:\/\/secure.gravatar.com\/avatar\/4364d37f6f6f9cdb7af199b46151565f37d8a8c3c0e04c1d78c04e857a15e3a8?s=96&d=mm&r=g\",\"contentUrl\":\"https:\/\/secure.gravatar.com\/avatar\/4364d37f6f6f9cdb7af199b46151565f37d8a8c3c0e04c1d78c04e857a15e3a8?s=96&d=mm&r=g\",\"caption\":\"PSOE Canarias\"},\"url\":\"https:\/\/psoecanarias.com\/web\/author\/admin\/\"}]}<\/script>\n<!-- \/ Yoast SEO plugin. -->","yoast_head_json":{"title":"\u201cBaltar debe decir ya si frenar\u00e1 la privatizaci\u00f3n de la medicina nuclear para pasar la gesti\u00f3n al Doctor Negr\u00edn\u201d | PSOE Canarias","robots":{"index":"index","follow":"follow","max-snippet":"max-snippet:-1","max-image-preview":"max-image-preview:large","max-video-preview":"max-video-preview:-1"},"canonical":"https:\/\/psoecanarias.com\/web\/baltar-debe-decir-ya-si-frenara-la-privatizacion-de-la-medicina-nuclear-para-pasar-la-gestion-al-doctor-negrin\/","og_locale":"es_ES","og_type":"article","og_title":"\u201cBaltar debe decir ya si frenar\u00e1 la privatizaci\u00f3n de la medicina nuclear para pasar la gesti\u00f3n al Doctor Negr\u00edn\u201d | PSOE Canarias","og_description":"Lavandera afirma que la campa\u00f1a de acoso y derribo a Jes\u00fas Morera por CC y, en especial, por Clavijo, \u201cpoco ten\u00eda que ver con la salud de los canarios y s\u00ed con los intereses de determinadas empresas\u201d","og_url":"https:\/\/psoecanarias.com\/web\/baltar-debe-decir-ya-si-frenara-la-privatizacion-de-la-medicina-nuclear-para-pasar-la-gestion-al-doctor-negrin\/","og_site_name":"PSOE Canarias","article_published_time":"2017-02-23T19:04:03+00:00","og_image":[{"width":900,"height":600,"url":"https:\/\/psoecanarias.com\/web\/wp-content\/uploads\/2017\/02\/jal-e1487876623976.jpg","type":"image\/jpeg"}],"author":"PSOE Canarias","twitter_card":"summary_large_image","schema":{"@context":"https:\/\/schema.org","@graph":[{"@type":"Article","@id":"https:\/\/psoecanarias.com\/web\/baltar-debe-decir-ya-si-frenara-la-privatizacion-de-la-medicina-nuclear-para-pasar-la-gestion-al-doctor-negrin\/#article","isPartOf":{"@id":"https:\/\/psoecanarias.com\/web\/baltar-debe-decir-ya-si-frenara-la-privatizacion-de-la-medicina-nuclear-para-pasar-la-gestion-al-doctor-negrin\/"},"author":{"name":"PSOE Canarias","@id":"https:\/\/psoecanarias.com\/web\/#\/schema\/person\/1ae43f9659d2fc599ca69c11e1dbf26f"},"headline":"\u201cBaltar debe decir ya si frenar\u00e1 la privatizaci\u00f3n de la medicina nuclear para pasar la gesti\u00f3n al Doctor Negr\u00edn\u201d","datePublished":"2017-02-23T19:04:03+00:00","mainEntityOfPage":{"@id":"https:\/\/psoecanarias.com\/web\/baltar-debe-decir-ya-si-frenara-la-privatizacion-de-la-medicina-nuclear-para-pasar-la-gestion-al-doctor-negrin\/"},"wordCount":822,"commentCount":0,"image":{"@id":"https:\/\/psoecanarias.com\/web\/baltar-debe-decir-ya-si-frenara-la-privatizacion-de-la-medicina-nuclear-para-pasar-la-gestion-al-doctor-negrin\/#primaryimage"},"thumbnailUrl":"https:\/\/psoecanarias.com\/web\/wp-content\/uploads\/2017\/02\/jal-e1487876623976.jpg","keywords":["Baltar","Gran Canaria","Grupo Parlamentario Socialista Canario","Hospital Doctor Negr\u00edn","I\u00f1aki Lavandera","privatizaci\u00f3n","sanidad"],"articleSection":["Pol\u00edtica"],"inLanguage":"es","potentialAction":[{"@type":"CommentAction","name":"Comment","target":["https:\/\/psoecanarias.com\/web\/baltar-debe-decir-ya-si-frenara-la-privatizacion-de-la-medicina-nuclear-para-pasar-la-gestion-al-doctor-negrin\/#respond"]}]},{"@type":"WebPage","@id":"https:\/\/psoecanarias.com\/web\/baltar-debe-decir-ya-si-frenara-la-privatizacion-de-la-medicina-nuclear-para-pasar-la-gestion-al-doctor-negrin\/","url":"https:\/\/psoecanarias.com\/web\/baltar-debe-decir-ya-si-frenara-la-privatizacion-de-la-medicina-nuclear-para-pasar-la-gestion-al-doctor-negrin\/","name":"\u201cBaltar debe decir ya si frenar\u00e1 la privatizaci\u00f3n de la medicina nuclear para pasar la gesti\u00f3n al Doctor Negr\u00edn\u201d | PSOE Canarias","isPartOf":{"@id":"https:\/\/psoecanarias.com\/web\/#website"},"primaryImageOfPage":{"@id":"https:\/\/psoecanarias.com\/web\/baltar-debe-decir-ya-si-frenara-la-privatizacion-de-la-medicina-nuclear-para-pasar-la-gestion-al-doctor-negrin\/#primaryimage"},"image":{"@id":"https:\/\/psoecanarias.com\/web\/baltar-debe-decir-ya-si-frenara-la-privatizacion-de-la-medicina-nuclear-para-pasar-la-gestion-al-doctor-negrin\/#primaryimage"},"thumbnailUrl":"https:\/\/psoecanarias.com\/web\/wp-content\/uploads\/2017\/02\/jal-e1487876623976.jpg","datePublished":"2017-02-23T19:04:03+00:00","author":{"@id":"https:\/\/psoecanarias.com\/web\/#\/schema\/person\/1ae43f9659d2fc599ca69c11e1dbf26f"},"breadcrumb":{"@id":"https:\/\/psoecanarias.com\/web\/baltar-debe-decir-ya-si-frenara-la-privatizacion-de-la-medicina-nuclear-para-pasar-la-gestion-al-doctor-negrin\/#breadcrumb"},"inLanguage":"es","potentialAction":[{"@type":"ReadAction","target":["https:\/\/psoecanarias.com\/web\/baltar-debe-decir-ya-si-frenara-la-privatizacion-de-la-medicina-nuclear-para-pasar-la-gestion-al-doctor-negrin\/"]}]},{"@type":"ImageObject","inLanguage":"es","@id":"https:\/\/psoecanarias.com\/web\/baltar-debe-decir-ya-si-frenara-la-privatizacion-de-la-medicina-nuclear-para-pasar-la-gestion-al-doctor-negrin\/#primaryimage","url":"https:\/\/psoecanarias.com\/web\/wp-content\/uploads\/2017\/02\/jal-e1487876623976.jpg","contentUrl":"https:\/\/psoecanarias.com\/web\/wp-content\/uploads\/2017\/02\/jal-e1487876623976.jpg","width":900,"height":600},{"@type":"BreadcrumbList","@id":"https:\/\/psoecanarias.com\/web\/baltar-debe-decir-ya-si-frenara-la-privatizacion-de-la-medicina-nuclear-para-pasar-la-gestion-al-doctor-negrin\/#breadcrumb","itemListElement":[{"@type":"ListItem","position":1,"name":"Portada","item":"https:\/\/psoecanarias.com\/web\/"},{"@type":"ListItem","position":2,"name":"\u201cBaltar debe decir ya si frenar\u00e1 la privatizaci\u00f3n de la medicina nuclear para pasar la gesti\u00f3n al Doctor Negr\u00edn\u201d"}]},{"@type":"WebSite","@id":"https:\/\/psoecanarias.com\/web\/#website","url":"https:\/\/psoecanarias.com\/web\/","name":"PSOE Canarias","description":"Partido Socialista Obrero Espa\u00f1ol Canarias","potentialAction":[{"@type":"SearchAction","target":{"@type":"EntryPoint","urlTemplate":"https:\/\/psoecanarias.com\/web\/?s={search_term_string}"},"query-input":{"@type":"PropertyValueSpecification","valueRequired":true,"valueName":"search_term_string"}}],"inLanguage":"es"},{"@type":"Person","@id":"https:\/\/psoecanarias.com\/web\/#\/schema\/person\/1ae43f9659d2fc599ca69c11e1dbf26f","name":"PSOE Canarias","image":{"@type":"ImageObject","inLanguage":"es","@id":"https:\/\/secure.gravatar.com\/avatar\/4364d37f6f6f9cdb7af199b46151565f37d8a8c3c0e04c1d78c04e857a15e3a8?s=96&d=mm&r=g","url":"https:\/\/secure.gravatar.com\/avatar\/4364d37f6f6f9cdb7af199b46151565f37d8a8c3c0e04c1d78c04e857a15e3a8?s=96&d=mm&r=g","contentUrl":"https:\/\/secure.gravatar.com\/avatar\/4364d37f6f6f9cdb7af199b46151565f37d8a8c3c0e04c1d78c04e857a15e3a8?s=96&d=mm&r=g","caption":"PSOE Canarias"},"url":"https:\/\/psoecanarias.com\/web\/author\/admin\/"}]}},"_links":{"self":[{"href":"https:\/\/psoecanarias.com\/web\/wp-json\/wp\/v2\/posts\/2928","targetHints":{"allow":["GET"]}}],"collection":[{"href":"https:\/\/psoecanarias.com\/web\/wp-json\/wp\/v2\/posts"}],"about":[{"href":"https:\/\/psoecanarias.com\/web\/wp-json\/wp\/v2\/types\/post"}],"author":[{"embeddable":true,"href":"https:\/\/psoecanarias.com\/web\/wp-json\/wp\/v2\/users\/1"}],"replies":[{"embeddable":true,"href":"https:\/\/psoecanarias.com\/web\/wp-json\/wp\/v2\/comments?post=2928"}],"version-history":[{"count":1,"href":"https:\/\/psoecanarias.com\/web\/wp-json\/wp\/v2\/posts\/2928\/revisions"}],"predecessor-version":[{"id":2930,"href":"https:\/\/psoecanarias.com\/web\/wp-json\/wp\/v2\/posts\/2928\/revisions\/2930"}],"wp:featuredmedia":[{"embeddable":true,"href":"https:\/\/psoecanarias.com\/web\/wp-json\/wp\/v2\/media\/2929"}],"wp:attachment":[{"href":"https:\/\/psoecanarias.com\/web\/wp-json\/wp\/v2\/media?parent=2928"}],"wp:term":[{"taxonomy":"category","embeddable":true,"href":"https:\/\/psoecanarias.com\/web\/wp-json\/wp\/v2\/categories?post=2928"},{"taxonomy":"post_tag","embeddable":true,"href":"https:\/\/psoecanarias.com\/web\/wp-json\/wp\/v2\/tags?post=2928"}],"curies":[{"name":"wp","href":"https:\/\/api.w.org\/{rel}","templated":true}]}}