{"id":2934,"date":"2017-02-24T10:20:21","date_gmt":"2017-02-24T10:20:21","guid":{"rendered":"http:\/\/psoecanarias.com\/web\/?p=2934"},"modified":"2017-02-24T10:20:21","modified_gmt":"2017-02-24T10:20:21","slug":"dos-gobiernos-en-minoria-no-pueden-aprobar-un-ref-economico-para-la-mayoria","status":"publish","type":"post","link":"https:\/\/psoecanarias.com\/web\/dos-gobiernos-en-minoria-no-pueden-aprobar-un-ref-economico-para-la-mayoria\/","title":{"rendered":"\u201cDos Gobiernos en minor\u00eda no pueden aprobar un REF econ\u00f3mico para la mayor\u00eda\u201d"},"content":{"rendered":"<p style=\"text-align: justify;\">El portavoz adjunto del Grupo Parlamentario Socialista, Manuel Marcos P\u00e9rez Hern\u00e1ndez, afirm\u00f3 este mi\u00e9rcoles que dos Gobiernos en minor\u00eda, en referencia a los que presiden Fernando Clavijo y Mariano Rajoy, no pueden aprobar un REF econ\u00f3mico para la mayor\u00eda.<\/p>\n<p style=\"text-align: justify;\">\u201cEsperemos que, de una vez por todas, este asunto se lleve al Congreso de los Diputados y que, frente a los pretendan capitalizarlo pol\u00edticamente, se impongan las tesis de quienes queremos democratizarlo, sin retrasar ni entorpecer\u201d, dijo en el pleno de la C\u00e1mara, donde apel\u00f3 a la necesaria implicaci\u00f3n de todas las administraciones para poder avanzar en unas negociaciones complejas.<\/p>\n<p style=\"text-align: justify;\">Tras lamentar la \u201copacidad\u201d con que el Gobierno de Clavijo y D\u00e1vila lleva todo lo relacionado con la reforma, explic\u00f3 que si hoy el consejero ha informado sobre ello en la C\u00e1mara ha sido porque el PSOE ha vuelto a empujar al Ejecutivo a dar explicaciones en una materia de la m\u00e1xima importancia. \u201cVolvemos a plantear que, aunque se haya avanzado mucho sobre un buen texto, este no ser\u00e1 todo lo ambicioso que le hubiera gustado al PSOE, porque el punto del que debi\u00f3 haber partido esta reforma era el de una evaluaci\u00f3n rigurosa y en profundidad\u201d.<\/p>\n<p style=\"text-align: justify;\">Sin embargo, indic\u00f3, se opt\u00f3 por una identificaci\u00f3n de las necesidades actuales para intentar concretarlas en compensaciones espec\u00edficas. Tambi\u00e9n record\u00f3 que esta negociaci\u00f3n se est\u00e1 produciendo de manera paralela a la tramitaci\u00f3n del nuevo Estatuto de Autonom\u00eda en las Cortes Generales, lo que para el PSOE supone una importante oportunidad.<\/p>\n<p style=\"text-align: justify;\">P\u00e9rez Hern\u00e1ndez hizo un repaso a las muchas cuestiones que se han tratado en las negociaciones e insisti\u00f3 en exigir al Gobierno canario \u201cun poco de transparencia, que diga en qu\u00e9 tejado est\u00e1 la pelota que impide que la actualizaci\u00f3n de los aspectos econ\u00f3micos del REF sean ya aprobados en un Consejo de Ministros y elevados al Congreso de los Diputados\u201d.<\/p>\n<p style=\"text-align: justify;\">Hizo hincapi\u00e9 en que esta parte del REF \u201cafecta en el d\u00eda a d\u00eda de todos los canarios y canarias, acercan a toda la ciudadan\u00eda del archipi\u00e9lago, vivan en la isla que vivan, a los mismos derechos que al resto de los espa\u00f1oles\u201d, por lo que adelant\u00f3 que el PSOE votar\u00e1 a favor de la convalidaci\u00f3n del Real Decreto Ley que apruebe el Consejo de Ministros siempre que se mantenga en los t\u00e9rminos ya conocidos. Adem\u00e1s, a\u00f1adi\u00f3, una vez convalidado, el Grupo Socialista en las Cortes har\u00e1 uso de la potestad que le confiere el art\u00edculo 151.4 del Reglamento del Congreso y pedir\u00e1 su tramitaci\u00f3n posterior como un proyecto de ley por el procedimiento de urgencia.<\/p>\n<p style=\"text-align: justify;\">Explic\u00f3 que en este proceso, el PSOE intentar\u00e1 introducir algunas cuestiones para que la actualizaci\u00f3n sea m\u00e1s ambiciosa. \u201cPrecisamos un enfoque m\u00e1s osado, que incorpore medidas que refuercen la innovaci\u00f3n empresarial, la extensi\u00f3n del conocimiento entre la poblaci\u00f3n, el refuerzo del capital humano, la mejora de la interconexi\u00f3n entre los negocios y las personas, para lo que es importante contar con un marco de negociaci\u00f3n m\u00e1s amplio, en el que participen m\u00e1s agentes sociales, econ\u00f3micos y pol\u00edticos\u201d, expuso.<\/p>\n<p style=\"text-align: justify;\">El diputado tambi\u00e9n advirti\u00f3 de que el Gobierno de Canarias \u201cno puede volver a quedarse de brazos cruzados esperando que los frutos en la econom\u00eda canaria provengan de las modificaciones de la norma, una vez que est\u00e9 aprobada, sino que ha de aprovechar las sinergias que se generen para impulsarlas\u201d.<\/p>\n","protected":false},"excerpt":{"rendered":"<p>Manuel Marcos P\u00e9rez espera que se impongan las tesis de quienes, como el PSOE, quieren democratizarlo, frente a los que pretenden capitalizarlo pol\u00edticamente<\/p>\n","protected":false},"author":1,"featured_media":2935,"comment_status":"open","ping_status":"open","sticky":false,"template":"","format":"standard","meta":{"footnotes":""},"categories":[7],"tags":[293,166,40],"class_list":["post-2934","post","type-post","status-publish","format-standard","has-post-thumbnail","hentry","category-politica","tag-grupo-parlamentario-socialista-canario","tag-manuel-marcos-perez","tag-ref"],"featured_image_src":"https:\/\/psoecanarias.com\/web\/wp-content\/uploads\/2017\/02\/DSF5867-e1487931587888.jpg","author_info":{"display_name":"PSOE Canarias","author_link":"https:\/\/psoecanarias.com\/web\/author\/admin\/"},"yoast_head":"<!-- This site is optimized with the Yoast SEO plugin v27.2 - https:\/\/yoast.com\/product\/yoast-seo-wordpress\/ -->\n<title>\u201cDos Gobiernos en minor\u00eda no pueden aprobar un REF econ\u00f3mico para la mayor\u00eda\u201d | PSOE Canarias<\/title>\n<meta name=\"robots\" content=\"index, follow, max-snippet:-1, max-image-preview:large, max-video-preview:-1\" \/>\n<link rel=\"canonical\" href=\"https:\/\/psoecanarias.com\/web\/dos-gobiernos-en-minoria-no-pueden-aprobar-un-ref-economico-para-la-mayoria\/\" \/>\n<meta property=\"og:locale\" content=\"es_ES\" \/>\n<meta property=\"og:type\" content=\"article\" \/>\n<meta property=\"og:title\" content=\"\u201cDos Gobiernos en minor\u00eda no pueden aprobar un REF econ\u00f3mico para la mayor\u00eda\u201d | PSOE Canarias\" \/>\n<meta property=\"og:description\" content=\"Manuel Marcos P\u00e9rez espera que se impongan las tesis de quienes, como el PSOE, quieren democratizarlo, frente a los que pretenden capitalizarlo pol\u00edticamente\" \/>\n<meta property=\"og:url\" content=\"https:\/\/psoecanarias.com\/web\/dos-gobiernos-en-minoria-no-pueden-aprobar-un-ref-economico-para-la-mayoria\/\" \/>\n<meta property=\"og:site_name\" content=\"PSOE Canarias\" \/>\n<meta property=\"article:published_time\" content=\"2017-02-24T10:20:21+00:00\" \/>\n<meta property=\"og:image\" content=\"https:\/\/psoecanarias.com\/web\/wp-content\/uploads\/2017\/02\/DSF5867-e1487931587888.jpg\" \/>\n\t<meta property=\"og:image:width\" content=\"900\" \/>\n\t<meta property=\"og:image:height\" content=\"600\" \/>\n\t<meta property=\"og:image:type\" content=\"image\/jpeg\" \/>\n<meta name=\"author\" content=\"PSOE Canarias\" \/>\n<meta name=\"twitter:card\" content=\"summary_large_image\" \/>\n<script type=\"application\/ld+json\" class=\"yoast-schema-graph\">{\"@context\":\"https:\/\/schema.org\",\"@graph\":[{\"@type\":\"Article\",\"@id\":\"https:\/\/psoecanarias.com\/web\/dos-gobiernos-en-minoria-no-pueden-aprobar-un-ref-economico-para-la-mayoria\/#article\",\"isPartOf\":{\"@id\":\"https:\/\/psoecanarias.com\/web\/dos-gobiernos-en-minoria-no-pueden-aprobar-un-ref-economico-para-la-mayoria\/\"},\"author\":{\"name\":\"PSOE Canarias\",\"@id\":\"https:\/\/psoecanarias.com\/web\/#\/schema\/person\/1ae43f9659d2fc599ca69c11e1dbf26f\"},\"headline\":\"\u201cDos Gobiernos en minor\u00eda no pueden aprobar un REF econ\u00f3mico para la mayor\u00eda\u201d\",\"datePublished\":\"2017-02-24T10:20:21+00:00\",\"mainEntityOfPage\":{\"@id\":\"https:\/\/psoecanarias.com\/web\/dos-gobiernos-en-minoria-no-pueden-aprobar-un-ref-economico-para-la-mayoria\/\"},\"wordCount\":614,\"commentCount\":0,\"image\":{\"@id\":\"https:\/\/psoecanarias.com\/web\/dos-gobiernos-en-minoria-no-pueden-aprobar-un-ref-economico-para-la-mayoria\/#primaryimage\"},\"thumbnailUrl\":\"https:\/\/psoecanarias.com\/web\/wp-content\/uploads\/2017\/02\/DSF5867-e1487931587888.jpg\",\"keywords\":[\"Grupo Parlamentario Socialista Canario\",\"Manuel Marcos P\u00e9rez\",\"REF\"],\"articleSection\":[\"Pol\u00edtica\"],\"inLanguage\":\"es\",\"potentialAction\":[{\"@type\":\"CommentAction\",\"name\":\"Comment\",\"target\":[\"https:\/\/psoecanarias.com\/web\/dos-gobiernos-en-minoria-no-pueden-aprobar-un-ref-economico-para-la-mayoria\/#respond\"]}]},{\"@type\":\"WebPage\",\"@id\":\"https:\/\/psoecanarias.com\/web\/dos-gobiernos-en-minoria-no-pueden-aprobar-un-ref-economico-para-la-mayoria\/\",\"url\":\"https:\/\/psoecanarias.com\/web\/dos-gobiernos-en-minoria-no-pueden-aprobar-un-ref-economico-para-la-mayoria\/\",\"name\":\"\u201cDos Gobiernos en minor\u00eda no pueden aprobar un REF econ\u00f3mico para la mayor\u00eda\u201d | PSOE Canarias\",\"isPartOf\":{\"@id\":\"https:\/\/psoecanarias.com\/web\/#website\"},\"primaryImageOfPage\":{\"@id\":\"https:\/\/psoecanarias.com\/web\/dos-gobiernos-en-minoria-no-pueden-aprobar-un-ref-economico-para-la-mayoria\/#primaryimage\"},\"image\":{\"@id\":\"https:\/\/psoecanarias.com\/web\/dos-gobiernos-en-minoria-no-pueden-aprobar-un-ref-economico-para-la-mayoria\/#primaryimage\"},\"thumbnailUrl\":\"https:\/\/psoecanarias.com\/web\/wp-content\/uploads\/2017\/02\/DSF5867-e1487931587888.jpg\",\"datePublished\":\"2017-02-24T10:20:21+00:00\",\"author\":{\"@id\":\"https:\/\/psoecanarias.com\/web\/#\/schema\/person\/1ae43f9659d2fc599ca69c11e1dbf26f\"},\"breadcrumb\":{\"@id\":\"https:\/\/psoecanarias.com\/web\/dos-gobiernos-en-minoria-no-pueden-aprobar-un-ref-economico-para-la-mayoria\/#breadcrumb\"},\"inLanguage\":\"es\",\"potentialAction\":[{\"@type\":\"ReadAction\",\"target\":[\"https:\/\/psoecanarias.com\/web\/dos-gobiernos-en-minoria-no-pueden-aprobar-un-ref-economico-para-la-mayoria\/\"]}]},{\"@type\":\"ImageObject\",\"inLanguage\":\"es\",\"@id\":\"https:\/\/psoecanarias.com\/web\/dos-gobiernos-en-minoria-no-pueden-aprobar-un-ref-economico-para-la-mayoria\/#primaryimage\",\"url\":\"https:\/\/psoecanarias.com\/web\/wp-content\/uploads\/2017\/02\/DSF5867-e1487931587888.jpg\",\"contentUrl\":\"https:\/\/psoecanarias.com\/web\/wp-content\/uploads\/2017\/02\/DSF5867-e1487931587888.jpg\",\"width\":900,\"height\":600},{\"@type\":\"BreadcrumbList\",\"@id\":\"https:\/\/psoecanarias.com\/web\/dos-gobiernos-en-minoria-no-pueden-aprobar-un-ref-economico-para-la-mayoria\/#breadcrumb\",\"itemListElement\":[{\"@type\":\"ListItem\",\"position\":1,\"name\":\"Portada\",\"item\":\"https:\/\/psoecanarias.com\/web\/\"},{\"@type\":\"ListItem\",\"position\":2,\"name\":\"\u201cDos Gobiernos en minor\u00eda no pueden aprobar un REF econ\u00f3mico para la mayor\u00eda\u201d\"}]},{\"@type\":\"WebSite\",\"@id\":\"https:\/\/psoecanarias.com\/web\/#website\",\"url\":\"https:\/\/psoecanarias.com\/web\/\",\"name\":\"PSOE Canarias\",\"description\":\"Partido Socialista Obrero Espa\u00f1ol Canarias\",\"potentialAction\":[{\"@type\":\"SearchAction\",\"target\":{\"@type\":\"EntryPoint\",\"urlTemplate\":\"https:\/\/psoecanarias.com\/web\/?s={search_term_string}\"},\"query-input\":{\"@type\":\"PropertyValueSpecification\",\"valueRequired\":true,\"valueName\":\"search_term_string\"}}],\"inLanguage\":\"es\"},{\"@type\":\"Person\",\"@id\":\"https:\/\/psoecanarias.com\/web\/#\/schema\/person\/1ae43f9659d2fc599ca69c11e1dbf26f\",\"name\":\"PSOE Canarias\",\"image\":{\"@type\":\"ImageObject\",\"inLanguage\":\"es\",\"@id\":\"https:\/\/secure.gravatar.com\/avatar\/4364d37f6f6f9cdb7af199b46151565f37d8a8c3c0e04c1d78c04e857a15e3a8?s=96&d=mm&r=g\",\"url\":\"https:\/\/secure.gravatar.com\/avatar\/4364d37f6f6f9cdb7af199b46151565f37d8a8c3c0e04c1d78c04e857a15e3a8?s=96&d=mm&r=g\",\"contentUrl\":\"https:\/\/secure.gravatar.com\/avatar\/4364d37f6f6f9cdb7af199b46151565f37d8a8c3c0e04c1d78c04e857a15e3a8?s=96&d=mm&r=g\",\"caption\":\"PSOE Canarias\"},\"url\":\"https:\/\/psoecanarias.com\/web\/author\/admin\/\"}]}<\/script>\n<!-- \/ Yoast SEO plugin. -->","yoast_head_json":{"title":"\u201cDos Gobiernos en minor\u00eda no pueden aprobar un REF econ\u00f3mico para la mayor\u00eda\u201d | PSOE Canarias","robots":{"index":"index","follow":"follow","max-snippet":"max-snippet:-1","max-image-preview":"max-image-preview:large","max-video-preview":"max-video-preview:-1"},"canonical":"https:\/\/psoecanarias.com\/web\/dos-gobiernos-en-minoria-no-pueden-aprobar-un-ref-economico-para-la-mayoria\/","og_locale":"es_ES","og_type":"article","og_title":"\u201cDos Gobiernos en minor\u00eda no pueden aprobar un REF econ\u00f3mico para la mayor\u00eda\u201d | PSOE Canarias","og_description":"Manuel Marcos P\u00e9rez espera que se impongan las tesis de quienes, como el PSOE, quieren democratizarlo, frente a los que pretenden capitalizarlo pol\u00edticamente","og_url":"https:\/\/psoecanarias.com\/web\/dos-gobiernos-en-minoria-no-pueden-aprobar-un-ref-economico-para-la-mayoria\/","og_site_name":"PSOE Canarias","article_published_time":"2017-02-24T10:20:21+00:00","og_image":[{"width":900,"height":600,"url":"https:\/\/psoecanarias.com\/web\/wp-content\/uploads\/2017\/02\/DSF5867-e1487931587888.jpg","type":"image\/jpeg"}],"author":"PSOE Canarias","twitter_card":"summary_large_image","schema":{"@context":"https:\/\/schema.org","@graph":[{"@type":"Article","@id":"https:\/\/psoecanarias.com\/web\/dos-gobiernos-en-minoria-no-pueden-aprobar-un-ref-economico-para-la-mayoria\/#article","isPartOf":{"@id":"https:\/\/psoecanarias.com\/web\/dos-gobiernos-en-minoria-no-pueden-aprobar-un-ref-economico-para-la-mayoria\/"},"author":{"name":"PSOE Canarias","@id":"https:\/\/psoecanarias.com\/web\/#\/schema\/person\/1ae43f9659d2fc599ca69c11e1dbf26f"},"headline":"\u201cDos Gobiernos en minor\u00eda no pueden aprobar un REF econ\u00f3mico para la mayor\u00eda\u201d","datePublished":"2017-02-24T10:20:21+00:00","mainEntityOfPage":{"@id":"https:\/\/psoecanarias.com\/web\/dos-gobiernos-en-minoria-no-pueden-aprobar-un-ref-economico-para-la-mayoria\/"},"wordCount":614,"commentCount":0,"image":{"@id":"https:\/\/psoecanarias.com\/web\/dos-gobiernos-en-minoria-no-pueden-aprobar-un-ref-economico-para-la-mayoria\/#primaryimage"},"thumbnailUrl":"https:\/\/psoecanarias.com\/web\/wp-content\/uploads\/2017\/02\/DSF5867-e1487931587888.jpg","keywords":["Grupo Parlamentario Socialista Canario","Manuel Marcos P\u00e9rez","REF"],"articleSection":["Pol\u00edtica"],"inLanguage":"es","potentialAction":[{"@type":"CommentAction","name":"Comment","target":["https:\/\/psoecanarias.com\/web\/dos-gobiernos-en-minoria-no-pueden-aprobar-un-ref-economico-para-la-mayoria\/#respond"]}]},{"@type":"WebPage","@id":"https:\/\/psoecanarias.com\/web\/dos-gobiernos-en-minoria-no-pueden-aprobar-un-ref-economico-para-la-mayoria\/","url":"https:\/\/psoecanarias.com\/web\/dos-gobiernos-en-minoria-no-pueden-aprobar-un-ref-economico-para-la-mayoria\/","name":"\u201cDos Gobiernos en minor\u00eda no pueden aprobar un REF econ\u00f3mico para la mayor\u00eda\u201d | PSOE Canarias","isPartOf":{"@id":"https:\/\/psoecanarias.com\/web\/#website"},"primaryImageOfPage":{"@id":"https:\/\/psoecanarias.com\/web\/dos-gobiernos-en-minoria-no-pueden-aprobar-un-ref-economico-para-la-mayoria\/#primaryimage"},"image":{"@id":"https:\/\/psoecanarias.com\/web\/dos-gobiernos-en-minoria-no-pueden-aprobar-un-ref-economico-para-la-mayoria\/#primaryimage"},"thumbnailUrl":"https:\/\/psoecanarias.com\/web\/wp-content\/uploads\/2017\/02\/DSF5867-e1487931587888.jpg","datePublished":"2017-02-24T10:20:21+00:00","author":{"@id":"https:\/\/psoecanarias.com\/web\/#\/schema\/person\/1ae43f9659d2fc599ca69c11e1dbf26f"},"breadcrumb":{"@id":"https:\/\/psoecanarias.com\/web\/dos-gobiernos-en-minoria-no-pueden-aprobar-un-ref-economico-para-la-mayoria\/#breadcrumb"},"inLanguage":"es","potentialAction":[{"@type":"ReadAction","target":["https:\/\/psoecanarias.com\/web\/dos-gobiernos-en-minoria-no-pueden-aprobar-un-ref-economico-para-la-mayoria\/"]}]},{"@type":"ImageObject","inLanguage":"es","@id":"https:\/\/psoecanarias.com\/web\/dos-gobiernos-en-minoria-no-pueden-aprobar-un-ref-economico-para-la-mayoria\/#primaryimage","url":"https:\/\/psoecanarias.com\/web\/wp-content\/uploads\/2017\/02\/DSF5867-e1487931587888.jpg","contentUrl":"https:\/\/psoecanarias.com\/web\/wp-content\/uploads\/2017\/02\/DSF5867-e1487931587888.jpg","width":900,"height":600},{"@type":"BreadcrumbList","@id":"https:\/\/psoecanarias.com\/web\/dos-gobiernos-en-minoria-no-pueden-aprobar-un-ref-economico-para-la-mayoria\/#breadcrumb","itemListElement":[{"@type":"ListItem","position":1,"name":"Portada","item":"https:\/\/psoecanarias.com\/web\/"},{"@type":"ListItem","position":2,"name":"\u201cDos Gobiernos en minor\u00eda no pueden aprobar un REF econ\u00f3mico para la mayor\u00eda\u201d"}]},{"@type":"WebSite","@id":"https:\/\/psoecanarias.com\/web\/#website","url":"https:\/\/psoecanarias.com\/web\/","name":"PSOE Canarias","description":"Partido Socialista Obrero Espa\u00f1ol Canarias","potentialAction":[{"@type":"SearchAction","target":{"@type":"EntryPoint","urlTemplate":"https:\/\/psoecanarias.com\/web\/?s={search_term_string}"},"query-input":{"@type":"PropertyValueSpecification","valueRequired":true,"valueName":"search_term_string"}}],"inLanguage":"es"},{"@type":"Person","@id":"https:\/\/psoecanarias.com\/web\/#\/schema\/person\/1ae43f9659d2fc599ca69c11e1dbf26f","name":"PSOE Canarias","image":{"@type":"ImageObject","inLanguage":"es","@id":"https:\/\/secure.gravatar.com\/avatar\/4364d37f6f6f9cdb7af199b46151565f37d8a8c3c0e04c1d78c04e857a15e3a8?s=96&d=mm&r=g","url":"https:\/\/secure.gravatar.com\/avatar\/4364d37f6f6f9cdb7af199b46151565f37d8a8c3c0e04c1d78c04e857a15e3a8?s=96&d=mm&r=g","contentUrl":"https:\/\/secure.gravatar.com\/avatar\/4364d37f6f6f9cdb7af199b46151565f37d8a8c3c0e04c1d78c04e857a15e3a8?s=96&d=mm&r=g","caption":"PSOE Canarias"},"url":"https:\/\/psoecanarias.com\/web\/author\/admin\/"}]}},"_links":{"self":[{"href":"https:\/\/psoecanarias.com\/web\/wp-json\/wp\/v2\/posts\/2934","targetHints":{"allow":["GET"]}}],"collection":[{"href":"https:\/\/psoecanarias.com\/web\/wp-json\/wp\/v2\/posts"}],"about":[{"href":"https:\/\/psoecanarias.com\/web\/wp-json\/wp\/v2\/types\/post"}],"author":[{"embeddable":true,"href":"https:\/\/psoecanarias.com\/web\/wp-json\/wp\/v2\/users\/1"}],"replies":[{"embeddable":true,"href":"https:\/\/psoecanarias.com\/web\/wp-json\/wp\/v2\/comments?post=2934"}],"version-history":[{"count":1,"href":"https:\/\/psoecanarias.com\/web\/wp-json\/wp\/v2\/posts\/2934\/revisions"}],"predecessor-version":[{"id":2936,"href":"https:\/\/psoecanarias.com\/web\/wp-json\/wp\/v2\/posts\/2934\/revisions\/2936"}],"wp:featuredmedia":[{"embeddable":true,"href":"https:\/\/psoecanarias.com\/web\/wp-json\/wp\/v2\/media\/2935"}],"wp:attachment":[{"href":"https:\/\/psoecanarias.com\/web\/wp-json\/wp\/v2\/media?parent=2934"}],"wp:term":[{"taxonomy":"category","embeddable":true,"href":"https:\/\/psoecanarias.com\/web\/wp-json\/wp\/v2\/categories?post=2934"},{"taxonomy":"post_tag","embeddable":true,"href":"https:\/\/psoecanarias.com\/web\/wp-json\/wp\/v2\/tags?post=2934"}],"curies":[{"name":"wp","href":"https:\/\/api.w.org\/{rel}","templated":true}]}}