{"id":2974,"date":"2017-03-06T10:43:13","date_gmt":"2017-03-06T10:43:13","guid":{"rendered":"http:\/\/psoecanarias.com\/web\/?p=2974"},"modified":"2017-03-06T10:43:13","modified_gmt":"2017-03-06T10:43:13","slug":"el-psoe-lleva-a-este-pleno-su-peticion-de-elevar-al-75-la-subvencion-de-billetes-de-avion-de-canarios-de-islas-no-capitalinas","status":"publish","type":"post","link":"https:\/\/psoecanarias.com\/web\/el-psoe-lleva-a-este-pleno-su-peticion-de-elevar-al-75-la-subvencion-de-billetes-de-avion-de-canarios-de-islas-no-capitalinas\/","title":{"rendered":"El PSOE lleva a este pleno su petici\u00f3n de elevar al 75% la subvenci\u00f3n de billetes de avi\u00f3n de canarios de islas no capitalinas"},"content":{"rendered":"<p style=\"text-align: justify;\">El pleno del Parlamento de Canarias debatir\u00e1 la pr\u00f3xima semana la proposici\u00f3n no de ley del PSOE por la que insta al Gobierno regional a complementar con fondos propios la subvenci\u00f3n del transporte a\u00e9reo interinsular de pasajeros residentes de islas no capitalinas que en la actualidad sufraga el Gobierno de Espa\u00f1a, de manera que, en su conjunto, se abone con fondos p\u00fablicos\u00a0a estos pasajeros el 75 por ciento del precio del billete. El portavoz, I\u00f1aki Lavandera, explica que el Ejecutivo regional mantendr\u00eda con fondos propios este 25 por ciento a\u00f1adido de subvenci\u00f3n hasta que el Estado haga efectiva su financiaci\u00f3n.<\/p>\n<p style=\"text-align: justify;\">Con la propuesta tambi\u00e9n se pide al Gobierno canario que aumente la subvenci\u00f3n al transporte de pasajeros de la l\u00ednea interior de La Gomera de forma que se aporte el 50 por ciento del precio del billete a los residentes canarios. El portavoz recuerda que existe unanimidad pol\u00edtica en Canarias en considerar que el principio de continuidad territorial resulta fundamental para garantizar la cohesi\u00f3n social de las islas y la igualdad de oportunidades entre la ciudadan\u00eda de todo el archipi\u00e9lago, vivan donde vivan.<\/p>\n<p style=\"text-align: justify;\">Explica que la principal pol\u00edtica que puede desarrollarse para la adecuada consecuci\u00f3n de este principio, aunque no la \u00fanica, consiste en garantizar el acceso el transporte interinsular de pasajeros y, fundamentalmente, el de los residentes en las islas no capitalinas para su desplazamiento a Tenerife y Gran Canaria como centros de referencia para abordar el tr\u00e1nsito a otros destinos o para acceder a bienes y servicios que no est\u00e1n disponibles en el resto de las islas.<\/p>\n<p style=\"text-align: justify;\">Lavandera indica que, hasta ahora, la principal pol\u00edtica que se desarrolla desde el \u00e1mbito auton\u00f3mico en este sentido consiste en la subvenci\u00f3n al transporte mar\u00edtimo desde El Hierro y La Gomera, pero esa cobertura, siendo importante, no contempla el conjunto de necesidades que la ciudadan\u00eda de las islas no capitalinas precisa. \u201cSin embargo, no se ha abordado la posibilidad de subvencionar con fondos auton\u00f3micos el transporte interinsular a\u00e9reo para los residentes de La Gomera, El Hierro, La Palma, Lanzarote y Fuerteventura\u201d, se\u00f1ala.<\/p>\n<p style=\"text-align: justify;\">El parlamentario del PSOE considera igualmente insuficientes las ayudas a la l\u00ednea interior de La Gomera que, pendiente de su puesta en funcionamiento en el medio plazo, debe disponer de una mejor subvenci\u00f3n de la actualmente prevista para los residentes canarios en general. Por \u00faltimo, precisa que el Gobierno de Espa\u00f1a subvenciona con fondos estatales el 50 por ciento del coste del billete en el conjunto del transporte a\u00e9reo interinsular, y en la negociaci\u00f3n de los aspectos econ\u00f3micos del REF, est\u00e1 sobre la mesa la actualizaci\u00f3n de este r\u00e9gimen para incrementar la bonificaci\u00f3n, principalmente para los y las residentes de las islas no capitalinas. \u201cNo obstante, esta actualizaci\u00f3n todav\u00eda no se ha producido y no tiene visos de estar aprobada y dotada econ\u00f3micamente en fechas cercanas\u201d, advierte.<\/p>\n<p style=\"text-align: justify;\">El PSOE tambi\u00e9n pondr\u00e1 sobre la mesa, en la sesi\u00f3n plenaria del 7 y 8 de marzo, la mejora de la cuota del at\u00fan rojo y la venta de disfraces infantiles sexistas durante el carnaval. Asimismo, pedir\u00e1 al Gobierno su opini\u00f3n sobre la independencia, objetividad y veracidad que deben tener por ley los medios de comunicaci\u00f3n p\u00fablicos y le preguntar\u00e1 por los motivos para recurrir en casaci\u00f3n la sentencia del Tribunal de Justicia de Canarias que anula el Plan Especial de la Geria, entre otros asuntos.<\/p>\n","protected":false},"excerpt":{"rendered":"<p>El Grupo Socialista tambi\u00e9n pondr\u00e1 sobre la mesa la mejora de la cuota del at\u00fan rojo y la venta de disfraces infantiles sexistas durante el carnaval. Asimismo, pedir\u00e1 al Gobierno su opini\u00f3n sobre la independencia, objetividad y veracidad que deben tener por ley los medios de comunicaci\u00f3n p\u00fablicos y le preguntar\u00e1 por los motivos para recurrir en casaci\u00f3n la sentencia que anula el Plan Especial de la Geria, entre otros asuntos<\/p>\n","protected":false},"author":1,"featured_media":2430,"comment_status":"open","ping_status":"open","sticky":false,"template":"","format":"standard","meta":{"footnotes":""},"categories":[7],"tags":[293,32,897],"class_list":["post-2974","post","type-post","status-publish","format-standard","has-post-thumbnail","hentry","category-politica","tag-grupo-parlamentario-socialista-canario","tag-inaki-lavandera","tag-trasporte-aereo"],"featured_image_src":"https:\/\/psoecanarias.com\/web\/wp-content\/uploads\/2016\/10\/DSC9244-e1483972336833.jpg","author_info":{"display_name":"PSOE Canarias","author_link":"https:\/\/psoecanarias.com\/web\/author\/admin\/"},"yoast_head":"<!-- This site is optimized with the Yoast SEO plugin v27.2 - https:\/\/yoast.com\/product\/yoast-seo-wordpress\/ -->\n<title>El PSOE lleva a este pleno su petici\u00f3n de elevar al 75% la subvenci\u00f3n de billetes de avi\u00f3n de canarios de islas no capitalinas | PSOE Canarias<\/title>\n<meta name=\"robots\" content=\"index, follow, max-snippet:-1, max-image-preview:large, max-video-preview:-1\" \/>\n<link rel=\"canonical\" href=\"https:\/\/psoecanarias.com\/web\/el-psoe-lleva-a-este-pleno-su-peticion-de-elevar-al-75-la-subvencion-de-billetes-de-avion-de-canarios-de-islas-no-capitalinas\/\" \/>\n<meta property=\"og:locale\" content=\"es_ES\" \/>\n<meta property=\"og:type\" content=\"article\" \/>\n<meta property=\"og:title\" content=\"El PSOE lleva a este pleno su petici\u00f3n de elevar al 75% la subvenci\u00f3n de billetes de avi\u00f3n de canarios de islas no capitalinas | PSOE Canarias\" \/>\n<meta property=\"og:description\" content=\"El Grupo Socialista tambi\u00e9n pondr\u00e1 sobre la mesa la mejora de la cuota del at\u00fan rojo y la venta de disfraces infantiles sexistas durante el carnaval. Asimismo, pedir\u00e1 al Gobierno su opini\u00f3n sobre la independencia, objetividad y veracidad que deben tener por ley los medios de comunicaci\u00f3n p\u00fablicos y le preguntar\u00e1 por los motivos para recurrir en casaci\u00f3n la sentencia que anula el Plan Especial de la Geria, entre otros asuntos\" \/>\n<meta property=\"og:url\" content=\"https:\/\/psoecanarias.com\/web\/el-psoe-lleva-a-este-pleno-su-peticion-de-elevar-al-75-la-subvencion-de-billetes-de-avion-de-canarios-de-islas-no-capitalinas\/\" \/>\n<meta property=\"og:site_name\" content=\"PSOE Canarias\" \/>\n<meta property=\"article:published_time\" content=\"2017-03-06T10:43:13+00:00\" \/>\n<meta property=\"og:image\" content=\"https:\/\/psoecanarias.com\/web\/wp-content\/uploads\/2016\/10\/DSC9244-e1483972336833.jpg\" \/>\n\t<meta property=\"og:image:width\" content=\"771\" \/>\n\t<meta property=\"og:image:height\" content=\"576\" \/>\n\t<meta property=\"og:image:type\" content=\"image\/jpeg\" \/>\n<meta name=\"author\" content=\"PSOE Canarias\" \/>\n<meta name=\"twitter:card\" content=\"summary_large_image\" \/>\n<script type=\"application\/ld+json\" class=\"yoast-schema-graph\">{\"@context\":\"https:\/\/schema.org\",\"@graph\":[{\"@type\":\"Article\",\"@id\":\"https:\/\/psoecanarias.com\/web\/el-psoe-lleva-a-este-pleno-su-peticion-de-elevar-al-75-la-subvencion-de-billetes-de-avion-de-canarios-de-islas-no-capitalinas\/#article\",\"isPartOf\":{\"@id\":\"https:\/\/psoecanarias.com\/web\/el-psoe-lleva-a-este-pleno-su-peticion-de-elevar-al-75-la-subvencion-de-billetes-de-avion-de-canarios-de-islas-no-capitalinas\/\"},\"author\":{\"name\":\"PSOE Canarias\",\"@id\":\"https:\/\/psoecanarias.com\/web\/#\/schema\/person\/1ae43f9659d2fc599ca69c11e1dbf26f\"},\"headline\":\"El PSOE lleva a este pleno su petici\u00f3n de elevar al 75% la subvenci\u00f3n de billetes de avi\u00f3n de canarios de islas no capitalinas\",\"datePublished\":\"2017-03-06T10:43:13+00:00\",\"mainEntityOfPage\":{\"@id\":\"https:\/\/psoecanarias.com\/web\/el-psoe-lleva-a-este-pleno-su-peticion-de-elevar-al-75-la-subvencion-de-billetes-de-avion-de-canarios-de-islas-no-capitalinas\/\"},\"wordCount\":624,\"commentCount\":0,\"image\":{\"@id\":\"https:\/\/psoecanarias.com\/web\/el-psoe-lleva-a-este-pleno-su-peticion-de-elevar-al-75-la-subvencion-de-billetes-de-avion-de-canarios-de-islas-no-capitalinas\/#primaryimage\"},\"thumbnailUrl\":\"https:\/\/psoecanarias.com\/web\/wp-content\/uploads\/2016\/10\/DSC9244-e1483972336833.jpg\",\"keywords\":[\"Grupo Parlamentario Socialista Canario\",\"I\u00f1aki Lavandera\",\"Trasporte a\u00e9reo\"],\"articleSection\":[\"Pol\u00edtica\"],\"inLanguage\":\"es\",\"potentialAction\":[{\"@type\":\"CommentAction\",\"name\":\"Comment\",\"target\":[\"https:\/\/psoecanarias.com\/web\/el-psoe-lleva-a-este-pleno-su-peticion-de-elevar-al-75-la-subvencion-de-billetes-de-avion-de-canarios-de-islas-no-capitalinas\/#respond\"]}]},{\"@type\":\"WebPage\",\"@id\":\"https:\/\/psoecanarias.com\/web\/el-psoe-lleva-a-este-pleno-su-peticion-de-elevar-al-75-la-subvencion-de-billetes-de-avion-de-canarios-de-islas-no-capitalinas\/\",\"url\":\"https:\/\/psoecanarias.com\/web\/el-psoe-lleva-a-este-pleno-su-peticion-de-elevar-al-75-la-subvencion-de-billetes-de-avion-de-canarios-de-islas-no-capitalinas\/\",\"name\":\"El PSOE lleva a este pleno su petici\u00f3n de elevar al 75% la subvenci\u00f3n de billetes de avi\u00f3n de canarios de islas no capitalinas | PSOE Canarias\",\"isPartOf\":{\"@id\":\"https:\/\/psoecanarias.com\/web\/#website\"},\"primaryImageOfPage\":{\"@id\":\"https:\/\/psoecanarias.com\/web\/el-psoe-lleva-a-este-pleno-su-peticion-de-elevar-al-75-la-subvencion-de-billetes-de-avion-de-canarios-de-islas-no-capitalinas\/#primaryimage\"},\"image\":{\"@id\":\"https:\/\/psoecanarias.com\/web\/el-psoe-lleva-a-este-pleno-su-peticion-de-elevar-al-75-la-subvencion-de-billetes-de-avion-de-canarios-de-islas-no-capitalinas\/#primaryimage\"},\"thumbnailUrl\":\"https:\/\/psoecanarias.com\/web\/wp-content\/uploads\/2016\/10\/DSC9244-e1483972336833.jpg\",\"datePublished\":\"2017-03-06T10:43:13+00:00\",\"author\":{\"@id\":\"https:\/\/psoecanarias.com\/web\/#\/schema\/person\/1ae43f9659d2fc599ca69c11e1dbf26f\"},\"breadcrumb\":{\"@id\":\"https:\/\/psoecanarias.com\/web\/el-psoe-lleva-a-este-pleno-su-peticion-de-elevar-al-75-la-subvencion-de-billetes-de-avion-de-canarios-de-islas-no-capitalinas\/#breadcrumb\"},\"inLanguage\":\"es\",\"potentialAction\":[{\"@type\":\"ReadAction\",\"target\":[\"https:\/\/psoecanarias.com\/web\/el-psoe-lleva-a-este-pleno-su-peticion-de-elevar-al-75-la-subvencion-de-billetes-de-avion-de-canarios-de-islas-no-capitalinas\/\"]}]},{\"@type\":\"ImageObject\",\"inLanguage\":\"es\",\"@id\":\"https:\/\/psoecanarias.com\/web\/el-psoe-lleva-a-este-pleno-su-peticion-de-elevar-al-75-la-subvencion-de-billetes-de-avion-de-canarios-de-islas-no-capitalinas\/#primaryimage\",\"url\":\"https:\/\/psoecanarias.com\/web\/wp-content\/uploads\/2016\/10\/DSC9244-e1483972336833.jpg\",\"contentUrl\":\"https:\/\/psoecanarias.com\/web\/wp-content\/uploads\/2016\/10\/DSC9244-e1483972336833.jpg\",\"width\":771,\"height\":576},{\"@type\":\"BreadcrumbList\",\"@id\":\"https:\/\/psoecanarias.com\/web\/el-psoe-lleva-a-este-pleno-su-peticion-de-elevar-al-75-la-subvencion-de-billetes-de-avion-de-canarios-de-islas-no-capitalinas\/#breadcrumb\",\"itemListElement\":[{\"@type\":\"ListItem\",\"position\":1,\"name\":\"Portada\",\"item\":\"https:\/\/psoecanarias.com\/web\/\"},{\"@type\":\"ListItem\",\"position\":2,\"name\":\"El PSOE lleva a este pleno su petici\u00f3n de elevar al 75% la subvenci\u00f3n de billetes de avi\u00f3n de canarios de islas no capitalinas\"}]},{\"@type\":\"WebSite\",\"@id\":\"https:\/\/psoecanarias.com\/web\/#website\",\"url\":\"https:\/\/psoecanarias.com\/web\/\",\"name\":\"PSOE Canarias\",\"description\":\"Partido Socialista Obrero Espa\u00f1ol Canarias\",\"potentialAction\":[{\"@type\":\"SearchAction\",\"target\":{\"@type\":\"EntryPoint\",\"urlTemplate\":\"https:\/\/psoecanarias.com\/web\/?s={search_term_string}\"},\"query-input\":{\"@type\":\"PropertyValueSpecification\",\"valueRequired\":true,\"valueName\":\"search_term_string\"}}],\"inLanguage\":\"es\"},{\"@type\":\"Person\",\"@id\":\"https:\/\/psoecanarias.com\/web\/#\/schema\/person\/1ae43f9659d2fc599ca69c11e1dbf26f\",\"name\":\"PSOE Canarias\",\"image\":{\"@type\":\"ImageObject\",\"inLanguage\":\"es\",\"@id\":\"https:\/\/secure.gravatar.com\/avatar\/4364d37f6f6f9cdb7af199b46151565f37d8a8c3c0e04c1d78c04e857a15e3a8?s=96&d=mm&r=g\",\"url\":\"https:\/\/secure.gravatar.com\/avatar\/4364d37f6f6f9cdb7af199b46151565f37d8a8c3c0e04c1d78c04e857a15e3a8?s=96&d=mm&r=g\",\"contentUrl\":\"https:\/\/secure.gravatar.com\/avatar\/4364d37f6f6f9cdb7af199b46151565f37d8a8c3c0e04c1d78c04e857a15e3a8?s=96&d=mm&r=g\",\"caption\":\"PSOE Canarias\"},\"url\":\"https:\/\/psoecanarias.com\/web\/author\/admin\/\"}]}<\/script>\n<!-- \/ Yoast SEO plugin. -->","yoast_head_json":{"title":"El PSOE lleva a este pleno su petici\u00f3n de elevar al 75% la subvenci\u00f3n de billetes de avi\u00f3n de canarios de islas no capitalinas | PSOE Canarias","robots":{"index":"index","follow":"follow","max-snippet":"max-snippet:-1","max-image-preview":"max-image-preview:large","max-video-preview":"max-video-preview:-1"},"canonical":"https:\/\/psoecanarias.com\/web\/el-psoe-lleva-a-este-pleno-su-peticion-de-elevar-al-75-la-subvencion-de-billetes-de-avion-de-canarios-de-islas-no-capitalinas\/","og_locale":"es_ES","og_type":"article","og_title":"El PSOE lleva a este pleno su petici\u00f3n de elevar al 75% la subvenci\u00f3n de billetes de avi\u00f3n de canarios de islas no capitalinas | PSOE Canarias","og_description":"El Grupo Socialista tambi\u00e9n pondr\u00e1 sobre la mesa la mejora de la cuota del at\u00fan rojo y la venta de disfraces infantiles sexistas durante el carnaval. Asimismo, pedir\u00e1 al Gobierno su opini\u00f3n sobre la independencia, objetividad y veracidad que deben tener por ley los medios de comunicaci\u00f3n p\u00fablicos y le preguntar\u00e1 por los motivos para recurrir en casaci\u00f3n la sentencia que anula el Plan Especial de la Geria, entre otros asuntos","og_url":"https:\/\/psoecanarias.com\/web\/el-psoe-lleva-a-este-pleno-su-peticion-de-elevar-al-75-la-subvencion-de-billetes-de-avion-de-canarios-de-islas-no-capitalinas\/","og_site_name":"PSOE Canarias","article_published_time":"2017-03-06T10:43:13+00:00","og_image":[{"width":771,"height":576,"url":"https:\/\/psoecanarias.com\/web\/wp-content\/uploads\/2016\/10\/DSC9244-e1483972336833.jpg","type":"image\/jpeg"}],"author":"PSOE Canarias","twitter_card":"summary_large_image","schema":{"@context":"https:\/\/schema.org","@graph":[{"@type":"Article","@id":"https:\/\/psoecanarias.com\/web\/el-psoe-lleva-a-este-pleno-su-peticion-de-elevar-al-75-la-subvencion-de-billetes-de-avion-de-canarios-de-islas-no-capitalinas\/#article","isPartOf":{"@id":"https:\/\/psoecanarias.com\/web\/el-psoe-lleva-a-este-pleno-su-peticion-de-elevar-al-75-la-subvencion-de-billetes-de-avion-de-canarios-de-islas-no-capitalinas\/"},"author":{"name":"PSOE Canarias","@id":"https:\/\/psoecanarias.com\/web\/#\/schema\/person\/1ae43f9659d2fc599ca69c11e1dbf26f"},"headline":"El PSOE lleva a este pleno su petici\u00f3n de elevar al 75% la subvenci\u00f3n de billetes de avi\u00f3n de canarios de islas no capitalinas","datePublished":"2017-03-06T10:43:13+00:00","mainEntityOfPage":{"@id":"https:\/\/psoecanarias.com\/web\/el-psoe-lleva-a-este-pleno-su-peticion-de-elevar-al-75-la-subvencion-de-billetes-de-avion-de-canarios-de-islas-no-capitalinas\/"},"wordCount":624,"commentCount":0,"image":{"@id":"https:\/\/psoecanarias.com\/web\/el-psoe-lleva-a-este-pleno-su-peticion-de-elevar-al-75-la-subvencion-de-billetes-de-avion-de-canarios-de-islas-no-capitalinas\/#primaryimage"},"thumbnailUrl":"https:\/\/psoecanarias.com\/web\/wp-content\/uploads\/2016\/10\/DSC9244-e1483972336833.jpg","keywords":["Grupo Parlamentario Socialista Canario","I\u00f1aki Lavandera","Trasporte a\u00e9reo"],"articleSection":["Pol\u00edtica"],"inLanguage":"es","potentialAction":[{"@type":"CommentAction","name":"Comment","target":["https:\/\/psoecanarias.com\/web\/el-psoe-lleva-a-este-pleno-su-peticion-de-elevar-al-75-la-subvencion-de-billetes-de-avion-de-canarios-de-islas-no-capitalinas\/#respond"]}]},{"@type":"WebPage","@id":"https:\/\/psoecanarias.com\/web\/el-psoe-lleva-a-este-pleno-su-peticion-de-elevar-al-75-la-subvencion-de-billetes-de-avion-de-canarios-de-islas-no-capitalinas\/","url":"https:\/\/psoecanarias.com\/web\/el-psoe-lleva-a-este-pleno-su-peticion-de-elevar-al-75-la-subvencion-de-billetes-de-avion-de-canarios-de-islas-no-capitalinas\/","name":"El PSOE lleva a este pleno su petici\u00f3n de elevar al 75% la subvenci\u00f3n de billetes de avi\u00f3n de canarios de islas no capitalinas | PSOE Canarias","isPartOf":{"@id":"https:\/\/psoecanarias.com\/web\/#website"},"primaryImageOfPage":{"@id":"https:\/\/psoecanarias.com\/web\/el-psoe-lleva-a-este-pleno-su-peticion-de-elevar-al-75-la-subvencion-de-billetes-de-avion-de-canarios-de-islas-no-capitalinas\/#primaryimage"},"image":{"@id":"https:\/\/psoecanarias.com\/web\/el-psoe-lleva-a-este-pleno-su-peticion-de-elevar-al-75-la-subvencion-de-billetes-de-avion-de-canarios-de-islas-no-capitalinas\/#primaryimage"},"thumbnailUrl":"https:\/\/psoecanarias.com\/web\/wp-content\/uploads\/2016\/10\/DSC9244-e1483972336833.jpg","datePublished":"2017-03-06T10:43:13+00:00","author":{"@id":"https:\/\/psoecanarias.com\/web\/#\/schema\/person\/1ae43f9659d2fc599ca69c11e1dbf26f"},"breadcrumb":{"@id":"https:\/\/psoecanarias.com\/web\/el-psoe-lleva-a-este-pleno-su-peticion-de-elevar-al-75-la-subvencion-de-billetes-de-avion-de-canarios-de-islas-no-capitalinas\/#breadcrumb"},"inLanguage":"es","potentialAction":[{"@type":"ReadAction","target":["https:\/\/psoecanarias.com\/web\/el-psoe-lleva-a-este-pleno-su-peticion-de-elevar-al-75-la-subvencion-de-billetes-de-avion-de-canarios-de-islas-no-capitalinas\/"]}]},{"@type":"ImageObject","inLanguage":"es","@id":"https:\/\/psoecanarias.com\/web\/el-psoe-lleva-a-este-pleno-su-peticion-de-elevar-al-75-la-subvencion-de-billetes-de-avion-de-canarios-de-islas-no-capitalinas\/#primaryimage","url":"https:\/\/psoecanarias.com\/web\/wp-content\/uploads\/2016\/10\/DSC9244-e1483972336833.jpg","contentUrl":"https:\/\/psoecanarias.com\/web\/wp-content\/uploads\/2016\/10\/DSC9244-e1483972336833.jpg","width":771,"height":576},{"@type":"BreadcrumbList","@id":"https:\/\/psoecanarias.com\/web\/el-psoe-lleva-a-este-pleno-su-peticion-de-elevar-al-75-la-subvencion-de-billetes-de-avion-de-canarios-de-islas-no-capitalinas\/#breadcrumb","itemListElement":[{"@type":"ListItem","position":1,"name":"Portada","item":"https:\/\/psoecanarias.com\/web\/"},{"@type":"ListItem","position":2,"name":"El PSOE lleva a este pleno su petici\u00f3n de elevar al 75% la subvenci\u00f3n de billetes de avi\u00f3n de canarios de islas no capitalinas"}]},{"@type":"WebSite","@id":"https:\/\/psoecanarias.com\/web\/#website","url":"https:\/\/psoecanarias.com\/web\/","name":"PSOE Canarias","description":"Partido Socialista Obrero Espa\u00f1ol Canarias","potentialAction":[{"@type":"SearchAction","target":{"@type":"EntryPoint","urlTemplate":"https:\/\/psoecanarias.com\/web\/?s={search_term_string}"},"query-input":{"@type":"PropertyValueSpecification","valueRequired":true,"valueName":"search_term_string"}}],"inLanguage":"es"},{"@type":"Person","@id":"https:\/\/psoecanarias.com\/web\/#\/schema\/person\/1ae43f9659d2fc599ca69c11e1dbf26f","name":"PSOE Canarias","image":{"@type":"ImageObject","inLanguage":"es","@id":"https:\/\/secure.gravatar.com\/avatar\/4364d37f6f6f9cdb7af199b46151565f37d8a8c3c0e04c1d78c04e857a15e3a8?s=96&d=mm&r=g","url":"https:\/\/secure.gravatar.com\/avatar\/4364d37f6f6f9cdb7af199b46151565f37d8a8c3c0e04c1d78c04e857a15e3a8?s=96&d=mm&r=g","contentUrl":"https:\/\/secure.gravatar.com\/avatar\/4364d37f6f6f9cdb7af199b46151565f37d8a8c3c0e04c1d78c04e857a15e3a8?s=96&d=mm&r=g","caption":"PSOE Canarias"},"url":"https:\/\/psoecanarias.com\/web\/author\/admin\/"}]}},"_links":{"self":[{"href":"https:\/\/psoecanarias.com\/web\/wp-json\/wp\/v2\/posts\/2974","targetHints":{"allow":["GET"]}}],"collection":[{"href":"https:\/\/psoecanarias.com\/web\/wp-json\/wp\/v2\/posts"}],"about":[{"href":"https:\/\/psoecanarias.com\/web\/wp-json\/wp\/v2\/types\/post"}],"author":[{"embeddable":true,"href":"https:\/\/psoecanarias.com\/web\/wp-json\/wp\/v2\/users\/1"}],"replies":[{"embeddable":true,"href":"https:\/\/psoecanarias.com\/web\/wp-json\/wp\/v2\/comments?post=2974"}],"version-history":[{"count":1,"href":"https:\/\/psoecanarias.com\/web\/wp-json\/wp\/v2\/posts\/2974\/revisions"}],"predecessor-version":[{"id":2975,"href":"https:\/\/psoecanarias.com\/web\/wp-json\/wp\/v2\/posts\/2974\/revisions\/2975"}],"wp:featuredmedia":[{"embeddable":true,"href":"https:\/\/psoecanarias.com\/web\/wp-json\/wp\/v2\/media\/2430"}],"wp:attachment":[{"href":"https:\/\/psoecanarias.com\/web\/wp-json\/wp\/v2\/media?parent=2974"}],"wp:term":[{"taxonomy":"category","embeddable":true,"href":"https:\/\/psoecanarias.com\/web\/wp-json\/wp\/v2\/categories?post=2974"},{"taxonomy":"post_tag","embeddable":true,"href":"https:\/\/psoecanarias.com\/web\/wp-json\/wp\/v2\/tags?post=2974"}],"curies":[{"name":"wp","href":"https:\/\/api.w.org\/{rel}","templated":true}]}}