{"id":30504,"date":"2022-10-03T23:21:08","date_gmt":"2022-10-03T22:21:08","guid":{"rendered":"https:\/\/psoecanarias.com\/web\/?p=30504"},"modified":"2022-10-03T23:21:08","modified_gmt":"2022-10-03T22:21:08","slug":"el-psoe-canarias-se-interesa-por-las-inquietudes-del-empresariado-de-fuerteventura","status":"publish","type":"post","link":"https:\/\/psoecanarias.com\/web\/el-psoe-canarias-se-interesa-por-las-inquietudes-del-empresariado-de-fuerteventura\/","title":{"rendered":"El PSOE Canarias se interesa por las inquietudes del empresariado de Fuerteventura"},"content":{"rendered":"<p><strong>Corralejo, 4 de octubre de 2022.&#8211;<\/strong> El secretario general y presidente de Canarias, \u00c1ngel V\u00edctor Torres, junto a otros destacados miembros de la formaci\u00f3n socialista, han mantenido este lunes un encuentro con los principales agentes empresariales de Fuerteventura, a fin de conocer sus inquietudes y coordinar posibles acciones de respuesta.<\/p>\n<p>&#8220;En ocasiones hay t\u00f3picos que se derrumban, como el que dice que las izquierdas no sabemos de econom\u00eda. Hoy Canarias tiene m\u00e1s gente trabajando que nunca, especialmente mujeres y con empleos de calidad e indefinidos, y eso se est\u00e1 haciendo con pol\u00edticas progresistas. Hay otra manera de gobernar y es lo que hemos venido a compartir en esta reuni\u00f3n&#8221;, ha manifestado el secretario general de los socialistas canarios.<\/p>\n<blockquote class=\"twitter-tweet\">\n<p dir=\"ltr\" lang=\"es\">\ud83c\udf39 Encuentro de la direcci\u00f3n regional socialista con el sector empresarial de la isla de <a href=\"https:\/\/twitter.com\/hashtag\/Fuerteventura?src=hash&amp;ref_src=twsrc%5Etfw\">#Fuerteventura<\/a><\/p>\n<p>\ud83d\udc49\ud83c\udffb Con la participaci\u00f3n del SG y presidente de <a href=\"https:\/\/twitter.com\/hashtag\/Canarias?src=hash&amp;ref_src=twsrc%5Etfw\">#Canarias<\/a>, <a href=\"https:\/\/twitter.com\/avtorresp?ref_src=twsrc%5Etfw\">@avtorresp<\/a> <a href=\"https:\/\/twitter.com\/hashtag\/ElGobiernoDeLaGente?src=hash&amp;ref_src=twsrc%5Etfw\">#ElGobiernoDeLaGente<\/a><\/p>\n<p>\ud83d\udccd <a href=\"https:\/\/twitter.com\/hashtag\/Corralejo?src=hash&amp;ref_src=twsrc%5Etfw\">#Corralejo<\/a> <a href=\"https:\/\/t.co\/3ovApel9Ue\">pic.twitter.com\/3ovApel9Ue<\/a><\/p>\n<p>\u2014 PSOE Canarias (@PSOECanarias) <a href=\"https:\/\/twitter.com\/PSOECanarias\/status\/1576978748133769216?ref_src=twsrc%5Etfw\">October 3, 2022<\/a><\/p><\/blockquote>\n<p><script async src=\"https:\/\/platform.twitter.com\/widgets.js\" charset=\"utf-8\"><\/script><\/p>\n<p>La reuni\u00f3n, celebrada en el municipio de Corralejo, ha contado tambi\u00e9n con la presencia de la secretaria de Organizaci\u00f3n del PSOE Canarias, Nira Fierro, y las vicesecretarias regionales Rosa Bella Cabrera y Elena M\u00e1\u00f1ez, as\u00ed como del secretario general insular Blas Acosta y otros cargos del partido en esta isla. Por el sector empresarial, han asistido, entre otros, representantes de las organizaciones Asofuer y Excelfuer y de la C\u00e1mara de Comercio de Fuerteventura.<\/p>\n<p>Torres ha aprovechado para dar cuenta de todas las acciones que tanto desde el Gobierno regional como del central se han venido desarrollando en favor del tejido productivo y las singularidades canarias, caso de los 1.144 millones asignados en ayudas directas a pymes y aut\u00f3nomos de las islas, de los que 70 han llegado a las empresas majoreras.<\/p>\n<p>Tambi\u00e9n ha hecho especial hincapi\u00e9 en los importantes pasos dados en pol\u00edticas verdes, apostando por planes de sostenibilidad y avanzando en la implantaci\u00f3n de las energ\u00edas renovables. Se ha referido a las competencias en Costas, que Canarias asumir\u00e1 a partir del 1 de enero de 2023, y ha celebrado la apuesta por proyectos innovadores y de futuro como los presentados este mismo lunes en el Parque Tecnol\u00f3gico de Fuerteventura.<\/p>\n","protected":false},"excerpt":{"rendered":"<p>\u00c1ngel V\u00edctor Torres: &#8220;Hay otra manera de gobernar y es lo que hemos venido a compartir en esta reuni\u00f3n&#8221;<\/p>\n","protected":false},"author":1,"featured_media":30505,"comment_status":"open","ping_status":"open","sticky":false,"template":"","format":"standard","meta":{"footnotes":""},"categories":[1184,7],"tags":[31],"class_list":["post-30504","post","type-post","status-publish","format-standard","has-post-thumbnail","hentry","category-noticias","category-politica","tag-fuerteventura"],"featured_image_src":"https:\/\/psoecanarias.com\/web\/wp-content\/uploads\/2022\/10\/foto-reunion-1.jpg","author_info":{"display_name":"PSOE Canarias","author_link":"https:\/\/psoecanarias.com\/web\/author\/admin\/"},"yoast_head":"<!-- This site is optimized with the Yoast SEO plugin v27.2 - https:\/\/yoast.com\/product\/yoast-seo-wordpress\/ -->\n<title>El PSOE Canarias se interesa por las inquietudes del empresariado de Fuerteventura | PSOE Canarias<\/title>\n<meta name=\"robots\" content=\"index, follow, max-snippet:-1, max-image-preview:large, max-video-preview:-1\" \/>\n<link rel=\"canonical\" href=\"https:\/\/psoecanarias.com\/web\/el-psoe-canarias-se-interesa-por-las-inquietudes-del-empresariado-de-fuerteventura\/\" \/>\n<meta property=\"og:locale\" content=\"es_ES\" \/>\n<meta property=\"og:type\" content=\"article\" \/>\n<meta property=\"og:title\" content=\"El PSOE Canarias se interesa por las inquietudes del empresariado de Fuerteventura | PSOE Canarias\" \/>\n<meta property=\"og:description\" content=\"\u00c1ngel V\u00edctor Torres: &quot;Hay otra manera de gobernar y es lo que hemos venido a compartir en esta reuni\u00f3n&quot;\" \/>\n<meta property=\"og:url\" content=\"https:\/\/psoecanarias.com\/web\/el-psoe-canarias-se-interesa-por-las-inquietudes-del-empresariado-de-fuerteventura\/\" \/>\n<meta property=\"og:site_name\" content=\"PSOE Canarias\" \/>\n<meta property=\"article:published_time\" content=\"2022-10-03T22:21:08+00:00\" \/>\n<meta property=\"og:image\" content=\"https:\/\/psoecanarias.com\/web\/wp-content\/uploads\/2022\/10\/foto-reunion-1.jpg\" \/>\n\t<meta property=\"og:image:width\" content=\"2400\" \/>\n\t<meta property=\"og:image:height\" content=\"1600\" \/>\n\t<meta property=\"og:image:type\" content=\"image\/jpeg\" \/>\n<meta name=\"author\" content=\"PSOE Canarias\" \/>\n<meta name=\"twitter:card\" content=\"summary_large_image\" \/>\n<script type=\"application\/ld+json\" class=\"yoast-schema-graph\">{\"@context\":\"https:\/\/schema.org\",\"@graph\":[{\"@type\":\"Article\",\"@id\":\"https:\/\/psoecanarias.com\/web\/el-psoe-canarias-se-interesa-por-las-inquietudes-del-empresariado-de-fuerteventura\/#article\",\"isPartOf\":{\"@id\":\"https:\/\/psoecanarias.com\/web\/el-psoe-canarias-se-interesa-por-las-inquietudes-del-empresariado-de-fuerteventura\/\"},\"author\":{\"name\":\"PSOE Canarias\",\"@id\":\"https:\/\/psoecanarias.com\/web\/#\/schema\/person\/1ae43f9659d2fc599ca69c11e1dbf26f\"},\"headline\":\"El PSOE Canarias se interesa por las inquietudes del empresariado de Fuerteventura\",\"datePublished\":\"2022-10-03T22:21:08+00:00\",\"mainEntityOfPage\":{\"@id\":\"https:\/\/psoecanarias.com\/web\/el-psoe-canarias-se-interesa-por-las-inquietudes-del-empresariado-de-fuerteventura\/\"},\"wordCount\":381,\"commentCount\":0,\"image\":{\"@id\":\"https:\/\/psoecanarias.com\/web\/el-psoe-canarias-se-interesa-por-las-inquietudes-del-empresariado-de-fuerteventura\/#primaryimage\"},\"thumbnailUrl\":\"https:\/\/psoecanarias.com\/web\/wp-content\/uploads\/2022\/10\/foto-reunion-1.jpg\",\"keywords\":[\"Fuerteventura\"],\"articleSection\":[\"Noticias\",\"Pol\u00edtica\"],\"inLanguage\":\"es\",\"potentialAction\":[{\"@type\":\"CommentAction\",\"name\":\"Comment\",\"target\":[\"https:\/\/psoecanarias.com\/web\/el-psoe-canarias-se-interesa-por-las-inquietudes-del-empresariado-de-fuerteventura\/#respond\"]}]},{\"@type\":\"WebPage\",\"@id\":\"https:\/\/psoecanarias.com\/web\/el-psoe-canarias-se-interesa-por-las-inquietudes-del-empresariado-de-fuerteventura\/\",\"url\":\"https:\/\/psoecanarias.com\/web\/el-psoe-canarias-se-interesa-por-las-inquietudes-del-empresariado-de-fuerteventura\/\",\"name\":\"El PSOE Canarias se interesa por las inquietudes del empresariado de Fuerteventura | PSOE Canarias\",\"isPartOf\":{\"@id\":\"https:\/\/psoecanarias.com\/web\/#website\"},\"primaryImageOfPage\":{\"@id\":\"https:\/\/psoecanarias.com\/web\/el-psoe-canarias-se-interesa-por-las-inquietudes-del-empresariado-de-fuerteventura\/#primaryimage\"},\"image\":{\"@id\":\"https:\/\/psoecanarias.com\/web\/el-psoe-canarias-se-interesa-por-las-inquietudes-del-empresariado-de-fuerteventura\/#primaryimage\"},\"thumbnailUrl\":\"https:\/\/psoecanarias.com\/web\/wp-content\/uploads\/2022\/10\/foto-reunion-1.jpg\",\"datePublished\":\"2022-10-03T22:21:08+00:00\",\"author\":{\"@id\":\"https:\/\/psoecanarias.com\/web\/#\/schema\/person\/1ae43f9659d2fc599ca69c11e1dbf26f\"},\"breadcrumb\":{\"@id\":\"https:\/\/psoecanarias.com\/web\/el-psoe-canarias-se-interesa-por-las-inquietudes-del-empresariado-de-fuerteventura\/#breadcrumb\"},\"inLanguage\":\"es\",\"potentialAction\":[{\"@type\":\"ReadAction\",\"target\":[\"https:\/\/psoecanarias.com\/web\/el-psoe-canarias-se-interesa-por-las-inquietudes-del-empresariado-de-fuerteventura\/\"]}]},{\"@type\":\"ImageObject\",\"inLanguage\":\"es\",\"@id\":\"https:\/\/psoecanarias.com\/web\/el-psoe-canarias-se-interesa-por-las-inquietudes-del-empresariado-de-fuerteventura\/#primaryimage\",\"url\":\"https:\/\/psoecanarias.com\/web\/wp-content\/uploads\/2022\/10\/foto-reunion-1.jpg\",\"contentUrl\":\"https:\/\/psoecanarias.com\/web\/wp-content\/uploads\/2022\/10\/foto-reunion-1.jpg\",\"width\":2400,\"height\":1600,\"caption\":\"Reuni\u00f3n con el sector empresarial majorero, celebrada en Corralejo.\"},{\"@type\":\"BreadcrumbList\",\"@id\":\"https:\/\/psoecanarias.com\/web\/el-psoe-canarias-se-interesa-por-las-inquietudes-del-empresariado-de-fuerteventura\/#breadcrumb\",\"itemListElement\":[{\"@type\":\"ListItem\",\"position\":1,\"name\":\"Portada\",\"item\":\"https:\/\/psoecanarias.com\/web\/\"},{\"@type\":\"ListItem\",\"position\":2,\"name\":\"El PSOE Canarias se interesa por las inquietudes del empresariado de Fuerteventura\"}]},{\"@type\":\"WebSite\",\"@id\":\"https:\/\/psoecanarias.com\/web\/#website\",\"url\":\"https:\/\/psoecanarias.com\/web\/\",\"name\":\"PSOE Canarias\",\"description\":\"Partido Socialista Obrero Espa\u00f1ol Canarias\",\"potentialAction\":[{\"@type\":\"SearchAction\",\"target\":{\"@type\":\"EntryPoint\",\"urlTemplate\":\"https:\/\/psoecanarias.com\/web\/?s={search_term_string}\"},\"query-input\":{\"@type\":\"PropertyValueSpecification\",\"valueRequired\":true,\"valueName\":\"search_term_string\"}}],\"inLanguage\":\"es\"},{\"@type\":\"Person\",\"@id\":\"https:\/\/psoecanarias.com\/web\/#\/schema\/person\/1ae43f9659d2fc599ca69c11e1dbf26f\",\"name\":\"PSOE Canarias\",\"image\":{\"@type\":\"ImageObject\",\"inLanguage\":\"es\",\"@id\":\"https:\/\/secure.gravatar.com\/avatar\/4364d37f6f6f9cdb7af199b46151565f37d8a8c3c0e04c1d78c04e857a15e3a8?s=96&d=mm&r=g\",\"url\":\"https:\/\/secure.gravatar.com\/avatar\/4364d37f6f6f9cdb7af199b46151565f37d8a8c3c0e04c1d78c04e857a15e3a8?s=96&d=mm&r=g\",\"contentUrl\":\"https:\/\/secure.gravatar.com\/avatar\/4364d37f6f6f9cdb7af199b46151565f37d8a8c3c0e04c1d78c04e857a15e3a8?s=96&d=mm&r=g\",\"caption\":\"PSOE Canarias\"},\"url\":\"https:\/\/psoecanarias.com\/web\/author\/admin\/\"}]}<\/script>\n<!-- \/ Yoast SEO plugin. -->","yoast_head_json":{"title":"El PSOE Canarias se interesa por las inquietudes del empresariado de Fuerteventura | PSOE Canarias","robots":{"index":"index","follow":"follow","max-snippet":"max-snippet:-1","max-image-preview":"max-image-preview:large","max-video-preview":"max-video-preview:-1"},"canonical":"https:\/\/psoecanarias.com\/web\/el-psoe-canarias-se-interesa-por-las-inquietudes-del-empresariado-de-fuerteventura\/","og_locale":"es_ES","og_type":"article","og_title":"El PSOE Canarias se interesa por las inquietudes del empresariado de Fuerteventura | PSOE Canarias","og_description":"\u00c1ngel V\u00edctor Torres: \"Hay otra manera de gobernar y es lo que hemos venido a compartir en esta reuni\u00f3n\"","og_url":"https:\/\/psoecanarias.com\/web\/el-psoe-canarias-se-interesa-por-las-inquietudes-del-empresariado-de-fuerteventura\/","og_site_name":"PSOE Canarias","article_published_time":"2022-10-03T22:21:08+00:00","og_image":[{"width":2400,"height":1600,"url":"https:\/\/psoecanarias.com\/web\/wp-content\/uploads\/2022\/10\/foto-reunion-1.jpg","type":"image\/jpeg"}],"author":"PSOE Canarias","twitter_card":"summary_large_image","schema":{"@context":"https:\/\/schema.org","@graph":[{"@type":"Article","@id":"https:\/\/psoecanarias.com\/web\/el-psoe-canarias-se-interesa-por-las-inquietudes-del-empresariado-de-fuerteventura\/#article","isPartOf":{"@id":"https:\/\/psoecanarias.com\/web\/el-psoe-canarias-se-interesa-por-las-inquietudes-del-empresariado-de-fuerteventura\/"},"author":{"name":"PSOE Canarias","@id":"https:\/\/psoecanarias.com\/web\/#\/schema\/person\/1ae43f9659d2fc599ca69c11e1dbf26f"},"headline":"El PSOE Canarias se interesa por las inquietudes del empresariado de Fuerteventura","datePublished":"2022-10-03T22:21:08+00:00","mainEntityOfPage":{"@id":"https:\/\/psoecanarias.com\/web\/el-psoe-canarias-se-interesa-por-las-inquietudes-del-empresariado-de-fuerteventura\/"},"wordCount":381,"commentCount":0,"image":{"@id":"https:\/\/psoecanarias.com\/web\/el-psoe-canarias-se-interesa-por-las-inquietudes-del-empresariado-de-fuerteventura\/#primaryimage"},"thumbnailUrl":"https:\/\/psoecanarias.com\/web\/wp-content\/uploads\/2022\/10\/foto-reunion-1.jpg","keywords":["Fuerteventura"],"articleSection":["Noticias","Pol\u00edtica"],"inLanguage":"es","potentialAction":[{"@type":"CommentAction","name":"Comment","target":["https:\/\/psoecanarias.com\/web\/el-psoe-canarias-se-interesa-por-las-inquietudes-del-empresariado-de-fuerteventura\/#respond"]}]},{"@type":"WebPage","@id":"https:\/\/psoecanarias.com\/web\/el-psoe-canarias-se-interesa-por-las-inquietudes-del-empresariado-de-fuerteventura\/","url":"https:\/\/psoecanarias.com\/web\/el-psoe-canarias-se-interesa-por-las-inquietudes-del-empresariado-de-fuerteventura\/","name":"El PSOE Canarias se interesa por las inquietudes del empresariado de Fuerteventura | PSOE Canarias","isPartOf":{"@id":"https:\/\/psoecanarias.com\/web\/#website"},"primaryImageOfPage":{"@id":"https:\/\/psoecanarias.com\/web\/el-psoe-canarias-se-interesa-por-las-inquietudes-del-empresariado-de-fuerteventura\/#primaryimage"},"image":{"@id":"https:\/\/psoecanarias.com\/web\/el-psoe-canarias-se-interesa-por-las-inquietudes-del-empresariado-de-fuerteventura\/#primaryimage"},"thumbnailUrl":"https:\/\/psoecanarias.com\/web\/wp-content\/uploads\/2022\/10\/foto-reunion-1.jpg","datePublished":"2022-10-03T22:21:08+00:00","author":{"@id":"https:\/\/psoecanarias.com\/web\/#\/schema\/person\/1ae43f9659d2fc599ca69c11e1dbf26f"},"breadcrumb":{"@id":"https:\/\/psoecanarias.com\/web\/el-psoe-canarias-se-interesa-por-las-inquietudes-del-empresariado-de-fuerteventura\/#breadcrumb"},"inLanguage":"es","potentialAction":[{"@type":"ReadAction","target":["https:\/\/psoecanarias.com\/web\/el-psoe-canarias-se-interesa-por-las-inquietudes-del-empresariado-de-fuerteventura\/"]}]},{"@type":"ImageObject","inLanguage":"es","@id":"https:\/\/psoecanarias.com\/web\/el-psoe-canarias-se-interesa-por-las-inquietudes-del-empresariado-de-fuerteventura\/#primaryimage","url":"https:\/\/psoecanarias.com\/web\/wp-content\/uploads\/2022\/10\/foto-reunion-1.jpg","contentUrl":"https:\/\/psoecanarias.com\/web\/wp-content\/uploads\/2022\/10\/foto-reunion-1.jpg","width":2400,"height":1600,"caption":"Reuni\u00f3n con el sector empresarial majorero, celebrada en Corralejo."},{"@type":"BreadcrumbList","@id":"https:\/\/psoecanarias.com\/web\/el-psoe-canarias-se-interesa-por-las-inquietudes-del-empresariado-de-fuerteventura\/#breadcrumb","itemListElement":[{"@type":"ListItem","position":1,"name":"Portada","item":"https:\/\/psoecanarias.com\/web\/"},{"@type":"ListItem","position":2,"name":"El PSOE Canarias se interesa por las inquietudes del empresariado de Fuerteventura"}]},{"@type":"WebSite","@id":"https:\/\/psoecanarias.com\/web\/#website","url":"https:\/\/psoecanarias.com\/web\/","name":"PSOE Canarias","description":"Partido Socialista Obrero Espa\u00f1ol Canarias","potentialAction":[{"@type":"SearchAction","target":{"@type":"EntryPoint","urlTemplate":"https:\/\/psoecanarias.com\/web\/?s={search_term_string}"},"query-input":{"@type":"PropertyValueSpecification","valueRequired":true,"valueName":"search_term_string"}}],"inLanguage":"es"},{"@type":"Person","@id":"https:\/\/psoecanarias.com\/web\/#\/schema\/person\/1ae43f9659d2fc599ca69c11e1dbf26f","name":"PSOE Canarias","image":{"@type":"ImageObject","inLanguage":"es","@id":"https:\/\/secure.gravatar.com\/avatar\/4364d37f6f6f9cdb7af199b46151565f37d8a8c3c0e04c1d78c04e857a15e3a8?s=96&d=mm&r=g","url":"https:\/\/secure.gravatar.com\/avatar\/4364d37f6f6f9cdb7af199b46151565f37d8a8c3c0e04c1d78c04e857a15e3a8?s=96&d=mm&r=g","contentUrl":"https:\/\/secure.gravatar.com\/avatar\/4364d37f6f6f9cdb7af199b46151565f37d8a8c3c0e04c1d78c04e857a15e3a8?s=96&d=mm&r=g","caption":"PSOE Canarias"},"url":"https:\/\/psoecanarias.com\/web\/author\/admin\/"}]}},"_links":{"self":[{"href":"https:\/\/psoecanarias.com\/web\/wp-json\/wp\/v2\/posts\/30504","targetHints":{"allow":["GET"]}}],"collection":[{"href":"https:\/\/psoecanarias.com\/web\/wp-json\/wp\/v2\/posts"}],"about":[{"href":"https:\/\/psoecanarias.com\/web\/wp-json\/wp\/v2\/types\/post"}],"author":[{"embeddable":true,"href":"https:\/\/psoecanarias.com\/web\/wp-json\/wp\/v2\/users\/1"}],"replies":[{"embeddable":true,"href":"https:\/\/psoecanarias.com\/web\/wp-json\/wp\/v2\/comments?post=30504"}],"version-history":[{"count":1,"href":"https:\/\/psoecanarias.com\/web\/wp-json\/wp\/v2\/posts\/30504\/revisions"}],"predecessor-version":[{"id":30506,"href":"https:\/\/psoecanarias.com\/web\/wp-json\/wp\/v2\/posts\/30504\/revisions\/30506"}],"wp:featuredmedia":[{"embeddable":true,"href":"https:\/\/psoecanarias.com\/web\/wp-json\/wp\/v2\/media\/30505"}],"wp:attachment":[{"href":"https:\/\/psoecanarias.com\/web\/wp-json\/wp\/v2\/media?parent=30504"}],"wp:term":[{"taxonomy":"category","embeddable":true,"href":"https:\/\/psoecanarias.com\/web\/wp-json\/wp\/v2\/categories?post=30504"},{"taxonomy":"post_tag","embeddable":true,"href":"https:\/\/psoecanarias.com\/web\/wp-json\/wp\/v2\/tags?post=30504"}],"curies":[{"name":"wp","href":"https:\/\/api.w.org\/{rel}","templated":true}]}}