{"id":30596,"date":"2022-10-07T10:53:41","date_gmt":"2022-10-07T09:53:41","guid":{"rendered":"https:\/\/psoecanarias.com\/web\/?p=30596"},"modified":"2022-10-07T10:53:41","modified_gmt":"2022-10-07T09:53:41","slug":"raya-afirma-que-los-nuevos-presupuestos-son-francamente-buenos-para-canarias","status":"publish","type":"post","link":"https:\/\/psoecanarias.com\/web\/raya-afirma-que-los-nuevos-presupuestos-son-francamente-buenos-para-canarias\/","title":{"rendered":"Raya afirma que los nuevos Presupuestos son &#8220;francamente buenos para Canarias&#8221;"},"content":{"rendered":"<div><span style=\"font-size: large;\"><b>Canarias, 7 de octubre de 2022.&#8211;<\/b>\u00a0La diputada y portavoz de los socialistas canarios en el Congreso, Tamara Raya, ha calificado de &#8220;francamente buenos para Canarias&#8221; los Presupuestos Generales del Estado (PGE) de 2023, aprobados esta semana por el Consejo de Ministros, y ha destacado tanto su car\u00e1cter social como la oportunidad que representan &#8220;para ser m\u00e1s productivos y competitivos, sin olvidarnos de ser tambi\u00e9n m\u00e1s solidarios&#8221;.<\/span><\/div>\n<div><span style=\"font-size: large;\"><br \/>\n&#8220;Estos son unos presupuestos francamente buenos para Canarias. Crecen un 14% respecto al a\u00f1o anterior, donde tambi\u00e9n fueron buenos, y rozan en total los 10.000 millones de euros&#8221;, ha dicho Tamara Raya, destacando que &#8220;en aquellas partidas que nos diferencias de otras comunidades aut\u00f3nomas&#8221;, como es el caso del R\u00e9gimen Econ\u00f3mico y Fiscal (REF), no solo cumplen sino que &#8220;aumentan&#8221; los recursos previstos.<\/span><\/div>\n<div><span style=\"font-size: large;\"><br \/>\nOtras asignaciones que ha destacado la diputada socialista son el Plan de Empleo de Canarias, que pasa de 42 a 45 millones de euros, y los fondos procedentes de la Financiaci\u00f3n Auton\u00f3mica, que esta vez ser\u00e1n unos 6.500 millones de euros (24% m\u00e1s), lo que &#8220;nos permitir\u00e1 tener mayor capacidad para financiar nuestros servicios p\u00fablicos esenciales&#8221;.<\/span><\/div>\n<div><span style=\"font-size: large;\"><br \/>\nRaya ha subrayado que se trata de unas cuentas &#8220;con un gasto social muy notable&#8221;, algo importante teniendo en cuenta &#8220;de d\u00f3nde venimos&#8221; y que &#8220;hay mucha gente que lo sigue pasando mal&#8221;, que adem\u00e1s incorporan interesantes posibilidades en inversiones. Por ello, ha dicho, &#8220;representan una oportunidad de transformaci\u00f3n para nuestro territorio y una oportunidad para ser m\u00e1s productivos y competitivos, sin olvidarnos de ser tambi\u00e9n m\u00e1s solidarios&#8221;.\u00a0<\/span><\/div>\n","protected":false},"excerpt":{"rendered":"<p>La diputada socialista destaca el gasto social comprometido junto a los recursos en inversi\u00f3n, &#8220;una oportunidad para ser m\u00e1s productivos y competitivos&#8221;<\/p>\n","protected":false},"author":1,"featured_media":30042,"comment_status":"open","ping_status":"open","sticky":false,"template":"","format":"standard","meta":{"footnotes":""},"categories":[1197,1184,7],"tags":[295],"class_list":["post-30596","post","type-post","status-publish","format-standard","has-post-thumbnail","hentry","category-cortes-generales","category-noticias","category-politica","tag-tamara-raya"],"featured_image_src":"https:\/\/psoecanarias.com\/web\/wp-content\/uploads\/2022\/09\/Tamara-Raya-foto.jpeg","author_info":{"display_name":"PSOE Canarias","author_link":"https:\/\/psoecanarias.com\/web\/author\/admin\/"},"yoast_head":"<!-- This site is optimized with the Yoast SEO plugin v27.2 - https:\/\/yoast.com\/product\/yoast-seo-wordpress\/ -->\n<title>Raya afirma que los nuevos Presupuestos son &quot;francamente buenos para Canarias&quot; | PSOE Canarias<\/title>\n<meta name=\"robots\" content=\"index, follow, max-snippet:-1, max-image-preview:large, max-video-preview:-1\" \/>\n<link rel=\"canonical\" href=\"https:\/\/psoecanarias.com\/web\/raya-afirma-que-los-nuevos-presupuestos-son-francamente-buenos-para-canarias\/\" \/>\n<meta property=\"og:locale\" content=\"es_ES\" \/>\n<meta property=\"og:type\" content=\"article\" \/>\n<meta property=\"og:title\" content=\"Raya afirma que los nuevos Presupuestos son &quot;francamente buenos para Canarias&quot; | PSOE Canarias\" \/>\n<meta property=\"og:description\" content=\"La diputada socialista destaca el gasto social comprometido junto a los recursos en inversi\u00f3n, &quot;una oportunidad para ser m\u00e1s productivos y competitivos&quot;\" \/>\n<meta property=\"og:url\" content=\"https:\/\/psoecanarias.com\/web\/raya-afirma-que-los-nuevos-presupuestos-son-francamente-buenos-para-canarias\/\" \/>\n<meta property=\"og:site_name\" content=\"PSOE Canarias\" \/>\n<meta property=\"article:published_time\" content=\"2022-10-07T09:53:41+00:00\" \/>\n<meta property=\"og:image\" content=\"https:\/\/psoecanarias.com\/web\/wp-content\/uploads\/2022\/09\/Tamara-Raya-foto.jpeg\" \/>\n\t<meta property=\"og:image:width\" content=\"1024\" \/>\n\t<meta property=\"og:image:height\" content=\"768\" \/>\n\t<meta property=\"og:image:type\" content=\"image\/jpeg\" \/>\n<meta name=\"author\" content=\"PSOE Canarias\" \/>\n<meta name=\"twitter:card\" content=\"summary_large_image\" \/>\n<script type=\"application\/ld+json\" class=\"yoast-schema-graph\">{\"@context\":\"https:\/\/schema.org\",\"@graph\":[{\"@type\":\"Article\",\"@id\":\"https:\/\/psoecanarias.com\/web\/raya-afirma-que-los-nuevos-presupuestos-son-francamente-buenos-para-canarias\/#article\",\"isPartOf\":{\"@id\":\"https:\/\/psoecanarias.com\/web\/raya-afirma-que-los-nuevos-presupuestos-son-francamente-buenos-para-canarias\/\"},\"author\":{\"name\":\"PSOE Canarias\",\"@id\":\"https:\/\/psoecanarias.com\/web\/#\/schema\/person\/1ae43f9659d2fc599ca69c11e1dbf26f\"},\"headline\":\"Raya afirma que los nuevos Presupuestos son &#8220;francamente buenos para Canarias&#8221;\",\"datePublished\":\"2022-10-07T09:53:41+00:00\",\"mainEntityOfPage\":{\"@id\":\"https:\/\/psoecanarias.com\/web\/raya-afirma-que-los-nuevos-presupuestos-son-francamente-buenos-para-canarias\/\"},\"wordCount\":277,\"commentCount\":0,\"image\":{\"@id\":\"https:\/\/psoecanarias.com\/web\/raya-afirma-que-los-nuevos-presupuestos-son-francamente-buenos-para-canarias\/#primaryimage\"},\"thumbnailUrl\":\"https:\/\/psoecanarias.com\/web\/wp-content\/uploads\/2022\/09\/Tamara-Raya-foto.jpeg\",\"keywords\":[\"Tamara Raya\"],\"articleSection\":[\"Cortes Generales\",\"Noticias\",\"Pol\u00edtica\"],\"inLanguage\":\"es\",\"potentialAction\":[{\"@type\":\"CommentAction\",\"name\":\"Comment\",\"target\":[\"https:\/\/psoecanarias.com\/web\/raya-afirma-que-los-nuevos-presupuestos-son-francamente-buenos-para-canarias\/#respond\"]}]},{\"@type\":\"WebPage\",\"@id\":\"https:\/\/psoecanarias.com\/web\/raya-afirma-que-los-nuevos-presupuestos-son-francamente-buenos-para-canarias\/\",\"url\":\"https:\/\/psoecanarias.com\/web\/raya-afirma-que-los-nuevos-presupuestos-son-francamente-buenos-para-canarias\/\",\"name\":\"Raya afirma que los nuevos Presupuestos son \\\"francamente buenos para Canarias\\\" | PSOE Canarias\",\"isPartOf\":{\"@id\":\"https:\/\/psoecanarias.com\/web\/#website\"},\"primaryImageOfPage\":{\"@id\":\"https:\/\/psoecanarias.com\/web\/raya-afirma-que-los-nuevos-presupuestos-son-francamente-buenos-para-canarias\/#primaryimage\"},\"image\":{\"@id\":\"https:\/\/psoecanarias.com\/web\/raya-afirma-que-los-nuevos-presupuestos-son-francamente-buenos-para-canarias\/#primaryimage\"},\"thumbnailUrl\":\"https:\/\/psoecanarias.com\/web\/wp-content\/uploads\/2022\/09\/Tamara-Raya-foto.jpeg\",\"datePublished\":\"2022-10-07T09:53:41+00:00\",\"author\":{\"@id\":\"https:\/\/psoecanarias.com\/web\/#\/schema\/person\/1ae43f9659d2fc599ca69c11e1dbf26f\"},\"breadcrumb\":{\"@id\":\"https:\/\/psoecanarias.com\/web\/raya-afirma-que-los-nuevos-presupuestos-son-francamente-buenos-para-canarias\/#breadcrumb\"},\"inLanguage\":\"es\",\"potentialAction\":[{\"@type\":\"ReadAction\",\"target\":[\"https:\/\/psoecanarias.com\/web\/raya-afirma-que-los-nuevos-presupuestos-son-francamente-buenos-para-canarias\/\"]}]},{\"@type\":\"ImageObject\",\"inLanguage\":\"es\",\"@id\":\"https:\/\/psoecanarias.com\/web\/raya-afirma-que-los-nuevos-presupuestos-son-francamente-buenos-para-canarias\/#primaryimage\",\"url\":\"https:\/\/psoecanarias.com\/web\/wp-content\/uploads\/2022\/09\/Tamara-Raya-foto.jpeg\",\"contentUrl\":\"https:\/\/psoecanarias.com\/web\/wp-content\/uploads\/2022\/09\/Tamara-Raya-foto.jpeg\",\"width\":1024,\"height\":768,\"caption\":\"La diputada y portavoz de los socialistas canarios en el Congreso, Tamara Raya.\"},{\"@type\":\"BreadcrumbList\",\"@id\":\"https:\/\/psoecanarias.com\/web\/raya-afirma-que-los-nuevos-presupuestos-son-francamente-buenos-para-canarias\/#breadcrumb\",\"itemListElement\":[{\"@type\":\"ListItem\",\"position\":1,\"name\":\"Portada\",\"item\":\"https:\/\/psoecanarias.com\/web\/\"},{\"@type\":\"ListItem\",\"position\":2,\"name\":\"Raya afirma que los nuevos Presupuestos son \\\"francamente buenos para Canarias\\\"\"}]},{\"@type\":\"WebSite\",\"@id\":\"https:\/\/psoecanarias.com\/web\/#website\",\"url\":\"https:\/\/psoecanarias.com\/web\/\",\"name\":\"PSOE Canarias\",\"description\":\"Partido Socialista Obrero Espa\u00f1ol Canarias\",\"potentialAction\":[{\"@type\":\"SearchAction\",\"target\":{\"@type\":\"EntryPoint\",\"urlTemplate\":\"https:\/\/psoecanarias.com\/web\/?s={search_term_string}\"},\"query-input\":{\"@type\":\"PropertyValueSpecification\",\"valueRequired\":true,\"valueName\":\"search_term_string\"}}],\"inLanguage\":\"es\"},{\"@type\":\"Person\",\"@id\":\"https:\/\/psoecanarias.com\/web\/#\/schema\/person\/1ae43f9659d2fc599ca69c11e1dbf26f\",\"name\":\"PSOE Canarias\",\"image\":{\"@type\":\"ImageObject\",\"inLanguage\":\"es\",\"@id\":\"https:\/\/secure.gravatar.com\/avatar\/4364d37f6f6f9cdb7af199b46151565f37d8a8c3c0e04c1d78c04e857a15e3a8?s=96&d=mm&r=g\",\"url\":\"https:\/\/secure.gravatar.com\/avatar\/4364d37f6f6f9cdb7af199b46151565f37d8a8c3c0e04c1d78c04e857a15e3a8?s=96&d=mm&r=g\",\"contentUrl\":\"https:\/\/secure.gravatar.com\/avatar\/4364d37f6f6f9cdb7af199b46151565f37d8a8c3c0e04c1d78c04e857a15e3a8?s=96&d=mm&r=g\",\"caption\":\"PSOE Canarias\"},\"url\":\"https:\/\/psoecanarias.com\/web\/author\/admin\/\"}]}<\/script>\n<!-- \/ Yoast SEO plugin. -->","yoast_head_json":{"title":"Raya afirma que los nuevos Presupuestos son \"francamente buenos para Canarias\" | PSOE Canarias","robots":{"index":"index","follow":"follow","max-snippet":"max-snippet:-1","max-image-preview":"max-image-preview:large","max-video-preview":"max-video-preview:-1"},"canonical":"https:\/\/psoecanarias.com\/web\/raya-afirma-que-los-nuevos-presupuestos-son-francamente-buenos-para-canarias\/","og_locale":"es_ES","og_type":"article","og_title":"Raya afirma que los nuevos Presupuestos son \"francamente buenos para Canarias\" | PSOE Canarias","og_description":"La diputada socialista destaca el gasto social comprometido junto a los recursos en inversi\u00f3n, \"una oportunidad para ser m\u00e1s productivos y competitivos\"","og_url":"https:\/\/psoecanarias.com\/web\/raya-afirma-que-los-nuevos-presupuestos-son-francamente-buenos-para-canarias\/","og_site_name":"PSOE Canarias","article_published_time":"2022-10-07T09:53:41+00:00","og_image":[{"width":1024,"height":768,"url":"https:\/\/psoecanarias.com\/web\/wp-content\/uploads\/2022\/09\/Tamara-Raya-foto.jpeg","type":"image\/jpeg"}],"author":"PSOE Canarias","twitter_card":"summary_large_image","schema":{"@context":"https:\/\/schema.org","@graph":[{"@type":"Article","@id":"https:\/\/psoecanarias.com\/web\/raya-afirma-que-los-nuevos-presupuestos-son-francamente-buenos-para-canarias\/#article","isPartOf":{"@id":"https:\/\/psoecanarias.com\/web\/raya-afirma-que-los-nuevos-presupuestos-son-francamente-buenos-para-canarias\/"},"author":{"name":"PSOE Canarias","@id":"https:\/\/psoecanarias.com\/web\/#\/schema\/person\/1ae43f9659d2fc599ca69c11e1dbf26f"},"headline":"Raya afirma que los nuevos Presupuestos son &#8220;francamente buenos para Canarias&#8221;","datePublished":"2022-10-07T09:53:41+00:00","mainEntityOfPage":{"@id":"https:\/\/psoecanarias.com\/web\/raya-afirma-que-los-nuevos-presupuestos-son-francamente-buenos-para-canarias\/"},"wordCount":277,"commentCount":0,"image":{"@id":"https:\/\/psoecanarias.com\/web\/raya-afirma-que-los-nuevos-presupuestos-son-francamente-buenos-para-canarias\/#primaryimage"},"thumbnailUrl":"https:\/\/psoecanarias.com\/web\/wp-content\/uploads\/2022\/09\/Tamara-Raya-foto.jpeg","keywords":["Tamara Raya"],"articleSection":["Cortes Generales","Noticias","Pol\u00edtica"],"inLanguage":"es","potentialAction":[{"@type":"CommentAction","name":"Comment","target":["https:\/\/psoecanarias.com\/web\/raya-afirma-que-los-nuevos-presupuestos-son-francamente-buenos-para-canarias\/#respond"]}]},{"@type":"WebPage","@id":"https:\/\/psoecanarias.com\/web\/raya-afirma-que-los-nuevos-presupuestos-son-francamente-buenos-para-canarias\/","url":"https:\/\/psoecanarias.com\/web\/raya-afirma-que-los-nuevos-presupuestos-son-francamente-buenos-para-canarias\/","name":"Raya afirma que los nuevos Presupuestos son \"francamente buenos para Canarias\" | PSOE Canarias","isPartOf":{"@id":"https:\/\/psoecanarias.com\/web\/#website"},"primaryImageOfPage":{"@id":"https:\/\/psoecanarias.com\/web\/raya-afirma-que-los-nuevos-presupuestos-son-francamente-buenos-para-canarias\/#primaryimage"},"image":{"@id":"https:\/\/psoecanarias.com\/web\/raya-afirma-que-los-nuevos-presupuestos-son-francamente-buenos-para-canarias\/#primaryimage"},"thumbnailUrl":"https:\/\/psoecanarias.com\/web\/wp-content\/uploads\/2022\/09\/Tamara-Raya-foto.jpeg","datePublished":"2022-10-07T09:53:41+00:00","author":{"@id":"https:\/\/psoecanarias.com\/web\/#\/schema\/person\/1ae43f9659d2fc599ca69c11e1dbf26f"},"breadcrumb":{"@id":"https:\/\/psoecanarias.com\/web\/raya-afirma-que-los-nuevos-presupuestos-son-francamente-buenos-para-canarias\/#breadcrumb"},"inLanguage":"es","potentialAction":[{"@type":"ReadAction","target":["https:\/\/psoecanarias.com\/web\/raya-afirma-que-los-nuevos-presupuestos-son-francamente-buenos-para-canarias\/"]}]},{"@type":"ImageObject","inLanguage":"es","@id":"https:\/\/psoecanarias.com\/web\/raya-afirma-que-los-nuevos-presupuestos-son-francamente-buenos-para-canarias\/#primaryimage","url":"https:\/\/psoecanarias.com\/web\/wp-content\/uploads\/2022\/09\/Tamara-Raya-foto.jpeg","contentUrl":"https:\/\/psoecanarias.com\/web\/wp-content\/uploads\/2022\/09\/Tamara-Raya-foto.jpeg","width":1024,"height":768,"caption":"La diputada y portavoz de los socialistas canarios en el Congreso, Tamara Raya."},{"@type":"BreadcrumbList","@id":"https:\/\/psoecanarias.com\/web\/raya-afirma-que-los-nuevos-presupuestos-son-francamente-buenos-para-canarias\/#breadcrumb","itemListElement":[{"@type":"ListItem","position":1,"name":"Portada","item":"https:\/\/psoecanarias.com\/web\/"},{"@type":"ListItem","position":2,"name":"Raya afirma que los nuevos Presupuestos son \"francamente buenos para Canarias\""}]},{"@type":"WebSite","@id":"https:\/\/psoecanarias.com\/web\/#website","url":"https:\/\/psoecanarias.com\/web\/","name":"PSOE Canarias","description":"Partido Socialista Obrero Espa\u00f1ol Canarias","potentialAction":[{"@type":"SearchAction","target":{"@type":"EntryPoint","urlTemplate":"https:\/\/psoecanarias.com\/web\/?s={search_term_string}"},"query-input":{"@type":"PropertyValueSpecification","valueRequired":true,"valueName":"search_term_string"}}],"inLanguage":"es"},{"@type":"Person","@id":"https:\/\/psoecanarias.com\/web\/#\/schema\/person\/1ae43f9659d2fc599ca69c11e1dbf26f","name":"PSOE Canarias","image":{"@type":"ImageObject","inLanguage":"es","@id":"https:\/\/secure.gravatar.com\/avatar\/4364d37f6f6f9cdb7af199b46151565f37d8a8c3c0e04c1d78c04e857a15e3a8?s=96&d=mm&r=g","url":"https:\/\/secure.gravatar.com\/avatar\/4364d37f6f6f9cdb7af199b46151565f37d8a8c3c0e04c1d78c04e857a15e3a8?s=96&d=mm&r=g","contentUrl":"https:\/\/secure.gravatar.com\/avatar\/4364d37f6f6f9cdb7af199b46151565f37d8a8c3c0e04c1d78c04e857a15e3a8?s=96&d=mm&r=g","caption":"PSOE Canarias"},"url":"https:\/\/psoecanarias.com\/web\/author\/admin\/"}]}},"_links":{"self":[{"href":"https:\/\/psoecanarias.com\/web\/wp-json\/wp\/v2\/posts\/30596","targetHints":{"allow":["GET"]}}],"collection":[{"href":"https:\/\/psoecanarias.com\/web\/wp-json\/wp\/v2\/posts"}],"about":[{"href":"https:\/\/psoecanarias.com\/web\/wp-json\/wp\/v2\/types\/post"}],"author":[{"embeddable":true,"href":"https:\/\/psoecanarias.com\/web\/wp-json\/wp\/v2\/users\/1"}],"replies":[{"embeddable":true,"href":"https:\/\/psoecanarias.com\/web\/wp-json\/wp\/v2\/comments?post=30596"}],"version-history":[{"count":1,"href":"https:\/\/psoecanarias.com\/web\/wp-json\/wp\/v2\/posts\/30596\/revisions"}],"predecessor-version":[{"id":30597,"href":"https:\/\/psoecanarias.com\/web\/wp-json\/wp\/v2\/posts\/30596\/revisions\/30597"}],"wp:featuredmedia":[{"embeddable":true,"href":"https:\/\/psoecanarias.com\/web\/wp-json\/wp\/v2\/media\/30042"}],"wp:attachment":[{"href":"https:\/\/psoecanarias.com\/web\/wp-json\/wp\/v2\/media?parent=30596"}],"wp:term":[{"taxonomy":"category","embeddable":true,"href":"https:\/\/psoecanarias.com\/web\/wp-json\/wp\/v2\/categories?post=30596"},{"taxonomy":"post_tag","embeddable":true,"href":"https:\/\/psoecanarias.com\/web\/wp-json\/wp\/v2\/tags?post=30596"}],"curies":[{"name":"wp","href":"https:\/\/api.w.org\/{rel}","templated":true}]}}