{"id":3200,"date":"2017-04-27T14:08:35","date_gmt":"2017-04-27T13:08:35","guid":{"rendered":"http:\/\/psoecanarias.com\/web\/?p=3200"},"modified":"2017-04-27T14:08:35","modified_gmt":"2017-04-27T13:08:35","slug":"tamara-raya-no-apoyaremos-unos-pge-que-dejaran-sin-subsidio-a-172-000-canarios-y-canarias-en-desempleo","status":"publish","type":"post","link":"https:\/\/psoecanarias.com\/web\/tamara-raya-no-apoyaremos-unos-pge-que-dejaran-sin-subsidio-a-172-000-canarios-y-canarias-en-desempleo\/","title":{"rendered":"Tamara Raya: \u201cNo apoyaremos unos PGE que dejar\u00e1n sin subsidio a 172.000 canarios y canarias en desempleo\u201d"},"content":{"rendered":"<p style=\"text-align: justify;\">El proyecto de los Presupuestos Generales del Estado (PGE) 2017 contin\u00faa abriendo debates \u201centre lo que los que lo defienden dicen que dice, y lo que realmente dice ese documento\u201d. El \u00faltimo tuvo lugar ayer en la Comisi\u00f3n de Empleo y Seguridad Social del Congreso donde se evidenci\u00f3 que los PGE reducen la tasa de cobertura a los desempleados, tambi\u00e9n de los canarios, del 70 por ciento de los Gobiernos socialistas al 55 por ciento propuesto para 2017.<\/p>\n<p style=\"text-align: justify;\">La diputada del PSOE por Tenerife, Tamara Raya, se\u00f1al\u00f3 en su comparecencia que \u201cno apoyaremos unos PGE que dejar\u00e1n sin subsidio a 172.000 canarios y canarias en desempleo\u201d. La realidad del mercado laboral del archipi\u00e9lago, con una tasa de paro superior al 25\u20196 por ciento seg\u00fan la \u00faltima Encuesta de Poblaci\u00f3n Activa relativa al primer trimestre de 2017, contin\u00faa siendo de las peores de Espa\u00f1a.<\/p>\n<p style=\"text-align: justify;\">Con estos datos contrastados, la diputada socialista reclam\u00f3 al subsecretario de Empleo y Seguridad Social, Pedro Llorente, \u201cm\u00e1s seriedad, porque queda constatado que los PGE no dan respuesta a la realidad de Espa\u00f1a sino que sacrifican a los pensionistas y parados de larga duraci\u00f3n para fomentar esa epidemia que son los contratos precarios y la reducci\u00f3n continua de los salarios\u201d.<\/p>\n<p style=\"text-align: justify;\">Considera que \u201cal PP y al Gobierno Rajoy hay que exigirle seriedad en los presupuestos y en las pol\u00edticas que financiar\u00e1n, pero a CC, que aplaude con m\u00e1s br\u00edo que los propios populares, le reclamo menos desfachatez porque est\u00e1 en juego mejorar o empeorar las necesidades de los espa\u00f1oles, entre los que estamos los canarios y las canarias\u201d.<\/p>\n<p style=\"text-align: justify;\">Los datos para Canarias son muy preocupantes, ya que esos 172.000 desempleados canarios que no recibir\u00e1n ning\u00fan tipo de subsidio con estos PGE 2017 representan el 62 por ciento de los desempleados del archipi\u00e9lago.<\/p>\n<p style=\"text-align: justify;\">\u201cLa precariedad se ha instalado en el mercado laboral, y con ella la desigualdad y el acercamiento de la pobreza a las clases trabajadoras, y CC es c\u00f3mplice de este sistema enfermo que proponen los PGE 2017\u201d, concluye Tamara Raya.<\/p>\n","protected":false},"excerpt":{"rendered":"<p>La diputada del PSOE por Tenerife reclama a CC \u201cmenos desfachatez y m\u00e1s seriedad\u201d con las necesidades de los ciudadanos<\/p>\n","protected":false},"author":1,"featured_media":3201,"comment_status":"open","ping_status":"open","sticky":false,"template":"","format":"standard","meta":{"footnotes":""},"categories":[7],"tags":[84,957,956,295],"class_list":["post-3200","post","type-post","status-publish","format-standard","has-post-thumbnail","hentry","category-politica","tag-congreso","tag-empelo","tag-pge","tag-tamara-raya"],"featured_image_src":"https:\/\/psoecanarias.com\/web\/wp-content\/uploads\/2017\/04\/Tamara-Raya-en-la-Comision-de-Empleo-del-Congreso-e1493298484239.jpg","author_info":{"display_name":"PSOE Canarias","author_link":"https:\/\/psoecanarias.com\/web\/author\/admin\/"},"yoast_head":"<!-- This site is optimized with the Yoast SEO plugin v27.2 - https:\/\/yoast.com\/product\/yoast-seo-wordpress\/ -->\n<title>Tamara Raya: \u201cNo apoyaremos unos PGE que dejar\u00e1n sin subsidio a 172.000 canarios y canarias en desempleo\u201d | PSOE Canarias<\/title>\n<meta name=\"robots\" content=\"index, follow, max-snippet:-1, max-image-preview:large, max-video-preview:-1\" \/>\n<link rel=\"canonical\" href=\"https:\/\/psoecanarias.com\/web\/tamara-raya-no-apoyaremos-unos-pge-que-dejaran-sin-subsidio-a-172-000-canarios-y-canarias-en-desempleo\/\" \/>\n<meta property=\"og:locale\" content=\"es_ES\" \/>\n<meta property=\"og:type\" content=\"article\" \/>\n<meta property=\"og:title\" content=\"Tamara Raya: \u201cNo apoyaremos unos PGE que dejar\u00e1n sin subsidio a 172.000 canarios y canarias en desempleo\u201d | PSOE Canarias\" \/>\n<meta property=\"og:description\" content=\"La diputada del PSOE por Tenerife reclama a CC \u201cmenos desfachatez y m\u00e1s seriedad\u201d con las necesidades de los ciudadanos\" \/>\n<meta property=\"og:url\" content=\"https:\/\/psoecanarias.com\/web\/tamara-raya-no-apoyaremos-unos-pge-que-dejaran-sin-subsidio-a-172-000-canarios-y-canarias-en-desempleo\/\" \/>\n<meta property=\"og:site_name\" content=\"PSOE Canarias\" \/>\n<meta property=\"article:published_time\" content=\"2017-04-27T13:08:35+00:00\" \/>\n<meta property=\"og:image\" content=\"https:\/\/psoecanarias.com\/web\/wp-content\/uploads\/2017\/04\/Tamara-Raya-en-la-Comision-de-Empleo-del-Congreso-e1493298484239.jpg\" \/>\n\t<meta property=\"og:image:width\" content=\"900\" \/>\n\t<meta property=\"og:image:height\" content=\"600\" \/>\n\t<meta property=\"og:image:type\" content=\"image\/jpeg\" \/>\n<meta name=\"author\" content=\"PSOE Canarias\" \/>\n<meta name=\"twitter:card\" content=\"summary_large_image\" \/>\n<script type=\"application\/ld+json\" class=\"yoast-schema-graph\">{\"@context\":\"https:\/\/schema.org\",\"@graph\":[{\"@type\":\"Article\",\"@id\":\"https:\/\/psoecanarias.com\/web\/tamara-raya-no-apoyaremos-unos-pge-que-dejaran-sin-subsidio-a-172-000-canarios-y-canarias-en-desempleo\/#article\",\"isPartOf\":{\"@id\":\"https:\/\/psoecanarias.com\/web\/tamara-raya-no-apoyaremos-unos-pge-que-dejaran-sin-subsidio-a-172-000-canarios-y-canarias-en-desempleo\/\"},\"author\":{\"name\":\"PSOE Canarias\",\"@id\":\"https:\/\/psoecanarias.com\/web\/#\/schema\/person\/1ae43f9659d2fc599ca69c11e1dbf26f\"},\"headline\":\"Tamara Raya: \u201cNo apoyaremos unos PGE que dejar\u00e1n sin subsidio a 172.000 canarios y canarias en desempleo\u201d\",\"datePublished\":\"2017-04-27T13:08:35+00:00\",\"mainEntityOfPage\":{\"@id\":\"https:\/\/psoecanarias.com\/web\/tamara-raya-no-apoyaremos-unos-pge-que-dejaran-sin-subsidio-a-172-000-canarios-y-canarias-en-desempleo\/\"},\"wordCount\":364,\"commentCount\":0,\"image\":{\"@id\":\"https:\/\/psoecanarias.com\/web\/tamara-raya-no-apoyaremos-unos-pge-que-dejaran-sin-subsidio-a-172-000-canarios-y-canarias-en-desempleo\/#primaryimage\"},\"thumbnailUrl\":\"https:\/\/psoecanarias.com\/web\/wp-content\/uploads\/2017\/04\/Tamara-Raya-en-la-Comision-de-Empleo-del-Congreso-e1493298484239.jpg\",\"keywords\":[\"Congreso\",\"Empelo\",\"PGE\",\"Tamara Raya\"],\"articleSection\":[\"Pol\u00edtica\"],\"inLanguage\":\"es\",\"potentialAction\":[{\"@type\":\"CommentAction\",\"name\":\"Comment\",\"target\":[\"https:\/\/psoecanarias.com\/web\/tamara-raya-no-apoyaremos-unos-pge-que-dejaran-sin-subsidio-a-172-000-canarios-y-canarias-en-desempleo\/#respond\"]}]},{\"@type\":\"WebPage\",\"@id\":\"https:\/\/psoecanarias.com\/web\/tamara-raya-no-apoyaremos-unos-pge-que-dejaran-sin-subsidio-a-172-000-canarios-y-canarias-en-desempleo\/\",\"url\":\"https:\/\/psoecanarias.com\/web\/tamara-raya-no-apoyaremos-unos-pge-que-dejaran-sin-subsidio-a-172-000-canarios-y-canarias-en-desempleo\/\",\"name\":\"Tamara Raya: \u201cNo apoyaremos unos PGE que dejar\u00e1n sin subsidio a 172.000 canarios y canarias en desempleo\u201d | PSOE Canarias\",\"isPartOf\":{\"@id\":\"https:\/\/psoecanarias.com\/web\/#website\"},\"primaryImageOfPage\":{\"@id\":\"https:\/\/psoecanarias.com\/web\/tamara-raya-no-apoyaremos-unos-pge-que-dejaran-sin-subsidio-a-172-000-canarios-y-canarias-en-desempleo\/#primaryimage\"},\"image\":{\"@id\":\"https:\/\/psoecanarias.com\/web\/tamara-raya-no-apoyaremos-unos-pge-que-dejaran-sin-subsidio-a-172-000-canarios-y-canarias-en-desempleo\/#primaryimage\"},\"thumbnailUrl\":\"https:\/\/psoecanarias.com\/web\/wp-content\/uploads\/2017\/04\/Tamara-Raya-en-la-Comision-de-Empleo-del-Congreso-e1493298484239.jpg\",\"datePublished\":\"2017-04-27T13:08:35+00:00\",\"author\":{\"@id\":\"https:\/\/psoecanarias.com\/web\/#\/schema\/person\/1ae43f9659d2fc599ca69c11e1dbf26f\"},\"breadcrumb\":{\"@id\":\"https:\/\/psoecanarias.com\/web\/tamara-raya-no-apoyaremos-unos-pge-que-dejaran-sin-subsidio-a-172-000-canarios-y-canarias-en-desempleo\/#breadcrumb\"},\"inLanguage\":\"es\",\"potentialAction\":[{\"@type\":\"ReadAction\",\"target\":[\"https:\/\/psoecanarias.com\/web\/tamara-raya-no-apoyaremos-unos-pge-que-dejaran-sin-subsidio-a-172-000-canarios-y-canarias-en-desempleo\/\"]}]},{\"@type\":\"ImageObject\",\"inLanguage\":\"es\",\"@id\":\"https:\/\/psoecanarias.com\/web\/tamara-raya-no-apoyaremos-unos-pge-que-dejaran-sin-subsidio-a-172-000-canarios-y-canarias-en-desempleo\/#primaryimage\",\"url\":\"https:\/\/psoecanarias.com\/web\/wp-content\/uploads\/2017\/04\/Tamara-Raya-en-la-Comision-de-Empleo-del-Congreso-e1493298484239.jpg\",\"contentUrl\":\"https:\/\/psoecanarias.com\/web\/wp-content\/uploads\/2017\/04\/Tamara-Raya-en-la-Comision-de-Empleo-del-Congreso-e1493298484239.jpg\",\"width\":900,\"height\":600},{\"@type\":\"BreadcrumbList\",\"@id\":\"https:\/\/psoecanarias.com\/web\/tamara-raya-no-apoyaremos-unos-pge-que-dejaran-sin-subsidio-a-172-000-canarios-y-canarias-en-desempleo\/#breadcrumb\",\"itemListElement\":[{\"@type\":\"ListItem\",\"position\":1,\"name\":\"Portada\",\"item\":\"https:\/\/psoecanarias.com\/web\/\"},{\"@type\":\"ListItem\",\"position\":2,\"name\":\"Tamara Raya: \u201cNo apoyaremos unos PGE que dejar\u00e1n sin subsidio a 172.000 canarios y canarias en desempleo\u201d\"}]},{\"@type\":\"WebSite\",\"@id\":\"https:\/\/psoecanarias.com\/web\/#website\",\"url\":\"https:\/\/psoecanarias.com\/web\/\",\"name\":\"PSOE Canarias\",\"description\":\"Partido Socialista Obrero Espa\u00f1ol Canarias\",\"potentialAction\":[{\"@type\":\"SearchAction\",\"target\":{\"@type\":\"EntryPoint\",\"urlTemplate\":\"https:\/\/psoecanarias.com\/web\/?s={search_term_string}\"},\"query-input\":{\"@type\":\"PropertyValueSpecification\",\"valueRequired\":true,\"valueName\":\"search_term_string\"}}],\"inLanguage\":\"es\"},{\"@type\":\"Person\",\"@id\":\"https:\/\/psoecanarias.com\/web\/#\/schema\/person\/1ae43f9659d2fc599ca69c11e1dbf26f\",\"name\":\"PSOE Canarias\",\"image\":{\"@type\":\"ImageObject\",\"inLanguage\":\"es\",\"@id\":\"https:\/\/secure.gravatar.com\/avatar\/4364d37f6f6f9cdb7af199b46151565f37d8a8c3c0e04c1d78c04e857a15e3a8?s=96&d=mm&r=g\",\"url\":\"https:\/\/secure.gravatar.com\/avatar\/4364d37f6f6f9cdb7af199b46151565f37d8a8c3c0e04c1d78c04e857a15e3a8?s=96&d=mm&r=g\",\"contentUrl\":\"https:\/\/secure.gravatar.com\/avatar\/4364d37f6f6f9cdb7af199b46151565f37d8a8c3c0e04c1d78c04e857a15e3a8?s=96&d=mm&r=g\",\"caption\":\"PSOE Canarias\"},\"url\":\"https:\/\/psoecanarias.com\/web\/author\/admin\/\"}]}<\/script>\n<!-- \/ Yoast SEO plugin. -->","yoast_head_json":{"title":"Tamara Raya: \u201cNo apoyaremos unos PGE que dejar\u00e1n sin subsidio a 172.000 canarios y canarias en desempleo\u201d | PSOE Canarias","robots":{"index":"index","follow":"follow","max-snippet":"max-snippet:-1","max-image-preview":"max-image-preview:large","max-video-preview":"max-video-preview:-1"},"canonical":"https:\/\/psoecanarias.com\/web\/tamara-raya-no-apoyaremos-unos-pge-que-dejaran-sin-subsidio-a-172-000-canarios-y-canarias-en-desempleo\/","og_locale":"es_ES","og_type":"article","og_title":"Tamara Raya: \u201cNo apoyaremos unos PGE que dejar\u00e1n sin subsidio a 172.000 canarios y canarias en desempleo\u201d | PSOE Canarias","og_description":"La diputada del PSOE por Tenerife reclama a CC \u201cmenos desfachatez y m\u00e1s seriedad\u201d con las necesidades de los ciudadanos","og_url":"https:\/\/psoecanarias.com\/web\/tamara-raya-no-apoyaremos-unos-pge-que-dejaran-sin-subsidio-a-172-000-canarios-y-canarias-en-desempleo\/","og_site_name":"PSOE Canarias","article_published_time":"2017-04-27T13:08:35+00:00","og_image":[{"width":900,"height":600,"url":"https:\/\/psoecanarias.com\/web\/wp-content\/uploads\/2017\/04\/Tamara-Raya-en-la-Comision-de-Empleo-del-Congreso-e1493298484239.jpg","type":"image\/jpeg"}],"author":"PSOE Canarias","twitter_card":"summary_large_image","schema":{"@context":"https:\/\/schema.org","@graph":[{"@type":"Article","@id":"https:\/\/psoecanarias.com\/web\/tamara-raya-no-apoyaremos-unos-pge-que-dejaran-sin-subsidio-a-172-000-canarios-y-canarias-en-desempleo\/#article","isPartOf":{"@id":"https:\/\/psoecanarias.com\/web\/tamara-raya-no-apoyaremos-unos-pge-que-dejaran-sin-subsidio-a-172-000-canarios-y-canarias-en-desempleo\/"},"author":{"name":"PSOE Canarias","@id":"https:\/\/psoecanarias.com\/web\/#\/schema\/person\/1ae43f9659d2fc599ca69c11e1dbf26f"},"headline":"Tamara Raya: \u201cNo apoyaremos unos PGE que dejar\u00e1n sin subsidio a 172.000 canarios y canarias en desempleo\u201d","datePublished":"2017-04-27T13:08:35+00:00","mainEntityOfPage":{"@id":"https:\/\/psoecanarias.com\/web\/tamara-raya-no-apoyaremos-unos-pge-que-dejaran-sin-subsidio-a-172-000-canarios-y-canarias-en-desempleo\/"},"wordCount":364,"commentCount":0,"image":{"@id":"https:\/\/psoecanarias.com\/web\/tamara-raya-no-apoyaremos-unos-pge-que-dejaran-sin-subsidio-a-172-000-canarios-y-canarias-en-desempleo\/#primaryimage"},"thumbnailUrl":"https:\/\/psoecanarias.com\/web\/wp-content\/uploads\/2017\/04\/Tamara-Raya-en-la-Comision-de-Empleo-del-Congreso-e1493298484239.jpg","keywords":["Congreso","Empelo","PGE","Tamara Raya"],"articleSection":["Pol\u00edtica"],"inLanguage":"es","potentialAction":[{"@type":"CommentAction","name":"Comment","target":["https:\/\/psoecanarias.com\/web\/tamara-raya-no-apoyaremos-unos-pge-que-dejaran-sin-subsidio-a-172-000-canarios-y-canarias-en-desempleo\/#respond"]}]},{"@type":"WebPage","@id":"https:\/\/psoecanarias.com\/web\/tamara-raya-no-apoyaremos-unos-pge-que-dejaran-sin-subsidio-a-172-000-canarios-y-canarias-en-desempleo\/","url":"https:\/\/psoecanarias.com\/web\/tamara-raya-no-apoyaremos-unos-pge-que-dejaran-sin-subsidio-a-172-000-canarios-y-canarias-en-desempleo\/","name":"Tamara Raya: \u201cNo apoyaremos unos PGE que dejar\u00e1n sin subsidio a 172.000 canarios y canarias en desempleo\u201d | PSOE Canarias","isPartOf":{"@id":"https:\/\/psoecanarias.com\/web\/#website"},"primaryImageOfPage":{"@id":"https:\/\/psoecanarias.com\/web\/tamara-raya-no-apoyaremos-unos-pge-que-dejaran-sin-subsidio-a-172-000-canarios-y-canarias-en-desempleo\/#primaryimage"},"image":{"@id":"https:\/\/psoecanarias.com\/web\/tamara-raya-no-apoyaremos-unos-pge-que-dejaran-sin-subsidio-a-172-000-canarios-y-canarias-en-desempleo\/#primaryimage"},"thumbnailUrl":"https:\/\/psoecanarias.com\/web\/wp-content\/uploads\/2017\/04\/Tamara-Raya-en-la-Comision-de-Empleo-del-Congreso-e1493298484239.jpg","datePublished":"2017-04-27T13:08:35+00:00","author":{"@id":"https:\/\/psoecanarias.com\/web\/#\/schema\/person\/1ae43f9659d2fc599ca69c11e1dbf26f"},"breadcrumb":{"@id":"https:\/\/psoecanarias.com\/web\/tamara-raya-no-apoyaremos-unos-pge-que-dejaran-sin-subsidio-a-172-000-canarios-y-canarias-en-desempleo\/#breadcrumb"},"inLanguage":"es","potentialAction":[{"@type":"ReadAction","target":["https:\/\/psoecanarias.com\/web\/tamara-raya-no-apoyaremos-unos-pge-que-dejaran-sin-subsidio-a-172-000-canarios-y-canarias-en-desempleo\/"]}]},{"@type":"ImageObject","inLanguage":"es","@id":"https:\/\/psoecanarias.com\/web\/tamara-raya-no-apoyaremos-unos-pge-que-dejaran-sin-subsidio-a-172-000-canarios-y-canarias-en-desempleo\/#primaryimage","url":"https:\/\/psoecanarias.com\/web\/wp-content\/uploads\/2017\/04\/Tamara-Raya-en-la-Comision-de-Empleo-del-Congreso-e1493298484239.jpg","contentUrl":"https:\/\/psoecanarias.com\/web\/wp-content\/uploads\/2017\/04\/Tamara-Raya-en-la-Comision-de-Empleo-del-Congreso-e1493298484239.jpg","width":900,"height":600},{"@type":"BreadcrumbList","@id":"https:\/\/psoecanarias.com\/web\/tamara-raya-no-apoyaremos-unos-pge-que-dejaran-sin-subsidio-a-172-000-canarios-y-canarias-en-desempleo\/#breadcrumb","itemListElement":[{"@type":"ListItem","position":1,"name":"Portada","item":"https:\/\/psoecanarias.com\/web\/"},{"@type":"ListItem","position":2,"name":"Tamara Raya: \u201cNo apoyaremos unos PGE que dejar\u00e1n sin subsidio a 172.000 canarios y canarias en desempleo\u201d"}]},{"@type":"WebSite","@id":"https:\/\/psoecanarias.com\/web\/#website","url":"https:\/\/psoecanarias.com\/web\/","name":"PSOE Canarias","description":"Partido Socialista Obrero Espa\u00f1ol Canarias","potentialAction":[{"@type":"SearchAction","target":{"@type":"EntryPoint","urlTemplate":"https:\/\/psoecanarias.com\/web\/?s={search_term_string}"},"query-input":{"@type":"PropertyValueSpecification","valueRequired":true,"valueName":"search_term_string"}}],"inLanguage":"es"},{"@type":"Person","@id":"https:\/\/psoecanarias.com\/web\/#\/schema\/person\/1ae43f9659d2fc599ca69c11e1dbf26f","name":"PSOE Canarias","image":{"@type":"ImageObject","inLanguage":"es","@id":"https:\/\/secure.gravatar.com\/avatar\/4364d37f6f6f9cdb7af199b46151565f37d8a8c3c0e04c1d78c04e857a15e3a8?s=96&d=mm&r=g","url":"https:\/\/secure.gravatar.com\/avatar\/4364d37f6f6f9cdb7af199b46151565f37d8a8c3c0e04c1d78c04e857a15e3a8?s=96&d=mm&r=g","contentUrl":"https:\/\/secure.gravatar.com\/avatar\/4364d37f6f6f9cdb7af199b46151565f37d8a8c3c0e04c1d78c04e857a15e3a8?s=96&d=mm&r=g","caption":"PSOE Canarias"},"url":"https:\/\/psoecanarias.com\/web\/author\/admin\/"}]}},"_links":{"self":[{"href":"https:\/\/psoecanarias.com\/web\/wp-json\/wp\/v2\/posts\/3200","targetHints":{"allow":["GET"]}}],"collection":[{"href":"https:\/\/psoecanarias.com\/web\/wp-json\/wp\/v2\/posts"}],"about":[{"href":"https:\/\/psoecanarias.com\/web\/wp-json\/wp\/v2\/types\/post"}],"author":[{"embeddable":true,"href":"https:\/\/psoecanarias.com\/web\/wp-json\/wp\/v2\/users\/1"}],"replies":[{"embeddable":true,"href":"https:\/\/psoecanarias.com\/web\/wp-json\/wp\/v2\/comments?post=3200"}],"version-history":[{"count":1,"href":"https:\/\/psoecanarias.com\/web\/wp-json\/wp\/v2\/posts\/3200\/revisions"}],"predecessor-version":[{"id":3202,"href":"https:\/\/psoecanarias.com\/web\/wp-json\/wp\/v2\/posts\/3200\/revisions\/3202"}],"wp:featuredmedia":[{"embeddable":true,"href":"https:\/\/psoecanarias.com\/web\/wp-json\/wp\/v2\/media\/3201"}],"wp:attachment":[{"href":"https:\/\/psoecanarias.com\/web\/wp-json\/wp\/v2\/media?parent=3200"}],"wp:term":[{"taxonomy":"category","embeddable":true,"href":"https:\/\/psoecanarias.com\/web\/wp-json\/wp\/v2\/categories?post=3200"},{"taxonomy":"post_tag","embeddable":true,"href":"https:\/\/psoecanarias.com\/web\/wp-json\/wp\/v2\/tags?post=3200"}],"curies":[{"name":"wp","href":"https:\/\/api.w.org\/{rel}","templated":true}]}}