{"id":32324,"date":"2022-11-29T14:42:32","date_gmt":"2022-11-29T14:42:32","guid":{"rendered":"https:\/\/psoecanarias.com\/web\/?p=32324"},"modified":"2022-11-29T14:42:42","modified_gmt":"2022-11-29T14:42:42","slug":"reforzamos-la-apuesta-por-el-estado-de-bienestar","status":"publish","type":"post","link":"https:\/\/psoecanarias.com\/web\/reforzamos-la-apuesta-por-el-estado-de-bienestar\/","title":{"rendered":"&#8220;Reforzamos la apuesta por el Estado de Bienestar&#8221;"},"content":{"rendered":"<p><strong>Canarias, 29 de noviembre de 2022.-<\/strong> Los grupos parlamentarios del Pacto de Gobierno en Canarias han registrado este martes [29] un total de 149 enmiendas parciales al Proyecto de Ley de los Presupuestos Generales de la Comunidad Aut\u00f3noma (PGCAC) para 2023, con los que se movilizan casi 50 millones de euros, as\u00ed como otras 35 enmiendas al articulado.<\/p>\n<p>El PSOE, Nueva Canarias (NC), S\u00ed Podemos Canarias y la Agrupaci\u00f3n Socialista Gomera (ASG) afirman que, con estas propuestas, se consiguen unos presupuestos \u201cmagn\u00edficos\u201d que refuerzan \u201ccomo nunca\u201d la apuesta que ha hecho el Ejecutivo durante esta legislatura por el Estado de Bienestar, pese a sufrir crisis mundiales como la de la pandemia por el Covid y las consecuencias de la guerra en Ucrania.<\/p>\n<p>El Pacto de las Flores ha presentado 184 enmiendas parciales con el objetivo de reforzar los servicios b\u00e1sicos con un \u201cesfuerzo inversor\u201d para impulsar el tejido productivo y proteger a la clase media y trabajadora de las islas.<\/p>\n<p>Desde el Grupo Parlamentario Socialista consideran que estos Presupuestos consolidan el modelo social de este Gobierno, y que con \u00e9l se \u201cpone freno\u201d a las consecuencias de las adversidades que han ocurrido, adem\u00e1s de mostrar las prioridades sociales \u201cque no han dejado de crecer en estos cuatro a\u00f1os\u201d, como los incrementos en sanidad, educaci\u00f3n, derechos sociales y vivienda.<\/p>\n<p>Los socialistas aseguran que las nuevas cuentas, \u201cdar\u00e1n continuidad\u201d a la labor del Gobierno durante la pr\u00f3xima legislatura, y que demuestran la \u201ccohesi\u00f3n y fortaleza\u201d que han caracterizado a un Ejecutivo que, \u201cpese a estar compuesto por cuatro fuerzas con muchas coincidencias, pero tambi\u00e9n con diferencias, ha sabido dejar eso a un lado y acabar el mandato, algo excepcional en Canarias\u201d.<\/p>\n<p>Entre las enmiendas al articulado y el presupuesto en su conjunto, destacan la autorizaci\u00f3n de un mayor gasto para las dos universidades p\u00fablicas canarias, que podr\u00e1n disponer de 4,5 millones de euros cada una.<\/p>\n<p>Apuesta por el sistema sanitario y el sector ganadero<\/p>\n<p>Adem\u00e1s, resaltan la reducci\u00f3n de los precios de la alimentaci\u00f3n dedicados a la ganader\u00eda, con una bajada del IGIC para eliminar la carga que conlleva la imposici\u00f3n indirecta, y atenuar de esta forma el impacto de la subida de los precios. \u201cSe trata de una medida tributaria que lo que persigue es ayudar a uno de los principales sectores productivos de las islas a afrontar las consecuencias de la crisis econ\u00f3mica\u201d.<\/p>\n<p>Otra de las enmiendas destacadas es el incremento de las plazas estructurales previstas en las plantillas del Servicio Canario de la Salud (SCS), con el objetivo de ampliar la plantilla del personal y adecuarlas a las necesidades reales. \u201cUna medida que lo que intenta es ofrecer una mayor estabilizaci\u00f3n para el personal del SCS, en l\u00ednea con nuestro compromiso con la mejora de la sanidad p\u00fablica en Canarias y sus profesionales, uno de los pilares del Estado de Bienestar\u201d.<\/p>\n<p>Con respecto a la parte econ\u00f3mica de las enmiendas, los socialistas hacen hincapi\u00e9 en el aumento de la financiaci\u00f3n para los ayuntamientos de las capitales ubicadas en las islas no capitalinas, as\u00ed como la mejora de la financiaci\u00f3n de las c\u00e1maras de comercio del Archipi\u00e9lago.<\/p>\n<p>Por islas, destacan las partidas destinadas a subvencionar al Cabildo de El Hierro para la retirada de amianto y la conservaci\u00f3n y mantenimiento de las pistas forestales en la isla, as\u00ed como la introducci\u00f3n de mejoras en las infraestructuras sanitarias y educativas, como el consultorio local de El Cotillo o un nuevo IES en Puerto del Rosario en la isla de Fuerteventura.<\/p>\n<p>Las propuestas para Gran Canaria incluyen el Plan Integral de Jin\u00e1mar y el proyecto de econom\u00eda circular Mancomunidad del Sureste, y en La Gomera se destaca el aumento presupuestario para impulsar la ampliaci\u00f3n del Puerto de Playa Santiago y el centro de salud de Valle Gran Rey.<br \/>\nMedidas de reactivaci\u00f3n econ\u00f3mica para La Palma.<\/p>\n<p>Para La Palma, se han sumado importantes partidas para infraestructuras tur\u00edsticas que ayuden a su reactivaci\u00f3n econ\u00f3mica tras los efectos de la erupci\u00f3n del volc\u00e1n, como el Museo arqueol\u00f3gico Benahorita, la restauraci\u00f3n del entorno del Molino del Roque en Puntagorda, y el balneario urbano deportivo en San Andr\u00e9s y Sauces.<\/p>\n<p>En Lanzarote, se a\u00f1aden importantes partidas para la mejora del Puerto de \u00d3rzola, el centro de salud de Argana Alta y el impulso al mercado agr\u00edcola insular.<\/p>\n<p>En Tenerife resaltan el aumento de las partidas para el control de las termitas subterr\u00e1neas, para mejorar el mercado agrario del Noreste de la isla, as\u00ed como para acondicionar el refugio pesquero de El Pris en el municipio de Tacoronte.<\/p>\n<p>Desde el Grupo Parlamentario Socialista insisten que en estas enmiendas est\u00e1n dirigidas para el avance y mejora de todas las islas y no s\u00f3lo centradas en infraestructuras, sino en servicios b\u00e1sicos para la ciudadan\u00eda de Canarias. \u201cLos grupos del Pacto de Gobierno hemos acordado estas mejoras a partir de un Proyecto de Ley de Presupuestos m\u00e1s que bueno para Canarias, porque aporta certidumbre al futuro de las islas y consagra que las islas mejoran d\u00eda a d\u00eda\u201d.<\/p>\n","protected":false},"excerpt":{"rendered":"<p>Los grupos pol\u00edticos que apoyan al Gobierno presentan sus enmiendas al Proyecto de Ley de Presupuestos de Canarias para 2023<\/p>\n","protected":false},"author":1,"featured_media":32325,"comment_status":"open","ping_status":"open","sticky":false,"template":"","format":"standard","meta":{"footnotes":""},"categories":[1185,1184],"tags":[],"class_list":["post-32324","post","type-post","status-publish","format-standard","has-post-thumbnail","hentry","category-grupo-parlamentario","category-noticias"],"featured_image_src":"https:\/\/psoecanarias.com\/web\/wp-content\/uploads\/2022\/11\/nota-prensa-psoe.jpg","author_info":{"display_name":"PSOE Canarias","author_link":"https:\/\/psoecanarias.com\/web\/author\/admin\/"},"yoast_head":"<!-- This site is optimized with the Yoast SEO plugin v27.2 - https:\/\/yoast.com\/product\/yoast-seo-wordpress\/ -->\n<title>&quot;Reforzamos la apuesta por el Estado de Bienestar&quot; | PSOE Canarias<\/title>\n<meta name=\"robots\" content=\"index, follow, max-snippet:-1, max-image-preview:large, max-video-preview:-1\" \/>\n<link rel=\"canonical\" href=\"https:\/\/psoecanarias.com\/web\/reforzamos-la-apuesta-por-el-estado-de-bienestar\/\" \/>\n<meta property=\"og:locale\" content=\"es_ES\" \/>\n<meta property=\"og:type\" content=\"article\" \/>\n<meta property=\"og:title\" content=\"&quot;Reforzamos la apuesta por el Estado de Bienestar&quot; | PSOE Canarias\" \/>\n<meta property=\"og:description\" content=\"Los grupos pol\u00edticos que apoyan al Gobierno presentan sus enmiendas al Proyecto de Ley de Presupuestos de Canarias para 2023\" \/>\n<meta property=\"og:url\" content=\"https:\/\/psoecanarias.com\/web\/reforzamos-la-apuesta-por-el-estado-de-bienestar\/\" \/>\n<meta property=\"og:site_name\" content=\"PSOE Canarias\" \/>\n<meta property=\"article:published_time\" content=\"2022-11-29T14:42:32+00:00\" \/>\n<meta property=\"article:modified_time\" content=\"2022-11-29T14:42:42+00:00\" \/>\n<meta property=\"og:image\" content=\"https:\/\/psoecanarias.com\/web\/wp-content\/uploads\/2022\/11\/nota-prensa-psoe.jpg\" \/>\n\t<meta property=\"og:image:width\" content=\"799\" \/>\n\t<meta property=\"og:image:height\" content=\"532\" \/>\n\t<meta property=\"og:image:type\" content=\"image\/jpeg\" \/>\n<meta name=\"author\" content=\"PSOE Canarias\" \/>\n<meta name=\"twitter:card\" content=\"summary_large_image\" \/>\n<script type=\"application\/ld+json\" class=\"yoast-schema-graph\">{\"@context\":\"https:\/\/schema.org\",\"@graph\":[{\"@type\":\"Article\",\"@id\":\"https:\/\/psoecanarias.com\/web\/reforzamos-la-apuesta-por-el-estado-de-bienestar\/#article\",\"isPartOf\":{\"@id\":\"https:\/\/psoecanarias.com\/web\/reforzamos-la-apuesta-por-el-estado-de-bienestar\/\"},\"author\":{\"name\":\"PSOE Canarias\",\"@id\":\"https:\/\/psoecanarias.com\/web\/#\/schema\/person\/1ae43f9659d2fc599ca69c11e1dbf26f\"},\"headline\":\"&#8220;Reforzamos la apuesta por el Estado de Bienestar&#8221;\",\"datePublished\":\"2022-11-29T14:42:32+00:00\",\"dateModified\":\"2022-11-29T14:42:42+00:00\",\"mainEntityOfPage\":{\"@id\":\"https:\/\/psoecanarias.com\/web\/reforzamos-la-apuesta-por-el-estado-de-bienestar\/\"},\"wordCount\":880,\"commentCount\":0,\"image\":{\"@id\":\"https:\/\/psoecanarias.com\/web\/reforzamos-la-apuesta-por-el-estado-de-bienestar\/#primaryimage\"},\"thumbnailUrl\":\"https:\/\/psoecanarias.com\/web\/wp-content\/uploads\/2022\/11\/nota-prensa-psoe.jpg\",\"articleSection\":[\"Grupo Parlamentario\",\"Noticias\"],\"inLanguage\":\"es\",\"potentialAction\":[{\"@type\":\"CommentAction\",\"name\":\"Comment\",\"target\":[\"https:\/\/psoecanarias.com\/web\/reforzamos-la-apuesta-por-el-estado-de-bienestar\/#respond\"]}]},{\"@type\":\"WebPage\",\"@id\":\"https:\/\/psoecanarias.com\/web\/reforzamos-la-apuesta-por-el-estado-de-bienestar\/\",\"url\":\"https:\/\/psoecanarias.com\/web\/reforzamos-la-apuesta-por-el-estado-de-bienestar\/\",\"name\":\"\\\"Reforzamos la apuesta por el Estado de Bienestar\\\" | PSOE Canarias\",\"isPartOf\":{\"@id\":\"https:\/\/psoecanarias.com\/web\/#website\"},\"primaryImageOfPage\":{\"@id\":\"https:\/\/psoecanarias.com\/web\/reforzamos-la-apuesta-por-el-estado-de-bienestar\/#primaryimage\"},\"image\":{\"@id\":\"https:\/\/psoecanarias.com\/web\/reforzamos-la-apuesta-por-el-estado-de-bienestar\/#primaryimage\"},\"thumbnailUrl\":\"https:\/\/psoecanarias.com\/web\/wp-content\/uploads\/2022\/11\/nota-prensa-psoe.jpg\",\"datePublished\":\"2022-11-29T14:42:32+00:00\",\"dateModified\":\"2022-11-29T14:42:42+00:00\",\"author\":{\"@id\":\"https:\/\/psoecanarias.com\/web\/#\/schema\/person\/1ae43f9659d2fc599ca69c11e1dbf26f\"},\"breadcrumb\":{\"@id\":\"https:\/\/psoecanarias.com\/web\/reforzamos-la-apuesta-por-el-estado-de-bienestar\/#breadcrumb\"},\"inLanguage\":\"es\",\"potentialAction\":[{\"@type\":\"ReadAction\",\"target\":[\"https:\/\/psoecanarias.com\/web\/reforzamos-la-apuesta-por-el-estado-de-bienestar\/\"]}]},{\"@type\":\"ImageObject\",\"inLanguage\":\"es\",\"@id\":\"https:\/\/psoecanarias.com\/web\/reforzamos-la-apuesta-por-el-estado-de-bienestar\/#primaryimage\",\"url\":\"https:\/\/psoecanarias.com\/web\/wp-content\/uploads\/2022\/11\/nota-prensa-psoe.jpg\",\"contentUrl\":\"https:\/\/psoecanarias.com\/web\/wp-content\/uploads\/2022\/11\/nota-prensa-psoe.jpg\",\"width\":799,\"height\":532,\"caption\":\"Vista del sal\u00f3n de plenos del Parlamento de Canarias.\"},{\"@type\":\"BreadcrumbList\",\"@id\":\"https:\/\/psoecanarias.com\/web\/reforzamos-la-apuesta-por-el-estado-de-bienestar\/#breadcrumb\",\"itemListElement\":[{\"@type\":\"ListItem\",\"position\":1,\"name\":\"Portada\",\"item\":\"https:\/\/psoecanarias.com\/web\/\"},{\"@type\":\"ListItem\",\"position\":2,\"name\":\"\\\"Reforzamos la apuesta por el Estado de Bienestar\\\"\"}]},{\"@type\":\"WebSite\",\"@id\":\"https:\/\/psoecanarias.com\/web\/#website\",\"url\":\"https:\/\/psoecanarias.com\/web\/\",\"name\":\"PSOE Canarias\",\"description\":\"Partido Socialista Obrero Espa\u00f1ol Canarias\",\"potentialAction\":[{\"@type\":\"SearchAction\",\"target\":{\"@type\":\"EntryPoint\",\"urlTemplate\":\"https:\/\/psoecanarias.com\/web\/?s={search_term_string}\"},\"query-input\":{\"@type\":\"PropertyValueSpecification\",\"valueRequired\":true,\"valueName\":\"search_term_string\"}}],\"inLanguage\":\"es\"},{\"@type\":\"Person\",\"@id\":\"https:\/\/psoecanarias.com\/web\/#\/schema\/person\/1ae43f9659d2fc599ca69c11e1dbf26f\",\"name\":\"PSOE Canarias\",\"image\":{\"@type\":\"ImageObject\",\"inLanguage\":\"es\",\"@id\":\"https:\/\/secure.gravatar.com\/avatar\/4364d37f6f6f9cdb7af199b46151565f37d8a8c3c0e04c1d78c04e857a15e3a8?s=96&d=mm&r=g\",\"url\":\"https:\/\/secure.gravatar.com\/avatar\/4364d37f6f6f9cdb7af199b46151565f37d8a8c3c0e04c1d78c04e857a15e3a8?s=96&d=mm&r=g\",\"contentUrl\":\"https:\/\/secure.gravatar.com\/avatar\/4364d37f6f6f9cdb7af199b46151565f37d8a8c3c0e04c1d78c04e857a15e3a8?s=96&d=mm&r=g\",\"caption\":\"PSOE Canarias\"},\"url\":\"https:\/\/psoecanarias.com\/web\/author\/admin\/\"}]}<\/script>\n<!-- \/ Yoast SEO plugin. -->","yoast_head_json":{"title":"\"Reforzamos la apuesta por el Estado de Bienestar\" | PSOE Canarias","robots":{"index":"index","follow":"follow","max-snippet":"max-snippet:-1","max-image-preview":"max-image-preview:large","max-video-preview":"max-video-preview:-1"},"canonical":"https:\/\/psoecanarias.com\/web\/reforzamos-la-apuesta-por-el-estado-de-bienestar\/","og_locale":"es_ES","og_type":"article","og_title":"\"Reforzamos la apuesta por el Estado de Bienestar\" | PSOE Canarias","og_description":"Los grupos pol\u00edticos que apoyan al Gobierno presentan sus enmiendas al Proyecto de Ley de Presupuestos de Canarias para 2023","og_url":"https:\/\/psoecanarias.com\/web\/reforzamos-la-apuesta-por-el-estado-de-bienestar\/","og_site_name":"PSOE Canarias","article_published_time":"2022-11-29T14:42:32+00:00","article_modified_time":"2022-11-29T14:42:42+00:00","og_image":[{"width":799,"height":532,"url":"https:\/\/psoecanarias.com\/web\/wp-content\/uploads\/2022\/11\/nota-prensa-psoe.jpg","type":"image\/jpeg"}],"author":"PSOE Canarias","twitter_card":"summary_large_image","schema":{"@context":"https:\/\/schema.org","@graph":[{"@type":"Article","@id":"https:\/\/psoecanarias.com\/web\/reforzamos-la-apuesta-por-el-estado-de-bienestar\/#article","isPartOf":{"@id":"https:\/\/psoecanarias.com\/web\/reforzamos-la-apuesta-por-el-estado-de-bienestar\/"},"author":{"name":"PSOE Canarias","@id":"https:\/\/psoecanarias.com\/web\/#\/schema\/person\/1ae43f9659d2fc599ca69c11e1dbf26f"},"headline":"&#8220;Reforzamos la apuesta por el Estado de Bienestar&#8221;","datePublished":"2022-11-29T14:42:32+00:00","dateModified":"2022-11-29T14:42:42+00:00","mainEntityOfPage":{"@id":"https:\/\/psoecanarias.com\/web\/reforzamos-la-apuesta-por-el-estado-de-bienestar\/"},"wordCount":880,"commentCount":0,"image":{"@id":"https:\/\/psoecanarias.com\/web\/reforzamos-la-apuesta-por-el-estado-de-bienestar\/#primaryimage"},"thumbnailUrl":"https:\/\/psoecanarias.com\/web\/wp-content\/uploads\/2022\/11\/nota-prensa-psoe.jpg","articleSection":["Grupo Parlamentario","Noticias"],"inLanguage":"es","potentialAction":[{"@type":"CommentAction","name":"Comment","target":["https:\/\/psoecanarias.com\/web\/reforzamos-la-apuesta-por-el-estado-de-bienestar\/#respond"]}]},{"@type":"WebPage","@id":"https:\/\/psoecanarias.com\/web\/reforzamos-la-apuesta-por-el-estado-de-bienestar\/","url":"https:\/\/psoecanarias.com\/web\/reforzamos-la-apuesta-por-el-estado-de-bienestar\/","name":"\"Reforzamos la apuesta por el Estado de Bienestar\" | PSOE Canarias","isPartOf":{"@id":"https:\/\/psoecanarias.com\/web\/#website"},"primaryImageOfPage":{"@id":"https:\/\/psoecanarias.com\/web\/reforzamos-la-apuesta-por-el-estado-de-bienestar\/#primaryimage"},"image":{"@id":"https:\/\/psoecanarias.com\/web\/reforzamos-la-apuesta-por-el-estado-de-bienestar\/#primaryimage"},"thumbnailUrl":"https:\/\/psoecanarias.com\/web\/wp-content\/uploads\/2022\/11\/nota-prensa-psoe.jpg","datePublished":"2022-11-29T14:42:32+00:00","dateModified":"2022-11-29T14:42:42+00:00","author":{"@id":"https:\/\/psoecanarias.com\/web\/#\/schema\/person\/1ae43f9659d2fc599ca69c11e1dbf26f"},"breadcrumb":{"@id":"https:\/\/psoecanarias.com\/web\/reforzamos-la-apuesta-por-el-estado-de-bienestar\/#breadcrumb"},"inLanguage":"es","potentialAction":[{"@type":"ReadAction","target":["https:\/\/psoecanarias.com\/web\/reforzamos-la-apuesta-por-el-estado-de-bienestar\/"]}]},{"@type":"ImageObject","inLanguage":"es","@id":"https:\/\/psoecanarias.com\/web\/reforzamos-la-apuesta-por-el-estado-de-bienestar\/#primaryimage","url":"https:\/\/psoecanarias.com\/web\/wp-content\/uploads\/2022\/11\/nota-prensa-psoe.jpg","contentUrl":"https:\/\/psoecanarias.com\/web\/wp-content\/uploads\/2022\/11\/nota-prensa-psoe.jpg","width":799,"height":532,"caption":"Vista del sal\u00f3n de plenos del Parlamento de Canarias."},{"@type":"BreadcrumbList","@id":"https:\/\/psoecanarias.com\/web\/reforzamos-la-apuesta-por-el-estado-de-bienestar\/#breadcrumb","itemListElement":[{"@type":"ListItem","position":1,"name":"Portada","item":"https:\/\/psoecanarias.com\/web\/"},{"@type":"ListItem","position":2,"name":"\"Reforzamos la apuesta por el Estado de Bienestar\""}]},{"@type":"WebSite","@id":"https:\/\/psoecanarias.com\/web\/#website","url":"https:\/\/psoecanarias.com\/web\/","name":"PSOE Canarias","description":"Partido Socialista Obrero Espa\u00f1ol Canarias","potentialAction":[{"@type":"SearchAction","target":{"@type":"EntryPoint","urlTemplate":"https:\/\/psoecanarias.com\/web\/?s={search_term_string}"},"query-input":{"@type":"PropertyValueSpecification","valueRequired":true,"valueName":"search_term_string"}}],"inLanguage":"es"},{"@type":"Person","@id":"https:\/\/psoecanarias.com\/web\/#\/schema\/person\/1ae43f9659d2fc599ca69c11e1dbf26f","name":"PSOE Canarias","image":{"@type":"ImageObject","inLanguage":"es","@id":"https:\/\/secure.gravatar.com\/avatar\/4364d37f6f6f9cdb7af199b46151565f37d8a8c3c0e04c1d78c04e857a15e3a8?s=96&d=mm&r=g","url":"https:\/\/secure.gravatar.com\/avatar\/4364d37f6f6f9cdb7af199b46151565f37d8a8c3c0e04c1d78c04e857a15e3a8?s=96&d=mm&r=g","contentUrl":"https:\/\/secure.gravatar.com\/avatar\/4364d37f6f6f9cdb7af199b46151565f37d8a8c3c0e04c1d78c04e857a15e3a8?s=96&d=mm&r=g","caption":"PSOE Canarias"},"url":"https:\/\/psoecanarias.com\/web\/author\/admin\/"}]}},"_links":{"self":[{"href":"https:\/\/psoecanarias.com\/web\/wp-json\/wp\/v2\/posts\/32324","targetHints":{"allow":["GET"]}}],"collection":[{"href":"https:\/\/psoecanarias.com\/web\/wp-json\/wp\/v2\/posts"}],"about":[{"href":"https:\/\/psoecanarias.com\/web\/wp-json\/wp\/v2\/types\/post"}],"author":[{"embeddable":true,"href":"https:\/\/psoecanarias.com\/web\/wp-json\/wp\/v2\/users\/1"}],"replies":[{"embeddable":true,"href":"https:\/\/psoecanarias.com\/web\/wp-json\/wp\/v2\/comments?post=32324"}],"version-history":[{"count":2,"href":"https:\/\/psoecanarias.com\/web\/wp-json\/wp\/v2\/posts\/32324\/revisions"}],"predecessor-version":[{"id":32327,"href":"https:\/\/psoecanarias.com\/web\/wp-json\/wp\/v2\/posts\/32324\/revisions\/32327"}],"wp:featuredmedia":[{"embeddable":true,"href":"https:\/\/psoecanarias.com\/web\/wp-json\/wp\/v2\/media\/32325"}],"wp:attachment":[{"href":"https:\/\/psoecanarias.com\/web\/wp-json\/wp\/v2\/media?parent=32324"}],"wp:term":[{"taxonomy":"category","embeddable":true,"href":"https:\/\/psoecanarias.com\/web\/wp-json\/wp\/v2\/categories?post=32324"},{"taxonomy":"post_tag","embeddable":true,"href":"https:\/\/psoecanarias.com\/web\/wp-json\/wp\/v2\/tags?post=32324"}],"curies":[{"name":"wp","href":"https:\/\/api.w.org\/{rel}","templated":true}]}}