{"id":3253,"date":"2017-05-09T20:42:15","date_gmt":"2017-05-09T19:42:15","guid":{"rendered":"http:\/\/psoecanarias.com\/web\/?p=3253"},"modified":"2017-05-09T20:42:15","modified_gmt":"2017-05-09T19:42:15","slug":"el-psoe-denuncia-que-la-actuacion-del-ministerio-de-fomento-hasta-ahora-esta-poniendo-en-peligro-los-equilibrios-territoriales-y-de-cohesion-de-canarias","status":"publish","type":"post","link":"https:\/\/psoecanarias.com\/web\/el-psoe-denuncia-que-la-actuacion-del-ministerio-de-fomento-hasta-ahora-esta-poniendo-en-peligro-los-equilibrios-territoriales-y-de-cohesion-de-canarias\/","title":{"rendered":"El PSOE denuncia que la actuaci\u00f3n del Ministerio de Fomento hasta ahora est\u00e1 poniendo en peligro los equilibrios territoriales y de cohesi\u00f3n de Canarias"},"content":{"rendered":"<p style=\"text-align: justify;\">El senador socialista por la Comunidad Aut\u00f3noma de Canarias, <strong>Julio Cruz<\/strong>, ha asegurado hoy que el futuro de Canarias depende en buena medida de las pol\u00edticas que se ejecuten en materia de transporte y comunicaciones, con la garant\u00eda de una mejor y adecuada movilidad y ha denunciado que la actuaci\u00f3n llevada a cabo por el Ministerio de Fomento hasta el momento est\u00e1 poniendo en peligro \u201clos equilibrios territoriales y la cohesi\u00f3n de Canarias\u201d.<\/p>\n<p style=\"text-align: justify;\">As\u00ed se lo ha hecho saber el senador canario al responsable de la cartera de Fomento, I\u00f1igo de la Serna, esta tarde, en la sesi\u00f3n de control al Gobierno, celebrada en el Senado y al hilo de una interpelaci\u00f3n que, sobre esta cuesti\u00f3n, le ha formulado el senador al ministro, al que ha reprochado el \u201cabandono\u201d y el \u201ctrato sectario\u201d que ha tenido el Gobierno del Partido Popular con las Islas, record\u00e1ndole que en los \u00faltimos seis a\u00f1os s\u00f3lo en materia de infraestructuras de carreteras ha generado una deuda 1.408 millones de euros<strong>. <\/strong><\/p>\n<p style=\"text-align: justify;\"><strong>\u201c<\/strong>Y yo le pregunto, se\u00f1or Ministro, \u00bfva usted\u00a0 hacer frente a esa deuda, va usted a dejar de seguir tratando sectariamente e incumpliendo lo firmado con la Comunidad Aut\u00f3noma de Canarias? \u00bfCu\u00e1ndo y como va a compensar y pagar esa deuda de 1.408 millones de euros en carretas, o va usted a seguir haciendo m\u00e1s de los mismo que es enga\u00f1ar y olvidar los problemas y las necesidades de infraestructura en Canarias, tanto en carreteras como en aeropuertos?, ha reclamado el senador socialista a De la Serna.<\/p>\n<p style=\"text-align: justify;\">En su intervenci\u00f3n, Julio Cruz ha hecho hincapi\u00e9 en que en la Comunidad Aut\u00f3noma de Canarias \u201csomos ocho islas, un territorio fragmentado, con notables desequilibrios territoriales y de desarrollo, desigualmente habitadas, unidas por mar y aire y por ello sus infraestructuras de carreteras de conexi\u00f3n de los principales n\u00facleos entre s\u00ed y con puertos y aeropuertos son fundamentales, as\u00ed como esas infraestructuras portuaria y aeroportuarias\u201d y ha subrayado que, para ello, el apoyo y el compromiso real y serio del Gobierno de Espa\u00f1a \u201ces necesario e imprescindible\u201d.<\/p>\n<p style=\"text-align: justify;\">Asimismo, ha puesto de manifiesto que el transporte a\u00e9reo y mar\u00edtimo para\u00a0 los Canarios y visitantes, -y las infraestructuras que les sirven de apoyo- son elementos estrat\u00e9gicos vitales para la movilidad dentro y hacia el Archipi\u00e9lago, dentro de cada Isla las conexiones entre esas infraestructuras y los principales n\u00facleos de poblaci\u00f3n y de estos entre s\u00ed, son tambi\u00e9n de inter\u00e9s general.<\/p>\n<p style=\"text-align: justify;\">Asimismo, el senador socialista se ha referido al convenio de carreteras firmado entre del Gobierno de Espa\u00f1a con la Comunidad Aut\u00f3noma de Canarias \u201cflagrantemente incumplido\u201d y ha reprochado al Ministro De la Serna que el presupuesto para 2017 sigue acumulando deuda e incumpliendo gravemente dicho convenio y ha augurado que \u201cal ritmo\u201d impuesto por el Ministerio de Fomento, de forma unilateral, llegar\u00e1 el a\u00f1o 2025 y \u201ca\u00fan\u201d habr\u00e1 deuda pendiente.<\/p>\n<p style=\"text-align: justify;\"><strong>\u00a0<\/strong><\/p>\n<p style=\"text-align: justify;\"><strong>Infraestructuras pendientes que afectan a m\u00e1s de 2.200.000 de residentes<\/strong><strong>\u00a0<\/strong><\/p>\n<p style=\"text-align: justify;\">De igual manera, el senador socialista ha criticado que existen obras muy importantes que a\u00fan no se han iniciado; obras tan importantes como por ejemplo: el cierre del anillo insular en Tenerife; la segunda fase de la carretera de la Aldea, tramo el Risco-Agaete, en Gran Canaria;\u00a0 Bajamar-Tajuya y\u00a0 el acceso al Puerto de Tazacorte en la Isla de la Palma; o la variante de Vallermoso y la importante carretera\u00a0 Arure-Alajer\u00f3-Aeropuerto, ambas en la Isla de la Gomera;\u00a0 o la primera fase tramo 2 de Frontera a Sabinosa en la Isla del Hierro;\u00a0 Puerto el Rosario \u2013la Caldereta en Fuerteventura o Yaiza-Arrecife en Lanzarote, y le ha afeado al Ministro que todas ellas est\u00e1n \u201ca la espera\u201d de su Departamento.<\/p>\n<p style=\"text-align: justify;\">Adem\u00e1s, ha advertido a De la Serna de que las obras que est\u00e1n sin concluir generan problemas de movilidad terrestre que afectan diariamente \u201ca m\u00e1s de los 2.200.000 personas que residimos permanentemente en Canarias\u201d.<\/p>\n<p style=\"text-align: justify;\">\n<p style=\"text-align: justify;\"><strong>Aeropuertos canarios<\/strong><\/p>\n<p style=\"text-align: justify;\">En relaci\u00f3n con los aeropuertos canarios, Julio Cruz ha asegurado que generan\u00a0 \u201cmillones y millones\u201d al sistema y ha lamentado que, sin embargo, las inversiones necesarias y previstas en los Planes Directores\u00a0 \u201cno se ejecutan\u201d por parte del gestor. Al hilo de ello, ha puesto como ejemplo que la pista del aeropuerto de\u00a0 Lanzarote sigue \u201csin ampliarse\u201d, impidiendo as\u00ed que pueda ser usado por determinados tipo de aviones. \u201cEn el DORA se prev\u00e9 iniciar las obras en 2021, largo me lo fiais, teniendo en cuanta los incumplimientos reiterados de documentos y compromisos anteriores\u201d, ha criticado.<\/p>\n<p style=\"text-align: justify;\">Asimismo, se ha referido a la terminal del Aeropuerto Tenerife Sur, uno de los m\u00e1s importante de Espa\u00f1a, y ha criticado que le falta la conexi\u00f3n de las dos\u00a0 terminales\u00a0\u00a0 y\u00a0\u00a0\u00a0 adaptar los procesos de embarque en la terminal 2, y ha destacado que dichas infraestructuras que afectan a millones de usuarios y se prev\u00e9 iniciar las obras para 2019. \u201cEs decir, hasta 2022 no estar\u00e1\u201d, ha lamentado.<\/p>\n<p style=\"text-align: justify;\">\u201cEn definitiva, se\u00f1or Ministro, va usted a reconocer la deuda, c\u00f3mo va a pagar esa deuda; como va a plantear los recursos para que la Comunidad Aut\u00f3noma ejecute en su momento esas 14 obras -carreteras de inter\u00e9s general- para esta Espa\u00f1a que est\u00e1n sin ejecutar en la comunidad aut\u00f3noma porque su Ministerio no ha cumplido. \u00bfC\u00f3mo lo va a hacer? D\u00edgalo, por favor, ha concluido el senador socialista.<\/p>\n","protected":false},"excerpt":{"rendered":"<p>Julio Cruz reprocha al Ministro de la Serna que el \u201cabandono\u201d y el \u201ctrato sectario\u201d que ha tenido el Gobierno del PP con las Islas y le recuerda que en los \u00faltimos seis a\u00f1os s\u00f3lo en materia de infraestructuras de carreteras \u201cha generado una deuda 1.408 millones de euros\u201d<\/p>\n","protected":false},"author":1,"featured_media":3254,"comment_status":"open","ping_status":"open","sticky":false,"template":"","format":"standard","meta":{"footnotes":""},"categories":[7],"tags":[977,75,38],"class_list":["post-3253","post","type-post","status-publish","format-standard","has-post-thumbnail","hentry","category-politica","tag-fomento","tag-julio-cruz","tag-senado"],"featured_image_src":"https:\/\/psoecanarias.com\/web\/wp-content\/uploads\/2017\/05\/Julio-Cruz.jpg","author_info":{"display_name":"PSOE Canarias","author_link":"https:\/\/psoecanarias.com\/web\/author\/admin\/"},"yoast_head":"<!-- This site is optimized with the Yoast SEO plugin v27.2 - https:\/\/yoast.com\/product\/yoast-seo-wordpress\/ -->\n<title>El PSOE denuncia que la actuaci\u00f3n del Ministerio de Fomento hasta ahora est\u00e1 poniendo en peligro los equilibrios territoriales y de cohesi\u00f3n de Canarias | PSOE Canarias<\/title>\n<meta name=\"robots\" content=\"index, follow, max-snippet:-1, max-image-preview:large, max-video-preview:-1\" \/>\n<link rel=\"canonical\" href=\"https:\/\/psoecanarias.com\/web\/el-psoe-denuncia-que-la-actuacion-del-ministerio-de-fomento-hasta-ahora-esta-poniendo-en-peligro-los-equilibrios-territoriales-y-de-cohesion-de-canarias\/\" \/>\n<meta property=\"og:locale\" content=\"es_ES\" \/>\n<meta property=\"og:type\" content=\"article\" \/>\n<meta property=\"og:title\" content=\"El PSOE denuncia que la actuaci\u00f3n del Ministerio de Fomento hasta ahora est\u00e1 poniendo en peligro los equilibrios territoriales y de cohesi\u00f3n de Canarias | PSOE Canarias\" \/>\n<meta property=\"og:description\" content=\"Julio Cruz reprocha al Ministro de la Serna que el \u201cabandono\u201d y el \u201ctrato sectario\u201d que ha tenido el Gobierno del PP con las Islas y le recuerda que en los \u00faltimos seis a\u00f1os s\u00f3lo en materia de infraestructuras de carreteras \u201cha generado una deuda 1.408 millones de euros\u201d\" \/>\n<meta property=\"og:url\" content=\"https:\/\/psoecanarias.com\/web\/el-psoe-denuncia-que-la-actuacion-del-ministerio-de-fomento-hasta-ahora-esta-poniendo-en-peligro-los-equilibrios-territoriales-y-de-cohesion-de-canarias\/\" \/>\n<meta property=\"og:site_name\" content=\"PSOE Canarias\" \/>\n<meta property=\"article:published_time\" content=\"2017-05-09T19:42:15+00:00\" \/>\n<meta property=\"og:image\" content=\"https:\/\/psoecanarias.com\/web\/wp-content\/uploads\/2017\/05\/Julio-Cruz.jpg\" \/>\n\t<meta property=\"og:image:width\" content=\"498\" \/>\n\t<meta property=\"og:image:height\" content=\"278\" \/>\n\t<meta property=\"og:image:type\" content=\"image\/jpeg\" \/>\n<meta name=\"author\" content=\"PSOE Canarias\" \/>\n<meta name=\"twitter:card\" content=\"summary_large_image\" \/>\n<script type=\"application\/ld+json\" class=\"yoast-schema-graph\">{\"@context\":\"https:\/\/schema.org\",\"@graph\":[{\"@type\":\"Article\",\"@id\":\"https:\/\/psoecanarias.com\/web\/el-psoe-denuncia-que-la-actuacion-del-ministerio-de-fomento-hasta-ahora-esta-poniendo-en-peligro-los-equilibrios-territoriales-y-de-cohesion-de-canarias\/#article\",\"isPartOf\":{\"@id\":\"https:\/\/psoecanarias.com\/web\/el-psoe-denuncia-que-la-actuacion-del-ministerio-de-fomento-hasta-ahora-esta-poniendo-en-peligro-los-equilibrios-territoriales-y-de-cohesion-de-canarias\/\"},\"author\":{\"name\":\"PSOE Canarias\",\"@id\":\"https:\/\/psoecanarias.com\/web\/#\/schema\/person\/1ae43f9659d2fc599ca69c11e1dbf26f\"},\"headline\":\"El PSOE denuncia que la actuaci\u00f3n del Ministerio de Fomento hasta ahora est\u00e1 poniendo en peligro los equilibrios territoriales y de cohesi\u00f3n de Canarias\",\"datePublished\":\"2017-05-09T19:42:15+00:00\",\"mainEntityOfPage\":{\"@id\":\"https:\/\/psoecanarias.com\/web\/el-psoe-denuncia-que-la-actuacion-del-ministerio-de-fomento-hasta-ahora-esta-poniendo-en-peligro-los-equilibrios-territoriales-y-de-cohesion-de-canarias\/\"},\"wordCount\":936,\"commentCount\":0,\"image\":{\"@id\":\"https:\/\/psoecanarias.com\/web\/el-psoe-denuncia-que-la-actuacion-del-ministerio-de-fomento-hasta-ahora-esta-poniendo-en-peligro-los-equilibrios-territoriales-y-de-cohesion-de-canarias\/#primaryimage\"},\"thumbnailUrl\":\"https:\/\/psoecanarias.com\/web\/wp-content\/uploads\/2017\/05\/Julio-Cruz.jpg\",\"keywords\":[\"Fomento\",\"Julio Cruz\",\"Senado\"],\"articleSection\":[\"Pol\u00edtica\"],\"inLanguage\":\"es\",\"potentialAction\":[{\"@type\":\"CommentAction\",\"name\":\"Comment\",\"target\":[\"https:\/\/psoecanarias.com\/web\/el-psoe-denuncia-que-la-actuacion-del-ministerio-de-fomento-hasta-ahora-esta-poniendo-en-peligro-los-equilibrios-territoriales-y-de-cohesion-de-canarias\/#respond\"]}]},{\"@type\":\"WebPage\",\"@id\":\"https:\/\/psoecanarias.com\/web\/el-psoe-denuncia-que-la-actuacion-del-ministerio-de-fomento-hasta-ahora-esta-poniendo-en-peligro-los-equilibrios-territoriales-y-de-cohesion-de-canarias\/\",\"url\":\"https:\/\/psoecanarias.com\/web\/el-psoe-denuncia-que-la-actuacion-del-ministerio-de-fomento-hasta-ahora-esta-poniendo-en-peligro-los-equilibrios-territoriales-y-de-cohesion-de-canarias\/\",\"name\":\"El PSOE denuncia que la actuaci\u00f3n del Ministerio de Fomento hasta ahora est\u00e1 poniendo en peligro los equilibrios territoriales y de cohesi\u00f3n de Canarias | PSOE Canarias\",\"isPartOf\":{\"@id\":\"https:\/\/psoecanarias.com\/web\/#website\"},\"primaryImageOfPage\":{\"@id\":\"https:\/\/psoecanarias.com\/web\/el-psoe-denuncia-que-la-actuacion-del-ministerio-de-fomento-hasta-ahora-esta-poniendo-en-peligro-los-equilibrios-territoriales-y-de-cohesion-de-canarias\/#primaryimage\"},\"image\":{\"@id\":\"https:\/\/psoecanarias.com\/web\/el-psoe-denuncia-que-la-actuacion-del-ministerio-de-fomento-hasta-ahora-esta-poniendo-en-peligro-los-equilibrios-territoriales-y-de-cohesion-de-canarias\/#primaryimage\"},\"thumbnailUrl\":\"https:\/\/psoecanarias.com\/web\/wp-content\/uploads\/2017\/05\/Julio-Cruz.jpg\",\"datePublished\":\"2017-05-09T19:42:15+00:00\",\"author\":{\"@id\":\"https:\/\/psoecanarias.com\/web\/#\/schema\/person\/1ae43f9659d2fc599ca69c11e1dbf26f\"},\"breadcrumb\":{\"@id\":\"https:\/\/psoecanarias.com\/web\/el-psoe-denuncia-que-la-actuacion-del-ministerio-de-fomento-hasta-ahora-esta-poniendo-en-peligro-los-equilibrios-territoriales-y-de-cohesion-de-canarias\/#breadcrumb\"},\"inLanguage\":\"es\",\"potentialAction\":[{\"@type\":\"ReadAction\",\"target\":[\"https:\/\/psoecanarias.com\/web\/el-psoe-denuncia-que-la-actuacion-del-ministerio-de-fomento-hasta-ahora-esta-poniendo-en-peligro-los-equilibrios-territoriales-y-de-cohesion-de-canarias\/\"]}]},{\"@type\":\"ImageObject\",\"inLanguage\":\"es\",\"@id\":\"https:\/\/psoecanarias.com\/web\/el-psoe-denuncia-que-la-actuacion-del-ministerio-de-fomento-hasta-ahora-esta-poniendo-en-peligro-los-equilibrios-territoriales-y-de-cohesion-de-canarias\/#primaryimage\",\"url\":\"https:\/\/psoecanarias.com\/web\/wp-content\/uploads\/2017\/05\/Julio-Cruz.jpg\",\"contentUrl\":\"https:\/\/psoecanarias.com\/web\/wp-content\/uploads\/2017\/05\/Julio-Cruz.jpg\",\"width\":498,\"height\":278},{\"@type\":\"BreadcrumbList\",\"@id\":\"https:\/\/psoecanarias.com\/web\/el-psoe-denuncia-que-la-actuacion-del-ministerio-de-fomento-hasta-ahora-esta-poniendo-en-peligro-los-equilibrios-territoriales-y-de-cohesion-de-canarias\/#breadcrumb\",\"itemListElement\":[{\"@type\":\"ListItem\",\"position\":1,\"name\":\"Portada\",\"item\":\"https:\/\/psoecanarias.com\/web\/\"},{\"@type\":\"ListItem\",\"position\":2,\"name\":\"El PSOE denuncia que la actuaci\u00f3n del Ministerio de Fomento hasta ahora est\u00e1 poniendo en peligro los equilibrios territoriales y de cohesi\u00f3n de Canarias\"}]},{\"@type\":\"WebSite\",\"@id\":\"https:\/\/psoecanarias.com\/web\/#website\",\"url\":\"https:\/\/psoecanarias.com\/web\/\",\"name\":\"PSOE Canarias\",\"description\":\"Partido Socialista Obrero Espa\u00f1ol Canarias\",\"potentialAction\":[{\"@type\":\"SearchAction\",\"target\":{\"@type\":\"EntryPoint\",\"urlTemplate\":\"https:\/\/psoecanarias.com\/web\/?s={search_term_string}\"},\"query-input\":{\"@type\":\"PropertyValueSpecification\",\"valueRequired\":true,\"valueName\":\"search_term_string\"}}],\"inLanguage\":\"es\"},{\"@type\":\"Person\",\"@id\":\"https:\/\/psoecanarias.com\/web\/#\/schema\/person\/1ae43f9659d2fc599ca69c11e1dbf26f\",\"name\":\"PSOE Canarias\",\"image\":{\"@type\":\"ImageObject\",\"inLanguage\":\"es\",\"@id\":\"https:\/\/secure.gravatar.com\/avatar\/4364d37f6f6f9cdb7af199b46151565f37d8a8c3c0e04c1d78c04e857a15e3a8?s=96&d=mm&r=g\",\"url\":\"https:\/\/secure.gravatar.com\/avatar\/4364d37f6f6f9cdb7af199b46151565f37d8a8c3c0e04c1d78c04e857a15e3a8?s=96&d=mm&r=g\",\"contentUrl\":\"https:\/\/secure.gravatar.com\/avatar\/4364d37f6f6f9cdb7af199b46151565f37d8a8c3c0e04c1d78c04e857a15e3a8?s=96&d=mm&r=g\",\"caption\":\"PSOE Canarias\"},\"url\":\"https:\/\/psoecanarias.com\/web\/author\/admin\/\"}]}<\/script>\n<!-- \/ Yoast SEO plugin. -->","yoast_head_json":{"title":"El PSOE denuncia que la actuaci\u00f3n del Ministerio de Fomento hasta ahora est\u00e1 poniendo en peligro los equilibrios territoriales y de cohesi\u00f3n de Canarias | PSOE Canarias","robots":{"index":"index","follow":"follow","max-snippet":"max-snippet:-1","max-image-preview":"max-image-preview:large","max-video-preview":"max-video-preview:-1"},"canonical":"https:\/\/psoecanarias.com\/web\/el-psoe-denuncia-que-la-actuacion-del-ministerio-de-fomento-hasta-ahora-esta-poniendo-en-peligro-los-equilibrios-territoriales-y-de-cohesion-de-canarias\/","og_locale":"es_ES","og_type":"article","og_title":"El PSOE denuncia que la actuaci\u00f3n del Ministerio de Fomento hasta ahora est\u00e1 poniendo en peligro los equilibrios territoriales y de cohesi\u00f3n de Canarias | PSOE Canarias","og_description":"Julio Cruz reprocha al Ministro de la Serna que el \u201cabandono\u201d y el \u201ctrato sectario\u201d que ha tenido el Gobierno del PP con las Islas y le recuerda que en los \u00faltimos seis a\u00f1os s\u00f3lo en materia de infraestructuras de carreteras \u201cha generado una deuda 1.408 millones de euros\u201d","og_url":"https:\/\/psoecanarias.com\/web\/el-psoe-denuncia-que-la-actuacion-del-ministerio-de-fomento-hasta-ahora-esta-poniendo-en-peligro-los-equilibrios-territoriales-y-de-cohesion-de-canarias\/","og_site_name":"PSOE Canarias","article_published_time":"2017-05-09T19:42:15+00:00","og_image":[{"width":498,"height":278,"url":"https:\/\/psoecanarias.com\/web\/wp-content\/uploads\/2017\/05\/Julio-Cruz.jpg","type":"image\/jpeg"}],"author":"PSOE Canarias","twitter_card":"summary_large_image","schema":{"@context":"https:\/\/schema.org","@graph":[{"@type":"Article","@id":"https:\/\/psoecanarias.com\/web\/el-psoe-denuncia-que-la-actuacion-del-ministerio-de-fomento-hasta-ahora-esta-poniendo-en-peligro-los-equilibrios-territoriales-y-de-cohesion-de-canarias\/#article","isPartOf":{"@id":"https:\/\/psoecanarias.com\/web\/el-psoe-denuncia-que-la-actuacion-del-ministerio-de-fomento-hasta-ahora-esta-poniendo-en-peligro-los-equilibrios-territoriales-y-de-cohesion-de-canarias\/"},"author":{"name":"PSOE Canarias","@id":"https:\/\/psoecanarias.com\/web\/#\/schema\/person\/1ae43f9659d2fc599ca69c11e1dbf26f"},"headline":"El PSOE denuncia que la actuaci\u00f3n del Ministerio de Fomento hasta ahora est\u00e1 poniendo en peligro los equilibrios territoriales y de cohesi\u00f3n de Canarias","datePublished":"2017-05-09T19:42:15+00:00","mainEntityOfPage":{"@id":"https:\/\/psoecanarias.com\/web\/el-psoe-denuncia-que-la-actuacion-del-ministerio-de-fomento-hasta-ahora-esta-poniendo-en-peligro-los-equilibrios-territoriales-y-de-cohesion-de-canarias\/"},"wordCount":936,"commentCount":0,"image":{"@id":"https:\/\/psoecanarias.com\/web\/el-psoe-denuncia-que-la-actuacion-del-ministerio-de-fomento-hasta-ahora-esta-poniendo-en-peligro-los-equilibrios-territoriales-y-de-cohesion-de-canarias\/#primaryimage"},"thumbnailUrl":"https:\/\/psoecanarias.com\/web\/wp-content\/uploads\/2017\/05\/Julio-Cruz.jpg","keywords":["Fomento","Julio Cruz","Senado"],"articleSection":["Pol\u00edtica"],"inLanguage":"es","potentialAction":[{"@type":"CommentAction","name":"Comment","target":["https:\/\/psoecanarias.com\/web\/el-psoe-denuncia-que-la-actuacion-del-ministerio-de-fomento-hasta-ahora-esta-poniendo-en-peligro-los-equilibrios-territoriales-y-de-cohesion-de-canarias\/#respond"]}]},{"@type":"WebPage","@id":"https:\/\/psoecanarias.com\/web\/el-psoe-denuncia-que-la-actuacion-del-ministerio-de-fomento-hasta-ahora-esta-poniendo-en-peligro-los-equilibrios-territoriales-y-de-cohesion-de-canarias\/","url":"https:\/\/psoecanarias.com\/web\/el-psoe-denuncia-que-la-actuacion-del-ministerio-de-fomento-hasta-ahora-esta-poniendo-en-peligro-los-equilibrios-territoriales-y-de-cohesion-de-canarias\/","name":"El PSOE denuncia que la actuaci\u00f3n del Ministerio de Fomento hasta ahora est\u00e1 poniendo en peligro los equilibrios territoriales y de cohesi\u00f3n de Canarias | PSOE Canarias","isPartOf":{"@id":"https:\/\/psoecanarias.com\/web\/#website"},"primaryImageOfPage":{"@id":"https:\/\/psoecanarias.com\/web\/el-psoe-denuncia-que-la-actuacion-del-ministerio-de-fomento-hasta-ahora-esta-poniendo-en-peligro-los-equilibrios-territoriales-y-de-cohesion-de-canarias\/#primaryimage"},"image":{"@id":"https:\/\/psoecanarias.com\/web\/el-psoe-denuncia-que-la-actuacion-del-ministerio-de-fomento-hasta-ahora-esta-poniendo-en-peligro-los-equilibrios-territoriales-y-de-cohesion-de-canarias\/#primaryimage"},"thumbnailUrl":"https:\/\/psoecanarias.com\/web\/wp-content\/uploads\/2017\/05\/Julio-Cruz.jpg","datePublished":"2017-05-09T19:42:15+00:00","author":{"@id":"https:\/\/psoecanarias.com\/web\/#\/schema\/person\/1ae43f9659d2fc599ca69c11e1dbf26f"},"breadcrumb":{"@id":"https:\/\/psoecanarias.com\/web\/el-psoe-denuncia-que-la-actuacion-del-ministerio-de-fomento-hasta-ahora-esta-poniendo-en-peligro-los-equilibrios-territoriales-y-de-cohesion-de-canarias\/#breadcrumb"},"inLanguage":"es","potentialAction":[{"@type":"ReadAction","target":["https:\/\/psoecanarias.com\/web\/el-psoe-denuncia-que-la-actuacion-del-ministerio-de-fomento-hasta-ahora-esta-poniendo-en-peligro-los-equilibrios-territoriales-y-de-cohesion-de-canarias\/"]}]},{"@type":"ImageObject","inLanguage":"es","@id":"https:\/\/psoecanarias.com\/web\/el-psoe-denuncia-que-la-actuacion-del-ministerio-de-fomento-hasta-ahora-esta-poniendo-en-peligro-los-equilibrios-territoriales-y-de-cohesion-de-canarias\/#primaryimage","url":"https:\/\/psoecanarias.com\/web\/wp-content\/uploads\/2017\/05\/Julio-Cruz.jpg","contentUrl":"https:\/\/psoecanarias.com\/web\/wp-content\/uploads\/2017\/05\/Julio-Cruz.jpg","width":498,"height":278},{"@type":"BreadcrumbList","@id":"https:\/\/psoecanarias.com\/web\/el-psoe-denuncia-que-la-actuacion-del-ministerio-de-fomento-hasta-ahora-esta-poniendo-en-peligro-los-equilibrios-territoriales-y-de-cohesion-de-canarias\/#breadcrumb","itemListElement":[{"@type":"ListItem","position":1,"name":"Portada","item":"https:\/\/psoecanarias.com\/web\/"},{"@type":"ListItem","position":2,"name":"El PSOE denuncia que la actuaci\u00f3n del Ministerio de Fomento hasta ahora est\u00e1 poniendo en peligro los equilibrios territoriales y de cohesi\u00f3n de Canarias"}]},{"@type":"WebSite","@id":"https:\/\/psoecanarias.com\/web\/#website","url":"https:\/\/psoecanarias.com\/web\/","name":"PSOE Canarias","description":"Partido Socialista Obrero Espa\u00f1ol Canarias","potentialAction":[{"@type":"SearchAction","target":{"@type":"EntryPoint","urlTemplate":"https:\/\/psoecanarias.com\/web\/?s={search_term_string}"},"query-input":{"@type":"PropertyValueSpecification","valueRequired":true,"valueName":"search_term_string"}}],"inLanguage":"es"},{"@type":"Person","@id":"https:\/\/psoecanarias.com\/web\/#\/schema\/person\/1ae43f9659d2fc599ca69c11e1dbf26f","name":"PSOE Canarias","image":{"@type":"ImageObject","inLanguage":"es","@id":"https:\/\/secure.gravatar.com\/avatar\/4364d37f6f6f9cdb7af199b46151565f37d8a8c3c0e04c1d78c04e857a15e3a8?s=96&d=mm&r=g","url":"https:\/\/secure.gravatar.com\/avatar\/4364d37f6f6f9cdb7af199b46151565f37d8a8c3c0e04c1d78c04e857a15e3a8?s=96&d=mm&r=g","contentUrl":"https:\/\/secure.gravatar.com\/avatar\/4364d37f6f6f9cdb7af199b46151565f37d8a8c3c0e04c1d78c04e857a15e3a8?s=96&d=mm&r=g","caption":"PSOE Canarias"},"url":"https:\/\/psoecanarias.com\/web\/author\/admin\/"}]}},"_links":{"self":[{"href":"https:\/\/psoecanarias.com\/web\/wp-json\/wp\/v2\/posts\/3253","targetHints":{"allow":["GET"]}}],"collection":[{"href":"https:\/\/psoecanarias.com\/web\/wp-json\/wp\/v2\/posts"}],"about":[{"href":"https:\/\/psoecanarias.com\/web\/wp-json\/wp\/v2\/types\/post"}],"author":[{"embeddable":true,"href":"https:\/\/psoecanarias.com\/web\/wp-json\/wp\/v2\/users\/1"}],"replies":[{"embeddable":true,"href":"https:\/\/psoecanarias.com\/web\/wp-json\/wp\/v2\/comments?post=3253"}],"version-history":[{"count":1,"href":"https:\/\/psoecanarias.com\/web\/wp-json\/wp\/v2\/posts\/3253\/revisions"}],"predecessor-version":[{"id":3255,"href":"https:\/\/psoecanarias.com\/web\/wp-json\/wp\/v2\/posts\/3253\/revisions\/3255"}],"wp:featuredmedia":[{"embeddable":true,"href":"https:\/\/psoecanarias.com\/web\/wp-json\/wp\/v2\/media\/3254"}],"wp:attachment":[{"href":"https:\/\/psoecanarias.com\/web\/wp-json\/wp\/v2\/media?parent=3253"}],"wp:term":[{"taxonomy":"category","embeddable":true,"href":"https:\/\/psoecanarias.com\/web\/wp-json\/wp\/v2\/categories?post=3253"},{"taxonomy":"post_tag","embeddable":true,"href":"https:\/\/psoecanarias.com\/web\/wp-json\/wp\/v2\/tags?post=3253"}],"curies":[{"name":"wp","href":"https:\/\/api.w.org\/{rel}","templated":true}]}}