{"id":32981,"date":"2022-12-16T08:33:13","date_gmt":"2022-12-16T08:33:13","guid":{"rendered":"https:\/\/psoecanarias.com\/web\/?p=32981"},"modified":"2022-12-23T11:39:08","modified_gmt":"2022-12-23T11:39:08","slug":"avanzamos-y-cumplimos-con-canarias","status":"publish","type":"post","link":"https:\/\/psoecanarias.com\/web\/avanzamos-y-cumplimos-con-canarias\/","title":{"rendered":"Avanzamos y cumplimos con Canarias"},"content":{"rendered":"<p align=\"justify\"><span style=\"font-size: large;\">El Gobierno de Canarias que preside \u00c1ngel V\u00edctor Torres mantiene su senda de desarrollo para estas islas, consiguiendo hacer realidad esta semana, junto a la mayor\u00eda parlamentaria, las dos normativas m\u00e1s importantes de esta legislatura. Con la Ley de Cambio Clim\u00e1tico y Transici\u00f3n Energ\u00e9tica de Canarias y la Ley de Renta Canaria de Ciudadan\u00eda, damos un paso decisivo para que nuestro Archipi\u00e9lago sea un territorio m\u00e1s justo y sostenible.<\/span><\/p>\n<p align=\"justify\"><span style=\"font-size: large;\">Cumplimos\u00a0<span style=\"color: #000000;\"><span lang=\"es\">c<\/span><\/span>on\u00a0<span style=\"color: #000000;\"><span lang=\"es\">un\u00a0<\/span><\/span>compromiso\u00a0<span style=\"color: #000000;\"><span style=\"font-family: Arial, serif;\"><span lang=\"es\">de<\/span><\/span><\/span>\u00a0nuestro programa electoral\u00a0y cumplimos tambi\u00e9n con\u00a0<span style=\"color: #000000;\"><span lang=\"es\">el pacto de gobierno<\/span><\/span>. La sostenibilidad social y ambiental es un principio fundamental para los socialistas, y\u00a0<span style=\"color: #000000;\"><span lang=\"es\">as\u00ed hemos querido que quede reflejado<\/span><\/span>\u00a0<span style=\"color: #000000;\"><span lang=\"es\">e<\/span><\/span>n los Presupuestos Generales de Canarias para el ejercicio 2023 que aprobaremos definitivamente\u00a0<span style=\"color: #000000;\"><span lang=\"es\">en pocos d\u00edas<\/span><\/span>.<br \/>\n<\/span><\/p>\n<p align=\"justify\"><span style=\"font-size: large;\"><span style=\"color: #000000;\"><span lang=\"es\">P<\/span><\/span>ueden parecer dos normas inconexas, pero realmente est\u00e1n unidas en el logro de hacer de Canarias un territorio igualitario y sensible con nuestra gente y nuestro entorno natural,\u00a0<span style=\"color: #000000;\"><span lang=\"es\">extendiendo este estrat\u00e9gico desaf\u00edo al resto de las administraciones y al conjunto de la sociedad<\/span><\/span>.<br \/>\n<\/span><\/p>\n<p align=\"justify\"><span style=\"font-size: large;\">Con la Ley de Renta Canaria de Ciudadan\u00eda, uno de los preceptos principales del Estatuto de Autonom\u00eda renovado en 2018, se garantiza un ingreso m\u00ednimo a todas las familias y personas vulnerables que hoy tienen otro tipo de ingresos diversos, afrontando los retos que provoca la pobreza y reforzando el escudo de protecci\u00f3n a esos n\u00facleos m\u00e1s necesitados.<br \/>\n<\/span><\/p>\n<p align=\"justify\"><span style=\"font-size: large;\">Ofrece la seguridad de estar amparado por una ley que engloba ayudas que han hecho una gran labor hasta ahora, como la Prestaci\u00f3n Canaria de Inserci\u00f3n (PCI), o servir de complemento a las pensiones no contributivas y otras aportaciones de car\u00e1cter social.<br \/>\n<\/span><\/p>\n<p align=\"justify\"><span style=\"font-size: large;\">Del mismo modo, con la Ley de Cambio Clim\u00e1tico y Transici\u00f3n Energ\u00e9tica del Archipi\u00e9lago, ponemos las bases para lograr el objetivo de alcanzar la descarbonizaci\u00f3n de la econom\u00eda de las islas en el a\u00f1o 2040, diez a\u00f1os antes que los horizontes marcados por Europa y Espa\u00f1a en esta materia.<br \/>\n<\/span><\/p>\n<p align=\"justify\"><span style=\"font-size: large;\">Y el Parlamento de Canarias impulsa esta normativa tras ser la ley m\u00e1s consensuada de la historia de Canarias, con m\u00e1s de 384 aportaciones ciudadanas en los dos periodos de exposici\u00f3n p\u00fablica y m\u00e1s de 30 reuniones con diferentes colectivos.<br \/>\n<\/span><\/p>\n<p align=\"justify\"><span style=\"font-size: large;\">As\u00ed se logra que nuestro territorio insular, m\u00e1s vulnerable ante los efectos del cambio clim\u00e1tico, cuente con medidas espec\u00edficas para trabajar por el futuro de las nuevas generaciones, precisamente las m\u00e1s concienciadas con este problema medioambiental, estableciendo criterios y obligaciones a todos los niveles, empezando por las administraciones p\u00fablicas.<br \/>\n<\/span><\/p>\n<p align=\"justify\"><span style=\"font-size: large;\">En esta l\u00ednea, la Ley establece que en 2030 todas las instituciones p\u00fablicas de las islas tendr\u00e1n que abastecerse al 100% de fuentes renovables, sustituyendo por completo los equipos que se alimenten de combustibles f\u00f3siles.<br \/>\n<\/span><\/p>\n<p align=\"justify\"><span style=\"font-size: large;\">Tambi\u00e9n incluye la obligatoriedad de uso de veh\u00edculos no contaminantes, la implantaci\u00f3n de alumbrado eficiente y de energ\u00edas renovables, as\u00ed como la creaci\u00f3n de del Registro de la Huella de Carbono del archipi\u00e9lago, el cual permitir\u00e1 cuantificar las emisiones de gases de efecto invernadero para hacer un seguimiento de los objetivos establecidos en esta materia. Se crea, adem\u00e1s, la Agencia Canaria de Acci\u00f3n Clim\u00e1tica, Energ\u00eda y Aguas.<\/span><\/p>\n<p align=\"justify\"><span style=\"font-size: large;\">En definitiva, dos textos normativos que vienen a reforzar el compromiso del Gobierno presidido por nuestro secretario general socialista, \u00c1ngel V\u00edctor Torres, con las canarias y canarios. Que refuerzan los cimientos de una Canarias m\u00e1s solidaria, y que har\u00e1n que nuestro territorio, una vez m\u00e1s, sea referente nacional en la aplicaci\u00f3n de pol\u00edticas sociales y medioambientales.\u00a0<span style=\"color: #000000;\"><span lang=\"es\">A<\/span><\/span>vanzamos y cumplimos.<\/span><\/p>\n","protected":false},"excerpt":{"rendered":"<p>Nira Fierro escribe sobre las dos leyes aprobadas esta semana en el Parlamento de Canarias, la de Cambio Clim\u00e1tico y la de Renta Ciudadana.<\/p>\n","protected":false},"author":1,"featured_media":32982,"comment_status":"open","ping_status":"open","sticky":false,"template":"","format":"standard","meta":{"footnotes":""},"categories":[1186],"tags":[1200],"class_list":["post-32981","post","type-post","status-publish","format-standard","has-post-thumbnail","hentry","category-opinion","tag-nira-fierro"],"featured_image_src":"https:\/\/psoecanarias.com\/web\/wp-content\/uploads\/2022\/12\/nira-post.png","author_info":{"display_name":"PSOE Canarias","author_link":"https:\/\/psoecanarias.com\/web\/author\/admin\/"},"yoast_head":"<!-- This site is optimized with the Yoast SEO plugin v27.2 - https:\/\/yoast.com\/product\/yoast-seo-wordpress\/ -->\n<title>Avanzamos y cumplimos con Canarias | PSOE Canarias<\/title>\n<meta name=\"robots\" content=\"index, follow, max-snippet:-1, max-image-preview:large, max-video-preview:-1\" \/>\n<link rel=\"canonical\" href=\"https:\/\/psoecanarias.com\/web\/avanzamos-y-cumplimos-con-canarias\/\" \/>\n<meta property=\"og:locale\" content=\"es_ES\" \/>\n<meta property=\"og:type\" content=\"article\" \/>\n<meta property=\"og:title\" content=\"Avanzamos y cumplimos con Canarias | PSOE Canarias\" \/>\n<meta property=\"og:description\" content=\"Nira Fierro escribe sobre las dos leyes aprobadas esta semana en el Parlamento de Canarias, la de Cambio Clim\u00e1tico y la de Renta Ciudadana.\" \/>\n<meta property=\"og:url\" content=\"https:\/\/psoecanarias.com\/web\/avanzamos-y-cumplimos-con-canarias\/\" \/>\n<meta property=\"og:site_name\" content=\"PSOE Canarias\" \/>\n<meta property=\"article:published_time\" content=\"2022-12-16T08:33:13+00:00\" \/>\n<meta property=\"article:modified_time\" content=\"2022-12-23T11:39:08+00:00\" \/>\n<meta property=\"og:image\" content=\"https:\/\/psoecanarias.com\/web\/wp-content\/uploads\/2022\/12\/nira-post.png\" \/>\n\t<meta property=\"og:image:width\" content=\"1200\" \/>\n\t<meta property=\"og:image:height\" content=\"700\" \/>\n\t<meta property=\"og:image:type\" content=\"image\/png\" \/>\n<meta name=\"author\" content=\"PSOE Canarias\" \/>\n<meta name=\"twitter:card\" content=\"summary_large_image\" \/>\n<script type=\"application\/ld+json\" class=\"yoast-schema-graph\">{\"@context\":\"https:\/\/schema.org\",\"@graph\":[{\"@type\":\"Article\",\"@id\":\"https:\/\/psoecanarias.com\/web\/avanzamos-y-cumplimos-con-canarias\/#article\",\"isPartOf\":{\"@id\":\"https:\/\/psoecanarias.com\/web\/avanzamos-y-cumplimos-con-canarias\/\"},\"author\":{\"name\":\"PSOE Canarias\",\"@id\":\"https:\/\/psoecanarias.com\/web\/#\/schema\/person\/1ae43f9659d2fc599ca69c11e1dbf26f\"},\"headline\":\"Avanzamos y cumplimos con Canarias\",\"datePublished\":\"2022-12-16T08:33:13+00:00\",\"dateModified\":\"2022-12-23T11:39:08+00:00\",\"mainEntityOfPage\":{\"@id\":\"https:\/\/psoecanarias.com\/web\/avanzamos-y-cumplimos-con-canarias\/\"},\"wordCount\":626,\"commentCount\":0,\"image\":{\"@id\":\"https:\/\/psoecanarias.com\/web\/avanzamos-y-cumplimos-con-canarias\/#primaryimage\"},\"thumbnailUrl\":\"https:\/\/psoecanarias.com\/web\/wp-content\/uploads\/2022\/12\/nira-post.png\",\"keywords\":[\"Nira Fierro\"],\"articleSection\":[\"Opini\u00f3n\"],\"inLanguage\":\"es\",\"potentialAction\":[{\"@type\":\"CommentAction\",\"name\":\"Comment\",\"target\":[\"https:\/\/psoecanarias.com\/web\/avanzamos-y-cumplimos-con-canarias\/#respond\"]}]},{\"@type\":\"WebPage\",\"@id\":\"https:\/\/psoecanarias.com\/web\/avanzamos-y-cumplimos-con-canarias\/\",\"url\":\"https:\/\/psoecanarias.com\/web\/avanzamos-y-cumplimos-con-canarias\/\",\"name\":\"Avanzamos y cumplimos con Canarias | PSOE Canarias\",\"isPartOf\":{\"@id\":\"https:\/\/psoecanarias.com\/web\/#website\"},\"primaryImageOfPage\":{\"@id\":\"https:\/\/psoecanarias.com\/web\/avanzamos-y-cumplimos-con-canarias\/#primaryimage\"},\"image\":{\"@id\":\"https:\/\/psoecanarias.com\/web\/avanzamos-y-cumplimos-con-canarias\/#primaryimage\"},\"thumbnailUrl\":\"https:\/\/psoecanarias.com\/web\/wp-content\/uploads\/2022\/12\/nira-post.png\",\"datePublished\":\"2022-12-16T08:33:13+00:00\",\"dateModified\":\"2022-12-23T11:39:08+00:00\",\"author\":{\"@id\":\"https:\/\/psoecanarias.com\/web\/#\/schema\/person\/1ae43f9659d2fc599ca69c11e1dbf26f\"},\"breadcrumb\":{\"@id\":\"https:\/\/psoecanarias.com\/web\/avanzamos-y-cumplimos-con-canarias\/#breadcrumb\"},\"inLanguage\":\"es\",\"potentialAction\":[{\"@type\":\"ReadAction\",\"target\":[\"https:\/\/psoecanarias.com\/web\/avanzamos-y-cumplimos-con-canarias\/\"]}]},{\"@type\":\"ImageObject\",\"inLanguage\":\"es\",\"@id\":\"https:\/\/psoecanarias.com\/web\/avanzamos-y-cumplimos-con-canarias\/#primaryimage\",\"url\":\"https:\/\/psoecanarias.com\/web\/wp-content\/uploads\/2022\/12\/nira-post.png\",\"contentUrl\":\"https:\/\/psoecanarias.com\/web\/wp-content\/uploads\/2022\/12\/nira-post.png\",\"width\":1200,\"height\":700,\"caption\":\"Art\u00edculo de opini\u00f3n de Nira Fierro\"},{\"@type\":\"BreadcrumbList\",\"@id\":\"https:\/\/psoecanarias.com\/web\/avanzamos-y-cumplimos-con-canarias\/#breadcrumb\",\"itemListElement\":[{\"@type\":\"ListItem\",\"position\":1,\"name\":\"Portada\",\"item\":\"https:\/\/psoecanarias.com\/web\/\"},{\"@type\":\"ListItem\",\"position\":2,\"name\":\"Avanzamos y cumplimos con Canarias\"}]},{\"@type\":\"WebSite\",\"@id\":\"https:\/\/psoecanarias.com\/web\/#website\",\"url\":\"https:\/\/psoecanarias.com\/web\/\",\"name\":\"PSOE Canarias\",\"description\":\"Partido Socialista Obrero Espa\u00f1ol Canarias\",\"potentialAction\":[{\"@type\":\"SearchAction\",\"target\":{\"@type\":\"EntryPoint\",\"urlTemplate\":\"https:\/\/psoecanarias.com\/web\/?s={search_term_string}\"},\"query-input\":{\"@type\":\"PropertyValueSpecification\",\"valueRequired\":true,\"valueName\":\"search_term_string\"}}],\"inLanguage\":\"es\"},{\"@type\":\"Person\",\"@id\":\"https:\/\/psoecanarias.com\/web\/#\/schema\/person\/1ae43f9659d2fc599ca69c11e1dbf26f\",\"name\":\"PSOE Canarias\",\"image\":{\"@type\":\"ImageObject\",\"inLanguage\":\"es\",\"@id\":\"https:\/\/secure.gravatar.com\/avatar\/4364d37f6f6f9cdb7af199b46151565f37d8a8c3c0e04c1d78c04e857a15e3a8?s=96&d=mm&r=g\",\"url\":\"https:\/\/secure.gravatar.com\/avatar\/4364d37f6f6f9cdb7af199b46151565f37d8a8c3c0e04c1d78c04e857a15e3a8?s=96&d=mm&r=g\",\"contentUrl\":\"https:\/\/secure.gravatar.com\/avatar\/4364d37f6f6f9cdb7af199b46151565f37d8a8c3c0e04c1d78c04e857a15e3a8?s=96&d=mm&r=g\",\"caption\":\"PSOE Canarias\"},\"url\":\"https:\/\/psoecanarias.com\/web\/author\/admin\/\"}]}<\/script>\n<!-- \/ Yoast SEO plugin. -->","yoast_head_json":{"title":"Avanzamos y cumplimos con Canarias | PSOE Canarias","robots":{"index":"index","follow":"follow","max-snippet":"max-snippet:-1","max-image-preview":"max-image-preview:large","max-video-preview":"max-video-preview:-1"},"canonical":"https:\/\/psoecanarias.com\/web\/avanzamos-y-cumplimos-con-canarias\/","og_locale":"es_ES","og_type":"article","og_title":"Avanzamos y cumplimos con Canarias | PSOE Canarias","og_description":"Nira Fierro escribe sobre las dos leyes aprobadas esta semana en el Parlamento de Canarias, la de Cambio Clim\u00e1tico y la de Renta Ciudadana.","og_url":"https:\/\/psoecanarias.com\/web\/avanzamos-y-cumplimos-con-canarias\/","og_site_name":"PSOE Canarias","article_published_time":"2022-12-16T08:33:13+00:00","article_modified_time":"2022-12-23T11:39:08+00:00","og_image":[{"width":1200,"height":700,"url":"https:\/\/psoecanarias.com\/web\/wp-content\/uploads\/2022\/12\/nira-post.png","type":"image\/png"}],"author":"PSOE Canarias","twitter_card":"summary_large_image","schema":{"@context":"https:\/\/schema.org","@graph":[{"@type":"Article","@id":"https:\/\/psoecanarias.com\/web\/avanzamos-y-cumplimos-con-canarias\/#article","isPartOf":{"@id":"https:\/\/psoecanarias.com\/web\/avanzamos-y-cumplimos-con-canarias\/"},"author":{"name":"PSOE Canarias","@id":"https:\/\/psoecanarias.com\/web\/#\/schema\/person\/1ae43f9659d2fc599ca69c11e1dbf26f"},"headline":"Avanzamos y cumplimos con Canarias","datePublished":"2022-12-16T08:33:13+00:00","dateModified":"2022-12-23T11:39:08+00:00","mainEntityOfPage":{"@id":"https:\/\/psoecanarias.com\/web\/avanzamos-y-cumplimos-con-canarias\/"},"wordCount":626,"commentCount":0,"image":{"@id":"https:\/\/psoecanarias.com\/web\/avanzamos-y-cumplimos-con-canarias\/#primaryimage"},"thumbnailUrl":"https:\/\/psoecanarias.com\/web\/wp-content\/uploads\/2022\/12\/nira-post.png","keywords":["Nira Fierro"],"articleSection":["Opini\u00f3n"],"inLanguage":"es","potentialAction":[{"@type":"CommentAction","name":"Comment","target":["https:\/\/psoecanarias.com\/web\/avanzamos-y-cumplimos-con-canarias\/#respond"]}]},{"@type":"WebPage","@id":"https:\/\/psoecanarias.com\/web\/avanzamos-y-cumplimos-con-canarias\/","url":"https:\/\/psoecanarias.com\/web\/avanzamos-y-cumplimos-con-canarias\/","name":"Avanzamos y cumplimos con Canarias | PSOE Canarias","isPartOf":{"@id":"https:\/\/psoecanarias.com\/web\/#website"},"primaryImageOfPage":{"@id":"https:\/\/psoecanarias.com\/web\/avanzamos-y-cumplimos-con-canarias\/#primaryimage"},"image":{"@id":"https:\/\/psoecanarias.com\/web\/avanzamos-y-cumplimos-con-canarias\/#primaryimage"},"thumbnailUrl":"https:\/\/psoecanarias.com\/web\/wp-content\/uploads\/2022\/12\/nira-post.png","datePublished":"2022-12-16T08:33:13+00:00","dateModified":"2022-12-23T11:39:08+00:00","author":{"@id":"https:\/\/psoecanarias.com\/web\/#\/schema\/person\/1ae43f9659d2fc599ca69c11e1dbf26f"},"breadcrumb":{"@id":"https:\/\/psoecanarias.com\/web\/avanzamos-y-cumplimos-con-canarias\/#breadcrumb"},"inLanguage":"es","potentialAction":[{"@type":"ReadAction","target":["https:\/\/psoecanarias.com\/web\/avanzamos-y-cumplimos-con-canarias\/"]}]},{"@type":"ImageObject","inLanguage":"es","@id":"https:\/\/psoecanarias.com\/web\/avanzamos-y-cumplimos-con-canarias\/#primaryimage","url":"https:\/\/psoecanarias.com\/web\/wp-content\/uploads\/2022\/12\/nira-post.png","contentUrl":"https:\/\/psoecanarias.com\/web\/wp-content\/uploads\/2022\/12\/nira-post.png","width":1200,"height":700,"caption":"Art\u00edculo de opini\u00f3n de Nira Fierro"},{"@type":"BreadcrumbList","@id":"https:\/\/psoecanarias.com\/web\/avanzamos-y-cumplimos-con-canarias\/#breadcrumb","itemListElement":[{"@type":"ListItem","position":1,"name":"Portada","item":"https:\/\/psoecanarias.com\/web\/"},{"@type":"ListItem","position":2,"name":"Avanzamos y cumplimos con Canarias"}]},{"@type":"WebSite","@id":"https:\/\/psoecanarias.com\/web\/#website","url":"https:\/\/psoecanarias.com\/web\/","name":"PSOE Canarias","description":"Partido Socialista Obrero Espa\u00f1ol Canarias","potentialAction":[{"@type":"SearchAction","target":{"@type":"EntryPoint","urlTemplate":"https:\/\/psoecanarias.com\/web\/?s={search_term_string}"},"query-input":{"@type":"PropertyValueSpecification","valueRequired":true,"valueName":"search_term_string"}}],"inLanguage":"es"},{"@type":"Person","@id":"https:\/\/psoecanarias.com\/web\/#\/schema\/person\/1ae43f9659d2fc599ca69c11e1dbf26f","name":"PSOE Canarias","image":{"@type":"ImageObject","inLanguage":"es","@id":"https:\/\/secure.gravatar.com\/avatar\/4364d37f6f6f9cdb7af199b46151565f37d8a8c3c0e04c1d78c04e857a15e3a8?s=96&d=mm&r=g","url":"https:\/\/secure.gravatar.com\/avatar\/4364d37f6f6f9cdb7af199b46151565f37d8a8c3c0e04c1d78c04e857a15e3a8?s=96&d=mm&r=g","contentUrl":"https:\/\/secure.gravatar.com\/avatar\/4364d37f6f6f9cdb7af199b46151565f37d8a8c3c0e04c1d78c04e857a15e3a8?s=96&d=mm&r=g","caption":"PSOE Canarias"},"url":"https:\/\/psoecanarias.com\/web\/author\/admin\/"}]}},"_links":{"self":[{"href":"https:\/\/psoecanarias.com\/web\/wp-json\/wp\/v2\/posts\/32981","targetHints":{"allow":["GET"]}}],"collection":[{"href":"https:\/\/psoecanarias.com\/web\/wp-json\/wp\/v2\/posts"}],"about":[{"href":"https:\/\/psoecanarias.com\/web\/wp-json\/wp\/v2\/types\/post"}],"author":[{"embeddable":true,"href":"https:\/\/psoecanarias.com\/web\/wp-json\/wp\/v2\/users\/1"}],"replies":[{"embeddable":true,"href":"https:\/\/psoecanarias.com\/web\/wp-json\/wp\/v2\/comments?post=32981"}],"version-history":[{"count":2,"href":"https:\/\/psoecanarias.com\/web\/wp-json\/wp\/v2\/posts\/32981\/revisions"}],"predecessor-version":[{"id":32984,"href":"https:\/\/psoecanarias.com\/web\/wp-json\/wp\/v2\/posts\/32981\/revisions\/32984"}],"wp:featuredmedia":[{"embeddable":true,"href":"https:\/\/psoecanarias.com\/web\/wp-json\/wp\/v2\/media\/32982"}],"wp:attachment":[{"href":"https:\/\/psoecanarias.com\/web\/wp-json\/wp\/v2\/media?parent=32981"}],"wp:term":[{"taxonomy":"category","embeddable":true,"href":"https:\/\/psoecanarias.com\/web\/wp-json\/wp\/v2\/categories?post=32981"},{"taxonomy":"post_tag","embeddable":true,"href":"https:\/\/psoecanarias.com\/web\/wp-json\/wp\/v2\/tags?post=32981"}],"curies":[{"name":"wp","href":"https:\/\/api.w.org\/{rel}","templated":true}]}}