{"id":32987,"date":"2022-12-16T13:37:28","date_gmt":"2022-12-16T13:37:28","guid":{"rendered":"https:\/\/psoecanarias.com\/web\/?p=32987"},"modified":"2023-01-20T18:58:26","modified_gmt":"2023-01-20T18:58:26","slug":"estos-presupuestos-serviran-para-cumplir-nuestro-compromiso-con-canarias-igualdad-y-servicios-publicos","status":"publish","type":"post","link":"https:\/\/psoecanarias.com\/web\/estos-presupuestos-serviran-para-cumplir-nuestro-compromiso-con-canarias-igualdad-y-servicios-publicos\/","title":{"rendered":"\u201cEstos Presupuestos servir\u00e1n para cumplir nuestro compromiso con Canarias: igualdad y servicios p\u00fablicos\u201d"},"content":{"rendered":"<p><strong>Canarias, 15 diciembre de 2022.-<\/strong> El portavoz adjunto del Grupo Parlamentario Socialista, I\u00f1aki Lavandera, ha valorado este jueves [15] la aprobaci\u00f3n del dictamen en comisi\u00f3n parlamentaria del Presupuesto de Canarias para 2023, que ser\u00e1 refrendado la pr\u00f3xima semana en el Pleno de la C\u00e1mara regional. En este sentido, ha destacado las mejoras a las cuentas a trav\u00e9s del periodo de enmiendas, ofreciendo unos presupuestos \u201cque ofrecen certidumbre, m\u00e1s inversi\u00f3n, m\u00e1s apoyo a los sectores productivos y dise\u00f1ados para seguir consolidando la recuperaci\u00f3n econ\u00f3mica y social de Canarias\u201d.<\/p>\n<p>Lavandera resalt\u00f3 el \u201cejercicio de voluntad\u201d de todos los grupos pol\u00edticos en el periodo de enmiendas para mejorar estas cuentas, aunque record\u00f3 que muchas de las propuestas presentadas por la oposici\u00f3n han mostrado su \u201cdesconocimiento\u201d del funcionamiento de la administraci\u00f3n p\u00fablica, porque dan de baja partidas de gasto fundamentales para los servicios p\u00fablicos y proponen gastos ya previstos en el Presupuesto. \u201cEn su discurso siempre est\u00e1 presente la reducci\u00f3n de impuestos y, por lo tanto, la reducci\u00f3n de los servicios p\u00fablicos, adem\u00e1s de sacar a relucir siempre lo del rodillo\u201d.<\/p>\n<p>Por su parte, record\u00f3 a Coalici\u00f3n Canaria (CC) las enmiendas que le han incluido en el articulado del Presupuesto, como el incremento de la vigilancia del suministro de combustibles en las islas verdes, adem\u00e1s de reprochar a los nacionalistas que hayan reclamando iniciativas ya contempladas en el Presupuesto, como el tercer helic\u00f3ptero medicalizado con base en Fuerteventura. \u201cTodo esto no puede ser ignorancia, tal vez mala fe, o una muestra para no satisfacer las necesidades de Canarias sino para sentirse satisfechos\u201d.<\/p>\n<p><strong>Prioridades presupuestarias equilibradas<\/strong><\/p>\n<p>Para el diputado socialista, estos Presupuestos est\u00e1n dise\u00f1ados para seguir consolidando la recuperaci\u00f3n econ\u00f3mica y social aliados con los objetivos del Plan de Reactivaci\u00f3n Social y Econ\u00f3mica de Canarias; responde a la situaci\u00f3n que se est\u00e1 viviendo en La Palma, con previsi\u00f3n de gasto y manteniendo las ayudas fiscales para que los afectados por la erupci\u00f3n del volc\u00e1n \u201cpuedan seguir recuperando su vida\u201d, y permiten ejecutar los Fondos Europeos Next Generation.<\/p>\n<p>Adem\u00e1s, cuentan con unas prioridades presupuestarias \u201cequilibradas en el territorio, enfocadas a combatir la desigualdad mediante el fortalecimiento de los servicios p\u00fablicos, la dinamizaci\u00f3n de la econom\u00eda mediante mayor inversi\u00f3n p\u00fablica, y apoyo a los sectores productivos\u201d.<\/p>\n<p>Lavandera insisti\u00f3 en que son unos presupuestos \u201cprudentes en sus previsiones\u201d con proyecciones de crecimiento. \u201cPrincipalmente estas previsiones son las que justifican un crecimiento de los ingresos en tributos propios y cedidos, en 2022 tambi\u00e9n lo criticaron, y acabamos ingresando m\u00e1s por el mayor dinamismo de la econom\u00eda, la mayor facturaci\u00f3n del sector tur\u00edstico y tambi\u00e9n la inflaci\u00f3n\u201d.<\/p>\n<p><strong>Texto al articulado<\/strong><\/p>\n<p>Por su parte, la diputada socialista Matilde Fleitas se refiri\u00f3 al texto articulado de los Presupuestos, y quiso hacer hincapi\u00e9 en las \u201cimportantes\u201d enmiendas del Grupo Socialista, como las relacionadas con la vigilancia de los precios del suministro de combustible en las islas de El Hierro, La Gomera y La Palma.<\/p>\n<p>Tambi\u00e9n resalt\u00f3 las enmiendas socialistas para impulsar la reconstrucci\u00f3n de La Palma tras la erupci\u00f3n volc\u00e1nica, \u201csitu\u00e1ndonos al lado de las voces de la ciudadan\u00eda, les escuchamos y valoramos sus justas reivindicaciones\u201d, y agradeci\u00f3 a las plataformas y asociaciones el traslado de sus propuestas de enmiendas a los presupuestos \u201cpara darles las mejores soluciones\u201d.<\/p>\n<p>Adem\u00e1s, se refiri\u00f3 a mejoras como la inclusi\u00f3n de los planes de empleo de La Palma a los aut\u00f3nomos, las peque\u00f1as y medidas empresas y las micropymes. \u201cUna medida muy demandada por el sector empresarial de la isla\u201d.<\/p>\n<p>Los dos diputados insistieron en el \u201ccompromiso\u201d del Grupo Socialista con Canarias a trav\u00e9s de estos Presupuestos, como \u201crevertir la desigualdad y fortalecer nuestros servicios p\u00fablicos\u201d.<\/p>\n","protected":false},"excerpt":{"rendered":"<p>Lavandera y Fleitas valoran la aprobaci\u00f3n en comisi\u00f3n parlamentaria de las cuentas regionales para el pr\u00f3ximo ejercicio 2023<\/p>\n","protected":false},"author":1,"featured_media":32988,"comment_status":"open","ping_status":"open","sticky":false,"template":"","format":"standard","meta":{"footnotes":""},"categories":[1185,1184],"tags":[32,1237],"class_list":["post-32987","post","type-post","status-publish","format-standard","has-post-thumbnail","hentry","category-grupo-parlamentario","category-noticias","tag-inaki-lavandera","tag-matilde-fleitas"],"featured_image_src":"https:\/\/psoecanarias.com\/web\/wp-content\/uploads\/2022\/12\/Post-web.png","author_info":{"display_name":"PSOE Canarias","author_link":"https:\/\/psoecanarias.com\/web\/author\/admin\/"},"yoast_head":"<!-- This site is optimized with the Yoast SEO plugin v27.2 - https:\/\/yoast.com\/product\/yoast-seo-wordpress\/ -->\n<title>\u201cEstos Presupuestos servir\u00e1n para cumplir nuestro compromiso con Canarias: igualdad y servicios p\u00fablicos\u201d | PSOE Canarias<\/title>\n<meta name=\"robots\" content=\"index, follow, max-snippet:-1, max-image-preview:large, max-video-preview:-1\" \/>\n<link rel=\"canonical\" href=\"https:\/\/psoecanarias.com\/web\/estos-presupuestos-serviran-para-cumplir-nuestro-compromiso-con-canarias-igualdad-y-servicios-publicos\/\" \/>\n<meta property=\"og:locale\" content=\"es_ES\" \/>\n<meta property=\"og:type\" content=\"article\" \/>\n<meta property=\"og:title\" content=\"\u201cEstos Presupuestos servir\u00e1n para cumplir nuestro compromiso con Canarias: igualdad y servicios p\u00fablicos\u201d | PSOE Canarias\" \/>\n<meta property=\"og:description\" content=\"Lavandera y Fleitas valoran la aprobaci\u00f3n en comisi\u00f3n parlamentaria de las cuentas regionales para el pr\u00f3ximo ejercicio 2023\" \/>\n<meta property=\"og:url\" content=\"https:\/\/psoecanarias.com\/web\/estos-presupuestos-serviran-para-cumplir-nuestro-compromiso-con-canarias-igualdad-y-servicios-publicos\/\" \/>\n<meta property=\"og:site_name\" content=\"PSOE Canarias\" \/>\n<meta property=\"article:published_time\" content=\"2022-12-16T13:37:28+00:00\" \/>\n<meta property=\"article:modified_time\" content=\"2023-01-20T18:58:26+00:00\" \/>\n<meta property=\"og:image\" content=\"https:\/\/psoecanarias.com\/web\/wp-content\/uploads\/2022\/12\/Post-web.png\" \/>\n\t<meta property=\"og:image:width\" content=\"1200\" \/>\n\t<meta property=\"og:image:height\" content=\"700\" \/>\n\t<meta property=\"og:image:type\" content=\"image\/png\" \/>\n<meta name=\"author\" content=\"PSOE Canarias\" \/>\n<meta name=\"twitter:card\" content=\"summary_large_image\" \/>\n<script type=\"application\/ld+json\" class=\"yoast-schema-graph\">{\"@context\":\"https:\/\/schema.org\",\"@graph\":[{\"@type\":\"Article\",\"@id\":\"https:\/\/psoecanarias.com\/web\/estos-presupuestos-serviran-para-cumplir-nuestro-compromiso-con-canarias-igualdad-y-servicios-publicos\/#article\",\"isPartOf\":{\"@id\":\"https:\/\/psoecanarias.com\/web\/estos-presupuestos-serviran-para-cumplir-nuestro-compromiso-con-canarias-igualdad-y-servicios-publicos\/\"},\"author\":{\"name\":\"PSOE Canarias\",\"@id\":\"https:\/\/psoecanarias.com\/web\/#\/schema\/person\/1ae43f9659d2fc599ca69c11e1dbf26f\"},\"headline\":\"\u201cEstos Presupuestos servir\u00e1n para cumplir nuestro compromiso con Canarias: igualdad y servicios p\u00fablicos\u201d\",\"datePublished\":\"2022-12-16T13:37:28+00:00\",\"dateModified\":\"2023-01-20T18:58:26+00:00\",\"mainEntityOfPage\":{\"@id\":\"https:\/\/psoecanarias.com\/web\/estos-presupuestos-serviran-para-cumplir-nuestro-compromiso-con-canarias-igualdad-y-servicios-publicos\/\"},\"wordCount\":669,\"commentCount\":0,\"image\":{\"@id\":\"https:\/\/psoecanarias.com\/web\/estos-presupuestos-serviran-para-cumplir-nuestro-compromiso-con-canarias-igualdad-y-servicios-publicos\/#primaryimage\"},\"thumbnailUrl\":\"https:\/\/psoecanarias.com\/web\/wp-content\/uploads\/2022\/12\/Post-web.png\",\"keywords\":[\"I\u00f1aki Lavandera\",\"Matilde Fleitas\"],\"articleSection\":[\"Grupo Parlamentario\",\"Noticias\"],\"inLanguage\":\"es\",\"potentialAction\":[{\"@type\":\"CommentAction\",\"name\":\"Comment\",\"target\":[\"https:\/\/psoecanarias.com\/web\/estos-presupuestos-serviran-para-cumplir-nuestro-compromiso-con-canarias-igualdad-y-servicios-publicos\/#respond\"]}]},{\"@type\":\"WebPage\",\"@id\":\"https:\/\/psoecanarias.com\/web\/estos-presupuestos-serviran-para-cumplir-nuestro-compromiso-con-canarias-igualdad-y-servicios-publicos\/\",\"url\":\"https:\/\/psoecanarias.com\/web\/estos-presupuestos-serviran-para-cumplir-nuestro-compromiso-con-canarias-igualdad-y-servicios-publicos\/\",\"name\":\"\u201cEstos Presupuestos servir\u00e1n para cumplir nuestro compromiso con Canarias: igualdad y servicios p\u00fablicos\u201d | PSOE Canarias\",\"isPartOf\":{\"@id\":\"https:\/\/psoecanarias.com\/web\/#website\"},\"primaryImageOfPage\":{\"@id\":\"https:\/\/psoecanarias.com\/web\/estos-presupuestos-serviran-para-cumplir-nuestro-compromiso-con-canarias-igualdad-y-servicios-publicos\/#primaryimage\"},\"image\":{\"@id\":\"https:\/\/psoecanarias.com\/web\/estos-presupuestos-serviran-para-cumplir-nuestro-compromiso-con-canarias-igualdad-y-servicios-publicos\/#primaryimage\"},\"thumbnailUrl\":\"https:\/\/psoecanarias.com\/web\/wp-content\/uploads\/2022\/12\/Post-web.png\",\"datePublished\":\"2022-12-16T13:37:28+00:00\",\"dateModified\":\"2023-01-20T18:58:26+00:00\",\"author\":{\"@id\":\"https:\/\/psoecanarias.com\/web\/#\/schema\/person\/1ae43f9659d2fc599ca69c11e1dbf26f\"},\"breadcrumb\":{\"@id\":\"https:\/\/psoecanarias.com\/web\/estos-presupuestos-serviran-para-cumplir-nuestro-compromiso-con-canarias-igualdad-y-servicios-publicos\/#breadcrumb\"},\"inLanguage\":\"es\",\"potentialAction\":[{\"@type\":\"ReadAction\",\"target\":[\"https:\/\/psoecanarias.com\/web\/estos-presupuestos-serviran-para-cumplir-nuestro-compromiso-con-canarias-igualdad-y-servicios-publicos\/\"]}]},{\"@type\":\"ImageObject\",\"inLanguage\":\"es\",\"@id\":\"https:\/\/psoecanarias.com\/web\/estos-presupuestos-serviran-para-cumplir-nuestro-compromiso-con-canarias-igualdad-y-servicios-publicos\/#primaryimage\",\"url\":\"https:\/\/psoecanarias.com\/web\/wp-content\/uploads\/2022\/12\/Post-web.png\",\"contentUrl\":\"https:\/\/psoecanarias.com\/web\/wp-content\/uploads\/2022\/12\/Post-web.png\",\"width\":1200,\"height\":700,\"caption\":\"Matilde Fleitas e I\u00f1aki Lavandera.\"},{\"@type\":\"BreadcrumbList\",\"@id\":\"https:\/\/psoecanarias.com\/web\/estos-presupuestos-serviran-para-cumplir-nuestro-compromiso-con-canarias-igualdad-y-servicios-publicos\/#breadcrumb\",\"itemListElement\":[{\"@type\":\"ListItem\",\"position\":1,\"name\":\"Portada\",\"item\":\"https:\/\/psoecanarias.com\/web\/\"},{\"@type\":\"ListItem\",\"position\":2,\"name\":\"\u201cEstos Presupuestos servir\u00e1n para cumplir nuestro compromiso con Canarias: igualdad y servicios p\u00fablicos\u201d\"}]},{\"@type\":\"WebSite\",\"@id\":\"https:\/\/psoecanarias.com\/web\/#website\",\"url\":\"https:\/\/psoecanarias.com\/web\/\",\"name\":\"PSOE Canarias\",\"description\":\"Partido Socialista Obrero Espa\u00f1ol Canarias\",\"potentialAction\":[{\"@type\":\"SearchAction\",\"target\":{\"@type\":\"EntryPoint\",\"urlTemplate\":\"https:\/\/psoecanarias.com\/web\/?s={search_term_string}\"},\"query-input\":{\"@type\":\"PropertyValueSpecification\",\"valueRequired\":true,\"valueName\":\"search_term_string\"}}],\"inLanguage\":\"es\"},{\"@type\":\"Person\",\"@id\":\"https:\/\/psoecanarias.com\/web\/#\/schema\/person\/1ae43f9659d2fc599ca69c11e1dbf26f\",\"name\":\"PSOE Canarias\",\"image\":{\"@type\":\"ImageObject\",\"inLanguage\":\"es\",\"@id\":\"https:\/\/secure.gravatar.com\/avatar\/4364d37f6f6f9cdb7af199b46151565f37d8a8c3c0e04c1d78c04e857a15e3a8?s=96&d=mm&r=g\",\"url\":\"https:\/\/secure.gravatar.com\/avatar\/4364d37f6f6f9cdb7af199b46151565f37d8a8c3c0e04c1d78c04e857a15e3a8?s=96&d=mm&r=g\",\"contentUrl\":\"https:\/\/secure.gravatar.com\/avatar\/4364d37f6f6f9cdb7af199b46151565f37d8a8c3c0e04c1d78c04e857a15e3a8?s=96&d=mm&r=g\",\"caption\":\"PSOE Canarias\"},\"url\":\"https:\/\/psoecanarias.com\/web\/author\/admin\/\"}]}<\/script>\n<!-- \/ Yoast SEO plugin. -->","yoast_head_json":{"title":"\u201cEstos Presupuestos servir\u00e1n para cumplir nuestro compromiso con Canarias: igualdad y servicios p\u00fablicos\u201d | PSOE Canarias","robots":{"index":"index","follow":"follow","max-snippet":"max-snippet:-1","max-image-preview":"max-image-preview:large","max-video-preview":"max-video-preview:-1"},"canonical":"https:\/\/psoecanarias.com\/web\/estos-presupuestos-serviran-para-cumplir-nuestro-compromiso-con-canarias-igualdad-y-servicios-publicos\/","og_locale":"es_ES","og_type":"article","og_title":"\u201cEstos Presupuestos servir\u00e1n para cumplir nuestro compromiso con Canarias: igualdad y servicios p\u00fablicos\u201d | PSOE Canarias","og_description":"Lavandera y Fleitas valoran la aprobaci\u00f3n en comisi\u00f3n parlamentaria de las cuentas regionales para el pr\u00f3ximo ejercicio 2023","og_url":"https:\/\/psoecanarias.com\/web\/estos-presupuestos-serviran-para-cumplir-nuestro-compromiso-con-canarias-igualdad-y-servicios-publicos\/","og_site_name":"PSOE Canarias","article_published_time":"2022-12-16T13:37:28+00:00","article_modified_time":"2023-01-20T18:58:26+00:00","og_image":[{"width":1200,"height":700,"url":"https:\/\/psoecanarias.com\/web\/wp-content\/uploads\/2022\/12\/Post-web.png","type":"image\/png"}],"author":"PSOE Canarias","twitter_card":"summary_large_image","schema":{"@context":"https:\/\/schema.org","@graph":[{"@type":"Article","@id":"https:\/\/psoecanarias.com\/web\/estos-presupuestos-serviran-para-cumplir-nuestro-compromiso-con-canarias-igualdad-y-servicios-publicos\/#article","isPartOf":{"@id":"https:\/\/psoecanarias.com\/web\/estos-presupuestos-serviran-para-cumplir-nuestro-compromiso-con-canarias-igualdad-y-servicios-publicos\/"},"author":{"name":"PSOE Canarias","@id":"https:\/\/psoecanarias.com\/web\/#\/schema\/person\/1ae43f9659d2fc599ca69c11e1dbf26f"},"headline":"\u201cEstos Presupuestos servir\u00e1n para cumplir nuestro compromiso con Canarias: igualdad y servicios p\u00fablicos\u201d","datePublished":"2022-12-16T13:37:28+00:00","dateModified":"2023-01-20T18:58:26+00:00","mainEntityOfPage":{"@id":"https:\/\/psoecanarias.com\/web\/estos-presupuestos-serviran-para-cumplir-nuestro-compromiso-con-canarias-igualdad-y-servicios-publicos\/"},"wordCount":669,"commentCount":0,"image":{"@id":"https:\/\/psoecanarias.com\/web\/estos-presupuestos-serviran-para-cumplir-nuestro-compromiso-con-canarias-igualdad-y-servicios-publicos\/#primaryimage"},"thumbnailUrl":"https:\/\/psoecanarias.com\/web\/wp-content\/uploads\/2022\/12\/Post-web.png","keywords":["I\u00f1aki Lavandera","Matilde Fleitas"],"articleSection":["Grupo Parlamentario","Noticias"],"inLanguage":"es","potentialAction":[{"@type":"CommentAction","name":"Comment","target":["https:\/\/psoecanarias.com\/web\/estos-presupuestos-serviran-para-cumplir-nuestro-compromiso-con-canarias-igualdad-y-servicios-publicos\/#respond"]}]},{"@type":"WebPage","@id":"https:\/\/psoecanarias.com\/web\/estos-presupuestos-serviran-para-cumplir-nuestro-compromiso-con-canarias-igualdad-y-servicios-publicos\/","url":"https:\/\/psoecanarias.com\/web\/estos-presupuestos-serviran-para-cumplir-nuestro-compromiso-con-canarias-igualdad-y-servicios-publicos\/","name":"\u201cEstos Presupuestos servir\u00e1n para cumplir nuestro compromiso con Canarias: igualdad y servicios p\u00fablicos\u201d | PSOE Canarias","isPartOf":{"@id":"https:\/\/psoecanarias.com\/web\/#website"},"primaryImageOfPage":{"@id":"https:\/\/psoecanarias.com\/web\/estos-presupuestos-serviran-para-cumplir-nuestro-compromiso-con-canarias-igualdad-y-servicios-publicos\/#primaryimage"},"image":{"@id":"https:\/\/psoecanarias.com\/web\/estos-presupuestos-serviran-para-cumplir-nuestro-compromiso-con-canarias-igualdad-y-servicios-publicos\/#primaryimage"},"thumbnailUrl":"https:\/\/psoecanarias.com\/web\/wp-content\/uploads\/2022\/12\/Post-web.png","datePublished":"2022-12-16T13:37:28+00:00","dateModified":"2023-01-20T18:58:26+00:00","author":{"@id":"https:\/\/psoecanarias.com\/web\/#\/schema\/person\/1ae43f9659d2fc599ca69c11e1dbf26f"},"breadcrumb":{"@id":"https:\/\/psoecanarias.com\/web\/estos-presupuestos-serviran-para-cumplir-nuestro-compromiso-con-canarias-igualdad-y-servicios-publicos\/#breadcrumb"},"inLanguage":"es","potentialAction":[{"@type":"ReadAction","target":["https:\/\/psoecanarias.com\/web\/estos-presupuestos-serviran-para-cumplir-nuestro-compromiso-con-canarias-igualdad-y-servicios-publicos\/"]}]},{"@type":"ImageObject","inLanguage":"es","@id":"https:\/\/psoecanarias.com\/web\/estos-presupuestos-serviran-para-cumplir-nuestro-compromiso-con-canarias-igualdad-y-servicios-publicos\/#primaryimage","url":"https:\/\/psoecanarias.com\/web\/wp-content\/uploads\/2022\/12\/Post-web.png","contentUrl":"https:\/\/psoecanarias.com\/web\/wp-content\/uploads\/2022\/12\/Post-web.png","width":1200,"height":700,"caption":"Matilde Fleitas e I\u00f1aki Lavandera."},{"@type":"BreadcrumbList","@id":"https:\/\/psoecanarias.com\/web\/estos-presupuestos-serviran-para-cumplir-nuestro-compromiso-con-canarias-igualdad-y-servicios-publicos\/#breadcrumb","itemListElement":[{"@type":"ListItem","position":1,"name":"Portada","item":"https:\/\/psoecanarias.com\/web\/"},{"@type":"ListItem","position":2,"name":"\u201cEstos Presupuestos servir\u00e1n para cumplir nuestro compromiso con Canarias: igualdad y servicios p\u00fablicos\u201d"}]},{"@type":"WebSite","@id":"https:\/\/psoecanarias.com\/web\/#website","url":"https:\/\/psoecanarias.com\/web\/","name":"PSOE Canarias","description":"Partido Socialista Obrero Espa\u00f1ol Canarias","potentialAction":[{"@type":"SearchAction","target":{"@type":"EntryPoint","urlTemplate":"https:\/\/psoecanarias.com\/web\/?s={search_term_string}"},"query-input":{"@type":"PropertyValueSpecification","valueRequired":true,"valueName":"search_term_string"}}],"inLanguage":"es"},{"@type":"Person","@id":"https:\/\/psoecanarias.com\/web\/#\/schema\/person\/1ae43f9659d2fc599ca69c11e1dbf26f","name":"PSOE Canarias","image":{"@type":"ImageObject","inLanguage":"es","@id":"https:\/\/secure.gravatar.com\/avatar\/4364d37f6f6f9cdb7af199b46151565f37d8a8c3c0e04c1d78c04e857a15e3a8?s=96&d=mm&r=g","url":"https:\/\/secure.gravatar.com\/avatar\/4364d37f6f6f9cdb7af199b46151565f37d8a8c3c0e04c1d78c04e857a15e3a8?s=96&d=mm&r=g","contentUrl":"https:\/\/secure.gravatar.com\/avatar\/4364d37f6f6f9cdb7af199b46151565f37d8a8c3c0e04c1d78c04e857a15e3a8?s=96&d=mm&r=g","caption":"PSOE Canarias"},"url":"https:\/\/psoecanarias.com\/web\/author\/admin\/"}]}},"_links":{"self":[{"href":"https:\/\/psoecanarias.com\/web\/wp-json\/wp\/v2\/posts\/32987","targetHints":{"allow":["GET"]}}],"collection":[{"href":"https:\/\/psoecanarias.com\/web\/wp-json\/wp\/v2\/posts"}],"about":[{"href":"https:\/\/psoecanarias.com\/web\/wp-json\/wp\/v2\/types\/post"}],"author":[{"embeddable":true,"href":"https:\/\/psoecanarias.com\/web\/wp-json\/wp\/v2\/users\/1"}],"replies":[{"embeddable":true,"href":"https:\/\/psoecanarias.com\/web\/wp-json\/wp\/v2\/comments?post=32987"}],"version-history":[{"count":3,"href":"https:\/\/psoecanarias.com\/web\/wp-json\/wp\/v2\/posts\/32987\/revisions"}],"predecessor-version":[{"id":33340,"href":"https:\/\/psoecanarias.com\/web\/wp-json\/wp\/v2\/posts\/32987\/revisions\/33340"}],"wp:featuredmedia":[{"embeddable":true,"href":"https:\/\/psoecanarias.com\/web\/wp-json\/wp\/v2\/media\/32988"}],"wp:attachment":[{"href":"https:\/\/psoecanarias.com\/web\/wp-json\/wp\/v2\/media?parent=32987"}],"wp:term":[{"taxonomy":"category","embeddable":true,"href":"https:\/\/psoecanarias.com\/web\/wp-json\/wp\/v2\/categories?post=32987"},{"taxonomy":"post_tag","embeddable":true,"href":"https:\/\/psoecanarias.com\/web\/wp-json\/wp\/v2\/tags?post=32987"}],"curies":[{"name":"wp","href":"https:\/\/api.w.org\/{rel}","templated":true}]}}