{"id":3420,"date":"2017-06-13T10:06:19","date_gmt":"2017-06-13T09:06:19","guid":{"rendered":"http:\/\/psoecanarias.com\/web\/?p=3420"},"modified":"2017-06-13T10:06:19","modified_gmt":"2017-06-13T09:06:19","slug":"el-psoe-reitera-en-el-senado-la-urgente-necesidad-de-cubrir-las-vacantes-de-policia-y-guardia-civil-en-canarias","status":"publish","type":"post","link":"https:\/\/psoecanarias.com\/web\/el-psoe-reitera-en-el-senado-la-urgente-necesidad-de-cubrir-las-vacantes-de-policia-y-guardia-civil-en-canarias\/","title":{"rendered":"El PSOE reitera en el Senado la \u201curgente necesidad\u201d de cubrir las vacantes de Polic\u00eda y Guardia Civil en Canarias"},"content":{"rendered":"<p style=\"text-align: justify;\">Los senadores del PSOE por Tenerife, Olivia Delgado, y por Canarias, Julio Cruz, han presentado por segunda vez en el Senado una moci\u00f3n (la primera fue rechazada por la mayor\u00eda del PP en diciembre pasado) destinada a forzar al Gobierno de Espa\u00f1a a cumplir con sus responsabilidades en materia de seguridad en Canarias. \u201cEs de urgente necesidad cubrir de una vez las vacantes de Polic\u00eda Nacional y Guardia Civil, en lugar de inventar oficinas sin utilidad ni capacidad de acci\u00f3n que, para colmo, nacen de restar efectivos a otras comisar\u00edas\u201d.<\/p>\n<p style=\"text-align: justify;\">Olivia Delgado y Julio Cruz hacen especial hincapi\u00e9 en la situaci\u00f3n de las grandes zonas tur\u00edsticas del archipi\u00e9lago, donde a la carencia de agentes en la calle se suma la complejidad de que gran parte de su trabajo se desarrolla con turistas que hablan otros idiomas.<\/p>\n<p style=\"text-align: justify;\">\u201cEs la segunda vez que planteo esta moci\u00f3n en la Comisi\u00f3n de Interior del Senado y conf\u00edo en no tener que hacerlo por tercera vez; el Gobierno de Espa\u00f1a y el PP deben entender que en Canarias tenemos necesidades espec\u00edficas en la gesti\u00f3n de la seguridad y mucho m\u00e1s en las zonas donde el turismo genera econom\u00eda y gran movimiento de personas de m\u00faltiples pa\u00edses\u201d.<\/p>\n<p style=\"text-align: justify;\">En este sentido, los senadores socialistas son muy cr\u00edticos con las \u201cacciones de imagen, sin fondo ni sustento\u201d cuando ata\u00f1en a materias de seguridad. Es el caso de la pr\u00f3xima creaci\u00f3n de una oficina de Servicio de Atenci\u00f3n al Turista Extranjero (SATE) en Santiago del Teide, cuyo \u00fanico agente de la Guardia Civil \u201cs\u00f3lo podr\u00e1 indicar a los turistas afectados por alg\u00fan delito el camino a la comisar\u00eda o comandancia m\u00e1s cercana\u201d.<\/p>\n<p style=\"text-align: justify;\">\u201cEs lamentable que la Delegaci\u00f3n del Gobierno admita que para cubrir esa oficina SATE en Santiago del Teide se reste personal del puesto principal de la Guardia Civil de Gu\u00eda de Isora\u201d, explican los senadores del PSOE. \u201cEst\u00e1 bien ya de pol\u00edticas de imagen que desvisten un santo para vestir a otro sin que los servicios a la ciudadan\u00eda mejoren\u201d.<\/p>\n<p style=\"text-align: justify;\">En este sentido, Olivia Delgado y Julio Cruz respaldan las cr\u00edticas del alcalde de Gu\u00eda de Isora, Pedro Mart\u00edn, a esta iniciativa y por ello reactiva en el Senado la moci\u00f3n por la que se solicita al Gobierno que cumpla sus obligaciones en esta materia y cubra las vacantes en los distintos Cuerpos y Fuerzas de Seguridad del Estado que operan en Canarias, adem\u00e1s de dotar a los agentes con el material y los veh\u00edculos necesarios para el desarrollo de su labor.<\/p>\n","protected":false},"excerpt":{"rendered":"<p>Delgado y Cruz presentan por segunda vez una moci\u00f3n para que el Gobierno \u201cd\u00e9 respuesta a las necesidades espec\u00edficas de las islas, en especial en las zonas tur\u00edsticas\u201d<\/p>\n","protected":false},"author":1,"featured_media":3421,"comment_status":"open","ping_status":"open","sticky":false,"template":"","format":"standard","meta":{"footnotes":""},"categories":[7],"tags":[534,75,350,1018,38],"class_list":["post-3420","post","type-post","status-publish","format-standard","has-post-thumbnail","hentry","category-politica","tag-guardia-civil","tag-julio-cruz","tag-olivia-delgado","tag-policia","tag-senado"],"featured_image_src":"https:\/\/psoecanarias.com\/web\/wp-content\/uploads\/2017\/06\/Julio-Cruz-y-Olivia-Delgado.jpg","author_info":{"display_name":"PSOE Canarias","author_link":"https:\/\/psoecanarias.com\/web\/author\/admin\/"},"yoast_head":"<!-- This site is optimized with the Yoast SEO plugin v27.2 - https:\/\/yoast.com\/product\/yoast-seo-wordpress\/ -->\n<title>El PSOE reitera en el Senado la \u201curgente necesidad\u201d de cubrir las vacantes de Polic\u00eda y Guardia Civil en Canarias | PSOE Canarias<\/title>\n<meta name=\"robots\" content=\"index, follow, max-snippet:-1, max-image-preview:large, max-video-preview:-1\" \/>\n<link rel=\"canonical\" href=\"https:\/\/psoecanarias.com\/web\/el-psoe-reitera-en-el-senado-la-urgente-necesidad-de-cubrir-las-vacantes-de-policia-y-guardia-civil-en-canarias\/\" \/>\n<meta property=\"og:locale\" content=\"es_ES\" \/>\n<meta property=\"og:type\" content=\"article\" \/>\n<meta property=\"og:title\" content=\"El PSOE reitera en el Senado la \u201curgente necesidad\u201d de cubrir las vacantes de Polic\u00eda y Guardia Civil en Canarias | PSOE Canarias\" \/>\n<meta property=\"og:description\" content=\"Delgado y Cruz presentan por segunda vez una moci\u00f3n para que el Gobierno \u201cd\u00e9 respuesta a las necesidades espec\u00edficas de las islas, en especial en las zonas tur\u00edsticas\u201d\" \/>\n<meta property=\"og:url\" content=\"https:\/\/psoecanarias.com\/web\/el-psoe-reitera-en-el-senado-la-urgente-necesidad-de-cubrir-las-vacantes-de-policia-y-guardia-civil-en-canarias\/\" \/>\n<meta property=\"og:site_name\" content=\"PSOE Canarias\" \/>\n<meta property=\"article:published_time\" content=\"2017-06-13T09:06:19+00:00\" \/>\n<meta property=\"og:image\" content=\"https:\/\/psoecanarias.com\/web\/wp-content\/uploads\/2017\/06\/Julio-Cruz-y-Olivia-Delgado.jpg\" \/>\n\t<meta property=\"og:image:width\" content=\"880\" \/>\n\t<meta property=\"og:image:height\" content=\"587\" \/>\n\t<meta property=\"og:image:type\" content=\"image\/jpeg\" \/>\n<meta name=\"author\" content=\"PSOE Canarias\" \/>\n<meta name=\"twitter:card\" content=\"summary_large_image\" \/>\n<script type=\"application\/ld+json\" class=\"yoast-schema-graph\">{\"@context\":\"https:\/\/schema.org\",\"@graph\":[{\"@type\":\"Article\",\"@id\":\"https:\/\/psoecanarias.com\/web\/el-psoe-reitera-en-el-senado-la-urgente-necesidad-de-cubrir-las-vacantes-de-policia-y-guardia-civil-en-canarias\/#article\",\"isPartOf\":{\"@id\":\"https:\/\/psoecanarias.com\/web\/el-psoe-reitera-en-el-senado-la-urgente-necesidad-de-cubrir-las-vacantes-de-policia-y-guardia-civil-en-canarias\/\"},\"author\":{\"name\":\"PSOE Canarias\",\"@id\":\"https:\/\/psoecanarias.com\/web\/#\/schema\/person\/1ae43f9659d2fc599ca69c11e1dbf26f\"},\"headline\":\"El PSOE reitera en el Senado la \u201curgente necesidad\u201d de cubrir las vacantes de Polic\u00eda y Guardia Civil en Canarias\",\"datePublished\":\"2017-06-13T09:06:19+00:00\",\"mainEntityOfPage\":{\"@id\":\"https:\/\/psoecanarias.com\/web\/el-psoe-reitera-en-el-senado-la-urgente-necesidad-de-cubrir-las-vacantes-de-policia-y-guardia-civil-en-canarias\/\"},\"wordCount\":474,\"commentCount\":0,\"image\":{\"@id\":\"https:\/\/psoecanarias.com\/web\/el-psoe-reitera-en-el-senado-la-urgente-necesidad-de-cubrir-las-vacantes-de-policia-y-guardia-civil-en-canarias\/#primaryimage\"},\"thumbnailUrl\":\"https:\/\/psoecanarias.com\/web\/wp-content\/uploads\/2017\/06\/Julio-Cruz-y-Olivia-Delgado.jpg\",\"keywords\":[\"Guardia Civil\",\"Julio Cruz\",\"Olivia Delgado\",\"Polic\u00eda\",\"Senado\"],\"articleSection\":[\"Pol\u00edtica\"],\"inLanguage\":\"es\",\"potentialAction\":[{\"@type\":\"CommentAction\",\"name\":\"Comment\",\"target\":[\"https:\/\/psoecanarias.com\/web\/el-psoe-reitera-en-el-senado-la-urgente-necesidad-de-cubrir-las-vacantes-de-policia-y-guardia-civil-en-canarias\/#respond\"]}]},{\"@type\":\"WebPage\",\"@id\":\"https:\/\/psoecanarias.com\/web\/el-psoe-reitera-en-el-senado-la-urgente-necesidad-de-cubrir-las-vacantes-de-policia-y-guardia-civil-en-canarias\/\",\"url\":\"https:\/\/psoecanarias.com\/web\/el-psoe-reitera-en-el-senado-la-urgente-necesidad-de-cubrir-las-vacantes-de-policia-y-guardia-civil-en-canarias\/\",\"name\":\"El PSOE reitera en el Senado la \u201curgente necesidad\u201d de cubrir las vacantes de Polic\u00eda y Guardia Civil en Canarias | PSOE Canarias\",\"isPartOf\":{\"@id\":\"https:\/\/psoecanarias.com\/web\/#website\"},\"primaryImageOfPage\":{\"@id\":\"https:\/\/psoecanarias.com\/web\/el-psoe-reitera-en-el-senado-la-urgente-necesidad-de-cubrir-las-vacantes-de-policia-y-guardia-civil-en-canarias\/#primaryimage\"},\"image\":{\"@id\":\"https:\/\/psoecanarias.com\/web\/el-psoe-reitera-en-el-senado-la-urgente-necesidad-de-cubrir-las-vacantes-de-policia-y-guardia-civil-en-canarias\/#primaryimage\"},\"thumbnailUrl\":\"https:\/\/psoecanarias.com\/web\/wp-content\/uploads\/2017\/06\/Julio-Cruz-y-Olivia-Delgado.jpg\",\"datePublished\":\"2017-06-13T09:06:19+00:00\",\"author\":{\"@id\":\"https:\/\/psoecanarias.com\/web\/#\/schema\/person\/1ae43f9659d2fc599ca69c11e1dbf26f\"},\"breadcrumb\":{\"@id\":\"https:\/\/psoecanarias.com\/web\/el-psoe-reitera-en-el-senado-la-urgente-necesidad-de-cubrir-las-vacantes-de-policia-y-guardia-civil-en-canarias\/#breadcrumb\"},\"inLanguage\":\"es\",\"potentialAction\":[{\"@type\":\"ReadAction\",\"target\":[\"https:\/\/psoecanarias.com\/web\/el-psoe-reitera-en-el-senado-la-urgente-necesidad-de-cubrir-las-vacantes-de-policia-y-guardia-civil-en-canarias\/\"]}]},{\"@type\":\"ImageObject\",\"inLanguage\":\"es\",\"@id\":\"https:\/\/psoecanarias.com\/web\/el-psoe-reitera-en-el-senado-la-urgente-necesidad-de-cubrir-las-vacantes-de-policia-y-guardia-civil-en-canarias\/#primaryimage\",\"url\":\"https:\/\/psoecanarias.com\/web\/wp-content\/uploads\/2017\/06\/Julio-Cruz-y-Olivia-Delgado.jpg\",\"contentUrl\":\"https:\/\/psoecanarias.com\/web\/wp-content\/uploads\/2017\/06\/Julio-Cruz-y-Olivia-Delgado.jpg\",\"width\":880,\"height\":587},{\"@type\":\"BreadcrumbList\",\"@id\":\"https:\/\/psoecanarias.com\/web\/el-psoe-reitera-en-el-senado-la-urgente-necesidad-de-cubrir-las-vacantes-de-policia-y-guardia-civil-en-canarias\/#breadcrumb\",\"itemListElement\":[{\"@type\":\"ListItem\",\"position\":1,\"name\":\"Portada\",\"item\":\"https:\/\/psoecanarias.com\/web\/\"},{\"@type\":\"ListItem\",\"position\":2,\"name\":\"El PSOE reitera en el Senado la \u201curgente necesidad\u201d de cubrir las vacantes de Polic\u00eda y Guardia Civil en Canarias\"}]},{\"@type\":\"WebSite\",\"@id\":\"https:\/\/psoecanarias.com\/web\/#website\",\"url\":\"https:\/\/psoecanarias.com\/web\/\",\"name\":\"PSOE Canarias\",\"description\":\"Partido Socialista Obrero Espa\u00f1ol Canarias\",\"potentialAction\":[{\"@type\":\"SearchAction\",\"target\":{\"@type\":\"EntryPoint\",\"urlTemplate\":\"https:\/\/psoecanarias.com\/web\/?s={search_term_string}\"},\"query-input\":{\"@type\":\"PropertyValueSpecification\",\"valueRequired\":true,\"valueName\":\"search_term_string\"}}],\"inLanguage\":\"es\"},{\"@type\":\"Person\",\"@id\":\"https:\/\/psoecanarias.com\/web\/#\/schema\/person\/1ae43f9659d2fc599ca69c11e1dbf26f\",\"name\":\"PSOE Canarias\",\"image\":{\"@type\":\"ImageObject\",\"inLanguage\":\"es\",\"@id\":\"https:\/\/secure.gravatar.com\/avatar\/4364d37f6f6f9cdb7af199b46151565f37d8a8c3c0e04c1d78c04e857a15e3a8?s=96&d=mm&r=g\",\"url\":\"https:\/\/secure.gravatar.com\/avatar\/4364d37f6f6f9cdb7af199b46151565f37d8a8c3c0e04c1d78c04e857a15e3a8?s=96&d=mm&r=g\",\"contentUrl\":\"https:\/\/secure.gravatar.com\/avatar\/4364d37f6f6f9cdb7af199b46151565f37d8a8c3c0e04c1d78c04e857a15e3a8?s=96&d=mm&r=g\",\"caption\":\"PSOE Canarias\"},\"url\":\"https:\/\/psoecanarias.com\/web\/author\/admin\/\"}]}<\/script>\n<!-- \/ Yoast SEO plugin. -->","yoast_head_json":{"title":"El PSOE reitera en el Senado la \u201curgente necesidad\u201d de cubrir las vacantes de Polic\u00eda y Guardia Civil en Canarias | PSOE Canarias","robots":{"index":"index","follow":"follow","max-snippet":"max-snippet:-1","max-image-preview":"max-image-preview:large","max-video-preview":"max-video-preview:-1"},"canonical":"https:\/\/psoecanarias.com\/web\/el-psoe-reitera-en-el-senado-la-urgente-necesidad-de-cubrir-las-vacantes-de-policia-y-guardia-civil-en-canarias\/","og_locale":"es_ES","og_type":"article","og_title":"El PSOE reitera en el Senado la \u201curgente necesidad\u201d de cubrir las vacantes de Polic\u00eda y Guardia Civil en Canarias | PSOE Canarias","og_description":"Delgado y Cruz presentan por segunda vez una moci\u00f3n para que el Gobierno \u201cd\u00e9 respuesta a las necesidades espec\u00edficas de las islas, en especial en las zonas tur\u00edsticas\u201d","og_url":"https:\/\/psoecanarias.com\/web\/el-psoe-reitera-en-el-senado-la-urgente-necesidad-de-cubrir-las-vacantes-de-policia-y-guardia-civil-en-canarias\/","og_site_name":"PSOE Canarias","article_published_time":"2017-06-13T09:06:19+00:00","og_image":[{"width":880,"height":587,"url":"https:\/\/psoecanarias.com\/web\/wp-content\/uploads\/2017\/06\/Julio-Cruz-y-Olivia-Delgado.jpg","type":"image\/jpeg"}],"author":"PSOE Canarias","twitter_card":"summary_large_image","schema":{"@context":"https:\/\/schema.org","@graph":[{"@type":"Article","@id":"https:\/\/psoecanarias.com\/web\/el-psoe-reitera-en-el-senado-la-urgente-necesidad-de-cubrir-las-vacantes-de-policia-y-guardia-civil-en-canarias\/#article","isPartOf":{"@id":"https:\/\/psoecanarias.com\/web\/el-psoe-reitera-en-el-senado-la-urgente-necesidad-de-cubrir-las-vacantes-de-policia-y-guardia-civil-en-canarias\/"},"author":{"name":"PSOE Canarias","@id":"https:\/\/psoecanarias.com\/web\/#\/schema\/person\/1ae43f9659d2fc599ca69c11e1dbf26f"},"headline":"El PSOE reitera en el Senado la \u201curgente necesidad\u201d de cubrir las vacantes de Polic\u00eda y Guardia Civil en Canarias","datePublished":"2017-06-13T09:06:19+00:00","mainEntityOfPage":{"@id":"https:\/\/psoecanarias.com\/web\/el-psoe-reitera-en-el-senado-la-urgente-necesidad-de-cubrir-las-vacantes-de-policia-y-guardia-civil-en-canarias\/"},"wordCount":474,"commentCount":0,"image":{"@id":"https:\/\/psoecanarias.com\/web\/el-psoe-reitera-en-el-senado-la-urgente-necesidad-de-cubrir-las-vacantes-de-policia-y-guardia-civil-en-canarias\/#primaryimage"},"thumbnailUrl":"https:\/\/psoecanarias.com\/web\/wp-content\/uploads\/2017\/06\/Julio-Cruz-y-Olivia-Delgado.jpg","keywords":["Guardia Civil","Julio Cruz","Olivia Delgado","Polic\u00eda","Senado"],"articleSection":["Pol\u00edtica"],"inLanguage":"es","potentialAction":[{"@type":"CommentAction","name":"Comment","target":["https:\/\/psoecanarias.com\/web\/el-psoe-reitera-en-el-senado-la-urgente-necesidad-de-cubrir-las-vacantes-de-policia-y-guardia-civil-en-canarias\/#respond"]}]},{"@type":"WebPage","@id":"https:\/\/psoecanarias.com\/web\/el-psoe-reitera-en-el-senado-la-urgente-necesidad-de-cubrir-las-vacantes-de-policia-y-guardia-civil-en-canarias\/","url":"https:\/\/psoecanarias.com\/web\/el-psoe-reitera-en-el-senado-la-urgente-necesidad-de-cubrir-las-vacantes-de-policia-y-guardia-civil-en-canarias\/","name":"El PSOE reitera en el Senado la \u201curgente necesidad\u201d de cubrir las vacantes de Polic\u00eda y Guardia Civil en Canarias | PSOE Canarias","isPartOf":{"@id":"https:\/\/psoecanarias.com\/web\/#website"},"primaryImageOfPage":{"@id":"https:\/\/psoecanarias.com\/web\/el-psoe-reitera-en-el-senado-la-urgente-necesidad-de-cubrir-las-vacantes-de-policia-y-guardia-civil-en-canarias\/#primaryimage"},"image":{"@id":"https:\/\/psoecanarias.com\/web\/el-psoe-reitera-en-el-senado-la-urgente-necesidad-de-cubrir-las-vacantes-de-policia-y-guardia-civil-en-canarias\/#primaryimage"},"thumbnailUrl":"https:\/\/psoecanarias.com\/web\/wp-content\/uploads\/2017\/06\/Julio-Cruz-y-Olivia-Delgado.jpg","datePublished":"2017-06-13T09:06:19+00:00","author":{"@id":"https:\/\/psoecanarias.com\/web\/#\/schema\/person\/1ae43f9659d2fc599ca69c11e1dbf26f"},"breadcrumb":{"@id":"https:\/\/psoecanarias.com\/web\/el-psoe-reitera-en-el-senado-la-urgente-necesidad-de-cubrir-las-vacantes-de-policia-y-guardia-civil-en-canarias\/#breadcrumb"},"inLanguage":"es","potentialAction":[{"@type":"ReadAction","target":["https:\/\/psoecanarias.com\/web\/el-psoe-reitera-en-el-senado-la-urgente-necesidad-de-cubrir-las-vacantes-de-policia-y-guardia-civil-en-canarias\/"]}]},{"@type":"ImageObject","inLanguage":"es","@id":"https:\/\/psoecanarias.com\/web\/el-psoe-reitera-en-el-senado-la-urgente-necesidad-de-cubrir-las-vacantes-de-policia-y-guardia-civil-en-canarias\/#primaryimage","url":"https:\/\/psoecanarias.com\/web\/wp-content\/uploads\/2017\/06\/Julio-Cruz-y-Olivia-Delgado.jpg","contentUrl":"https:\/\/psoecanarias.com\/web\/wp-content\/uploads\/2017\/06\/Julio-Cruz-y-Olivia-Delgado.jpg","width":880,"height":587},{"@type":"BreadcrumbList","@id":"https:\/\/psoecanarias.com\/web\/el-psoe-reitera-en-el-senado-la-urgente-necesidad-de-cubrir-las-vacantes-de-policia-y-guardia-civil-en-canarias\/#breadcrumb","itemListElement":[{"@type":"ListItem","position":1,"name":"Portada","item":"https:\/\/psoecanarias.com\/web\/"},{"@type":"ListItem","position":2,"name":"El PSOE reitera en el Senado la \u201curgente necesidad\u201d de cubrir las vacantes de Polic\u00eda y Guardia Civil en Canarias"}]},{"@type":"WebSite","@id":"https:\/\/psoecanarias.com\/web\/#website","url":"https:\/\/psoecanarias.com\/web\/","name":"PSOE Canarias","description":"Partido Socialista Obrero Espa\u00f1ol Canarias","potentialAction":[{"@type":"SearchAction","target":{"@type":"EntryPoint","urlTemplate":"https:\/\/psoecanarias.com\/web\/?s={search_term_string}"},"query-input":{"@type":"PropertyValueSpecification","valueRequired":true,"valueName":"search_term_string"}}],"inLanguage":"es"},{"@type":"Person","@id":"https:\/\/psoecanarias.com\/web\/#\/schema\/person\/1ae43f9659d2fc599ca69c11e1dbf26f","name":"PSOE Canarias","image":{"@type":"ImageObject","inLanguage":"es","@id":"https:\/\/secure.gravatar.com\/avatar\/4364d37f6f6f9cdb7af199b46151565f37d8a8c3c0e04c1d78c04e857a15e3a8?s=96&d=mm&r=g","url":"https:\/\/secure.gravatar.com\/avatar\/4364d37f6f6f9cdb7af199b46151565f37d8a8c3c0e04c1d78c04e857a15e3a8?s=96&d=mm&r=g","contentUrl":"https:\/\/secure.gravatar.com\/avatar\/4364d37f6f6f9cdb7af199b46151565f37d8a8c3c0e04c1d78c04e857a15e3a8?s=96&d=mm&r=g","caption":"PSOE Canarias"},"url":"https:\/\/psoecanarias.com\/web\/author\/admin\/"}]}},"_links":{"self":[{"href":"https:\/\/psoecanarias.com\/web\/wp-json\/wp\/v2\/posts\/3420","targetHints":{"allow":["GET"]}}],"collection":[{"href":"https:\/\/psoecanarias.com\/web\/wp-json\/wp\/v2\/posts"}],"about":[{"href":"https:\/\/psoecanarias.com\/web\/wp-json\/wp\/v2\/types\/post"}],"author":[{"embeddable":true,"href":"https:\/\/psoecanarias.com\/web\/wp-json\/wp\/v2\/users\/1"}],"replies":[{"embeddable":true,"href":"https:\/\/psoecanarias.com\/web\/wp-json\/wp\/v2\/comments?post=3420"}],"version-history":[{"count":1,"href":"https:\/\/psoecanarias.com\/web\/wp-json\/wp\/v2\/posts\/3420\/revisions"}],"predecessor-version":[{"id":3422,"href":"https:\/\/psoecanarias.com\/web\/wp-json\/wp\/v2\/posts\/3420\/revisions\/3422"}],"wp:featuredmedia":[{"embeddable":true,"href":"https:\/\/psoecanarias.com\/web\/wp-json\/wp\/v2\/media\/3421"}],"wp:attachment":[{"href":"https:\/\/psoecanarias.com\/web\/wp-json\/wp\/v2\/media?parent=3420"}],"wp:term":[{"taxonomy":"category","embeddable":true,"href":"https:\/\/psoecanarias.com\/web\/wp-json\/wp\/v2\/categories?post=3420"},{"taxonomy":"post_tag","embeddable":true,"href":"https:\/\/psoecanarias.com\/web\/wp-json\/wp\/v2\/tags?post=3420"}],"curies":[{"name":"wp","href":"https:\/\/api.w.org\/{rel}","templated":true}]}}