{"id":34612,"date":"2023-01-22T11:29:20","date_gmt":"2023-01-22T11:29:20","guid":{"rendered":"https:\/\/psoecanarias.com\/web\/?p=34612"},"modified":"2023-02-05T19:37:11","modified_gmt":"2023-02-05T19:37:11","slug":"canarias-en-buenas-manos","status":"publish","type":"post","link":"https:\/\/psoecanarias.com\/web\/canarias-en-buenas-manos\/","title":{"rendered":"Canarias, en buenas manos"},"content":{"rendered":"<p>Llegamos a la recta final de una legislatura verdaderamente intensa, repleta de curvas y con demasiados sobresaltos. Y, a\u00fan as\u00ed, despu\u00e9s de un volc\u00e1n, una pandemia y hasta una guerra, si algo podemos tener claro, es que hoy Canarias est\u00e1 en buenas manos. Los dicen los principales indicadores socioecon\u00f3micos, que sit\u00faan al Archipi\u00e9lago a la cabeza de la creaci\u00f3n de empleo, lo recogen los sondeos de valoraci\u00f3n y lo constata tambi\u00e9n las buenas expectativas para este 2023, con una previsi\u00f3n de aumento del PIB canario que duplica el nacional. <\/p>\n<p>Han sido unos a\u00f1os complicados, muy complicados, que nos han puesto a prueba como sociedad y como servidores p\u00fablicos, y que han tensionado sobremanera los servicios esenciales, pero que, al mismo tiempo, han dejado constancia de que aqu\u00ed hay un Gobierno de Canarias que trabaja y que responde, con un presidente al frente de carne hueso, que planta cara a la adversidad y que, desde el di\u00e1logo, exige y consigue para esta tierra.<\/p>\n<p>\u00c1ngel V\u00edctor Torres es sin\u00f3nimo de liderazgo y capacidad, y Canarias, a su vez, de estabilidad y certidumbre. No son simples opiniones, son los datos objetivos y contrastados los que hablan, desde la solidez del Pacto de las Flores a lo largo de estos a\u00f1os al r\u00e9cord de trabajadores y trabajadoras en la Seguridad Social conseguido el pasado mes de diciembre o la veloz recuperaci\u00f3n emprendida por el turismo, que, pese a todo las dificultades, casi ha vuelto ya al n\u00famero de visitantes de 2019 (se alcanz\u00f3 un 96% de esa cifra, con 14,6 millones), con el a\u00f1adido de que estos ahora gastan m\u00e1s que hace cuatro a\u00f1os (19.000 millones de facturaci\u00f3n, un 27% m\u00e1s).<\/p>\n<p>Con el PSOE, Canarias est\u00e1 en buenas manos y lo estamos demostrando. Liderando como regi\u00f3n la creaci\u00f3n de empleo y reduciendo el desempleo. De nuevo como destino tur\u00edstico de garant\u00edas. Cada vez con mejores cifras en dependencia o gan\u00e1ndole el pulso al absentismo escolar. Haciendo realidad la Renta Canaria de Ciudadan\u00eda. Incrementando el n\u00famero de camas hospitalarias e impulsado la educaci\u00f3n p\u00fablica y gratuita de 0 a 3 a\u00f1os.<\/p>\n<p>Convirtiendo la Ley de Cambio Clim\u00e1tico en la norma m\u00e1s participativa de Canarias. Respondiendo a las consecuencias sociales y econ\u00f3micas de la guerra en Ucrania, con medidas ambiciosas y de gran calado social. En una mejor posici\u00f3n, en definitiva, de la que ten\u00edamos en 2019 cuando los socialistas nos pusimos al frente del Gobierno.<\/p>\n<p>Y todo ello con estabilidad institucional. Cuatro a\u00f1os, cuatro presupuestos y un \u00fanico Ejecutivo, un hecho que no ha sido precisamente lo habitual en la pol\u00edtica canaria. Los socialistas somos sin\u00f3nimo de fiabilidad y esa garant\u00eda tambi\u00e9n est\u00e1 quedando reflejada en el contexto internacional, donde Espa\u00f1a ha entrado en 2023 liderando la bajada de la inflaci\u00f3n y encabezando el crecimiento econ\u00f3mico. Hoy a este pa\u00eds, y a nuestro presidente Pedro S\u00e1nchez, se le tiene presente y se le escucha en el mundo como en ninguna otra etapa.<\/p>\n<p>Viene ahora un a\u00f1o decisivo por delante. \u00daltimo de la legislatura y con procesos electorales claves en el horizonte. Nos esforzaremos, como lo hemos hecho durante toda la legislatura, para que vivamos este a\u00f1o con intensidad, pero sin insultos ni la polarizaci\u00f3n a la que nos intentan llevar casi a diario quienes no tienen m\u00e1s que ofrecer que divisi\u00f3n y privilegios para unos pocos.<\/p>\n<p>Seremos la primera l\u00ednea de contenci\u00f3n frente a los complejos y los recortes, mostrando que la mejor opci\u00f3n para la gesti\u00f3n de lo p\u00fablico y lo que es de todos y todas es un gobierno de progreso. Tenemos hoja de servicio y tenemos proyecto, apostando por m\u00e1s igualdad, m\u00e1s esperanza y m\u00e1s oportunidades.<\/p>\n<p>Canarias est\u00e1 en buenas manos y aspiramos a que as\u00ed siga siendo.<\/p>\n","protected":false},"excerpt":{"rendered":"<p>Nira Fierro reflexiona en este art\u00edculo sobre la garant\u00eda de progreso e igualdad que han supuesto los gobiernos de progreso<\/p>\n","protected":false},"author":1,"featured_media":34615,"comment_status":"open","ping_status":"open","sticky":false,"template":"","format":"standard","meta":{"footnotes":""},"categories":[1186],"tags":[1200],"class_list":["post-34612","post","type-post","status-publish","format-standard","has-post-thumbnail","hentry","category-opinion","tag-nira-fierro"],"featured_image_src":"https:\/\/psoecanarias.com\/web\/wp-content\/uploads\/2023\/01\/Post-web-22-de-enero.png","author_info":{"display_name":"PSOE Canarias","author_link":"https:\/\/psoecanarias.com\/web\/author\/admin\/"},"yoast_head":"<!-- This site is optimized with the Yoast SEO plugin v27.2 - https:\/\/yoast.com\/product\/yoast-seo-wordpress\/ -->\n<title>Canarias, en buenas manos | PSOE Canarias<\/title>\n<meta name=\"robots\" content=\"index, follow, max-snippet:-1, max-image-preview:large, max-video-preview:-1\" \/>\n<link rel=\"canonical\" href=\"https:\/\/psoecanarias.com\/web\/canarias-en-buenas-manos\/\" \/>\n<meta property=\"og:locale\" content=\"es_ES\" \/>\n<meta property=\"og:type\" content=\"article\" \/>\n<meta property=\"og:title\" content=\"Canarias, en buenas manos | PSOE Canarias\" \/>\n<meta property=\"og:description\" content=\"Nira Fierro reflexiona en este art\u00edculo sobre la garant\u00eda de progreso e igualdad que han supuesto los gobiernos de progreso\" \/>\n<meta property=\"og:url\" content=\"https:\/\/psoecanarias.com\/web\/canarias-en-buenas-manos\/\" \/>\n<meta property=\"og:site_name\" content=\"PSOE Canarias\" \/>\n<meta property=\"article:published_time\" content=\"2023-01-22T11:29:20+00:00\" \/>\n<meta property=\"article:modified_time\" content=\"2023-02-05T19:37:11+00:00\" \/>\n<meta property=\"og:image\" content=\"https:\/\/psoecanarias.com\/web\/wp-content\/uploads\/2023\/01\/Post-web-22-de-enero.png\" \/>\n\t<meta property=\"og:image:width\" content=\"1200\" \/>\n\t<meta property=\"og:image:height\" content=\"700\" \/>\n\t<meta property=\"og:image:type\" content=\"image\/png\" \/>\n<meta name=\"author\" content=\"PSOE Canarias\" \/>\n<meta name=\"twitter:card\" content=\"summary_large_image\" \/>\n<script type=\"application\/ld+json\" class=\"yoast-schema-graph\">{\"@context\":\"https:\/\/schema.org\",\"@graph\":[{\"@type\":\"Article\",\"@id\":\"https:\/\/psoecanarias.com\/web\/canarias-en-buenas-manos\/#article\",\"isPartOf\":{\"@id\":\"https:\/\/psoecanarias.com\/web\/canarias-en-buenas-manos\/\"},\"author\":{\"name\":\"PSOE Canarias\",\"@id\":\"https:\/\/psoecanarias.com\/web\/#\/schema\/person\/1ae43f9659d2fc599ca69c11e1dbf26f\"},\"headline\":\"Canarias, en buenas manos\",\"datePublished\":\"2023-01-22T11:29:20+00:00\",\"dateModified\":\"2023-02-05T19:37:11+00:00\",\"mainEntityOfPage\":{\"@id\":\"https:\/\/psoecanarias.com\/web\/canarias-en-buenas-manos\/\"},\"wordCount\":672,\"commentCount\":0,\"image\":{\"@id\":\"https:\/\/psoecanarias.com\/web\/canarias-en-buenas-manos\/#primaryimage\"},\"thumbnailUrl\":\"https:\/\/psoecanarias.com\/web\/wp-content\/uploads\/2023\/01\/Post-web-22-de-enero.png\",\"keywords\":[\"Nira Fierro\"],\"articleSection\":[\"Opini\u00f3n\"],\"inLanguage\":\"es\",\"potentialAction\":[{\"@type\":\"CommentAction\",\"name\":\"Comment\",\"target\":[\"https:\/\/psoecanarias.com\/web\/canarias-en-buenas-manos\/#respond\"]}]},{\"@type\":\"WebPage\",\"@id\":\"https:\/\/psoecanarias.com\/web\/canarias-en-buenas-manos\/\",\"url\":\"https:\/\/psoecanarias.com\/web\/canarias-en-buenas-manos\/\",\"name\":\"Canarias, en buenas manos | PSOE Canarias\",\"isPartOf\":{\"@id\":\"https:\/\/psoecanarias.com\/web\/#website\"},\"primaryImageOfPage\":{\"@id\":\"https:\/\/psoecanarias.com\/web\/canarias-en-buenas-manos\/#primaryimage\"},\"image\":{\"@id\":\"https:\/\/psoecanarias.com\/web\/canarias-en-buenas-manos\/#primaryimage\"},\"thumbnailUrl\":\"https:\/\/psoecanarias.com\/web\/wp-content\/uploads\/2023\/01\/Post-web-22-de-enero.png\",\"datePublished\":\"2023-01-22T11:29:20+00:00\",\"dateModified\":\"2023-02-05T19:37:11+00:00\",\"author\":{\"@id\":\"https:\/\/psoecanarias.com\/web\/#\/schema\/person\/1ae43f9659d2fc599ca69c11e1dbf26f\"},\"breadcrumb\":{\"@id\":\"https:\/\/psoecanarias.com\/web\/canarias-en-buenas-manos\/#breadcrumb\"},\"inLanguage\":\"es\",\"potentialAction\":[{\"@type\":\"ReadAction\",\"target\":[\"https:\/\/psoecanarias.com\/web\/canarias-en-buenas-manos\/\"]}]},{\"@type\":\"ImageObject\",\"inLanguage\":\"es\",\"@id\":\"https:\/\/psoecanarias.com\/web\/canarias-en-buenas-manos\/#primaryimage\",\"url\":\"https:\/\/psoecanarias.com\/web\/wp-content\/uploads\/2023\/01\/Post-web-22-de-enero.png\",\"contentUrl\":\"https:\/\/psoecanarias.com\/web\/wp-content\/uploads\/2023\/01\/Post-web-22-de-enero.png\",\"width\":1200,\"height\":700,\"caption\":\"Art\u00edculo de opini\u00f3n de Nira Fierro, secretaria de Organizaci\u00f3n regional.\"},{\"@type\":\"BreadcrumbList\",\"@id\":\"https:\/\/psoecanarias.com\/web\/canarias-en-buenas-manos\/#breadcrumb\",\"itemListElement\":[{\"@type\":\"ListItem\",\"position\":1,\"name\":\"Portada\",\"item\":\"https:\/\/psoecanarias.com\/web\/\"},{\"@type\":\"ListItem\",\"position\":2,\"name\":\"Canarias, en buenas manos\"}]},{\"@type\":\"WebSite\",\"@id\":\"https:\/\/psoecanarias.com\/web\/#website\",\"url\":\"https:\/\/psoecanarias.com\/web\/\",\"name\":\"PSOE Canarias\",\"description\":\"Partido Socialista Obrero Espa\u00f1ol Canarias\",\"potentialAction\":[{\"@type\":\"SearchAction\",\"target\":{\"@type\":\"EntryPoint\",\"urlTemplate\":\"https:\/\/psoecanarias.com\/web\/?s={search_term_string}\"},\"query-input\":{\"@type\":\"PropertyValueSpecification\",\"valueRequired\":true,\"valueName\":\"search_term_string\"}}],\"inLanguage\":\"es\"},{\"@type\":\"Person\",\"@id\":\"https:\/\/psoecanarias.com\/web\/#\/schema\/person\/1ae43f9659d2fc599ca69c11e1dbf26f\",\"name\":\"PSOE Canarias\",\"image\":{\"@type\":\"ImageObject\",\"inLanguage\":\"es\",\"@id\":\"https:\/\/secure.gravatar.com\/avatar\/4364d37f6f6f9cdb7af199b46151565f37d8a8c3c0e04c1d78c04e857a15e3a8?s=96&d=mm&r=g\",\"url\":\"https:\/\/secure.gravatar.com\/avatar\/4364d37f6f6f9cdb7af199b46151565f37d8a8c3c0e04c1d78c04e857a15e3a8?s=96&d=mm&r=g\",\"contentUrl\":\"https:\/\/secure.gravatar.com\/avatar\/4364d37f6f6f9cdb7af199b46151565f37d8a8c3c0e04c1d78c04e857a15e3a8?s=96&d=mm&r=g\",\"caption\":\"PSOE Canarias\"},\"url\":\"https:\/\/psoecanarias.com\/web\/author\/admin\/\"}]}<\/script>\n<!-- \/ Yoast SEO plugin. -->","yoast_head_json":{"title":"Canarias, en buenas manos | PSOE Canarias","robots":{"index":"index","follow":"follow","max-snippet":"max-snippet:-1","max-image-preview":"max-image-preview:large","max-video-preview":"max-video-preview:-1"},"canonical":"https:\/\/psoecanarias.com\/web\/canarias-en-buenas-manos\/","og_locale":"es_ES","og_type":"article","og_title":"Canarias, en buenas manos | PSOE Canarias","og_description":"Nira Fierro reflexiona en este art\u00edculo sobre la garant\u00eda de progreso e igualdad que han supuesto los gobiernos de progreso","og_url":"https:\/\/psoecanarias.com\/web\/canarias-en-buenas-manos\/","og_site_name":"PSOE Canarias","article_published_time":"2023-01-22T11:29:20+00:00","article_modified_time":"2023-02-05T19:37:11+00:00","og_image":[{"width":1200,"height":700,"url":"https:\/\/psoecanarias.com\/web\/wp-content\/uploads\/2023\/01\/Post-web-22-de-enero.png","type":"image\/png"}],"author":"PSOE Canarias","twitter_card":"summary_large_image","schema":{"@context":"https:\/\/schema.org","@graph":[{"@type":"Article","@id":"https:\/\/psoecanarias.com\/web\/canarias-en-buenas-manos\/#article","isPartOf":{"@id":"https:\/\/psoecanarias.com\/web\/canarias-en-buenas-manos\/"},"author":{"name":"PSOE Canarias","@id":"https:\/\/psoecanarias.com\/web\/#\/schema\/person\/1ae43f9659d2fc599ca69c11e1dbf26f"},"headline":"Canarias, en buenas manos","datePublished":"2023-01-22T11:29:20+00:00","dateModified":"2023-02-05T19:37:11+00:00","mainEntityOfPage":{"@id":"https:\/\/psoecanarias.com\/web\/canarias-en-buenas-manos\/"},"wordCount":672,"commentCount":0,"image":{"@id":"https:\/\/psoecanarias.com\/web\/canarias-en-buenas-manos\/#primaryimage"},"thumbnailUrl":"https:\/\/psoecanarias.com\/web\/wp-content\/uploads\/2023\/01\/Post-web-22-de-enero.png","keywords":["Nira Fierro"],"articleSection":["Opini\u00f3n"],"inLanguage":"es","potentialAction":[{"@type":"CommentAction","name":"Comment","target":["https:\/\/psoecanarias.com\/web\/canarias-en-buenas-manos\/#respond"]}]},{"@type":"WebPage","@id":"https:\/\/psoecanarias.com\/web\/canarias-en-buenas-manos\/","url":"https:\/\/psoecanarias.com\/web\/canarias-en-buenas-manos\/","name":"Canarias, en buenas manos | PSOE Canarias","isPartOf":{"@id":"https:\/\/psoecanarias.com\/web\/#website"},"primaryImageOfPage":{"@id":"https:\/\/psoecanarias.com\/web\/canarias-en-buenas-manos\/#primaryimage"},"image":{"@id":"https:\/\/psoecanarias.com\/web\/canarias-en-buenas-manos\/#primaryimage"},"thumbnailUrl":"https:\/\/psoecanarias.com\/web\/wp-content\/uploads\/2023\/01\/Post-web-22-de-enero.png","datePublished":"2023-01-22T11:29:20+00:00","dateModified":"2023-02-05T19:37:11+00:00","author":{"@id":"https:\/\/psoecanarias.com\/web\/#\/schema\/person\/1ae43f9659d2fc599ca69c11e1dbf26f"},"breadcrumb":{"@id":"https:\/\/psoecanarias.com\/web\/canarias-en-buenas-manos\/#breadcrumb"},"inLanguage":"es","potentialAction":[{"@type":"ReadAction","target":["https:\/\/psoecanarias.com\/web\/canarias-en-buenas-manos\/"]}]},{"@type":"ImageObject","inLanguage":"es","@id":"https:\/\/psoecanarias.com\/web\/canarias-en-buenas-manos\/#primaryimage","url":"https:\/\/psoecanarias.com\/web\/wp-content\/uploads\/2023\/01\/Post-web-22-de-enero.png","contentUrl":"https:\/\/psoecanarias.com\/web\/wp-content\/uploads\/2023\/01\/Post-web-22-de-enero.png","width":1200,"height":700,"caption":"Art\u00edculo de opini\u00f3n de Nira Fierro, secretaria de Organizaci\u00f3n regional."},{"@type":"BreadcrumbList","@id":"https:\/\/psoecanarias.com\/web\/canarias-en-buenas-manos\/#breadcrumb","itemListElement":[{"@type":"ListItem","position":1,"name":"Portada","item":"https:\/\/psoecanarias.com\/web\/"},{"@type":"ListItem","position":2,"name":"Canarias, en buenas manos"}]},{"@type":"WebSite","@id":"https:\/\/psoecanarias.com\/web\/#website","url":"https:\/\/psoecanarias.com\/web\/","name":"PSOE Canarias","description":"Partido Socialista Obrero Espa\u00f1ol Canarias","potentialAction":[{"@type":"SearchAction","target":{"@type":"EntryPoint","urlTemplate":"https:\/\/psoecanarias.com\/web\/?s={search_term_string}"},"query-input":{"@type":"PropertyValueSpecification","valueRequired":true,"valueName":"search_term_string"}}],"inLanguage":"es"},{"@type":"Person","@id":"https:\/\/psoecanarias.com\/web\/#\/schema\/person\/1ae43f9659d2fc599ca69c11e1dbf26f","name":"PSOE Canarias","image":{"@type":"ImageObject","inLanguage":"es","@id":"https:\/\/secure.gravatar.com\/avatar\/4364d37f6f6f9cdb7af199b46151565f37d8a8c3c0e04c1d78c04e857a15e3a8?s=96&d=mm&r=g","url":"https:\/\/secure.gravatar.com\/avatar\/4364d37f6f6f9cdb7af199b46151565f37d8a8c3c0e04c1d78c04e857a15e3a8?s=96&d=mm&r=g","contentUrl":"https:\/\/secure.gravatar.com\/avatar\/4364d37f6f6f9cdb7af199b46151565f37d8a8c3c0e04c1d78c04e857a15e3a8?s=96&d=mm&r=g","caption":"PSOE Canarias"},"url":"https:\/\/psoecanarias.com\/web\/author\/admin\/"}]}},"_links":{"self":[{"href":"https:\/\/psoecanarias.com\/web\/wp-json\/wp\/v2\/posts\/34612","targetHints":{"allow":["GET"]}}],"collection":[{"href":"https:\/\/psoecanarias.com\/web\/wp-json\/wp\/v2\/posts"}],"about":[{"href":"https:\/\/psoecanarias.com\/web\/wp-json\/wp\/v2\/types\/post"}],"author":[{"embeddable":true,"href":"https:\/\/psoecanarias.com\/web\/wp-json\/wp\/v2\/users\/1"}],"replies":[{"embeddable":true,"href":"https:\/\/psoecanarias.com\/web\/wp-json\/wp\/v2\/comments?post=34612"}],"version-history":[{"count":1,"href":"https:\/\/psoecanarias.com\/web\/wp-json\/wp\/v2\/posts\/34612\/revisions"}],"predecessor-version":[{"id":34616,"href":"https:\/\/psoecanarias.com\/web\/wp-json\/wp\/v2\/posts\/34612\/revisions\/34616"}],"wp:featuredmedia":[{"embeddable":true,"href":"https:\/\/psoecanarias.com\/web\/wp-json\/wp\/v2\/media\/34615"}],"wp:attachment":[{"href":"https:\/\/psoecanarias.com\/web\/wp-json\/wp\/v2\/media?parent=34612"}],"wp:term":[{"taxonomy":"category","embeddable":true,"href":"https:\/\/psoecanarias.com\/web\/wp-json\/wp\/v2\/categories?post=34612"},{"taxonomy":"post_tag","embeddable":true,"href":"https:\/\/psoecanarias.com\/web\/wp-json\/wp\/v2\/tags?post=34612"}],"curies":[{"name":"wp","href":"https:\/\/api.w.org\/{rel}","templated":true}]}}