{"id":3687,"date":"2017-06-26T09:25:50","date_gmt":"2017-06-26T08:25:50","guid":{"rendered":"http:\/\/psoecanarias.com\/web\/?p=3687"},"modified":"2017-06-26T09:25:50","modified_gmt":"2017-06-26T08:25:50","slug":"cruz-oval-denuncia-la-injustificada-desigualdad-en-la-asignacion-de-recursos-sanitarios-en-adeje-desde-hace-20-anos","status":"publish","type":"post","link":"https:\/\/psoecanarias.com\/web\/cruz-oval-denuncia-la-injustificada-desigualdad-en-la-asignacion-de-recursos-sanitarios-en-adeje-desde-hace-20-anos\/","title":{"rendered":"Cruz Oval denuncia la injustificada desigualdad en la asignaci\u00f3n de recursos sanitarios en Adeje desde hace 20 a\u00f1os"},"content":{"rendered":"<p style=\"text-align: justify;\">La diputada del PSOE por Tenerife Teresa Cruz Oval denuncia la injustificada desigualdad que padece desde hace veinte a\u00f1os la ciudadan\u00eda de Adeje en materia de asignaci\u00f3n de recursos sanitarios.<\/p>\n<p style=\"text-align: justify;\">En comisi\u00f3n parlamentaria celebrada esta semana, record\u00f3 que tras m\u00e1s de dos d\u00e9cadas de la aprobaci\u00f3n de la Ley de Ordenaci\u00f3n Sanitaria de Canarias, los habitantes del municipio de Adeje, residentes unos 48.000 y desplazados, tanto turistas como migrantes, \u201ccontin\u00faan esperando para poder acceder a los servicios y prestaciones sanitarias en igualdad de condiciones al resto de habitantes de Canarias\u201d.<\/p>\n<p style=\"text-align: justify;\">La diputada socialista traslad\u00f3 a la C\u00e1mara las demandas que ha venido planteando durante muchos a\u00f1os el grupo de gobierno municipal socialista en el Ayuntamiento de Arona haci\u00e9ndose eco de las exigencias de la ciudadan\u00eda del municipio, y sostuvo que el Gobierno de Canarias \u201cno ha estado a la altura de las necesidades sanitarias del municipio\u201d.<\/p>\n<p style=\"text-align: justify;\">Explic\u00f3 que las instalaciones \u201cson del siglo pasado, no acordes con el actual desarrollo social y econ\u00f3mico de la localidad y su relevante papel para el conjunto de la regi\u00f3n\u201d. Indic\u00f3 que la ausencia de una atenci\u00f3n primaria adecuada \u201cest\u00e1 suponiendo listas de espera superiores a los est\u00e1ndares recomendados, que la gente acuda a las urgencias hospitalarias en lugar de las m\u00e1s cercanas a sus domicilios o demoras en el diagn\u00f3stico precoz, entre otros problemas\u201d.<\/p>\n<p style=\"text-align: justify;\">Record\u00f3 adem\u00e1s que en 2004, la asociaci\u00f3n de vecinos Piedra Redonda, del barrio de La Postura, denunciaba ya las carencias que padec\u00eda Adeje en centros sanitarios y personal para atender a los usuarios. El colectivo se\u00f1alaba que un ejemplo de esta situaci\u00f3n de abandono est\u00e1 en los equipamientos existentes en los municipios vecinos.<\/p>\n<p style=\"text-align: justify;\">\u201cRecordaban que Arona cuenta con tres centros de salud: Los Cristianos, El Fraile y el casco, adem\u00e1s de consultorios en Las Galletas, Valle San Lorenzo, Buzanada y Cabo Blanco. A estos hay que a\u00f1adir el Centro de Atenci\u00f3n Especializada (CAE) de El Moj\u00f3n, que tiene car\u00e1cter comarcal. En el caso de Gu\u00eda de Isora, los representantes vecinales indicaban que dispone de un centro de salud en el casco y tres consultorios en los pueblos de Alcal\u00e1, Playa San Juan y Ch\u00edo\u201d.<\/p>\n<p style=\"text-align: justify;\">Cruz Oval tambi\u00e9n dijo en comisi\u00f3n que en 2011, un informe del propio Ayuntamiento de Adeje reconoc\u00eda que la falta de m\u00e9dicos y de personal sanitario y la demanda de servicios especializados para atender una poblaci\u00f3n \u201ccada vez m\u00e1s amplia y m\u00e1s anciana\u201d, es una constante para la ciudadan\u00eda del municipio. Ese informe ya se\u00f1alaba que \u201cdurante los \u00faltimos a\u00f1os, la actividad asistencial ha crecido por encima del aumento poblacional, tanto en las consultas m\u00e9dicas de Atenci\u00f3n Primaria (Medicina General y Pediatr\u00eda) y Urgencias como en las de Atenci\u00f3n Especializada, que se traduce fundamentalmente en demoras diagn\u00f3sticas y tiempos de espera quir\u00fargicos\u201d.<\/p>\n<p style=\"text-align: justify;\">Teresa Cruz destaca que Adeje representa uno de los municipios con mayor importancia tur\u00edstica de Canarias y de Espa\u00f1a, \u201clo que implica ofrecer servicios y prestaciones\u00a0sanitarias\u00a0de m\u00e1xima calidad\u201d. Concluye diciendo que esta \u201cinjusticia social\u201d con el municipio \u201cse debe subsanar con inmediatez, primero por la ciudadan\u00eda de la localidad y en segundo lugar porque una inadecuada cobertura sanitaria en el municipio repercute negativamente en nuestra principal actividad econ\u00f3mica, el turismo\u201d.<\/p>\n","protected":false},"excerpt":{"rendered":"<p>La diputada del PSOE afirma que la actual atenci\u00f3n primaria es insuficiente para dar respuesta a residentes y turistas<\/p>\n","protected":false},"author":1,"featured_media":1327,"comment_status":"open","ping_status":"open","sticky":false,"template":"","format":"standard","meta":{"footnotes":""},"categories":[7],"tags":[344,293,35,118,298],"class_list":["post-3687","post","type-post","status-publish","format-standard","has-post-thumbnail","hentry","category-politica","tag-adeje","tag-grupo-parlamentario-socialista-canario","tag-sanidad","tag-tenerife","tag-teresa-cruz-oval"],"featured_image_src":"https:\/\/psoecanarias.com\/web\/wp-content\/uploads\/2016\/01\/TERESA-CRUZ-OVAL-e1454076062869.jpg","author_info":{"display_name":"PSOE Canarias","author_link":"https:\/\/psoecanarias.com\/web\/author\/admin\/"},"yoast_head":"<!-- This site is optimized with the Yoast SEO plugin v27.2 - https:\/\/yoast.com\/product\/yoast-seo-wordpress\/ -->\n<title>Cruz Oval denuncia la injustificada desigualdad en la asignaci\u00f3n de recursos sanitarios en Adeje desde hace 20 a\u00f1os | PSOE Canarias<\/title>\n<meta name=\"robots\" content=\"index, follow, max-snippet:-1, max-image-preview:large, max-video-preview:-1\" \/>\n<link rel=\"canonical\" href=\"https:\/\/psoecanarias.com\/web\/cruz-oval-denuncia-la-injustificada-desigualdad-en-la-asignacion-de-recursos-sanitarios-en-adeje-desde-hace-20-anos\/\" \/>\n<meta property=\"og:locale\" content=\"es_ES\" \/>\n<meta property=\"og:type\" content=\"article\" \/>\n<meta property=\"og:title\" content=\"Cruz Oval denuncia la injustificada desigualdad en la asignaci\u00f3n de recursos sanitarios en Adeje desde hace 20 a\u00f1os | PSOE Canarias\" \/>\n<meta property=\"og:description\" content=\"La diputada del PSOE afirma que la actual atenci\u00f3n primaria es insuficiente para dar respuesta a residentes y turistas\" \/>\n<meta property=\"og:url\" content=\"https:\/\/psoecanarias.com\/web\/cruz-oval-denuncia-la-injustificada-desigualdad-en-la-asignacion-de-recursos-sanitarios-en-adeje-desde-hace-20-anos\/\" \/>\n<meta property=\"og:site_name\" content=\"PSOE Canarias\" \/>\n<meta property=\"article:published_time\" content=\"2017-06-26T08:25:50+00:00\" \/>\n<meta property=\"og:image\" content=\"https:\/\/psoecanarias.com\/web\/wp-content\/uploads\/2016\/01\/TERESA-CRUZ-OVAL-e1454076062869.jpg\" \/>\n\t<meta property=\"og:image:width\" content=\"400\" \/>\n\t<meta property=\"og:image:height\" content=\"601\" \/>\n\t<meta property=\"og:image:type\" content=\"image\/jpeg\" \/>\n<meta name=\"author\" content=\"PSOE Canarias\" \/>\n<meta name=\"twitter:card\" content=\"summary_large_image\" \/>\n<script type=\"application\/ld+json\" class=\"yoast-schema-graph\">{\"@context\":\"https:\/\/schema.org\",\"@graph\":[{\"@type\":\"Article\",\"@id\":\"https:\/\/psoecanarias.com\/web\/cruz-oval-denuncia-la-injustificada-desigualdad-en-la-asignacion-de-recursos-sanitarios-en-adeje-desde-hace-20-anos\/#article\",\"isPartOf\":{\"@id\":\"https:\/\/psoecanarias.com\/web\/cruz-oval-denuncia-la-injustificada-desigualdad-en-la-asignacion-de-recursos-sanitarios-en-adeje-desde-hace-20-anos\/\"},\"author\":{\"name\":\"PSOE Canarias\",\"@id\":\"https:\/\/psoecanarias.com\/web\/#\/schema\/person\/1ae43f9659d2fc599ca69c11e1dbf26f\"},\"headline\":\"Cruz Oval denuncia la injustificada desigualdad en la asignaci\u00f3n de recursos sanitarios en Adeje desde hace 20 a\u00f1os\",\"datePublished\":\"2017-06-26T08:25:50+00:00\",\"mainEntityOfPage\":{\"@id\":\"https:\/\/psoecanarias.com\/web\/cruz-oval-denuncia-la-injustificada-desigualdad-en-la-asignacion-de-recursos-sanitarios-en-adeje-desde-hace-20-anos\/\"},\"wordCount\":597,\"commentCount\":0,\"image\":{\"@id\":\"https:\/\/psoecanarias.com\/web\/cruz-oval-denuncia-la-injustificada-desigualdad-en-la-asignacion-de-recursos-sanitarios-en-adeje-desde-hace-20-anos\/#primaryimage\"},\"thumbnailUrl\":\"https:\/\/psoecanarias.com\/web\/wp-content\/uploads\/2016\/01\/TERESA-CRUZ-OVAL-e1454076062869.jpg\",\"keywords\":[\"Adeje\",\"Grupo Parlamentario Socialista Canario\",\"sanidad\",\"Tenerife\",\"Teresa Cruz Oval\"],\"articleSection\":[\"Pol\u00edtica\"],\"inLanguage\":\"es\",\"potentialAction\":[{\"@type\":\"CommentAction\",\"name\":\"Comment\",\"target\":[\"https:\/\/psoecanarias.com\/web\/cruz-oval-denuncia-la-injustificada-desigualdad-en-la-asignacion-de-recursos-sanitarios-en-adeje-desde-hace-20-anos\/#respond\"]}]},{\"@type\":\"WebPage\",\"@id\":\"https:\/\/psoecanarias.com\/web\/cruz-oval-denuncia-la-injustificada-desigualdad-en-la-asignacion-de-recursos-sanitarios-en-adeje-desde-hace-20-anos\/\",\"url\":\"https:\/\/psoecanarias.com\/web\/cruz-oval-denuncia-la-injustificada-desigualdad-en-la-asignacion-de-recursos-sanitarios-en-adeje-desde-hace-20-anos\/\",\"name\":\"Cruz Oval denuncia la injustificada desigualdad en la asignaci\u00f3n de recursos sanitarios en Adeje desde hace 20 a\u00f1os | PSOE Canarias\",\"isPartOf\":{\"@id\":\"https:\/\/psoecanarias.com\/web\/#website\"},\"primaryImageOfPage\":{\"@id\":\"https:\/\/psoecanarias.com\/web\/cruz-oval-denuncia-la-injustificada-desigualdad-en-la-asignacion-de-recursos-sanitarios-en-adeje-desde-hace-20-anos\/#primaryimage\"},\"image\":{\"@id\":\"https:\/\/psoecanarias.com\/web\/cruz-oval-denuncia-la-injustificada-desigualdad-en-la-asignacion-de-recursos-sanitarios-en-adeje-desde-hace-20-anos\/#primaryimage\"},\"thumbnailUrl\":\"https:\/\/psoecanarias.com\/web\/wp-content\/uploads\/2016\/01\/TERESA-CRUZ-OVAL-e1454076062869.jpg\",\"datePublished\":\"2017-06-26T08:25:50+00:00\",\"author\":{\"@id\":\"https:\/\/psoecanarias.com\/web\/#\/schema\/person\/1ae43f9659d2fc599ca69c11e1dbf26f\"},\"breadcrumb\":{\"@id\":\"https:\/\/psoecanarias.com\/web\/cruz-oval-denuncia-la-injustificada-desigualdad-en-la-asignacion-de-recursos-sanitarios-en-adeje-desde-hace-20-anos\/#breadcrumb\"},\"inLanguage\":\"es\",\"potentialAction\":[{\"@type\":\"ReadAction\",\"target\":[\"https:\/\/psoecanarias.com\/web\/cruz-oval-denuncia-la-injustificada-desigualdad-en-la-asignacion-de-recursos-sanitarios-en-adeje-desde-hace-20-anos\/\"]}]},{\"@type\":\"ImageObject\",\"inLanguage\":\"es\",\"@id\":\"https:\/\/psoecanarias.com\/web\/cruz-oval-denuncia-la-injustificada-desigualdad-en-la-asignacion-de-recursos-sanitarios-en-adeje-desde-hace-20-anos\/#primaryimage\",\"url\":\"https:\/\/psoecanarias.com\/web\/wp-content\/uploads\/2016\/01\/TERESA-CRUZ-OVAL-e1454076062869.jpg\",\"contentUrl\":\"https:\/\/psoecanarias.com\/web\/wp-content\/uploads\/2016\/01\/TERESA-CRUZ-OVAL-e1454076062869.jpg\",\"width\":400,\"height\":601},{\"@type\":\"BreadcrumbList\",\"@id\":\"https:\/\/psoecanarias.com\/web\/cruz-oval-denuncia-la-injustificada-desigualdad-en-la-asignacion-de-recursos-sanitarios-en-adeje-desde-hace-20-anos\/#breadcrumb\",\"itemListElement\":[{\"@type\":\"ListItem\",\"position\":1,\"name\":\"Portada\",\"item\":\"https:\/\/psoecanarias.com\/web\/\"},{\"@type\":\"ListItem\",\"position\":2,\"name\":\"Cruz Oval denuncia la injustificada desigualdad en la asignaci\u00f3n de recursos sanitarios en Adeje desde hace 20 a\u00f1os\"}]},{\"@type\":\"WebSite\",\"@id\":\"https:\/\/psoecanarias.com\/web\/#website\",\"url\":\"https:\/\/psoecanarias.com\/web\/\",\"name\":\"PSOE Canarias\",\"description\":\"Partido Socialista Obrero Espa\u00f1ol Canarias\",\"potentialAction\":[{\"@type\":\"SearchAction\",\"target\":{\"@type\":\"EntryPoint\",\"urlTemplate\":\"https:\/\/psoecanarias.com\/web\/?s={search_term_string}\"},\"query-input\":{\"@type\":\"PropertyValueSpecification\",\"valueRequired\":true,\"valueName\":\"search_term_string\"}}],\"inLanguage\":\"es\"},{\"@type\":\"Person\",\"@id\":\"https:\/\/psoecanarias.com\/web\/#\/schema\/person\/1ae43f9659d2fc599ca69c11e1dbf26f\",\"name\":\"PSOE Canarias\",\"image\":{\"@type\":\"ImageObject\",\"inLanguage\":\"es\",\"@id\":\"https:\/\/secure.gravatar.com\/avatar\/4364d37f6f6f9cdb7af199b46151565f37d8a8c3c0e04c1d78c04e857a15e3a8?s=96&d=mm&r=g\",\"url\":\"https:\/\/secure.gravatar.com\/avatar\/4364d37f6f6f9cdb7af199b46151565f37d8a8c3c0e04c1d78c04e857a15e3a8?s=96&d=mm&r=g\",\"contentUrl\":\"https:\/\/secure.gravatar.com\/avatar\/4364d37f6f6f9cdb7af199b46151565f37d8a8c3c0e04c1d78c04e857a15e3a8?s=96&d=mm&r=g\",\"caption\":\"PSOE Canarias\"},\"url\":\"https:\/\/psoecanarias.com\/web\/author\/admin\/\"}]}<\/script>\n<!-- \/ Yoast SEO plugin. -->","yoast_head_json":{"title":"Cruz Oval denuncia la injustificada desigualdad en la asignaci\u00f3n de recursos sanitarios en Adeje desde hace 20 a\u00f1os | PSOE Canarias","robots":{"index":"index","follow":"follow","max-snippet":"max-snippet:-1","max-image-preview":"max-image-preview:large","max-video-preview":"max-video-preview:-1"},"canonical":"https:\/\/psoecanarias.com\/web\/cruz-oval-denuncia-la-injustificada-desigualdad-en-la-asignacion-de-recursos-sanitarios-en-adeje-desde-hace-20-anos\/","og_locale":"es_ES","og_type":"article","og_title":"Cruz Oval denuncia la injustificada desigualdad en la asignaci\u00f3n de recursos sanitarios en Adeje desde hace 20 a\u00f1os | PSOE Canarias","og_description":"La diputada del PSOE afirma que la actual atenci\u00f3n primaria es insuficiente para dar respuesta a residentes y turistas","og_url":"https:\/\/psoecanarias.com\/web\/cruz-oval-denuncia-la-injustificada-desigualdad-en-la-asignacion-de-recursos-sanitarios-en-adeje-desde-hace-20-anos\/","og_site_name":"PSOE Canarias","article_published_time":"2017-06-26T08:25:50+00:00","og_image":[{"width":400,"height":601,"url":"https:\/\/psoecanarias.com\/web\/wp-content\/uploads\/2016\/01\/TERESA-CRUZ-OVAL-e1454076062869.jpg","type":"image\/jpeg"}],"author":"PSOE Canarias","twitter_card":"summary_large_image","schema":{"@context":"https:\/\/schema.org","@graph":[{"@type":"Article","@id":"https:\/\/psoecanarias.com\/web\/cruz-oval-denuncia-la-injustificada-desigualdad-en-la-asignacion-de-recursos-sanitarios-en-adeje-desde-hace-20-anos\/#article","isPartOf":{"@id":"https:\/\/psoecanarias.com\/web\/cruz-oval-denuncia-la-injustificada-desigualdad-en-la-asignacion-de-recursos-sanitarios-en-adeje-desde-hace-20-anos\/"},"author":{"name":"PSOE Canarias","@id":"https:\/\/psoecanarias.com\/web\/#\/schema\/person\/1ae43f9659d2fc599ca69c11e1dbf26f"},"headline":"Cruz Oval denuncia la injustificada desigualdad en la asignaci\u00f3n de recursos sanitarios en Adeje desde hace 20 a\u00f1os","datePublished":"2017-06-26T08:25:50+00:00","mainEntityOfPage":{"@id":"https:\/\/psoecanarias.com\/web\/cruz-oval-denuncia-la-injustificada-desigualdad-en-la-asignacion-de-recursos-sanitarios-en-adeje-desde-hace-20-anos\/"},"wordCount":597,"commentCount":0,"image":{"@id":"https:\/\/psoecanarias.com\/web\/cruz-oval-denuncia-la-injustificada-desigualdad-en-la-asignacion-de-recursos-sanitarios-en-adeje-desde-hace-20-anos\/#primaryimage"},"thumbnailUrl":"https:\/\/psoecanarias.com\/web\/wp-content\/uploads\/2016\/01\/TERESA-CRUZ-OVAL-e1454076062869.jpg","keywords":["Adeje","Grupo Parlamentario Socialista Canario","sanidad","Tenerife","Teresa Cruz Oval"],"articleSection":["Pol\u00edtica"],"inLanguage":"es","potentialAction":[{"@type":"CommentAction","name":"Comment","target":["https:\/\/psoecanarias.com\/web\/cruz-oval-denuncia-la-injustificada-desigualdad-en-la-asignacion-de-recursos-sanitarios-en-adeje-desde-hace-20-anos\/#respond"]}]},{"@type":"WebPage","@id":"https:\/\/psoecanarias.com\/web\/cruz-oval-denuncia-la-injustificada-desigualdad-en-la-asignacion-de-recursos-sanitarios-en-adeje-desde-hace-20-anos\/","url":"https:\/\/psoecanarias.com\/web\/cruz-oval-denuncia-la-injustificada-desigualdad-en-la-asignacion-de-recursos-sanitarios-en-adeje-desde-hace-20-anos\/","name":"Cruz Oval denuncia la injustificada desigualdad en la asignaci\u00f3n de recursos sanitarios en Adeje desde hace 20 a\u00f1os | PSOE Canarias","isPartOf":{"@id":"https:\/\/psoecanarias.com\/web\/#website"},"primaryImageOfPage":{"@id":"https:\/\/psoecanarias.com\/web\/cruz-oval-denuncia-la-injustificada-desigualdad-en-la-asignacion-de-recursos-sanitarios-en-adeje-desde-hace-20-anos\/#primaryimage"},"image":{"@id":"https:\/\/psoecanarias.com\/web\/cruz-oval-denuncia-la-injustificada-desigualdad-en-la-asignacion-de-recursos-sanitarios-en-adeje-desde-hace-20-anos\/#primaryimage"},"thumbnailUrl":"https:\/\/psoecanarias.com\/web\/wp-content\/uploads\/2016\/01\/TERESA-CRUZ-OVAL-e1454076062869.jpg","datePublished":"2017-06-26T08:25:50+00:00","author":{"@id":"https:\/\/psoecanarias.com\/web\/#\/schema\/person\/1ae43f9659d2fc599ca69c11e1dbf26f"},"breadcrumb":{"@id":"https:\/\/psoecanarias.com\/web\/cruz-oval-denuncia-la-injustificada-desigualdad-en-la-asignacion-de-recursos-sanitarios-en-adeje-desde-hace-20-anos\/#breadcrumb"},"inLanguage":"es","potentialAction":[{"@type":"ReadAction","target":["https:\/\/psoecanarias.com\/web\/cruz-oval-denuncia-la-injustificada-desigualdad-en-la-asignacion-de-recursos-sanitarios-en-adeje-desde-hace-20-anos\/"]}]},{"@type":"ImageObject","inLanguage":"es","@id":"https:\/\/psoecanarias.com\/web\/cruz-oval-denuncia-la-injustificada-desigualdad-en-la-asignacion-de-recursos-sanitarios-en-adeje-desde-hace-20-anos\/#primaryimage","url":"https:\/\/psoecanarias.com\/web\/wp-content\/uploads\/2016\/01\/TERESA-CRUZ-OVAL-e1454076062869.jpg","contentUrl":"https:\/\/psoecanarias.com\/web\/wp-content\/uploads\/2016\/01\/TERESA-CRUZ-OVAL-e1454076062869.jpg","width":400,"height":601},{"@type":"BreadcrumbList","@id":"https:\/\/psoecanarias.com\/web\/cruz-oval-denuncia-la-injustificada-desigualdad-en-la-asignacion-de-recursos-sanitarios-en-adeje-desde-hace-20-anos\/#breadcrumb","itemListElement":[{"@type":"ListItem","position":1,"name":"Portada","item":"https:\/\/psoecanarias.com\/web\/"},{"@type":"ListItem","position":2,"name":"Cruz Oval denuncia la injustificada desigualdad en la asignaci\u00f3n de recursos sanitarios en Adeje desde hace 20 a\u00f1os"}]},{"@type":"WebSite","@id":"https:\/\/psoecanarias.com\/web\/#website","url":"https:\/\/psoecanarias.com\/web\/","name":"PSOE Canarias","description":"Partido Socialista Obrero Espa\u00f1ol Canarias","potentialAction":[{"@type":"SearchAction","target":{"@type":"EntryPoint","urlTemplate":"https:\/\/psoecanarias.com\/web\/?s={search_term_string}"},"query-input":{"@type":"PropertyValueSpecification","valueRequired":true,"valueName":"search_term_string"}}],"inLanguage":"es"},{"@type":"Person","@id":"https:\/\/psoecanarias.com\/web\/#\/schema\/person\/1ae43f9659d2fc599ca69c11e1dbf26f","name":"PSOE Canarias","image":{"@type":"ImageObject","inLanguage":"es","@id":"https:\/\/secure.gravatar.com\/avatar\/4364d37f6f6f9cdb7af199b46151565f37d8a8c3c0e04c1d78c04e857a15e3a8?s=96&d=mm&r=g","url":"https:\/\/secure.gravatar.com\/avatar\/4364d37f6f6f9cdb7af199b46151565f37d8a8c3c0e04c1d78c04e857a15e3a8?s=96&d=mm&r=g","contentUrl":"https:\/\/secure.gravatar.com\/avatar\/4364d37f6f6f9cdb7af199b46151565f37d8a8c3c0e04c1d78c04e857a15e3a8?s=96&d=mm&r=g","caption":"PSOE Canarias"},"url":"https:\/\/psoecanarias.com\/web\/author\/admin\/"}]}},"_links":{"self":[{"href":"https:\/\/psoecanarias.com\/web\/wp-json\/wp\/v2\/posts\/3687","targetHints":{"allow":["GET"]}}],"collection":[{"href":"https:\/\/psoecanarias.com\/web\/wp-json\/wp\/v2\/posts"}],"about":[{"href":"https:\/\/psoecanarias.com\/web\/wp-json\/wp\/v2\/types\/post"}],"author":[{"embeddable":true,"href":"https:\/\/psoecanarias.com\/web\/wp-json\/wp\/v2\/users\/1"}],"replies":[{"embeddable":true,"href":"https:\/\/psoecanarias.com\/web\/wp-json\/wp\/v2\/comments?post=3687"}],"version-history":[{"count":1,"href":"https:\/\/psoecanarias.com\/web\/wp-json\/wp\/v2\/posts\/3687\/revisions"}],"predecessor-version":[{"id":3688,"href":"https:\/\/psoecanarias.com\/web\/wp-json\/wp\/v2\/posts\/3687\/revisions\/3688"}],"wp:featuredmedia":[{"embeddable":true,"href":"https:\/\/psoecanarias.com\/web\/wp-json\/wp\/v2\/media\/1327"}],"wp:attachment":[{"href":"https:\/\/psoecanarias.com\/web\/wp-json\/wp\/v2\/media?parent=3687"}],"wp:term":[{"taxonomy":"category","embeddable":true,"href":"https:\/\/psoecanarias.com\/web\/wp-json\/wp\/v2\/categories?post=3687"},{"taxonomy":"post_tag","embeddable":true,"href":"https:\/\/psoecanarias.com\/web\/wp-json\/wp\/v2\/tags?post=3687"}],"curies":[{"name":"wp","href":"https:\/\/api.w.org\/{rel}","templated":true}]}}