{"id":3776,"date":"2017-07-03T19:30:12","date_gmt":"2017-07-03T18:30:12","guid":{"rendered":"http:\/\/psoecanarias.com\/web\/?p=3776"},"modified":"2017-07-03T17:53:35","modified_gmt":"2017-07-03T16:53:35","slug":"el-psoe-lleva-al-parlamento-la-falta-de-prevision-de-rtvc-en-la-bajada-de-la-virgen-de-los-reyes","status":"publish","type":"post","link":"https:\/\/psoecanarias.com\/web\/el-psoe-lleva-al-parlamento-la-falta-de-prevision-de-rtvc-en-la-bajada-de-la-virgen-de-los-reyes\/","title":{"rendered":"El PSOE lleva al Parlamento la falta de previsi\u00f3n de RTVC en la Bajada de la Virgen de Los Reyes"},"content":{"rendered":"<p>La diputada del PSOE por El Hierro, Ana Gonz\u00e1lez, pedir\u00e1 explicaciones al presidente del Consejo Rector de Radio Televisi\u00f3n Canaria (RTVC), Santiago Negr\u00edn, en la pr\u00f3xima comisi\u00f3n parlamentaria de control del ente p\u00fablico sobre la falta de previsi\u00f3n en la Bajada de la Virgen de Los Reyes, despu\u00e9s de que el pasado s\u00e1bado, 1 de julio, no se haya emitido por primera vez la funci\u00f3n religiosa y salida de la imagen, momentos que dan inicio a la Bajada.<\/p>\n<p>Gonz\u00e1lez se\u00f1ala que desde RTVC se ha esgrimido como argumento los problemas t\u00e9cnicos ocasionados por las dificultades derivadas del viento, pero la diputada subraya que en la previsi\u00f3n meteorol\u00f3gica ya se adelantaba que se dar\u00edan esas condiciones, \u201clo que hace a\u00fan m\u00e1s grave esa ausencia de previsi\u00f3n y de un plan B ante la probabilidad de que se produjera cualquier fallo\u201d.<\/p>\n<p>La diputada herre\u00f1a recuerda que el ente p\u00fablico llevaba semanas adelantando el \u201cenorme despliegue\u201d con que contar\u00eda la Bajada, \u201ccon su presidente, Santiago Negr\u00edn, diciendo en rueda de prensa desde marzo que se trataba de \u2018uno de los actos m\u00e1s importantes\u2019 que emitir\u00edan este a\u00f1o, avanzando \u2018un gran despliegue t\u00e9cnico y humano para llevar al hogar de todos los canarios todos los detalles de los principales d\u00edas de la fiesta\u2019 y hablando de su \u2018cometido de servicio p\u00fablico y la apuesta por las tradiciones del Archipi\u00e9lago\u2019\u201d.<\/p>\n<p>Ana Gonz\u00e1lez afirma que, al igual que ha sucedido con eventos anteriores, exist\u00eda la opci\u00f3n de emitir mediante radioenlaces tras los problemas t\u00e9cnicos surgidos el pasado viernes, \u201cpero desde el ente p\u00fablico no se eligi\u00f3 esta posibilidad, a pesar de la importancia de que esta retransmisi\u00f3n pudiese llegar a todos los hogares de herre\u00f1os que, por el motivo que fuese, no pod\u00edan estar ese d\u00eda acompa\u00f1ando a la Virgen\u201d.<\/p>\n<p>Para la parlamentaria del PSOE, \u201ces tal el c\u00famulo de desprop\u00f3sitos, la incompetencia y desidia que una vez m\u00e1s se demuestra que la radio televisi\u00f3n p\u00fablica atraviesa su peor momento, todo ello a pesar del enorme esfuerzo que realizan los profesionales que trabajan en el ente\u201d. Por \u00faltimo, Gonz\u00e1lez lamenta que los herre\u00f1os \u201csean olvidados una vez m\u00e1s por este Gobierno de CC\u201d<\/p>\n","protected":false},"excerpt":{"rendered":"<p>La diputada Ana Gonz\u00e1lez pedir\u00e1 explicaciones al presidente del Consejo Rector de Radio Televisi\u00f3n Canaria despu\u00e9s de que el pasado s\u00e1bado no se haya emitido por primera vez la funci\u00f3n religiosa y salida de la imagen<\/p>\n","protected":false},"author":1,"featured_media":3777,"comment_status":"open","ping_status":"open","sticky":false,"template":"","format":"standard","meta":{"footnotes":""},"categories":[7],"tags":[110,1072,109,293,367],"class_list":["post-3776","post","type-post","status-publish","format-standard","has-post-thumbnail","hentry","category-politica","tag-ana-gonzalez","tag-bajada-de-la-virgen-de-los-reyes","tag-el-hierro","tag-grupo-parlamentario-socialista-canario","tag-rtvc"],"featured_image_src":"https:\/\/psoecanarias.com\/web\/wp-content\/uploads\/2017\/07\/DSF5897.jpg","author_info":{"display_name":"PSOE Canarias","author_link":"https:\/\/psoecanarias.com\/web\/author\/admin\/"},"yoast_head":"<!-- This site is optimized with the Yoast SEO plugin v27.2 - https:\/\/yoast.com\/product\/yoast-seo-wordpress\/ -->\n<title>El PSOE lleva al Parlamento la falta de previsi\u00f3n de RTVC en la Bajada de la Virgen de Los Reyes | PSOE Canarias<\/title>\n<meta name=\"robots\" content=\"index, follow, max-snippet:-1, max-image-preview:large, max-video-preview:-1\" \/>\n<link rel=\"canonical\" href=\"https:\/\/psoecanarias.com\/web\/el-psoe-lleva-al-parlamento-la-falta-de-prevision-de-rtvc-en-la-bajada-de-la-virgen-de-los-reyes\/\" \/>\n<meta property=\"og:locale\" content=\"es_ES\" \/>\n<meta property=\"og:type\" content=\"article\" \/>\n<meta property=\"og:title\" content=\"El PSOE lleva al Parlamento la falta de previsi\u00f3n de RTVC en la Bajada de la Virgen de Los Reyes | PSOE Canarias\" \/>\n<meta property=\"og:description\" content=\"La diputada Ana Gonz\u00e1lez pedir\u00e1 explicaciones al presidente del Consejo Rector de Radio Televisi\u00f3n Canaria despu\u00e9s de que el pasado s\u00e1bado no se haya emitido por primera vez la funci\u00f3n religiosa y salida de la imagen\" \/>\n<meta property=\"og:url\" content=\"https:\/\/psoecanarias.com\/web\/el-psoe-lleva-al-parlamento-la-falta-de-prevision-de-rtvc-en-la-bajada-de-la-virgen-de-los-reyes\/\" \/>\n<meta property=\"og:site_name\" content=\"PSOE Canarias\" \/>\n<meta property=\"article:published_time\" content=\"2017-07-03T18:30:12+00:00\" \/>\n<meta property=\"og:image\" content=\"https:\/\/psoecanarias.com\/web\/wp-content\/uploads\/2017\/07\/DSF5897.jpg\" \/>\n\t<meta property=\"og:image:width\" content=\"900\" \/>\n\t<meta property=\"og:image:height\" content=\"1350\" \/>\n\t<meta property=\"og:image:type\" content=\"image\/jpeg\" \/>\n<meta name=\"author\" content=\"PSOE Canarias\" \/>\n<meta name=\"twitter:card\" content=\"summary_large_image\" \/>\n<script type=\"application\/ld+json\" class=\"yoast-schema-graph\">{\"@context\":\"https:\/\/schema.org\",\"@graph\":[{\"@type\":\"Article\",\"@id\":\"https:\/\/psoecanarias.com\/web\/el-psoe-lleva-al-parlamento-la-falta-de-prevision-de-rtvc-en-la-bajada-de-la-virgen-de-los-reyes\/#article\",\"isPartOf\":{\"@id\":\"https:\/\/psoecanarias.com\/web\/el-psoe-lleva-al-parlamento-la-falta-de-prevision-de-rtvc-en-la-bajada-de-la-virgen-de-los-reyes\/\"},\"author\":{\"name\":\"PSOE Canarias\",\"@id\":\"https:\/\/psoecanarias.com\/web\/#\/schema\/person\/1ae43f9659d2fc599ca69c11e1dbf26f\"},\"headline\":\"El PSOE lleva al Parlamento la falta de previsi\u00f3n de RTVC en la Bajada de la Virgen de Los Reyes\",\"datePublished\":\"2017-07-03T18:30:12+00:00\",\"mainEntityOfPage\":{\"@id\":\"https:\/\/psoecanarias.com\/web\/el-psoe-lleva-al-parlamento-la-falta-de-prevision-de-rtvc-en-la-bajada-de-la-virgen-de-los-reyes\/\"},\"wordCount\":425,\"commentCount\":0,\"image\":{\"@id\":\"https:\/\/psoecanarias.com\/web\/el-psoe-lleva-al-parlamento-la-falta-de-prevision-de-rtvc-en-la-bajada-de-la-virgen-de-los-reyes\/#primaryimage\"},\"thumbnailUrl\":\"https:\/\/psoecanarias.com\/web\/wp-content\/uploads\/2017\/07\/DSF5897.jpg\",\"keywords\":[\"Ana Gonz\u00e1lez\",\"Bajada de la Virgen de los Reyes\",\"El HIerro\",\"Grupo Parlamentario Socialista Canario\",\"RTVC\"],\"articleSection\":[\"Pol\u00edtica\"],\"inLanguage\":\"es\",\"potentialAction\":[{\"@type\":\"CommentAction\",\"name\":\"Comment\",\"target\":[\"https:\/\/psoecanarias.com\/web\/el-psoe-lleva-al-parlamento-la-falta-de-prevision-de-rtvc-en-la-bajada-de-la-virgen-de-los-reyes\/#respond\"]}]},{\"@type\":\"WebPage\",\"@id\":\"https:\/\/psoecanarias.com\/web\/el-psoe-lleva-al-parlamento-la-falta-de-prevision-de-rtvc-en-la-bajada-de-la-virgen-de-los-reyes\/\",\"url\":\"https:\/\/psoecanarias.com\/web\/el-psoe-lleva-al-parlamento-la-falta-de-prevision-de-rtvc-en-la-bajada-de-la-virgen-de-los-reyes\/\",\"name\":\"El PSOE lleva al Parlamento la falta de previsi\u00f3n de RTVC en la Bajada de la Virgen de Los Reyes | PSOE Canarias\",\"isPartOf\":{\"@id\":\"https:\/\/psoecanarias.com\/web\/#website\"},\"primaryImageOfPage\":{\"@id\":\"https:\/\/psoecanarias.com\/web\/el-psoe-lleva-al-parlamento-la-falta-de-prevision-de-rtvc-en-la-bajada-de-la-virgen-de-los-reyes\/#primaryimage\"},\"image\":{\"@id\":\"https:\/\/psoecanarias.com\/web\/el-psoe-lleva-al-parlamento-la-falta-de-prevision-de-rtvc-en-la-bajada-de-la-virgen-de-los-reyes\/#primaryimage\"},\"thumbnailUrl\":\"https:\/\/psoecanarias.com\/web\/wp-content\/uploads\/2017\/07\/DSF5897.jpg\",\"datePublished\":\"2017-07-03T18:30:12+00:00\",\"author\":{\"@id\":\"https:\/\/psoecanarias.com\/web\/#\/schema\/person\/1ae43f9659d2fc599ca69c11e1dbf26f\"},\"breadcrumb\":{\"@id\":\"https:\/\/psoecanarias.com\/web\/el-psoe-lleva-al-parlamento-la-falta-de-prevision-de-rtvc-en-la-bajada-de-la-virgen-de-los-reyes\/#breadcrumb\"},\"inLanguage\":\"es\",\"potentialAction\":[{\"@type\":\"ReadAction\",\"target\":[\"https:\/\/psoecanarias.com\/web\/el-psoe-lleva-al-parlamento-la-falta-de-prevision-de-rtvc-en-la-bajada-de-la-virgen-de-los-reyes\/\"]}]},{\"@type\":\"ImageObject\",\"inLanguage\":\"es\",\"@id\":\"https:\/\/psoecanarias.com\/web\/el-psoe-lleva-al-parlamento-la-falta-de-prevision-de-rtvc-en-la-bajada-de-la-virgen-de-los-reyes\/#primaryimage\",\"url\":\"https:\/\/psoecanarias.com\/web\/wp-content\/uploads\/2017\/07\/DSF5897.jpg\",\"contentUrl\":\"https:\/\/psoecanarias.com\/web\/wp-content\/uploads\/2017\/07\/DSF5897.jpg\",\"width\":900,\"height\":1350},{\"@type\":\"BreadcrumbList\",\"@id\":\"https:\/\/psoecanarias.com\/web\/el-psoe-lleva-al-parlamento-la-falta-de-prevision-de-rtvc-en-la-bajada-de-la-virgen-de-los-reyes\/#breadcrumb\",\"itemListElement\":[{\"@type\":\"ListItem\",\"position\":1,\"name\":\"Portada\",\"item\":\"https:\/\/psoecanarias.com\/web\/\"},{\"@type\":\"ListItem\",\"position\":2,\"name\":\"El PSOE lleva al Parlamento la falta de previsi\u00f3n de RTVC en la Bajada de la Virgen de Los Reyes\"}]},{\"@type\":\"WebSite\",\"@id\":\"https:\/\/psoecanarias.com\/web\/#website\",\"url\":\"https:\/\/psoecanarias.com\/web\/\",\"name\":\"PSOE Canarias\",\"description\":\"Partido Socialista Obrero Espa\u00f1ol Canarias\",\"potentialAction\":[{\"@type\":\"SearchAction\",\"target\":{\"@type\":\"EntryPoint\",\"urlTemplate\":\"https:\/\/psoecanarias.com\/web\/?s={search_term_string}\"},\"query-input\":{\"@type\":\"PropertyValueSpecification\",\"valueRequired\":true,\"valueName\":\"search_term_string\"}}],\"inLanguage\":\"es\"},{\"@type\":\"Person\",\"@id\":\"https:\/\/psoecanarias.com\/web\/#\/schema\/person\/1ae43f9659d2fc599ca69c11e1dbf26f\",\"name\":\"PSOE Canarias\",\"image\":{\"@type\":\"ImageObject\",\"inLanguage\":\"es\",\"@id\":\"https:\/\/secure.gravatar.com\/avatar\/4364d37f6f6f9cdb7af199b46151565f37d8a8c3c0e04c1d78c04e857a15e3a8?s=96&d=mm&r=g\",\"url\":\"https:\/\/secure.gravatar.com\/avatar\/4364d37f6f6f9cdb7af199b46151565f37d8a8c3c0e04c1d78c04e857a15e3a8?s=96&d=mm&r=g\",\"contentUrl\":\"https:\/\/secure.gravatar.com\/avatar\/4364d37f6f6f9cdb7af199b46151565f37d8a8c3c0e04c1d78c04e857a15e3a8?s=96&d=mm&r=g\",\"caption\":\"PSOE Canarias\"},\"url\":\"https:\/\/psoecanarias.com\/web\/author\/admin\/\"}]}<\/script>\n<!-- \/ Yoast SEO plugin. -->","yoast_head_json":{"title":"El PSOE lleva al Parlamento la falta de previsi\u00f3n de RTVC en la Bajada de la Virgen de Los Reyes | PSOE Canarias","robots":{"index":"index","follow":"follow","max-snippet":"max-snippet:-1","max-image-preview":"max-image-preview:large","max-video-preview":"max-video-preview:-1"},"canonical":"https:\/\/psoecanarias.com\/web\/el-psoe-lleva-al-parlamento-la-falta-de-prevision-de-rtvc-en-la-bajada-de-la-virgen-de-los-reyes\/","og_locale":"es_ES","og_type":"article","og_title":"El PSOE lleva al Parlamento la falta de previsi\u00f3n de RTVC en la Bajada de la Virgen de Los Reyes | PSOE Canarias","og_description":"La diputada Ana Gonz\u00e1lez pedir\u00e1 explicaciones al presidente del Consejo Rector de Radio Televisi\u00f3n Canaria despu\u00e9s de que el pasado s\u00e1bado no se haya emitido por primera vez la funci\u00f3n religiosa y salida de la imagen","og_url":"https:\/\/psoecanarias.com\/web\/el-psoe-lleva-al-parlamento-la-falta-de-prevision-de-rtvc-en-la-bajada-de-la-virgen-de-los-reyes\/","og_site_name":"PSOE Canarias","article_published_time":"2017-07-03T18:30:12+00:00","og_image":[{"width":900,"height":1350,"url":"https:\/\/psoecanarias.com\/web\/wp-content\/uploads\/2017\/07\/DSF5897.jpg","type":"image\/jpeg"}],"author":"PSOE Canarias","twitter_card":"summary_large_image","schema":{"@context":"https:\/\/schema.org","@graph":[{"@type":"Article","@id":"https:\/\/psoecanarias.com\/web\/el-psoe-lleva-al-parlamento-la-falta-de-prevision-de-rtvc-en-la-bajada-de-la-virgen-de-los-reyes\/#article","isPartOf":{"@id":"https:\/\/psoecanarias.com\/web\/el-psoe-lleva-al-parlamento-la-falta-de-prevision-de-rtvc-en-la-bajada-de-la-virgen-de-los-reyes\/"},"author":{"name":"PSOE Canarias","@id":"https:\/\/psoecanarias.com\/web\/#\/schema\/person\/1ae43f9659d2fc599ca69c11e1dbf26f"},"headline":"El PSOE lleva al Parlamento la falta de previsi\u00f3n de RTVC en la Bajada de la Virgen de Los Reyes","datePublished":"2017-07-03T18:30:12+00:00","mainEntityOfPage":{"@id":"https:\/\/psoecanarias.com\/web\/el-psoe-lleva-al-parlamento-la-falta-de-prevision-de-rtvc-en-la-bajada-de-la-virgen-de-los-reyes\/"},"wordCount":425,"commentCount":0,"image":{"@id":"https:\/\/psoecanarias.com\/web\/el-psoe-lleva-al-parlamento-la-falta-de-prevision-de-rtvc-en-la-bajada-de-la-virgen-de-los-reyes\/#primaryimage"},"thumbnailUrl":"https:\/\/psoecanarias.com\/web\/wp-content\/uploads\/2017\/07\/DSF5897.jpg","keywords":["Ana Gonz\u00e1lez","Bajada de la Virgen de los Reyes","El HIerro","Grupo Parlamentario Socialista Canario","RTVC"],"articleSection":["Pol\u00edtica"],"inLanguage":"es","potentialAction":[{"@type":"CommentAction","name":"Comment","target":["https:\/\/psoecanarias.com\/web\/el-psoe-lleva-al-parlamento-la-falta-de-prevision-de-rtvc-en-la-bajada-de-la-virgen-de-los-reyes\/#respond"]}]},{"@type":"WebPage","@id":"https:\/\/psoecanarias.com\/web\/el-psoe-lleva-al-parlamento-la-falta-de-prevision-de-rtvc-en-la-bajada-de-la-virgen-de-los-reyes\/","url":"https:\/\/psoecanarias.com\/web\/el-psoe-lleva-al-parlamento-la-falta-de-prevision-de-rtvc-en-la-bajada-de-la-virgen-de-los-reyes\/","name":"El PSOE lleva al Parlamento la falta de previsi\u00f3n de RTVC en la Bajada de la Virgen de Los Reyes | PSOE Canarias","isPartOf":{"@id":"https:\/\/psoecanarias.com\/web\/#website"},"primaryImageOfPage":{"@id":"https:\/\/psoecanarias.com\/web\/el-psoe-lleva-al-parlamento-la-falta-de-prevision-de-rtvc-en-la-bajada-de-la-virgen-de-los-reyes\/#primaryimage"},"image":{"@id":"https:\/\/psoecanarias.com\/web\/el-psoe-lleva-al-parlamento-la-falta-de-prevision-de-rtvc-en-la-bajada-de-la-virgen-de-los-reyes\/#primaryimage"},"thumbnailUrl":"https:\/\/psoecanarias.com\/web\/wp-content\/uploads\/2017\/07\/DSF5897.jpg","datePublished":"2017-07-03T18:30:12+00:00","author":{"@id":"https:\/\/psoecanarias.com\/web\/#\/schema\/person\/1ae43f9659d2fc599ca69c11e1dbf26f"},"breadcrumb":{"@id":"https:\/\/psoecanarias.com\/web\/el-psoe-lleva-al-parlamento-la-falta-de-prevision-de-rtvc-en-la-bajada-de-la-virgen-de-los-reyes\/#breadcrumb"},"inLanguage":"es","potentialAction":[{"@type":"ReadAction","target":["https:\/\/psoecanarias.com\/web\/el-psoe-lleva-al-parlamento-la-falta-de-prevision-de-rtvc-en-la-bajada-de-la-virgen-de-los-reyes\/"]}]},{"@type":"ImageObject","inLanguage":"es","@id":"https:\/\/psoecanarias.com\/web\/el-psoe-lleva-al-parlamento-la-falta-de-prevision-de-rtvc-en-la-bajada-de-la-virgen-de-los-reyes\/#primaryimage","url":"https:\/\/psoecanarias.com\/web\/wp-content\/uploads\/2017\/07\/DSF5897.jpg","contentUrl":"https:\/\/psoecanarias.com\/web\/wp-content\/uploads\/2017\/07\/DSF5897.jpg","width":900,"height":1350},{"@type":"BreadcrumbList","@id":"https:\/\/psoecanarias.com\/web\/el-psoe-lleva-al-parlamento-la-falta-de-prevision-de-rtvc-en-la-bajada-de-la-virgen-de-los-reyes\/#breadcrumb","itemListElement":[{"@type":"ListItem","position":1,"name":"Portada","item":"https:\/\/psoecanarias.com\/web\/"},{"@type":"ListItem","position":2,"name":"El PSOE lleva al Parlamento la falta de previsi\u00f3n de RTVC en la Bajada de la Virgen de Los Reyes"}]},{"@type":"WebSite","@id":"https:\/\/psoecanarias.com\/web\/#website","url":"https:\/\/psoecanarias.com\/web\/","name":"PSOE Canarias","description":"Partido Socialista Obrero Espa\u00f1ol Canarias","potentialAction":[{"@type":"SearchAction","target":{"@type":"EntryPoint","urlTemplate":"https:\/\/psoecanarias.com\/web\/?s={search_term_string}"},"query-input":{"@type":"PropertyValueSpecification","valueRequired":true,"valueName":"search_term_string"}}],"inLanguage":"es"},{"@type":"Person","@id":"https:\/\/psoecanarias.com\/web\/#\/schema\/person\/1ae43f9659d2fc599ca69c11e1dbf26f","name":"PSOE Canarias","image":{"@type":"ImageObject","inLanguage":"es","@id":"https:\/\/secure.gravatar.com\/avatar\/4364d37f6f6f9cdb7af199b46151565f37d8a8c3c0e04c1d78c04e857a15e3a8?s=96&d=mm&r=g","url":"https:\/\/secure.gravatar.com\/avatar\/4364d37f6f6f9cdb7af199b46151565f37d8a8c3c0e04c1d78c04e857a15e3a8?s=96&d=mm&r=g","contentUrl":"https:\/\/secure.gravatar.com\/avatar\/4364d37f6f6f9cdb7af199b46151565f37d8a8c3c0e04c1d78c04e857a15e3a8?s=96&d=mm&r=g","caption":"PSOE Canarias"},"url":"https:\/\/psoecanarias.com\/web\/author\/admin\/"}]}},"_links":{"self":[{"href":"https:\/\/psoecanarias.com\/web\/wp-json\/wp\/v2\/posts\/3776","targetHints":{"allow":["GET"]}}],"collection":[{"href":"https:\/\/psoecanarias.com\/web\/wp-json\/wp\/v2\/posts"}],"about":[{"href":"https:\/\/psoecanarias.com\/web\/wp-json\/wp\/v2\/types\/post"}],"author":[{"embeddable":true,"href":"https:\/\/psoecanarias.com\/web\/wp-json\/wp\/v2\/users\/1"}],"replies":[{"embeddable":true,"href":"https:\/\/psoecanarias.com\/web\/wp-json\/wp\/v2\/comments?post=3776"}],"version-history":[{"count":1,"href":"https:\/\/psoecanarias.com\/web\/wp-json\/wp\/v2\/posts\/3776\/revisions"}],"predecessor-version":[{"id":3778,"href":"https:\/\/psoecanarias.com\/web\/wp-json\/wp\/v2\/posts\/3776\/revisions\/3778"}],"wp:featuredmedia":[{"embeddable":true,"href":"https:\/\/psoecanarias.com\/web\/wp-json\/wp\/v2\/media\/3777"}],"wp:attachment":[{"href":"https:\/\/psoecanarias.com\/web\/wp-json\/wp\/v2\/media?parent=3776"}],"wp:term":[{"taxonomy":"category","embeddable":true,"href":"https:\/\/psoecanarias.com\/web\/wp-json\/wp\/v2\/categories?post=3776"},{"taxonomy":"post_tag","embeddable":true,"href":"https:\/\/psoecanarias.com\/web\/wp-json\/wp\/v2\/tags?post=3776"}],"curies":[{"name":"wp","href":"https:\/\/api.w.org\/{rel}","templated":true}]}}