{"id":37775,"date":"2023-05-02T18:58:51","date_gmt":"2023-05-02T17:58:51","guid":{"rendered":"https:\/\/psoecanarias.com\/web\/?p=37775"},"modified":"2023-06-14T18:04:13","modified_gmt":"2023-06-14T17:04:13","slug":"el-psoe-canarias-aprueba-su-programa-para-las-elecciones-del-28m","status":"publish","type":"post","link":"https:\/\/psoecanarias.com\/web\/el-psoe-canarias-aprueba-su-programa-para-las-elecciones-del-28m\/","title":{"rendered":"El PSOE Canarias aprueba su programa para las elecciones del 28M"},"content":{"rendered":"<p><strong>Canarias, 2 de mayo de 2023.&#8211;<\/strong> La Ejecutiva regional del PSOE Canarias ha aprobado este martes el ambicioso y completo programa electoral con el que concurrir\u00e1 a las elecciones al Parlamento de Canarias este 28 de mayo. Con el objetivo de \u201cconsolidar el cambio de Canarias en positivo\u201d, iniciado en el presente mandato (2019-2023), se ha elaborado un programa que analiza a fondo los problemas y preocupaciones y aporta soluciones concretas y realistas para la mayor\u00eda de la sociedad isle\u00f1a<\/p>\n<p>El programa incluye 199 medidas y un compromiso que giran en torno al concepto de sostenibilidad desarrollado e impulsado en todos los \u00e1mbitos de la acci\u00f3n p\u00fablica por parte del PSOE en estos a\u00f1os.<\/p>\n<p>El documento ser\u00e1 presentado oficialmente en los pr\u00f3ximos d\u00edas por el secretario general socialista y candidato a reelecci\u00f3n como presidente de Canarias, \u00c1ngel V\u00edctor Torres.<\/p>\n<p>Las 199 medidas se fundamentan en los tres pilares que han marcado la X legislatura y que seguir\u00e1n siendo la m\u00e1xima prioridad durante la XI para lograr una Canarias a\u00fan mejor en 2027, despu\u00e9s de los datos que evidencian a las claras que, pese a los obst\u00e1culos en estos 4 a\u00f1os, las islas han mejorado respecto a 2019 en m\u00faltiples \u00e1mbitos.<\/p>\n<p>Por eso, se ahonda en la sostenibilidad econ\u00f3mica, social y ambiental con la firme meta de fortalecer a\u00fan m\u00e1s los servicios b\u00e1sicos, como la sanidad, la educaci\u00f3n, los derechos sociales, la igualdad y libertades, as\u00ed como la imprescindible lucha contra el cambio clim\u00e1tico. Para esto \u00faltimo, el acento se pone en una transici\u00f3n ecol\u00f3gica justa; en la defensa del territorio, la biodiversidad y la naturaleza; en la descarbonizaci\u00f3n de las islas y en un adecuado uso del agua.<\/p>\n<p>El programa apuesta por mantener una fiscalidad progresiva y por reforzar el apoyo a los sectores de la poblaci\u00f3n m\u00e1s vulnerables, con medidas como la aplicaci\u00f3n de la Ley de Renta de la Ciudadan\u00eda aprobada a finales de 2022 o la eliminaci\u00f3n de las listas de espera en dependencia.<\/p>\n<p>Adem\u00e1s, se desarrollar\u00e1 la Ley del Cambio Clim\u00e1tico con una intensificaci\u00f3n de las energ\u00edas renovables para cumplir con los objetivos de la Agenda 2030, al tiempo que se seguir\u00e1 profundizando en la diversificaci\u00f3n de la econom\u00eda, en un turismo de calidad, en la mejora de la administraci\u00f3n y la apuesta por el consenso con el Estado y los agentes sociales, siempre anteponiendo los intereses de Canarias, su Estatuto de Autonom\u00eda, el REF, un mayor autogobierno, una justa financiaci\u00f3n auton\u00f3mica y la condici\u00f3n de RUP de las islas.<\/p>\n<p>La Canarias m\u00e1s social por la que apuesta el PSOE pone en el centro a las personas y prioriza la lucha contra la pobreza, la protecci\u00f3n de los mayores y la infancia. Asimismo, mantendr\u00e1 su apuesta por el refuerzo en la sanidad y la educaci\u00f3n, con especial atenci\u00f3n a las universidades y a extender la ense\u00f1anza de 0 a 3 a\u00f1os, as\u00ed como a que se cumpla el derecho a una vivienda que ampara la Constituci\u00f3n.<\/p>\n<p>En sostenibilidad econ\u00f3mica, y aparte de la apuesta por la innovaci\u00f3n, se busca m\u00e1s y mejor empleo, infraestructuras y movilidad acordes con los retos actuales, un sector primario competitivo y sostenible, y todas las medidas posibles para mitigar la inflaci\u00f3n.<\/p>\n<p>El programa tambi\u00e9n aboga por una pol\u00edtica migratoria que respete los derechos humanos, apueste por la integraci\u00f3n y la solidaridad obligatoria en la UE y Espa\u00f1a.<\/p>\n<p>Adem\u00e1s, dedica un apartado espec\u00edfico y con grandes medidas estrat\u00e9gicas para la reconstrucci\u00f3n de la isla de La Palma tras el volc\u00e1n en l\u00ednea con lo hecho hasta ahora, aparte de dedicar ambiciosos apartados espec\u00edficos a los j\u00f3venes, el deporte, la cultura, la memoria hist\u00f3rica, los canarios en el exterior y a una pol\u00edtica de cooperaci\u00f3n al desarrollo m\u00e1s potente.<\/p>\n<p>&#8212;<\/p>\n","protected":false},"excerpt":{"rendered":"<p>La Ejecutiva regional respalda un proyecto con 199 medidas y un compromiso que ser\u00e1 presentado en los pr\u00f3ximos d\u00edas por \u00c1ngel V\u00edctor Torres<\/p>\n","protected":false},"author":1,"featured_media":37780,"comment_status":"open","ping_status":"open","sticky":false,"template":"","format":"standard","meta":{"footnotes":""},"categories":[1184,7],"tags":[1239],"class_list":["post-37775","post","type-post","status-publish","format-standard","has-post-thumbnail","hentry","category-noticias","category-politica","tag-elecciones-2023"],"featured_image_src":"https:\/\/psoecanarias.com\/web\/wp-content\/uploads\/2023\/05\/ejecutiva-gomera.jpeg","author_info":{"display_name":"PSOE Canarias","author_link":"https:\/\/psoecanarias.com\/web\/author\/admin\/"},"yoast_head":"<!-- This site is optimized with the Yoast SEO plugin v27.2 - https:\/\/yoast.com\/product\/yoast-seo-wordpress\/ -->\n<title>El PSOE Canarias aprueba su programa para las elecciones del 28M | PSOE Canarias<\/title>\n<meta name=\"robots\" content=\"index, follow, max-snippet:-1, max-image-preview:large, max-video-preview:-1\" \/>\n<link rel=\"canonical\" href=\"https:\/\/psoecanarias.com\/web\/el-psoe-canarias-aprueba-su-programa-para-las-elecciones-del-28m\/\" \/>\n<meta property=\"og:locale\" content=\"es_ES\" \/>\n<meta property=\"og:type\" content=\"article\" \/>\n<meta property=\"og:title\" content=\"El PSOE Canarias aprueba su programa para las elecciones del 28M | PSOE Canarias\" \/>\n<meta property=\"og:description\" content=\"La Ejecutiva regional respalda un proyecto con 199 medidas y un compromiso que ser\u00e1 presentado en los pr\u00f3ximos d\u00edas por \u00c1ngel V\u00edctor Torres\" \/>\n<meta property=\"og:url\" content=\"https:\/\/psoecanarias.com\/web\/el-psoe-canarias-aprueba-su-programa-para-las-elecciones-del-28m\/\" \/>\n<meta property=\"og:site_name\" content=\"PSOE Canarias\" \/>\n<meta property=\"article:published_time\" content=\"2023-05-02T17:58:51+00:00\" \/>\n<meta property=\"article:modified_time\" content=\"2023-06-14T17:04:13+00:00\" \/>\n<meta property=\"og:image\" content=\"https:\/\/psoecanarias.com\/web\/wp-content\/uploads\/2023\/05\/ejecutiva-gomera.jpeg\" \/>\n\t<meta property=\"og:image:width\" content=\"1024\" \/>\n\t<meta property=\"og:image:height\" content=\"732\" \/>\n\t<meta property=\"og:image:type\" content=\"image\/jpeg\" \/>\n<meta name=\"author\" content=\"PSOE Canarias\" \/>\n<meta name=\"twitter:card\" content=\"summary_large_image\" \/>\n<script type=\"application\/ld+json\" class=\"yoast-schema-graph\">{\"@context\":\"https:\/\/schema.org\",\"@graph\":[{\"@type\":\"Article\",\"@id\":\"https:\/\/psoecanarias.com\/web\/el-psoe-canarias-aprueba-su-programa-para-las-elecciones-del-28m\/#article\",\"isPartOf\":{\"@id\":\"https:\/\/psoecanarias.com\/web\/el-psoe-canarias-aprueba-su-programa-para-las-elecciones-del-28m\/\"},\"author\":{\"name\":\"PSOE Canarias\",\"@id\":\"https:\/\/psoecanarias.com\/web\/#\/schema\/person\/1ae43f9659d2fc599ca69c11e1dbf26f\"},\"headline\":\"El PSOE Canarias aprueba su programa para las elecciones del 28M\",\"datePublished\":\"2023-05-02T17:58:51+00:00\",\"dateModified\":\"2023-06-14T17:04:13+00:00\",\"mainEntityOfPage\":{\"@id\":\"https:\/\/psoecanarias.com\/web\/el-psoe-canarias-aprueba-su-programa-para-las-elecciones-del-28m\/\"},\"wordCount\":685,\"commentCount\":0,\"image\":{\"@id\":\"https:\/\/psoecanarias.com\/web\/el-psoe-canarias-aprueba-su-programa-para-las-elecciones-del-28m\/#primaryimage\"},\"thumbnailUrl\":\"https:\/\/psoecanarias.com\/web\/wp-content\/uploads\/2023\/05\/ejecutiva-gomera.jpeg\",\"keywords\":[\"Elecciones 2023\"],\"articleSection\":[\"Noticias\",\"Pol\u00edtica\"],\"inLanguage\":\"es\",\"potentialAction\":[{\"@type\":\"CommentAction\",\"name\":\"Comment\",\"target\":[\"https:\/\/psoecanarias.com\/web\/el-psoe-canarias-aprueba-su-programa-para-las-elecciones-del-28m\/#respond\"]}]},{\"@type\":\"WebPage\",\"@id\":\"https:\/\/psoecanarias.com\/web\/el-psoe-canarias-aprueba-su-programa-para-las-elecciones-del-28m\/\",\"url\":\"https:\/\/psoecanarias.com\/web\/el-psoe-canarias-aprueba-su-programa-para-las-elecciones-del-28m\/\",\"name\":\"El PSOE Canarias aprueba su programa para las elecciones del 28M | PSOE Canarias\",\"isPartOf\":{\"@id\":\"https:\/\/psoecanarias.com\/web\/#website\"},\"primaryImageOfPage\":{\"@id\":\"https:\/\/psoecanarias.com\/web\/el-psoe-canarias-aprueba-su-programa-para-las-elecciones-del-28m\/#primaryimage\"},\"image\":{\"@id\":\"https:\/\/psoecanarias.com\/web\/el-psoe-canarias-aprueba-su-programa-para-las-elecciones-del-28m\/#primaryimage\"},\"thumbnailUrl\":\"https:\/\/psoecanarias.com\/web\/wp-content\/uploads\/2023\/05\/ejecutiva-gomera.jpeg\",\"datePublished\":\"2023-05-02T17:58:51+00:00\",\"dateModified\":\"2023-06-14T17:04:13+00:00\",\"author\":{\"@id\":\"https:\/\/psoecanarias.com\/web\/#\/schema\/person\/1ae43f9659d2fc599ca69c11e1dbf26f\"},\"breadcrumb\":{\"@id\":\"https:\/\/psoecanarias.com\/web\/el-psoe-canarias-aprueba-su-programa-para-las-elecciones-del-28m\/#breadcrumb\"},\"inLanguage\":\"es\",\"potentialAction\":[{\"@type\":\"ReadAction\",\"target\":[\"https:\/\/psoecanarias.com\/web\/el-psoe-canarias-aprueba-su-programa-para-las-elecciones-del-28m\/\"]}]},{\"@type\":\"ImageObject\",\"inLanguage\":\"es\",\"@id\":\"https:\/\/psoecanarias.com\/web\/el-psoe-canarias-aprueba-su-programa-para-las-elecciones-del-28m\/#primaryimage\",\"url\":\"https:\/\/psoecanarias.com\/web\/wp-content\/uploads\/2023\/05\/ejecutiva-gomera.jpeg\",\"contentUrl\":\"https:\/\/psoecanarias.com\/web\/wp-content\/uploads\/2023\/05\/ejecutiva-gomera.jpeg\",\"width\":1024,\"height\":732,\"caption\":\"Ejecutiva telem\u00e1tica celebrada este martes en San Sebasti\u00e1n de La Gomera.\"},{\"@type\":\"BreadcrumbList\",\"@id\":\"https:\/\/psoecanarias.com\/web\/el-psoe-canarias-aprueba-su-programa-para-las-elecciones-del-28m\/#breadcrumb\",\"itemListElement\":[{\"@type\":\"ListItem\",\"position\":1,\"name\":\"Portada\",\"item\":\"https:\/\/psoecanarias.com\/web\/\"},{\"@type\":\"ListItem\",\"position\":2,\"name\":\"El PSOE Canarias aprueba su programa para las elecciones del 28M\"}]},{\"@type\":\"WebSite\",\"@id\":\"https:\/\/psoecanarias.com\/web\/#website\",\"url\":\"https:\/\/psoecanarias.com\/web\/\",\"name\":\"PSOE Canarias\",\"description\":\"Partido Socialista Obrero Espa\u00f1ol Canarias\",\"potentialAction\":[{\"@type\":\"SearchAction\",\"target\":{\"@type\":\"EntryPoint\",\"urlTemplate\":\"https:\/\/psoecanarias.com\/web\/?s={search_term_string}\"},\"query-input\":{\"@type\":\"PropertyValueSpecification\",\"valueRequired\":true,\"valueName\":\"search_term_string\"}}],\"inLanguage\":\"es\"},{\"@type\":\"Person\",\"@id\":\"https:\/\/psoecanarias.com\/web\/#\/schema\/person\/1ae43f9659d2fc599ca69c11e1dbf26f\",\"name\":\"PSOE Canarias\",\"image\":{\"@type\":\"ImageObject\",\"inLanguage\":\"es\",\"@id\":\"https:\/\/secure.gravatar.com\/avatar\/4364d37f6f6f9cdb7af199b46151565f37d8a8c3c0e04c1d78c04e857a15e3a8?s=96&d=mm&r=g\",\"url\":\"https:\/\/secure.gravatar.com\/avatar\/4364d37f6f6f9cdb7af199b46151565f37d8a8c3c0e04c1d78c04e857a15e3a8?s=96&d=mm&r=g\",\"contentUrl\":\"https:\/\/secure.gravatar.com\/avatar\/4364d37f6f6f9cdb7af199b46151565f37d8a8c3c0e04c1d78c04e857a15e3a8?s=96&d=mm&r=g\",\"caption\":\"PSOE Canarias\"},\"url\":\"https:\/\/psoecanarias.com\/web\/author\/admin\/\"}]}<\/script>\n<!-- \/ Yoast SEO plugin. -->","yoast_head_json":{"title":"El PSOE Canarias aprueba su programa para las elecciones del 28M | PSOE Canarias","robots":{"index":"index","follow":"follow","max-snippet":"max-snippet:-1","max-image-preview":"max-image-preview:large","max-video-preview":"max-video-preview:-1"},"canonical":"https:\/\/psoecanarias.com\/web\/el-psoe-canarias-aprueba-su-programa-para-las-elecciones-del-28m\/","og_locale":"es_ES","og_type":"article","og_title":"El PSOE Canarias aprueba su programa para las elecciones del 28M | PSOE Canarias","og_description":"La Ejecutiva regional respalda un proyecto con 199 medidas y un compromiso que ser\u00e1 presentado en los pr\u00f3ximos d\u00edas por \u00c1ngel V\u00edctor Torres","og_url":"https:\/\/psoecanarias.com\/web\/el-psoe-canarias-aprueba-su-programa-para-las-elecciones-del-28m\/","og_site_name":"PSOE Canarias","article_published_time":"2023-05-02T17:58:51+00:00","article_modified_time":"2023-06-14T17:04:13+00:00","og_image":[{"width":1024,"height":732,"url":"https:\/\/psoecanarias.com\/web\/wp-content\/uploads\/2023\/05\/ejecutiva-gomera.jpeg","type":"image\/jpeg"}],"author":"PSOE Canarias","twitter_card":"summary_large_image","schema":{"@context":"https:\/\/schema.org","@graph":[{"@type":"Article","@id":"https:\/\/psoecanarias.com\/web\/el-psoe-canarias-aprueba-su-programa-para-las-elecciones-del-28m\/#article","isPartOf":{"@id":"https:\/\/psoecanarias.com\/web\/el-psoe-canarias-aprueba-su-programa-para-las-elecciones-del-28m\/"},"author":{"name":"PSOE Canarias","@id":"https:\/\/psoecanarias.com\/web\/#\/schema\/person\/1ae43f9659d2fc599ca69c11e1dbf26f"},"headline":"El PSOE Canarias aprueba su programa para las elecciones del 28M","datePublished":"2023-05-02T17:58:51+00:00","dateModified":"2023-06-14T17:04:13+00:00","mainEntityOfPage":{"@id":"https:\/\/psoecanarias.com\/web\/el-psoe-canarias-aprueba-su-programa-para-las-elecciones-del-28m\/"},"wordCount":685,"commentCount":0,"image":{"@id":"https:\/\/psoecanarias.com\/web\/el-psoe-canarias-aprueba-su-programa-para-las-elecciones-del-28m\/#primaryimage"},"thumbnailUrl":"https:\/\/psoecanarias.com\/web\/wp-content\/uploads\/2023\/05\/ejecutiva-gomera.jpeg","keywords":["Elecciones 2023"],"articleSection":["Noticias","Pol\u00edtica"],"inLanguage":"es","potentialAction":[{"@type":"CommentAction","name":"Comment","target":["https:\/\/psoecanarias.com\/web\/el-psoe-canarias-aprueba-su-programa-para-las-elecciones-del-28m\/#respond"]}]},{"@type":"WebPage","@id":"https:\/\/psoecanarias.com\/web\/el-psoe-canarias-aprueba-su-programa-para-las-elecciones-del-28m\/","url":"https:\/\/psoecanarias.com\/web\/el-psoe-canarias-aprueba-su-programa-para-las-elecciones-del-28m\/","name":"El PSOE Canarias aprueba su programa para las elecciones del 28M | PSOE Canarias","isPartOf":{"@id":"https:\/\/psoecanarias.com\/web\/#website"},"primaryImageOfPage":{"@id":"https:\/\/psoecanarias.com\/web\/el-psoe-canarias-aprueba-su-programa-para-las-elecciones-del-28m\/#primaryimage"},"image":{"@id":"https:\/\/psoecanarias.com\/web\/el-psoe-canarias-aprueba-su-programa-para-las-elecciones-del-28m\/#primaryimage"},"thumbnailUrl":"https:\/\/psoecanarias.com\/web\/wp-content\/uploads\/2023\/05\/ejecutiva-gomera.jpeg","datePublished":"2023-05-02T17:58:51+00:00","dateModified":"2023-06-14T17:04:13+00:00","author":{"@id":"https:\/\/psoecanarias.com\/web\/#\/schema\/person\/1ae43f9659d2fc599ca69c11e1dbf26f"},"breadcrumb":{"@id":"https:\/\/psoecanarias.com\/web\/el-psoe-canarias-aprueba-su-programa-para-las-elecciones-del-28m\/#breadcrumb"},"inLanguage":"es","potentialAction":[{"@type":"ReadAction","target":["https:\/\/psoecanarias.com\/web\/el-psoe-canarias-aprueba-su-programa-para-las-elecciones-del-28m\/"]}]},{"@type":"ImageObject","inLanguage":"es","@id":"https:\/\/psoecanarias.com\/web\/el-psoe-canarias-aprueba-su-programa-para-las-elecciones-del-28m\/#primaryimage","url":"https:\/\/psoecanarias.com\/web\/wp-content\/uploads\/2023\/05\/ejecutiva-gomera.jpeg","contentUrl":"https:\/\/psoecanarias.com\/web\/wp-content\/uploads\/2023\/05\/ejecutiva-gomera.jpeg","width":1024,"height":732,"caption":"Ejecutiva telem\u00e1tica celebrada este martes en San Sebasti\u00e1n de La Gomera."},{"@type":"BreadcrumbList","@id":"https:\/\/psoecanarias.com\/web\/el-psoe-canarias-aprueba-su-programa-para-las-elecciones-del-28m\/#breadcrumb","itemListElement":[{"@type":"ListItem","position":1,"name":"Portada","item":"https:\/\/psoecanarias.com\/web\/"},{"@type":"ListItem","position":2,"name":"El PSOE Canarias aprueba su programa para las elecciones del 28M"}]},{"@type":"WebSite","@id":"https:\/\/psoecanarias.com\/web\/#website","url":"https:\/\/psoecanarias.com\/web\/","name":"PSOE Canarias","description":"Partido Socialista Obrero Espa\u00f1ol Canarias","potentialAction":[{"@type":"SearchAction","target":{"@type":"EntryPoint","urlTemplate":"https:\/\/psoecanarias.com\/web\/?s={search_term_string}"},"query-input":{"@type":"PropertyValueSpecification","valueRequired":true,"valueName":"search_term_string"}}],"inLanguage":"es"},{"@type":"Person","@id":"https:\/\/psoecanarias.com\/web\/#\/schema\/person\/1ae43f9659d2fc599ca69c11e1dbf26f","name":"PSOE Canarias","image":{"@type":"ImageObject","inLanguage":"es","@id":"https:\/\/secure.gravatar.com\/avatar\/4364d37f6f6f9cdb7af199b46151565f37d8a8c3c0e04c1d78c04e857a15e3a8?s=96&d=mm&r=g","url":"https:\/\/secure.gravatar.com\/avatar\/4364d37f6f6f9cdb7af199b46151565f37d8a8c3c0e04c1d78c04e857a15e3a8?s=96&d=mm&r=g","contentUrl":"https:\/\/secure.gravatar.com\/avatar\/4364d37f6f6f9cdb7af199b46151565f37d8a8c3c0e04c1d78c04e857a15e3a8?s=96&d=mm&r=g","caption":"PSOE Canarias"},"url":"https:\/\/psoecanarias.com\/web\/author\/admin\/"}]}},"_links":{"self":[{"href":"https:\/\/psoecanarias.com\/web\/wp-json\/wp\/v2\/posts\/37775","targetHints":{"allow":["GET"]}}],"collection":[{"href":"https:\/\/psoecanarias.com\/web\/wp-json\/wp\/v2\/posts"}],"about":[{"href":"https:\/\/psoecanarias.com\/web\/wp-json\/wp\/v2\/types\/post"}],"author":[{"embeddable":true,"href":"https:\/\/psoecanarias.com\/web\/wp-json\/wp\/v2\/users\/1"}],"replies":[{"embeddable":true,"href":"https:\/\/psoecanarias.com\/web\/wp-json\/wp\/v2\/comments?post=37775"}],"version-history":[{"count":1,"href":"https:\/\/psoecanarias.com\/web\/wp-json\/wp\/v2\/posts\/37775\/revisions"}],"predecessor-version":[{"id":37776,"href":"https:\/\/psoecanarias.com\/web\/wp-json\/wp\/v2\/posts\/37775\/revisions\/37776"}],"wp:featuredmedia":[{"embeddable":true,"href":"https:\/\/psoecanarias.com\/web\/wp-json\/wp\/v2\/media\/37780"}],"wp:attachment":[{"href":"https:\/\/psoecanarias.com\/web\/wp-json\/wp\/v2\/media?parent=37775"}],"wp:term":[{"taxonomy":"category","embeddable":true,"href":"https:\/\/psoecanarias.com\/web\/wp-json\/wp\/v2\/categories?post=37775"},{"taxonomy":"post_tag","embeddable":true,"href":"https:\/\/psoecanarias.com\/web\/wp-json\/wp\/v2\/tags?post=37775"}],"curies":[{"name":"wp","href":"https:\/\/api.w.org\/{rel}","templated":true}]}}