{"id":37886,"date":"2023-05-08T21:00:49","date_gmt":"2023-05-08T20:00:49","guid":{"rendered":"https:\/\/psoecanarias.com\/web\/?p=37886"},"modified":"2023-08-08T17:19:42","modified_gmt":"2023-08-08T16:19:42","slug":"el-psoe-canarias-presenta-un-programa-realista-para-afianzar-el-cambio-el-28m","status":"publish","type":"post","link":"https:\/\/psoecanarias.com\/web\/el-psoe-canarias-presenta-un-programa-realista-para-afianzar-el-cambio-el-28m\/","title":{"rendered":"El PSOE Canarias presenta un programa realista para afianzar el cambio el 28M"},"content":{"rendered":"<p>Canarias, 8 de mayo de 2023.\u2014 El PSOE Canarias ha presentado este lunes su programa electoral para las elecciones auton\u00f3micas del pr\u00f3ximo d\u00eda 28M. El documento recoge un total de 199 medidas m\u00e1s un compromiso final, y persigue \u201cconsolidar la transformaci\u00f3n en positivo&#8221; iniciada hace cuatro a\u00f1os.<\/p>\n<p>\u201cEs un programa realista, de un partido que gobierna, y que nos permitir\u00e1 dejar una Canarias mejor en 2027, tal y como dejamos ahora unas islas mejores que las que recibimos en 2019\u201d, dijo el secretario general y candidato a la reelecci\u00f3n como presidente de Canarias, \u00c1ngel V\u00edctor Torres, en un acto celebrado en el Castillo de Mata, en Las Palmas de Gran Canaria, que cont\u00f3 con la presencia de compa\u00f1eros y compa\u00f1eras del partido y representantes de los colectivos sociales y ciudadanos que han realizado aportaciones al programa.<\/p>\n<blockquote class=\"twitter-tweet\">\n<p dir=\"ltr\" lang=\"es\">\ud83c\udf39 <a href=\"https:\/\/twitter.com\/avtorresp?ref_src=twsrc%5Etfw\">@avtorresp<\/a> presenta el programa electoral del <a href=\"https:\/\/twitter.com\/PSOECanarias?ref_src=twsrc%5Etfw\">@PSOECanarias<\/a> para el <a href=\"https:\/\/twitter.com\/hashtag\/28M?src=hash&amp;ref_src=twsrc%5Etfw\">#28M<\/a><\/p>\n<p>\u27a4 199 medidas y un compromiso.<\/p>\n<p>\ud83d\udde3\ufe0f Estoy seguro de que, dentro de 4 a\u00f1os, volveremos a entregar una <a href=\"https:\/\/twitter.com\/hashtag\/Canarias?src=hash&amp;ref_src=twsrc%5Etfw\">#Canarias<\/a> mejor<a href=\"https:\/\/twitter.com\/hashtag\/CanariasEnBuenasManos?src=hash&amp;ref_src=twsrc%5Etfw\">#CanariasEnBuenasManos<\/a> <a href=\"https:\/\/t.co\/wJVA7j3epB\">pic.twitter.com\/wJVA7j3epB<\/a><\/p>\n<p>\u2014 PSOE Canarias (@PSOECanarias) <a href=\"https:\/\/twitter.com\/PSOECanarias\/status\/1655649105375363072?ref_src=twsrc%5Etfw\">May 8, 2023<\/a><\/p><\/blockquote>\n<p><script async src=\"https:\/\/platform.twitter.com\/widgets.js\" charset=\"utf-8\"><\/script><\/p>\n<p>El candidato present\u00f3 como prioritaria la pol\u00edtica de vivienda y, aparte de recordar el pacto y el plan para crear o adquirir unas 6.000 entre 2020-25,\u00a0anunci\u00f3 la elaboraci\u00f3n de un siguiente plan para otras 8.000 viviendas.\u00a0No obstante, puso a\u00fan m\u00e1s \u00e9nfasis en el hecho de que, tras dos d\u00e9cadas sin casi promociones p\u00fablicas, ahora las hay en municipios como ingenio, Puerto del rosario, La Orotava, Arrecife o Santa Cruz de Tenerife. En este sentido, calific\u00f3 de \u201cescalofriante\u201d el hecho de que, entre 2012 y 2019, la poblaci\u00f3n canaria creciera en 70.000 personas y la del pa\u00eds vasco, regi\u00f3n con una cifra de residentes similar, en 10.000 y, sin embargo, en las islas apenas se crearan 60 casas sociales y en Euskadi, unas 2.000. \u201cEsto lo estamos cambiando con obras que ya se levantan en suelos cedidos por los ayuntamientos\u201d, subray\u00f3.<\/p>\n<p>Torres quiere consolidar los datos de empleo, con 80.000 personas m\u00e1s trabajando que en 2019, un paro que ha bajado del 21 al 17%, 5.000 j\u00f3venes menos en desempleo y casi un 50% de los contratos indefinidos. El programa aboga por una\u00a0Ley Canaria de Empleo\u00a0y por seguir potenciando el consenso y la colaboraci\u00f3n con los sectores privados, con la meta de lograr un pacto de rentas, aparte de los ya conseguidos desde 2019. Asimismo, se propone una\u00a0cuota cero durante el primer a\u00f1o para cualquier nuevo aut\u00f3nomo, por fortalecer la\u00a0conciliaci\u00f3n familiar, por una\u00a0bolsa econ\u00f3mica regional y una estrategia para aprovechar el talento, por convertir a las islas en referente de la creaci\u00f3n de\u00a0chips, as\u00ed como por seguir potenciando el pujante sector audiovisual o el aeroespacial que est\u00e1n dinamizando la econom\u00eda.<\/p>\n<blockquote class=\"twitter-tweet\">\n<p dir=\"ltr\" lang=\"es\">Hoy hemos presentado nuestro Programa Electoral para las elecciones del 28 de Mayo. Un programa realista y realizable, 199 medidas y un compromiso para consolidar la transformaci\u00f3n de <a href=\"https:\/\/twitter.com\/hashtag\/Canarias?src=hash&amp;ref_src=twsrc%5Etfw\">#Canarias<\/a> en positivo.<\/p>\n<p>\ud83c\udf39 <a href=\"https:\/\/t.co\/Eg1FcLSL5o\">https:\/\/t.co\/Eg1FcLSL5o<\/a> <a href=\"https:\/\/t.co\/WgKC0kawyG\">pic.twitter.com\/WgKC0kawyG<\/a><\/p>\n<p>\u2014 \u00c1ngel V\u00edctor Torres P\u00e9rez (@avtorresp) <a href=\"https:\/\/twitter.com\/avtorresp\/status\/1655539230758641665?ref_src=twsrc%5Etfw\">May 8, 2023<\/a><\/p><\/blockquote>\n<p><script async src=\"https:\/\/platform.twitter.com\/widgets.js\" charset=\"utf-8\"><\/script><\/p>\n<p>A su juicio, hay que mejorar la administraci\u00f3n p\u00fablica con mucha m\u00e1s\u00a0digitalizaci\u00f3n y transparencia,\u00a0se incrementar\u00e1 un 25% las pol\u00edticas de concertaci\u00f3n sociales, se desarrollar\u00e1 el Estatuto de Autonom\u00eda del a\u00f1o 2018 en busca de\u00a0m\u00e1s autogobierno y se defender\u00e1 el REF\u00a0\u201cno de forma oportunista o partidista\u201d, se\u00f1al\u00f3.<\/p>\n<p>Tambi\u00e9n remarc\u00f3 la relevancia de aprovechar la presidencia de las RUP y de Espa\u00f1a de la UE para aprobar un\u00a0Pacto de Asilo y Migraci\u00f3n\u00a0que se fundamente en la solidaridad obligatoria, aparte de crear la\u00a0figura del comisionado en migraci\u00f3n.<\/p>\n<p>Asimismo, considera clave las exenciones a las tasas de carbono por las singularidades canarias y cree que las Islas tienen en este \u00e1mbito otra gran oportunidad de desarrollo econ\u00f3mico.<\/p>\n<p>El programa se detiene de forma detallada, como ocurri\u00f3 tambi\u00e9n en la Agenda Canarias 2030, en la cultura como sector a potenciar con un Plan de Movilidad Cultural y en el que reconocer la profesionalizaci\u00f3n.<\/p>\n<p>El programa del PSOE Canarias tiene, adem\u00e1s, un apartado espec\u00edfico sobre la reconstrucci\u00f3n de La Palma que gira en torno al consenso, al realismo porque se trata de un trabajo a desarrollar en a\u00f1os, sobre la base del mayor apoyo de la historia ante una cat\u00e1strofe as\u00ed \u201cy sin populismo ni demagogia\u201d. El compromiso es mantener y extender los programas de ayuda en vivienda, apoyo social, salud mental, educaci\u00f3n, econom\u00eda o regeneraci\u00f3n ambiental, de la misma forma que aboga por el consenso para lograr la mejor propuesta de reconstrucci\u00f3n.<\/p>\n<p>Como reza el t\u00edtulo del programa del PSOE Canarias, son 199 medidas y un compromiso, que est\u00e1 basado en la canariedad desde la \u00f3ptica progresista \u201cque se defiende con orgullo y sin lamentos porque no somos menos que nadie\u201d, apunt\u00f3. Torres defendi\u00f3 que su partido quiere unas islas m\u00e1s sostenibles, m\u00e1s modernas, justas e igualitarias, \u201cuna Canarias alejada del lamento, el grito, el enfado, la bronca, el frentismo\u201d, culmin\u00f3.<\/p>\n","protected":false},"excerpt":{"rendered":"<p>Torres asegura que las 199 propuestas que contiene el documento permitir\u00e1n que la Canarias de 2027 sea mejor que la actual<\/p>\n","protected":false},"author":1,"featured_media":37887,"comment_status":"open","ping_status":"open","sticky":false,"template":"","format":"standard","meta":{"footnotes":""},"categories":[1184,7],"tags":[1239],"class_list":["post-37886","post","type-post","status-publish","format-standard","has-post-thumbnail","hentry","category-noticias","category-politica","tag-elecciones-2023"],"featured_image_src":"https:\/\/psoecanarias.com\/web\/wp-content\/uploads\/2023\/05\/foto2.jpg","author_info":{"display_name":"PSOE Canarias","author_link":"https:\/\/psoecanarias.com\/web\/author\/admin\/"},"yoast_head":"<!-- This site is optimized with the Yoast SEO plugin v27.2 - https:\/\/yoast.com\/product\/yoast-seo-wordpress\/ -->\n<title>El PSOE Canarias presenta un programa realista para afianzar el cambio el 28M | PSOE Canarias<\/title>\n<meta name=\"robots\" content=\"index, follow, max-snippet:-1, max-image-preview:large, max-video-preview:-1\" \/>\n<link rel=\"canonical\" href=\"https:\/\/psoecanarias.com\/web\/el-psoe-canarias-presenta-un-programa-realista-para-afianzar-el-cambio-el-28m\/\" \/>\n<meta property=\"og:locale\" content=\"es_ES\" \/>\n<meta property=\"og:type\" content=\"article\" \/>\n<meta property=\"og:title\" content=\"El PSOE Canarias presenta un programa realista para afianzar el cambio el 28M | PSOE Canarias\" \/>\n<meta property=\"og:description\" content=\"Torres asegura que las 199 propuestas que contiene el documento permitir\u00e1n que la Canarias de 2027 sea mejor que la actual\" \/>\n<meta property=\"og:url\" content=\"https:\/\/psoecanarias.com\/web\/el-psoe-canarias-presenta-un-programa-realista-para-afianzar-el-cambio-el-28m\/\" \/>\n<meta property=\"og:site_name\" content=\"PSOE Canarias\" \/>\n<meta property=\"article:published_time\" content=\"2023-05-08T20:00:49+00:00\" \/>\n<meta property=\"article:modified_time\" content=\"2023-08-08T16:19:42+00:00\" \/>\n<meta property=\"og:image\" content=\"https:\/\/psoecanarias.com\/web\/wp-content\/uploads\/2023\/05\/foto2.jpg\" \/>\n\t<meta property=\"og:image:width\" content=\"1504\" \/>\n\t<meta property=\"og:image:height\" content=\"844\" \/>\n\t<meta property=\"og:image:type\" content=\"image\/jpeg\" \/>\n<meta name=\"author\" content=\"PSOE Canarias\" \/>\n<meta name=\"twitter:card\" content=\"summary_large_image\" \/>\n<script type=\"application\/ld+json\" class=\"yoast-schema-graph\">{\"@context\":\"https:\/\/schema.org\",\"@graph\":[{\"@type\":\"Article\",\"@id\":\"https:\/\/psoecanarias.com\/web\/el-psoe-canarias-presenta-un-programa-realista-para-afianzar-el-cambio-el-28m\/#article\",\"isPartOf\":{\"@id\":\"https:\/\/psoecanarias.com\/web\/el-psoe-canarias-presenta-un-programa-realista-para-afianzar-el-cambio-el-28m\/\"},\"author\":{\"name\":\"PSOE Canarias\",\"@id\":\"https:\/\/psoecanarias.com\/web\/#\/schema\/person\/1ae43f9659d2fc599ca69c11e1dbf26f\"},\"headline\":\"El PSOE Canarias presenta un programa realista para afianzar el cambio el 28M\",\"datePublished\":\"2023-05-08T20:00:49+00:00\",\"dateModified\":\"2023-08-08T16:19:42+00:00\",\"mainEntityOfPage\":{\"@id\":\"https:\/\/psoecanarias.com\/web\/el-psoe-canarias-presenta-un-programa-realista-para-afianzar-el-cambio-el-28m\/\"},\"wordCount\":861,\"commentCount\":0,\"image\":{\"@id\":\"https:\/\/psoecanarias.com\/web\/el-psoe-canarias-presenta-un-programa-realista-para-afianzar-el-cambio-el-28m\/#primaryimage\"},\"thumbnailUrl\":\"https:\/\/psoecanarias.com\/web\/wp-content\/uploads\/2023\/05\/foto2.jpg\",\"keywords\":[\"Elecciones 2023\"],\"articleSection\":[\"Noticias\",\"Pol\u00edtica\"],\"inLanguage\":\"es\",\"potentialAction\":[{\"@type\":\"CommentAction\",\"name\":\"Comment\",\"target\":[\"https:\/\/psoecanarias.com\/web\/el-psoe-canarias-presenta-un-programa-realista-para-afianzar-el-cambio-el-28m\/#respond\"]}]},{\"@type\":\"WebPage\",\"@id\":\"https:\/\/psoecanarias.com\/web\/el-psoe-canarias-presenta-un-programa-realista-para-afianzar-el-cambio-el-28m\/\",\"url\":\"https:\/\/psoecanarias.com\/web\/el-psoe-canarias-presenta-un-programa-realista-para-afianzar-el-cambio-el-28m\/\",\"name\":\"El PSOE Canarias presenta un programa realista para afianzar el cambio el 28M | PSOE Canarias\",\"isPartOf\":{\"@id\":\"https:\/\/psoecanarias.com\/web\/#website\"},\"primaryImageOfPage\":{\"@id\":\"https:\/\/psoecanarias.com\/web\/el-psoe-canarias-presenta-un-programa-realista-para-afianzar-el-cambio-el-28m\/#primaryimage\"},\"image\":{\"@id\":\"https:\/\/psoecanarias.com\/web\/el-psoe-canarias-presenta-un-programa-realista-para-afianzar-el-cambio-el-28m\/#primaryimage\"},\"thumbnailUrl\":\"https:\/\/psoecanarias.com\/web\/wp-content\/uploads\/2023\/05\/foto2.jpg\",\"datePublished\":\"2023-05-08T20:00:49+00:00\",\"dateModified\":\"2023-08-08T16:19:42+00:00\",\"author\":{\"@id\":\"https:\/\/psoecanarias.com\/web\/#\/schema\/person\/1ae43f9659d2fc599ca69c11e1dbf26f\"},\"breadcrumb\":{\"@id\":\"https:\/\/psoecanarias.com\/web\/el-psoe-canarias-presenta-un-programa-realista-para-afianzar-el-cambio-el-28m\/#breadcrumb\"},\"inLanguage\":\"es\",\"potentialAction\":[{\"@type\":\"ReadAction\",\"target\":[\"https:\/\/psoecanarias.com\/web\/el-psoe-canarias-presenta-un-programa-realista-para-afianzar-el-cambio-el-28m\/\"]}]},{\"@type\":\"ImageObject\",\"inLanguage\":\"es\",\"@id\":\"https:\/\/psoecanarias.com\/web\/el-psoe-canarias-presenta-un-programa-realista-para-afianzar-el-cambio-el-28m\/#primaryimage\",\"url\":\"https:\/\/psoecanarias.com\/web\/wp-content\/uploads\/2023\/05\/foto2.jpg\",\"contentUrl\":\"https:\/\/psoecanarias.com\/web\/wp-content\/uploads\/2023\/05\/foto2.jpg\",\"width\":1504,\"height\":844},{\"@type\":\"BreadcrumbList\",\"@id\":\"https:\/\/psoecanarias.com\/web\/el-psoe-canarias-presenta-un-programa-realista-para-afianzar-el-cambio-el-28m\/#breadcrumb\",\"itemListElement\":[{\"@type\":\"ListItem\",\"position\":1,\"name\":\"Portada\",\"item\":\"https:\/\/psoecanarias.com\/web\/\"},{\"@type\":\"ListItem\",\"position\":2,\"name\":\"El PSOE Canarias presenta un programa realista para afianzar el cambio el 28M\"}]},{\"@type\":\"WebSite\",\"@id\":\"https:\/\/psoecanarias.com\/web\/#website\",\"url\":\"https:\/\/psoecanarias.com\/web\/\",\"name\":\"PSOE Canarias\",\"description\":\"Partido Socialista Obrero Espa\u00f1ol Canarias\",\"potentialAction\":[{\"@type\":\"SearchAction\",\"target\":{\"@type\":\"EntryPoint\",\"urlTemplate\":\"https:\/\/psoecanarias.com\/web\/?s={search_term_string}\"},\"query-input\":{\"@type\":\"PropertyValueSpecification\",\"valueRequired\":true,\"valueName\":\"search_term_string\"}}],\"inLanguage\":\"es\"},{\"@type\":\"Person\",\"@id\":\"https:\/\/psoecanarias.com\/web\/#\/schema\/person\/1ae43f9659d2fc599ca69c11e1dbf26f\",\"name\":\"PSOE Canarias\",\"image\":{\"@type\":\"ImageObject\",\"inLanguage\":\"es\",\"@id\":\"https:\/\/secure.gravatar.com\/avatar\/4364d37f6f6f9cdb7af199b46151565f37d8a8c3c0e04c1d78c04e857a15e3a8?s=96&d=mm&r=g\",\"url\":\"https:\/\/secure.gravatar.com\/avatar\/4364d37f6f6f9cdb7af199b46151565f37d8a8c3c0e04c1d78c04e857a15e3a8?s=96&d=mm&r=g\",\"contentUrl\":\"https:\/\/secure.gravatar.com\/avatar\/4364d37f6f6f9cdb7af199b46151565f37d8a8c3c0e04c1d78c04e857a15e3a8?s=96&d=mm&r=g\",\"caption\":\"PSOE Canarias\"},\"url\":\"https:\/\/psoecanarias.com\/web\/author\/admin\/\"}]}<\/script>\n<!-- \/ Yoast SEO plugin. -->","yoast_head_json":{"title":"El PSOE Canarias presenta un programa realista para afianzar el cambio el 28M | PSOE Canarias","robots":{"index":"index","follow":"follow","max-snippet":"max-snippet:-1","max-image-preview":"max-image-preview:large","max-video-preview":"max-video-preview:-1"},"canonical":"https:\/\/psoecanarias.com\/web\/el-psoe-canarias-presenta-un-programa-realista-para-afianzar-el-cambio-el-28m\/","og_locale":"es_ES","og_type":"article","og_title":"El PSOE Canarias presenta un programa realista para afianzar el cambio el 28M | PSOE Canarias","og_description":"Torres asegura que las 199 propuestas que contiene el documento permitir\u00e1n que la Canarias de 2027 sea mejor que la actual","og_url":"https:\/\/psoecanarias.com\/web\/el-psoe-canarias-presenta-un-programa-realista-para-afianzar-el-cambio-el-28m\/","og_site_name":"PSOE Canarias","article_published_time":"2023-05-08T20:00:49+00:00","article_modified_time":"2023-08-08T16:19:42+00:00","og_image":[{"width":1504,"height":844,"url":"https:\/\/psoecanarias.com\/web\/wp-content\/uploads\/2023\/05\/foto2.jpg","type":"image\/jpeg"}],"author":"PSOE Canarias","twitter_card":"summary_large_image","schema":{"@context":"https:\/\/schema.org","@graph":[{"@type":"Article","@id":"https:\/\/psoecanarias.com\/web\/el-psoe-canarias-presenta-un-programa-realista-para-afianzar-el-cambio-el-28m\/#article","isPartOf":{"@id":"https:\/\/psoecanarias.com\/web\/el-psoe-canarias-presenta-un-programa-realista-para-afianzar-el-cambio-el-28m\/"},"author":{"name":"PSOE Canarias","@id":"https:\/\/psoecanarias.com\/web\/#\/schema\/person\/1ae43f9659d2fc599ca69c11e1dbf26f"},"headline":"El PSOE Canarias presenta un programa realista para afianzar el cambio el 28M","datePublished":"2023-05-08T20:00:49+00:00","dateModified":"2023-08-08T16:19:42+00:00","mainEntityOfPage":{"@id":"https:\/\/psoecanarias.com\/web\/el-psoe-canarias-presenta-un-programa-realista-para-afianzar-el-cambio-el-28m\/"},"wordCount":861,"commentCount":0,"image":{"@id":"https:\/\/psoecanarias.com\/web\/el-psoe-canarias-presenta-un-programa-realista-para-afianzar-el-cambio-el-28m\/#primaryimage"},"thumbnailUrl":"https:\/\/psoecanarias.com\/web\/wp-content\/uploads\/2023\/05\/foto2.jpg","keywords":["Elecciones 2023"],"articleSection":["Noticias","Pol\u00edtica"],"inLanguage":"es","potentialAction":[{"@type":"CommentAction","name":"Comment","target":["https:\/\/psoecanarias.com\/web\/el-psoe-canarias-presenta-un-programa-realista-para-afianzar-el-cambio-el-28m\/#respond"]}]},{"@type":"WebPage","@id":"https:\/\/psoecanarias.com\/web\/el-psoe-canarias-presenta-un-programa-realista-para-afianzar-el-cambio-el-28m\/","url":"https:\/\/psoecanarias.com\/web\/el-psoe-canarias-presenta-un-programa-realista-para-afianzar-el-cambio-el-28m\/","name":"El PSOE Canarias presenta un programa realista para afianzar el cambio el 28M | PSOE Canarias","isPartOf":{"@id":"https:\/\/psoecanarias.com\/web\/#website"},"primaryImageOfPage":{"@id":"https:\/\/psoecanarias.com\/web\/el-psoe-canarias-presenta-un-programa-realista-para-afianzar-el-cambio-el-28m\/#primaryimage"},"image":{"@id":"https:\/\/psoecanarias.com\/web\/el-psoe-canarias-presenta-un-programa-realista-para-afianzar-el-cambio-el-28m\/#primaryimage"},"thumbnailUrl":"https:\/\/psoecanarias.com\/web\/wp-content\/uploads\/2023\/05\/foto2.jpg","datePublished":"2023-05-08T20:00:49+00:00","dateModified":"2023-08-08T16:19:42+00:00","author":{"@id":"https:\/\/psoecanarias.com\/web\/#\/schema\/person\/1ae43f9659d2fc599ca69c11e1dbf26f"},"breadcrumb":{"@id":"https:\/\/psoecanarias.com\/web\/el-psoe-canarias-presenta-un-programa-realista-para-afianzar-el-cambio-el-28m\/#breadcrumb"},"inLanguage":"es","potentialAction":[{"@type":"ReadAction","target":["https:\/\/psoecanarias.com\/web\/el-psoe-canarias-presenta-un-programa-realista-para-afianzar-el-cambio-el-28m\/"]}]},{"@type":"ImageObject","inLanguage":"es","@id":"https:\/\/psoecanarias.com\/web\/el-psoe-canarias-presenta-un-programa-realista-para-afianzar-el-cambio-el-28m\/#primaryimage","url":"https:\/\/psoecanarias.com\/web\/wp-content\/uploads\/2023\/05\/foto2.jpg","contentUrl":"https:\/\/psoecanarias.com\/web\/wp-content\/uploads\/2023\/05\/foto2.jpg","width":1504,"height":844},{"@type":"BreadcrumbList","@id":"https:\/\/psoecanarias.com\/web\/el-psoe-canarias-presenta-un-programa-realista-para-afianzar-el-cambio-el-28m\/#breadcrumb","itemListElement":[{"@type":"ListItem","position":1,"name":"Portada","item":"https:\/\/psoecanarias.com\/web\/"},{"@type":"ListItem","position":2,"name":"El PSOE Canarias presenta un programa realista para afianzar el cambio el 28M"}]},{"@type":"WebSite","@id":"https:\/\/psoecanarias.com\/web\/#website","url":"https:\/\/psoecanarias.com\/web\/","name":"PSOE Canarias","description":"Partido Socialista Obrero Espa\u00f1ol Canarias","potentialAction":[{"@type":"SearchAction","target":{"@type":"EntryPoint","urlTemplate":"https:\/\/psoecanarias.com\/web\/?s={search_term_string}"},"query-input":{"@type":"PropertyValueSpecification","valueRequired":true,"valueName":"search_term_string"}}],"inLanguage":"es"},{"@type":"Person","@id":"https:\/\/psoecanarias.com\/web\/#\/schema\/person\/1ae43f9659d2fc599ca69c11e1dbf26f","name":"PSOE Canarias","image":{"@type":"ImageObject","inLanguage":"es","@id":"https:\/\/secure.gravatar.com\/avatar\/4364d37f6f6f9cdb7af199b46151565f37d8a8c3c0e04c1d78c04e857a15e3a8?s=96&d=mm&r=g","url":"https:\/\/secure.gravatar.com\/avatar\/4364d37f6f6f9cdb7af199b46151565f37d8a8c3c0e04c1d78c04e857a15e3a8?s=96&d=mm&r=g","contentUrl":"https:\/\/secure.gravatar.com\/avatar\/4364d37f6f6f9cdb7af199b46151565f37d8a8c3c0e04c1d78c04e857a15e3a8?s=96&d=mm&r=g","caption":"PSOE Canarias"},"url":"https:\/\/psoecanarias.com\/web\/author\/admin\/"}]}},"_links":{"self":[{"href":"https:\/\/psoecanarias.com\/web\/wp-json\/wp\/v2\/posts\/37886","targetHints":{"allow":["GET"]}}],"collection":[{"href":"https:\/\/psoecanarias.com\/web\/wp-json\/wp\/v2\/posts"}],"about":[{"href":"https:\/\/psoecanarias.com\/web\/wp-json\/wp\/v2\/types\/post"}],"author":[{"embeddable":true,"href":"https:\/\/psoecanarias.com\/web\/wp-json\/wp\/v2\/users\/1"}],"replies":[{"embeddable":true,"href":"https:\/\/psoecanarias.com\/web\/wp-json\/wp\/v2\/comments?post=37886"}],"version-history":[{"count":4,"href":"https:\/\/psoecanarias.com\/web\/wp-json\/wp\/v2\/posts\/37886\/revisions"}],"predecessor-version":[{"id":37891,"href":"https:\/\/psoecanarias.com\/web\/wp-json\/wp\/v2\/posts\/37886\/revisions\/37891"}],"wp:featuredmedia":[{"embeddable":true,"href":"https:\/\/psoecanarias.com\/web\/wp-json\/wp\/v2\/media\/37887"}],"wp:attachment":[{"href":"https:\/\/psoecanarias.com\/web\/wp-json\/wp\/v2\/media?parent=37886"}],"wp:term":[{"taxonomy":"category","embeddable":true,"href":"https:\/\/psoecanarias.com\/web\/wp-json\/wp\/v2\/categories?post=37886"},{"taxonomy":"post_tag","embeddable":true,"href":"https:\/\/psoecanarias.com\/web\/wp-json\/wp\/v2\/tags?post=37886"}],"curies":[{"name":"wp","href":"https:\/\/api.w.org\/{rel}","templated":true}]}}