{"id":3794,"date":"2017-07-04T18:00:37","date_gmt":"2017-07-04T17:00:37","guid":{"rendered":"http:\/\/psoecanarias.com\/web\/?p=3794"},"modified":"2017-07-04T17:27:05","modified_gmt":"2017-07-04T16:27:05","slug":"el-psoe-de-canarias-expresa-su-pesar-por-el-fallecimiento-de-carlos-gonzalez-segura","status":"publish","type":"post","link":"https:\/\/psoecanarias.com\/web\/el-psoe-de-canarias-expresa-su-pesar-por-el-fallecimiento-de-carlos-gonzalez-segura\/","title":{"rendered":"El PSOE de Canarias expresa su pesar por el fallecimiento de Carlos Gonz\u00e1lez Segura"},"content":{"rendered":"<p>El PSOE de Canarias expresa su pesar por el fallecimiento de Carlos Gonz\u00e1lez Segura y traslada sus condolencias a familiares y amigos.<\/p>\n<p>El PSOE destaca la importante labor realizada por Gonz\u00e1lez Segura desde su faceta pol\u00edtica, primero como subdelegado del Gobierno de Espa\u00f1a en Santa Cruz de Tenerife y luego como director general de Recursos Humanos de la Consejer\u00eda de Sanidad del Gobierno canario, entre otras responsabilidades.<\/p>\n<p>El PSOE canario lamenta profundamente la p\u00e9rdida de este gran compa\u00f1ero, buena persona y defensor de los valores socialistas.<\/p>\n","protected":false},"excerpt":{"rendered":"<p>El PSOE de Canarias expresa su pesar por el fallecimiento de Carlos Gonz\u00e1lez Segura y traslada sus condolencias a familiares y amigos. Lamentamos profundamente la p\u00e9rdida de este gran compa\u00f1ero, buena persona y defensor de los valores socialistas.<\/p>\n","protected":false},"author":1,"featured_media":8406,"comment_status":"open","ping_status":"open","sticky":false,"template":"","format":"standard","meta":{"footnotes":""},"categories":[7],"tags":[1073],"class_list":["post-3794","post","type-post","status-publish","format-standard","has-post-thumbnail","hentry","category-politica","tag-carlos-gonzalez-segura"],"featured_image_src":"https:\/\/psoecanarias.com\/web\/wp-content\/uploads\/2020\/03\/thumb_noimages.jpg","author_info":{"display_name":"PSOE Canarias","author_link":"https:\/\/psoecanarias.com\/web\/author\/admin\/"},"yoast_head":"<!-- This site is optimized with the Yoast SEO plugin v27.2 - https:\/\/yoast.com\/product\/yoast-seo-wordpress\/ -->\n<title>El PSOE de Canarias expresa su pesar por el fallecimiento de Carlos Gonz\u00e1lez Segura | PSOE Canarias<\/title>\n<meta name=\"robots\" content=\"index, follow, max-snippet:-1, max-image-preview:large, max-video-preview:-1\" \/>\n<link rel=\"canonical\" href=\"https:\/\/psoecanarias.com\/web\/el-psoe-de-canarias-expresa-su-pesar-por-el-fallecimiento-de-carlos-gonzalez-segura\/\" \/>\n<meta property=\"og:locale\" content=\"es_ES\" \/>\n<meta property=\"og:type\" content=\"article\" \/>\n<meta property=\"og:title\" content=\"El PSOE de Canarias expresa su pesar por el fallecimiento de Carlos Gonz\u00e1lez Segura | PSOE Canarias\" \/>\n<meta property=\"og:description\" content=\"El PSOE de Canarias expresa su pesar por el fallecimiento de Carlos Gonz\u00e1lez Segura y traslada sus condolencias a familiares y amigos. Lamentamos profundamente la p\u00e9rdida de este gran compa\u00f1ero, buena persona y defensor de los valores socialistas.\" \/>\n<meta property=\"og:url\" content=\"https:\/\/psoecanarias.com\/web\/el-psoe-de-canarias-expresa-su-pesar-por-el-fallecimiento-de-carlos-gonzalez-segura\/\" \/>\n<meta property=\"og:site_name\" content=\"PSOE Canarias\" \/>\n<meta property=\"article:published_time\" content=\"2017-07-04T17:00:37+00:00\" \/>\n<meta property=\"og:image\" content=\"https:\/\/psoecanarias.com\/web\/wp-content\/uploads\/2020\/03\/thumb_noimages.jpg\" \/>\n\t<meta property=\"og:image:width\" content=\"303\" \/>\n\t<meta property=\"og:image:height\" content=\"200\" \/>\n\t<meta property=\"og:image:type\" content=\"image\/jpeg\" \/>\n<meta name=\"author\" content=\"PSOE Canarias\" \/>\n<meta name=\"twitter:card\" content=\"summary_large_image\" \/>\n<script type=\"application\/ld+json\" class=\"yoast-schema-graph\">{\"@context\":\"https:\/\/schema.org\",\"@graph\":[{\"@type\":\"Article\",\"@id\":\"https:\/\/psoecanarias.com\/web\/el-psoe-de-canarias-expresa-su-pesar-por-el-fallecimiento-de-carlos-gonzalez-segura\/#article\",\"isPartOf\":{\"@id\":\"https:\/\/psoecanarias.com\/web\/el-psoe-de-canarias-expresa-su-pesar-por-el-fallecimiento-de-carlos-gonzalez-segura\/\"},\"author\":{\"name\":\"PSOE Canarias\",\"@id\":\"https:\/\/psoecanarias.com\/web\/#\/schema\/person\/1ae43f9659d2fc599ca69c11e1dbf26f\"},\"headline\":\"El PSOE de Canarias expresa su pesar por el fallecimiento de Carlos Gonz\u00e1lez Segura\",\"datePublished\":\"2017-07-04T17:00:37+00:00\",\"mainEntityOfPage\":{\"@id\":\"https:\/\/psoecanarias.com\/web\/el-psoe-de-canarias-expresa-su-pesar-por-el-fallecimiento-de-carlos-gonzalez-segura\/\"},\"wordCount\":108,\"commentCount\":0,\"image\":{\"@id\":\"https:\/\/psoecanarias.com\/web\/el-psoe-de-canarias-expresa-su-pesar-por-el-fallecimiento-de-carlos-gonzalez-segura\/#primaryimage\"},\"thumbnailUrl\":\"https:\/\/psoecanarias.com\/web\/wp-content\/uploads\/2020\/03\/thumb_noimages.jpg\",\"keywords\":[\"Carlos Gonzalez Segura\"],\"articleSection\":[\"Pol\u00edtica\"],\"inLanguage\":\"es\",\"potentialAction\":[{\"@type\":\"CommentAction\",\"name\":\"Comment\",\"target\":[\"https:\/\/psoecanarias.com\/web\/el-psoe-de-canarias-expresa-su-pesar-por-el-fallecimiento-de-carlos-gonzalez-segura\/#respond\"]}]},{\"@type\":\"WebPage\",\"@id\":\"https:\/\/psoecanarias.com\/web\/el-psoe-de-canarias-expresa-su-pesar-por-el-fallecimiento-de-carlos-gonzalez-segura\/\",\"url\":\"https:\/\/psoecanarias.com\/web\/el-psoe-de-canarias-expresa-su-pesar-por-el-fallecimiento-de-carlos-gonzalez-segura\/\",\"name\":\"El PSOE de Canarias expresa su pesar por el fallecimiento de Carlos Gonz\u00e1lez Segura | PSOE Canarias\",\"isPartOf\":{\"@id\":\"https:\/\/psoecanarias.com\/web\/#website\"},\"primaryImageOfPage\":{\"@id\":\"https:\/\/psoecanarias.com\/web\/el-psoe-de-canarias-expresa-su-pesar-por-el-fallecimiento-de-carlos-gonzalez-segura\/#primaryimage\"},\"image\":{\"@id\":\"https:\/\/psoecanarias.com\/web\/el-psoe-de-canarias-expresa-su-pesar-por-el-fallecimiento-de-carlos-gonzalez-segura\/#primaryimage\"},\"thumbnailUrl\":\"https:\/\/psoecanarias.com\/web\/wp-content\/uploads\/2020\/03\/thumb_noimages.jpg\",\"datePublished\":\"2017-07-04T17:00:37+00:00\",\"author\":{\"@id\":\"https:\/\/psoecanarias.com\/web\/#\/schema\/person\/1ae43f9659d2fc599ca69c11e1dbf26f\"},\"breadcrumb\":{\"@id\":\"https:\/\/psoecanarias.com\/web\/el-psoe-de-canarias-expresa-su-pesar-por-el-fallecimiento-de-carlos-gonzalez-segura\/#breadcrumb\"},\"inLanguage\":\"es\",\"potentialAction\":[{\"@type\":\"ReadAction\",\"target\":[\"https:\/\/psoecanarias.com\/web\/el-psoe-de-canarias-expresa-su-pesar-por-el-fallecimiento-de-carlos-gonzalez-segura\/\"]}]},{\"@type\":\"ImageObject\",\"inLanguage\":\"es\",\"@id\":\"https:\/\/psoecanarias.com\/web\/el-psoe-de-canarias-expresa-su-pesar-por-el-fallecimiento-de-carlos-gonzalez-segura\/#primaryimage\",\"url\":\"https:\/\/psoecanarias.com\/web\/wp-content\/uploads\/2020\/03\/thumb_noimages.jpg\",\"contentUrl\":\"https:\/\/psoecanarias.com\/web\/wp-content\/uploads\/2020\/03\/thumb_noimages.jpg\",\"width\":303,\"height\":200},{\"@type\":\"BreadcrumbList\",\"@id\":\"https:\/\/psoecanarias.com\/web\/el-psoe-de-canarias-expresa-su-pesar-por-el-fallecimiento-de-carlos-gonzalez-segura\/#breadcrumb\",\"itemListElement\":[{\"@type\":\"ListItem\",\"position\":1,\"name\":\"Portada\",\"item\":\"https:\/\/psoecanarias.com\/web\/\"},{\"@type\":\"ListItem\",\"position\":2,\"name\":\"El PSOE de Canarias expresa su pesar por el fallecimiento de Carlos Gonz\u00e1lez Segura\"}]},{\"@type\":\"WebSite\",\"@id\":\"https:\/\/psoecanarias.com\/web\/#website\",\"url\":\"https:\/\/psoecanarias.com\/web\/\",\"name\":\"PSOE Canarias\",\"description\":\"Partido Socialista Obrero Espa\u00f1ol Canarias\",\"potentialAction\":[{\"@type\":\"SearchAction\",\"target\":{\"@type\":\"EntryPoint\",\"urlTemplate\":\"https:\/\/psoecanarias.com\/web\/?s={search_term_string}\"},\"query-input\":{\"@type\":\"PropertyValueSpecification\",\"valueRequired\":true,\"valueName\":\"search_term_string\"}}],\"inLanguage\":\"es\"},{\"@type\":\"Person\",\"@id\":\"https:\/\/psoecanarias.com\/web\/#\/schema\/person\/1ae43f9659d2fc599ca69c11e1dbf26f\",\"name\":\"PSOE Canarias\",\"image\":{\"@type\":\"ImageObject\",\"inLanguage\":\"es\",\"@id\":\"https:\/\/secure.gravatar.com\/avatar\/4364d37f6f6f9cdb7af199b46151565f37d8a8c3c0e04c1d78c04e857a15e3a8?s=96&d=mm&r=g\",\"url\":\"https:\/\/secure.gravatar.com\/avatar\/4364d37f6f6f9cdb7af199b46151565f37d8a8c3c0e04c1d78c04e857a15e3a8?s=96&d=mm&r=g\",\"contentUrl\":\"https:\/\/secure.gravatar.com\/avatar\/4364d37f6f6f9cdb7af199b46151565f37d8a8c3c0e04c1d78c04e857a15e3a8?s=96&d=mm&r=g\",\"caption\":\"PSOE Canarias\"},\"url\":\"https:\/\/psoecanarias.com\/web\/author\/admin\/\"}]}<\/script>\n<!-- \/ Yoast SEO plugin. -->","yoast_head_json":{"title":"El PSOE de Canarias expresa su pesar por el fallecimiento de Carlos Gonz\u00e1lez Segura | PSOE Canarias","robots":{"index":"index","follow":"follow","max-snippet":"max-snippet:-1","max-image-preview":"max-image-preview:large","max-video-preview":"max-video-preview:-1"},"canonical":"https:\/\/psoecanarias.com\/web\/el-psoe-de-canarias-expresa-su-pesar-por-el-fallecimiento-de-carlos-gonzalez-segura\/","og_locale":"es_ES","og_type":"article","og_title":"El PSOE de Canarias expresa su pesar por el fallecimiento de Carlos Gonz\u00e1lez Segura | PSOE Canarias","og_description":"El PSOE de Canarias expresa su pesar por el fallecimiento de Carlos Gonz\u00e1lez Segura y traslada sus condolencias a familiares y amigos. Lamentamos profundamente la p\u00e9rdida de este gran compa\u00f1ero, buena persona y defensor de los valores socialistas.","og_url":"https:\/\/psoecanarias.com\/web\/el-psoe-de-canarias-expresa-su-pesar-por-el-fallecimiento-de-carlos-gonzalez-segura\/","og_site_name":"PSOE Canarias","article_published_time":"2017-07-04T17:00:37+00:00","og_image":[{"width":303,"height":200,"url":"https:\/\/psoecanarias.com\/web\/wp-content\/uploads\/2020\/03\/thumb_noimages.jpg","type":"image\/jpeg"}],"author":"PSOE Canarias","twitter_card":"summary_large_image","schema":{"@context":"https:\/\/schema.org","@graph":[{"@type":"Article","@id":"https:\/\/psoecanarias.com\/web\/el-psoe-de-canarias-expresa-su-pesar-por-el-fallecimiento-de-carlos-gonzalez-segura\/#article","isPartOf":{"@id":"https:\/\/psoecanarias.com\/web\/el-psoe-de-canarias-expresa-su-pesar-por-el-fallecimiento-de-carlos-gonzalez-segura\/"},"author":{"name":"PSOE Canarias","@id":"https:\/\/psoecanarias.com\/web\/#\/schema\/person\/1ae43f9659d2fc599ca69c11e1dbf26f"},"headline":"El PSOE de Canarias expresa su pesar por el fallecimiento de Carlos Gonz\u00e1lez Segura","datePublished":"2017-07-04T17:00:37+00:00","mainEntityOfPage":{"@id":"https:\/\/psoecanarias.com\/web\/el-psoe-de-canarias-expresa-su-pesar-por-el-fallecimiento-de-carlos-gonzalez-segura\/"},"wordCount":108,"commentCount":0,"image":{"@id":"https:\/\/psoecanarias.com\/web\/el-psoe-de-canarias-expresa-su-pesar-por-el-fallecimiento-de-carlos-gonzalez-segura\/#primaryimage"},"thumbnailUrl":"https:\/\/psoecanarias.com\/web\/wp-content\/uploads\/2020\/03\/thumb_noimages.jpg","keywords":["Carlos Gonzalez Segura"],"articleSection":["Pol\u00edtica"],"inLanguage":"es","potentialAction":[{"@type":"CommentAction","name":"Comment","target":["https:\/\/psoecanarias.com\/web\/el-psoe-de-canarias-expresa-su-pesar-por-el-fallecimiento-de-carlos-gonzalez-segura\/#respond"]}]},{"@type":"WebPage","@id":"https:\/\/psoecanarias.com\/web\/el-psoe-de-canarias-expresa-su-pesar-por-el-fallecimiento-de-carlos-gonzalez-segura\/","url":"https:\/\/psoecanarias.com\/web\/el-psoe-de-canarias-expresa-su-pesar-por-el-fallecimiento-de-carlos-gonzalez-segura\/","name":"El PSOE de Canarias expresa su pesar por el fallecimiento de Carlos Gonz\u00e1lez Segura | PSOE Canarias","isPartOf":{"@id":"https:\/\/psoecanarias.com\/web\/#website"},"primaryImageOfPage":{"@id":"https:\/\/psoecanarias.com\/web\/el-psoe-de-canarias-expresa-su-pesar-por-el-fallecimiento-de-carlos-gonzalez-segura\/#primaryimage"},"image":{"@id":"https:\/\/psoecanarias.com\/web\/el-psoe-de-canarias-expresa-su-pesar-por-el-fallecimiento-de-carlos-gonzalez-segura\/#primaryimage"},"thumbnailUrl":"https:\/\/psoecanarias.com\/web\/wp-content\/uploads\/2020\/03\/thumb_noimages.jpg","datePublished":"2017-07-04T17:00:37+00:00","author":{"@id":"https:\/\/psoecanarias.com\/web\/#\/schema\/person\/1ae43f9659d2fc599ca69c11e1dbf26f"},"breadcrumb":{"@id":"https:\/\/psoecanarias.com\/web\/el-psoe-de-canarias-expresa-su-pesar-por-el-fallecimiento-de-carlos-gonzalez-segura\/#breadcrumb"},"inLanguage":"es","potentialAction":[{"@type":"ReadAction","target":["https:\/\/psoecanarias.com\/web\/el-psoe-de-canarias-expresa-su-pesar-por-el-fallecimiento-de-carlos-gonzalez-segura\/"]}]},{"@type":"ImageObject","inLanguage":"es","@id":"https:\/\/psoecanarias.com\/web\/el-psoe-de-canarias-expresa-su-pesar-por-el-fallecimiento-de-carlos-gonzalez-segura\/#primaryimage","url":"https:\/\/psoecanarias.com\/web\/wp-content\/uploads\/2020\/03\/thumb_noimages.jpg","contentUrl":"https:\/\/psoecanarias.com\/web\/wp-content\/uploads\/2020\/03\/thumb_noimages.jpg","width":303,"height":200},{"@type":"BreadcrumbList","@id":"https:\/\/psoecanarias.com\/web\/el-psoe-de-canarias-expresa-su-pesar-por-el-fallecimiento-de-carlos-gonzalez-segura\/#breadcrumb","itemListElement":[{"@type":"ListItem","position":1,"name":"Portada","item":"https:\/\/psoecanarias.com\/web\/"},{"@type":"ListItem","position":2,"name":"El PSOE de Canarias expresa su pesar por el fallecimiento de Carlos Gonz\u00e1lez Segura"}]},{"@type":"WebSite","@id":"https:\/\/psoecanarias.com\/web\/#website","url":"https:\/\/psoecanarias.com\/web\/","name":"PSOE Canarias","description":"Partido Socialista Obrero Espa\u00f1ol Canarias","potentialAction":[{"@type":"SearchAction","target":{"@type":"EntryPoint","urlTemplate":"https:\/\/psoecanarias.com\/web\/?s={search_term_string}"},"query-input":{"@type":"PropertyValueSpecification","valueRequired":true,"valueName":"search_term_string"}}],"inLanguage":"es"},{"@type":"Person","@id":"https:\/\/psoecanarias.com\/web\/#\/schema\/person\/1ae43f9659d2fc599ca69c11e1dbf26f","name":"PSOE Canarias","image":{"@type":"ImageObject","inLanguage":"es","@id":"https:\/\/secure.gravatar.com\/avatar\/4364d37f6f6f9cdb7af199b46151565f37d8a8c3c0e04c1d78c04e857a15e3a8?s=96&d=mm&r=g","url":"https:\/\/secure.gravatar.com\/avatar\/4364d37f6f6f9cdb7af199b46151565f37d8a8c3c0e04c1d78c04e857a15e3a8?s=96&d=mm&r=g","contentUrl":"https:\/\/secure.gravatar.com\/avatar\/4364d37f6f6f9cdb7af199b46151565f37d8a8c3c0e04c1d78c04e857a15e3a8?s=96&d=mm&r=g","caption":"PSOE Canarias"},"url":"https:\/\/psoecanarias.com\/web\/author\/admin\/"}]}},"_links":{"self":[{"href":"https:\/\/psoecanarias.com\/web\/wp-json\/wp\/v2\/posts\/3794","targetHints":{"allow":["GET"]}}],"collection":[{"href":"https:\/\/psoecanarias.com\/web\/wp-json\/wp\/v2\/posts"}],"about":[{"href":"https:\/\/psoecanarias.com\/web\/wp-json\/wp\/v2\/types\/post"}],"author":[{"embeddable":true,"href":"https:\/\/psoecanarias.com\/web\/wp-json\/wp\/v2\/users\/1"}],"replies":[{"embeddable":true,"href":"https:\/\/psoecanarias.com\/web\/wp-json\/wp\/v2\/comments?post=3794"}],"version-history":[{"count":1,"href":"https:\/\/psoecanarias.com\/web\/wp-json\/wp\/v2\/posts\/3794\/revisions"}],"predecessor-version":[{"id":3795,"href":"https:\/\/psoecanarias.com\/web\/wp-json\/wp\/v2\/posts\/3794\/revisions\/3795"}],"wp:featuredmedia":[{"embeddable":true,"href":"https:\/\/psoecanarias.com\/web\/wp-json\/wp\/v2\/media\/8406"}],"wp:attachment":[{"href":"https:\/\/psoecanarias.com\/web\/wp-json\/wp\/v2\/media?parent=3794"}],"wp:term":[{"taxonomy":"category","embeddable":true,"href":"https:\/\/psoecanarias.com\/web\/wp-json\/wp\/v2\/categories?post=3794"},{"taxonomy":"post_tag","embeddable":true,"href":"https:\/\/psoecanarias.com\/web\/wp-json\/wp\/v2\/tags?post=3794"}],"curies":[{"name":"wp","href":"https:\/\/api.w.org\/{rel}","templated":true}]}}