{"id":38231,"date":"2023-05-19T21:01:17","date_gmt":"2023-05-19T20:01:17","guid":{"rendered":"https:\/\/psoecanarias.com\/web\/?p=38231"},"modified":"2023-05-19T21:01:17","modified_gmt":"2023-05-19T20:01:17","slug":"la-apuesta-de-torres-por-la-juventud-pasa-por-mas-formacion-cualificacion-y-oportunidades","status":"publish","type":"post","link":"https:\/\/psoecanarias.com\/web\/la-apuesta-de-torres-por-la-juventud-pasa-por-mas-formacion-cualificacion-y-oportunidades\/","title":{"rendered":"La apuesta de Torres por la juventud pasa \u201cpor m\u00e1s formaci\u00f3n, cualificaci\u00f3n y oportunidades\u201d"},"content":{"rendered":"<p><strong>Canarias, 19 de mayo de 2023.&#8211;<\/strong> El PSOE ha celebrado este viernes en Gran Canaria un encuentro con colectivos de j\u00f3venes de la isla, en el que han hablado de las inquietudes y demandas de esta generaci\u00f3n y tambi\u00e9n de las propuestas que los socialistas llevan en su programa electoral dirigidas a ellos.<\/p>\n<p>En el acto ha estado presente el secretario general y candidato a la reelecci\u00f3n como presidente de Canarias, \u00c1ngel V\u00edctor Torres, junto a la candidata al Ayuntamiento de Las Palmas de Gran Canaria, Carolina Darias; Augusto Hidalgo, candidato al Cabildo de Gran Canaria, y Sebasti\u00e1n Franquis, cabeza de lista al Parlamento de Canarias.<\/p>\n<p>Para Torres, las pol\u00edticas de juventud son y seguir\u00e1n siendo parte fundamental del compromiso socialista con la mayor\u00eda social de Canarias, apostando por \u201cmayor formaci\u00f3n, mayor cualificaci\u00f3n y mayores oportunidades\u201d. Prueba de ello, ha dicho, son los pasos dados durante la legislatura que termina, en la que por ejemplo ha sido posible la aprobaci\u00f3n de una nueva Ley de Juventud Canaria que cuenta con ficha financiera.<\/p>\n<p>En el encuentro se abord\u00f3 el desaf\u00edo del cambio clim\u00e1tico y el candidato comparti\u00f3 con los j\u00f3venes que precisamente hoy Canarias ha superado el gigavatio de energ\u00edas renovables. A comienzo de legislatura en 2019 apenas hab\u00eda 600mw. \u201cEn cuatro a\u00f1os hemos conseguido instalar casi el doble de renovables que en toda nuestra historia\u201d, ha dicho.<\/p>\n<p>Ahora toca seguir avanzando en sostenibilidad y buenas pr\u00e1cticas medioambientales y, en paralelo, continuar reforzando las becas para la formaci\u00f3n y las ayudas para vivienda, incentivando la empleabilidad y la emprendedur\u00eda y no dejar de insistir en la cualificaci\u00f3n profesional, para lo cual es clave el papel de la FP dual. \u201cEse es el camino\u201d, ha insistido, \u201cmayor formaci\u00f3n, mayor cualificaci\u00f3n y mayores oportunidades para los j\u00f3venes\u201d.<\/p>\n<p>El programa electoral del PSOE recoge medidas como la creaci\u00f3n de l\u00edneas de microcr\u00e9ditos para j\u00f3venes que quieran crear una empresas, ayudas para el retorno a Canarias para aquellos chicos y chicas con un perfil profesional con alta demanda o la puesta en marcha de bonos de idiomas que faciliten el intercambio con otras regiones europeas. Este documento marco tambi\u00e9n apuesta por bonos para j\u00f3venes en el \u00e1mbito de la cultura y la movilidad.<\/p>\n<p>Augusto Hidalgo se ha comprometido a impulsar desde el Cabildo l\u00edneas de apoyo para la formaci\u00f3n en idiomas, como hace el Ayuntamiento de Vigo, becando a aquellos estudiantes con mejores notas a viajar a otros pa\u00edses y aprender su lengua. Del mismo modo, ha continuado, es importante generar oportunidades para la emancipaci\u00f3n de estos j\u00f3venes, con pol\u00edticas de viviendas ambiciosas que tengan realmente en cuenta a este segmento de la poblaci\u00f3n, ofertando por ejemplo alquileres asequibles.<\/p>\n<p>Carolina Darias ha dicho que los j\u00f3venes \u201cser\u00e1n un motor fundamental de la acci\u00f3n de gobierno municipal\u201d, si el pr\u00f3ximo d\u00eda 28 de mayo logra la confianza mayoritaria de los ciudadanos de Las Palmas de Gran Canaria. As\u00ed quedar\u00e1 reflejado, ha detallado, desde \u201cdesde la vivienda pasando por el empleo, la educaci\u00f3n y tambi\u00e9n la creatividad y el arte\u201d.<\/p>\n<p>\u201cEsas 1.000 viviendas que he comprometido en r\u00e9gimen de alquiler a precios asequibles est\u00e1n pensadas por y para los j\u00f3venes\u201d, ha se\u00f1alado. Para a\u00f1adir: \u201cVamos a ofrecer tambi\u00e9n programas de primera oportunidad para los j\u00f3venes que acaban de finalizar los estudios universitarios o de formaci\u00f3n profesional, pero tambi\u00e9n de segunda oportunidad a quienes, por distintas circunstancias han abandonado los estudios\u201d. Y junto a todo ello, ha concluido, \u201csabemos que la gente joven de la ciudad es talentosa y vamos a acompa\u00f1arlos cediendo espacio municipales\u201d para que puedan desarrollar actividades vinculadas a la creatividad y el arte.<\/p>\n","protected":false},"excerpt":{"rendered":"<p>Se re\u00fane con colectivos j\u00f3venes, a quienes expuso su apuesta por la sostenibilidad, justo el d\u00eda en que Canarias ha alcanzado el gigavatio de potencia renovable instalada.<\/p>\n","protected":false},"author":1,"featured_media":38232,"comment_status":"open","ping_status":"open","sticky":false,"template":"","format":"standard","meta":{"footnotes":""},"categories":[1184,7],"tags":[1239],"class_list":["post-38231","post","type-post","status-publish","format-standard","has-post-thumbnail","hentry","category-noticias","category-politica","tag-elecciones-2023"],"featured_image_src":"https:\/\/psoecanarias.com\/web\/wp-content\/uploads\/2023\/05\/jovenes-encuentro.jpg","author_info":{"display_name":"PSOE Canarias","author_link":"https:\/\/psoecanarias.com\/web\/author\/admin\/"},"yoast_head":"<!-- This site is optimized with the Yoast SEO plugin v27.2 - https:\/\/yoast.com\/product\/yoast-seo-wordpress\/ -->\n<title>La apuesta de Torres por la juventud pasa \u201cpor m\u00e1s formaci\u00f3n, cualificaci\u00f3n y oportunidades\u201d | PSOE Canarias<\/title>\n<meta name=\"robots\" content=\"index, follow, max-snippet:-1, max-image-preview:large, max-video-preview:-1\" \/>\n<link rel=\"canonical\" href=\"https:\/\/psoecanarias.com\/web\/la-apuesta-de-torres-por-la-juventud-pasa-por-mas-formacion-cualificacion-y-oportunidades\/\" \/>\n<meta property=\"og:locale\" content=\"es_ES\" \/>\n<meta property=\"og:type\" content=\"article\" \/>\n<meta property=\"og:title\" content=\"La apuesta de Torres por la juventud pasa \u201cpor m\u00e1s formaci\u00f3n, cualificaci\u00f3n y oportunidades\u201d | PSOE Canarias\" \/>\n<meta property=\"og:description\" content=\"Se re\u00fane con colectivos j\u00f3venes, a quienes expuso su apuesta por la sostenibilidad, justo el d\u00eda en que Canarias ha alcanzado el gigavatio de potencia renovable instalada.\" \/>\n<meta property=\"og:url\" content=\"https:\/\/psoecanarias.com\/web\/la-apuesta-de-torres-por-la-juventud-pasa-por-mas-formacion-cualificacion-y-oportunidades\/\" \/>\n<meta property=\"og:site_name\" content=\"PSOE Canarias\" \/>\n<meta property=\"article:published_time\" content=\"2023-05-19T20:01:17+00:00\" \/>\n<meta property=\"og:image\" content=\"https:\/\/psoecanarias.com\/web\/wp-content\/uploads\/2023\/05\/jovenes-encuentro.jpg\" \/>\n\t<meta property=\"og:image:width\" content=\"2048\" \/>\n\t<meta property=\"og:image:height\" content=\"1146\" \/>\n\t<meta property=\"og:image:type\" content=\"image\/jpeg\" \/>\n<meta name=\"author\" content=\"PSOE Canarias\" \/>\n<meta name=\"twitter:card\" content=\"summary_large_image\" \/>\n<script type=\"application\/ld+json\" class=\"yoast-schema-graph\">{\"@context\":\"https:\/\/schema.org\",\"@graph\":[{\"@type\":\"Article\",\"@id\":\"https:\/\/psoecanarias.com\/web\/la-apuesta-de-torres-por-la-juventud-pasa-por-mas-formacion-cualificacion-y-oportunidades\/#article\",\"isPartOf\":{\"@id\":\"https:\/\/psoecanarias.com\/web\/la-apuesta-de-torres-por-la-juventud-pasa-por-mas-formacion-cualificacion-y-oportunidades\/\"},\"author\":{\"name\":\"PSOE Canarias\",\"@id\":\"https:\/\/psoecanarias.com\/web\/#\/schema\/person\/1ae43f9659d2fc599ca69c11e1dbf26f\"},\"headline\":\"La apuesta de Torres por la juventud pasa \u201cpor m\u00e1s formaci\u00f3n, cualificaci\u00f3n y oportunidades\u201d\",\"datePublished\":\"2023-05-19T20:01:17+00:00\",\"mainEntityOfPage\":{\"@id\":\"https:\/\/psoecanarias.com\/web\/la-apuesta-de-torres-por-la-juventud-pasa-por-mas-formacion-cualificacion-y-oportunidades\/\"},\"wordCount\":667,\"commentCount\":0,\"image\":{\"@id\":\"https:\/\/psoecanarias.com\/web\/la-apuesta-de-torres-por-la-juventud-pasa-por-mas-formacion-cualificacion-y-oportunidades\/#primaryimage\"},\"thumbnailUrl\":\"https:\/\/psoecanarias.com\/web\/wp-content\/uploads\/2023\/05\/jovenes-encuentro.jpg\",\"keywords\":[\"Elecciones 2023\"],\"articleSection\":[\"Noticias\",\"Pol\u00edtica\"],\"inLanguage\":\"es\",\"potentialAction\":[{\"@type\":\"CommentAction\",\"name\":\"Comment\",\"target\":[\"https:\/\/psoecanarias.com\/web\/la-apuesta-de-torres-por-la-juventud-pasa-por-mas-formacion-cualificacion-y-oportunidades\/#respond\"]}]},{\"@type\":\"WebPage\",\"@id\":\"https:\/\/psoecanarias.com\/web\/la-apuesta-de-torres-por-la-juventud-pasa-por-mas-formacion-cualificacion-y-oportunidades\/\",\"url\":\"https:\/\/psoecanarias.com\/web\/la-apuesta-de-torres-por-la-juventud-pasa-por-mas-formacion-cualificacion-y-oportunidades\/\",\"name\":\"La apuesta de Torres por la juventud pasa \u201cpor m\u00e1s formaci\u00f3n, cualificaci\u00f3n y oportunidades\u201d | PSOE Canarias\",\"isPartOf\":{\"@id\":\"https:\/\/psoecanarias.com\/web\/#website\"},\"primaryImageOfPage\":{\"@id\":\"https:\/\/psoecanarias.com\/web\/la-apuesta-de-torres-por-la-juventud-pasa-por-mas-formacion-cualificacion-y-oportunidades\/#primaryimage\"},\"image\":{\"@id\":\"https:\/\/psoecanarias.com\/web\/la-apuesta-de-torres-por-la-juventud-pasa-por-mas-formacion-cualificacion-y-oportunidades\/#primaryimage\"},\"thumbnailUrl\":\"https:\/\/psoecanarias.com\/web\/wp-content\/uploads\/2023\/05\/jovenes-encuentro.jpg\",\"datePublished\":\"2023-05-19T20:01:17+00:00\",\"author\":{\"@id\":\"https:\/\/psoecanarias.com\/web\/#\/schema\/person\/1ae43f9659d2fc599ca69c11e1dbf26f\"},\"breadcrumb\":{\"@id\":\"https:\/\/psoecanarias.com\/web\/la-apuesta-de-torres-por-la-juventud-pasa-por-mas-formacion-cualificacion-y-oportunidades\/#breadcrumb\"},\"inLanguage\":\"es\",\"potentialAction\":[{\"@type\":\"ReadAction\",\"target\":[\"https:\/\/psoecanarias.com\/web\/la-apuesta-de-torres-por-la-juventud-pasa-por-mas-formacion-cualificacion-y-oportunidades\/\"]}]},{\"@type\":\"ImageObject\",\"inLanguage\":\"es\",\"@id\":\"https:\/\/psoecanarias.com\/web\/la-apuesta-de-torres-por-la-juventud-pasa-por-mas-formacion-cualificacion-y-oportunidades\/#primaryimage\",\"url\":\"https:\/\/psoecanarias.com\/web\/wp-content\/uploads\/2023\/05\/jovenes-encuentro.jpg\",\"contentUrl\":\"https:\/\/psoecanarias.com\/web\/wp-content\/uploads\/2023\/05\/jovenes-encuentro.jpg\",\"width\":2048,\"height\":1146,\"caption\":\"Torres, en el centro, tras el encuentro con j\u00f3venes celebrado este viernes.\"},{\"@type\":\"BreadcrumbList\",\"@id\":\"https:\/\/psoecanarias.com\/web\/la-apuesta-de-torres-por-la-juventud-pasa-por-mas-formacion-cualificacion-y-oportunidades\/#breadcrumb\",\"itemListElement\":[{\"@type\":\"ListItem\",\"position\":1,\"name\":\"Portada\",\"item\":\"https:\/\/psoecanarias.com\/web\/\"},{\"@type\":\"ListItem\",\"position\":2,\"name\":\"La apuesta de Torres por la juventud pasa \u201cpor m\u00e1s formaci\u00f3n, cualificaci\u00f3n y oportunidades\u201d\"}]},{\"@type\":\"WebSite\",\"@id\":\"https:\/\/psoecanarias.com\/web\/#website\",\"url\":\"https:\/\/psoecanarias.com\/web\/\",\"name\":\"PSOE Canarias\",\"description\":\"Partido Socialista Obrero Espa\u00f1ol Canarias\",\"potentialAction\":[{\"@type\":\"SearchAction\",\"target\":{\"@type\":\"EntryPoint\",\"urlTemplate\":\"https:\/\/psoecanarias.com\/web\/?s={search_term_string}\"},\"query-input\":{\"@type\":\"PropertyValueSpecification\",\"valueRequired\":true,\"valueName\":\"search_term_string\"}}],\"inLanguage\":\"es\"},{\"@type\":\"Person\",\"@id\":\"https:\/\/psoecanarias.com\/web\/#\/schema\/person\/1ae43f9659d2fc599ca69c11e1dbf26f\",\"name\":\"PSOE Canarias\",\"image\":{\"@type\":\"ImageObject\",\"inLanguage\":\"es\",\"@id\":\"https:\/\/secure.gravatar.com\/avatar\/4364d37f6f6f9cdb7af199b46151565f37d8a8c3c0e04c1d78c04e857a15e3a8?s=96&d=mm&r=g\",\"url\":\"https:\/\/secure.gravatar.com\/avatar\/4364d37f6f6f9cdb7af199b46151565f37d8a8c3c0e04c1d78c04e857a15e3a8?s=96&d=mm&r=g\",\"contentUrl\":\"https:\/\/secure.gravatar.com\/avatar\/4364d37f6f6f9cdb7af199b46151565f37d8a8c3c0e04c1d78c04e857a15e3a8?s=96&d=mm&r=g\",\"caption\":\"PSOE Canarias\"},\"url\":\"https:\/\/psoecanarias.com\/web\/author\/admin\/\"}]}<\/script>\n<!-- \/ Yoast SEO plugin. -->","yoast_head_json":{"title":"La apuesta de Torres por la juventud pasa \u201cpor m\u00e1s formaci\u00f3n, cualificaci\u00f3n y oportunidades\u201d | PSOE Canarias","robots":{"index":"index","follow":"follow","max-snippet":"max-snippet:-1","max-image-preview":"max-image-preview:large","max-video-preview":"max-video-preview:-1"},"canonical":"https:\/\/psoecanarias.com\/web\/la-apuesta-de-torres-por-la-juventud-pasa-por-mas-formacion-cualificacion-y-oportunidades\/","og_locale":"es_ES","og_type":"article","og_title":"La apuesta de Torres por la juventud pasa \u201cpor m\u00e1s formaci\u00f3n, cualificaci\u00f3n y oportunidades\u201d | PSOE Canarias","og_description":"Se re\u00fane con colectivos j\u00f3venes, a quienes expuso su apuesta por la sostenibilidad, justo el d\u00eda en que Canarias ha alcanzado el gigavatio de potencia renovable instalada.","og_url":"https:\/\/psoecanarias.com\/web\/la-apuesta-de-torres-por-la-juventud-pasa-por-mas-formacion-cualificacion-y-oportunidades\/","og_site_name":"PSOE Canarias","article_published_time":"2023-05-19T20:01:17+00:00","og_image":[{"width":2048,"height":1146,"url":"https:\/\/psoecanarias.com\/web\/wp-content\/uploads\/2023\/05\/jovenes-encuentro.jpg","type":"image\/jpeg"}],"author":"PSOE Canarias","twitter_card":"summary_large_image","schema":{"@context":"https:\/\/schema.org","@graph":[{"@type":"Article","@id":"https:\/\/psoecanarias.com\/web\/la-apuesta-de-torres-por-la-juventud-pasa-por-mas-formacion-cualificacion-y-oportunidades\/#article","isPartOf":{"@id":"https:\/\/psoecanarias.com\/web\/la-apuesta-de-torres-por-la-juventud-pasa-por-mas-formacion-cualificacion-y-oportunidades\/"},"author":{"name":"PSOE Canarias","@id":"https:\/\/psoecanarias.com\/web\/#\/schema\/person\/1ae43f9659d2fc599ca69c11e1dbf26f"},"headline":"La apuesta de Torres por la juventud pasa \u201cpor m\u00e1s formaci\u00f3n, cualificaci\u00f3n y oportunidades\u201d","datePublished":"2023-05-19T20:01:17+00:00","mainEntityOfPage":{"@id":"https:\/\/psoecanarias.com\/web\/la-apuesta-de-torres-por-la-juventud-pasa-por-mas-formacion-cualificacion-y-oportunidades\/"},"wordCount":667,"commentCount":0,"image":{"@id":"https:\/\/psoecanarias.com\/web\/la-apuesta-de-torres-por-la-juventud-pasa-por-mas-formacion-cualificacion-y-oportunidades\/#primaryimage"},"thumbnailUrl":"https:\/\/psoecanarias.com\/web\/wp-content\/uploads\/2023\/05\/jovenes-encuentro.jpg","keywords":["Elecciones 2023"],"articleSection":["Noticias","Pol\u00edtica"],"inLanguage":"es","potentialAction":[{"@type":"CommentAction","name":"Comment","target":["https:\/\/psoecanarias.com\/web\/la-apuesta-de-torres-por-la-juventud-pasa-por-mas-formacion-cualificacion-y-oportunidades\/#respond"]}]},{"@type":"WebPage","@id":"https:\/\/psoecanarias.com\/web\/la-apuesta-de-torres-por-la-juventud-pasa-por-mas-formacion-cualificacion-y-oportunidades\/","url":"https:\/\/psoecanarias.com\/web\/la-apuesta-de-torres-por-la-juventud-pasa-por-mas-formacion-cualificacion-y-oportunidades\/","name":"La apuesta de Torres por la juventud pasa \u201cpor m\u00e1s formaci\u00f3n, cualificaci\u00f3n y oportunidades\u201d | PSOE Canarias","isPartOf":{"@id":"https:\/\/psoecanarias.com\/web\/#website"},"primaryImageOfPage":{"@id":"https:\/\/psoecanarias.com\/web\/la-apuesta-de-torres-por-la-juventud-pasa-por-mas-formacion-cualificacion-y-oportunidades\/#primaryimage"},"image":{"@id":"https:\/\/psoecanarias.com\/web\/la-apuesta-de-torres-por-la-juventud-pasa-por-mas-formacion-cualificacion-y-oportunidades\/#primaryimage"},"thumbnailUrl":"https:\/\/psoecanarias.com\/web\/wp-content\/uploads\/2023\/05\/jovenes-encuentro.jpg","datePublished":"2023-05-19T20:01:17+00:00","author":{"@id":"https:\/\/psoecanarias.com\/web\/#\/schema\/person\/1ae43f9659d2fc599ca69c11e1dbf26f"},"breadcrumb":{"@id":"https:\/\/psoecanarias.com\/web\/la-apuesta-de-torres-por-la-juventud-pasa-por-mas-formacion-cualificacion-y-oportunidades\/#breadcrumb"},"inLanguage":"es","potentialAction":[{"@type":"ReadAction","target":["https:\/\/psoecanarias.com\/web\/la-apuesta-de-torres-por-la-juventud-pasa-por-mas-formacion-cualificacion-y-oportunidades\/"]}]},{"@type":"ImageObject","inLanguage":"es","@id":"https:\/\/psoecanarias.com\/web\/la-apuesta-de-torres-por-la-juventud-pasa-por-mas-formacion-cualificacion-y-oportunidades\/#primaryimage","url":"https:\/\/psoecanarias.com\/web\/wp-content\/uploads\/2023\/05\/jovenes-encuentro.jpg","contentUrl":"https:\/\/psoecanarias.com\/web\/wp-content\/uploads\/2023\/05\/jovenes-encuentro.jpg","width":2048,"height":1146,"caption":"Torres, en el centro, tras el encuentro con j\u00f3venes celebrado este viernes."},{"@type":"BreadcrumbList","@id":"https:\/\/psoecanarias.com\/web\/la-apuesta-de-torres-por-la-juventud-pasa-por-mas-formacion-cualificacion-y-oportunidades\/#breadcrumb","itemListElement":[{"@type":"ListItem","position":1,"name":"Portada","item":"https:\/\/psoecanarias.com\/web\/"},{"@type":"ListItem","position":2,"name":"La apuesta de Torres por la juventud pasa \u201cpor m\u00e1s formaci\u00f3n, cualificaci\u00f3n y oportunidades\u201d"}]},{"@type":"WebSite","@id":"https:\/\/psoecanarias.com\/web\/#website","url":"https:\/\/psoecanarias.com\/web\/","name":"PSOE Canarias","description":"Partido Socialista Obrero Espa\u00f1ol Canarias","potentialAction":[{"@type":"SearchAction","target":{"@type":"EntryPoint","urlTemplate":"https:\/\/psoecanarias.com\/web\/?s={search_term_string}"},"query-input":{"@type":"PropertyValueSpecification","valueRequired":true,"valueName":"search_term_string"}}],"inLanguage":"es"},{"@type":"Person","@id":"https:\/\/psoecanarias.com\/web\/#\/schema\/person\/1ae43f9659d2fc599ca69c11e1dbf26f","name":"PSOE Canarias","image":{"@type":"ImageObject","inLanguage":"es","@id":"https:\/\/secure.gravatar.com\/avatar\/4364d37f6f6f9cdb7af199b46151565f37d8a8c3c0e04c1d78c04e857a15e3a8?s=96&d=mm&r=g","url":"https:\/\/secure.gravatar.com\/avatar\/4364d37f6f6f9cdb7af199b46151565f37d8a8c3c0e04c1d78c04e857a15e3a8?s=96&d=mm&r=g","contentUrl":"https:\/\/secure.gravatar.com\/avatar\/4364d37f6f6f9cdb7af199b46151565f37d8a8c3c0e04c1d78c04e857a15e3a8?s=96&d=mm&r=g","caption":"PSOE Canarias"},"url":"https:\/\/psoecanarias.com\/web\/author\/admin\/"}]}},"_links":{"self":[{"href":"https:\/\/psoecanarias.com\/web\/wp-json\/wp\/v2\/posts\/38231","targetHints":{"allow":["GET"]}}],"collection":[{"href":"https:\/\/psoecanarias.com\/web\/wp-json\/wp\/v2\/posts"}],"about":[{"href":"https:\/\/psoecanarias.com\/web\/wp-json\/wp\/v2\/types\/post"}],"author":[{"embeddable":true,"href":"https:\/\/psoecanarias.com\/web\/wp-json\/wp\/v2\/users\/1"}],"replies":[{"embeddable":true,"href":"https:\/\/psoecanarias.com\/web\/wp-json\/wp\/v2\/comments?post=38231"}],"version-history":[{"count":1,"href":"https:\/\/psoecanarias.com\/web\/wp-json\/wp\/v2\/posts\/38231\/revisions"}],"predecessor-version":[{"id":38233,"href":"https:\/\/psoecanarias.com\/web\/wp-json\/wp\/v2\/posts\/38231\/revisions\/38233"}],"wp:featuredmedia":[{"embeddable":true,"href":"https:\/\/psoecanarias.com\/web\/wp-json\/wp\/v2\/media\/38232"}],"wp:attachment":[{"href":"https:\/\/psoecanarias.com\/web\/wp-json\/wp\/v2\/media?parent=38231"}],"wp:term":[{"taxonomy":"category","embeddable":true,"href":"https:\/\/psoecanarias.com\/web\/wp-json\/wp\/v2\/categories?post=38231"},{"taxonomy":"post_tag","embeddable":true,"href":"https:\/\/psoecanarias.com\/web\/wp-json\/wp\/v2\/tags?post=38231"}],"curies":[{"name":"wp","href":"https:\/\/api.w.org\/{rel}","templated":true}]}}