{"id":3841,"date":"2017-07-08T21:45:41","date_gmt":"2017-07-08T20:45:41","guid":{"rendered":"http:\/\/psoecanarias.com\/web\/?p=3841"},"modified":"2017-07-08T21:30:27","modified_gmt":"2017-07-08T20:30:27","slug":"el-psoe-lleva-a-este-pleno-las-acciones-y-omisiones-de-cc-en-dependencia","status":"publish","type":"post","link":"https:\/\/psoecanarias.com\/web\/el-psoe-lleva-a-este-pleno-las-acciones-y-omisiones-de-cc-en-dependencia\/","title":{"rendered":"El PSOE lleva a este pleno \u201clas acciones y omisiones de CC\u201d en dependencia"},"content":{"rendered":"<p class=\"m_-7911057198013664130Default\"><span style=\"font-family: Arial; font-size: medium;\">El Grupo Parlamentario Socialista lleva al pleno de esta semana \u201clas acciones y omisiones de del Gobierno de CC en materia de dependencia, que est\u00e1n fustigando a estas personas y a sus familias\u201d. La portavoz del \u00e1rea, Teresa Cruz Oval, intervendr\u00e1 en el marco de una interpelaci\u00f3n a la consejera de Pol\u00edtica Social, Cristina Valido, para que informe de las gestiones realizadas por su departamento para fortalecer e impulsar de la ley de dependencia.<\/span><\/p>\n<p class=\"m_-7911057198013664130Default\"><span style=\"font-family: Arial; font-size: medium;\">\u201cA la vista de los datos, del retroceso y de las carencias, resulta evidente que Coalici\u00f3n Canaria no ve m\u00ednimamente prioritaria la dependencia\u201d, afirma la diputada, quien lamenta que en solo estos seis meses de gesti\u00f3n de CC, Canarias \u201cvuelva a estar en el vag\u00f3n de cola\u201d.<\/span><\/p>\n<p class=\"m_-7911057198013664130Default\"><span style=\"font-family: Arial; font-size: medium;\">Cruz Oval acusa a CC de manipular la informaci\u00f3n, de gestionar desde la opacidad y de no cooperar con el organismo p\u00fablico que elabora las estad\u00edsticas del sistema nacional. Tambi\u00e9n denuncia que durante los primeros cuatro meses de CC al frente de la Consejer\u00eda, se han incorporado al sistema de la dependencia 65 personas, una cada dos d\u00edas, mientras que con la anterior consejera, Patricia Hern\u00e1ndez, se estaban incorporando ocho nuevos casos cada dos d\u00edas.<\/span><\/p>\n<p class=\"m_-7911057198013664130Default\"><span style=\"font-family: Arial; font-size: medium;\">\u00a0\u201cLa desidia de CC nos ha llevado a tener el peor sistema de dependencia de Espa\u00f1a, a no disponer tras diez a\u00f1os de un mapa de recursos, a no haber aprobado ni un plan de promoci\u00f3n de la autonom\u00eda personal mientras otras comunidades aut\u00f3nomas van ejecutando el segundo, a no dar ni una sola respuesta a las muchas necesidades\u201d, afirma.<\/span><\/p>\n","protected":false},"excerpt":{"rendered":"<p>\u201cA la vista de los datos, del retroceso y de las carencias, resulta evidente que Coalici\u00f3n Canaria no ve m\u00ednimamente prioritaria la dependencia\u201d, afirma la diputada Teresa Cruz Oval<\/p>\n","protected":false},"author":1,"featured_media":3842,"comment_status":"open","ping_status":"open","sticky":false,"template":"","format":"standard","meta":{"footnotes":""},"categories":[7],"tags":[59,293,277,298],"class_list":["post-3841","post","type-post","status-publish","format-standard","has-post-thumbnail","hentry","category-politica","tag-dependencia","tag-grupo-parlamentario-socialista-canario","tag-politicas-sociales","tag-teresa-cruz-oval"],"featured_image_src":"https:\/\/psoecanarias.com\/web\/wp-content\/uploads\/2017\/07\/33735463034_1222ef19f5_o-1-e1494846736149.jpg","author_info":{"display_name":"PSOE Canarias","author_link":"https:\/\/psoecanarias.com\/web\/author\/admin\/"},"yoast_head":"<!-- This site is optimized with the Yoast SEO plugin v27.2 - https:\/\/yoast.com\/product\/yoast-seo-wordpress\/ -->\n<title>El PSOE lleva a este pleno \u201clas acciones y omisiones de CC\u201d en dependencia | PSOE Canarias<\/title>\n<meta name=\"robots\" content=\"index, follow, max-snippet:-1, max-image-preview:large, max-video-preview:-1\" \/>\n<link rel=\"canonical\" href=\"https:\/\/psoecanarias.com\/web\/el-psoe-lleva-a-este-pleno-las-acciones-y-omisiones-de-cc-en-dependencia\/\" \/>\n<meta property=\"og:locale\" content=\"es_ES\" \/>\n<meta property=\"og:type\" content=\"article\" \/>\n<meta property=\"og:title\" content=\"El PSOE lleva a este pleno \u201clas acciones y omisiones de CC\u201d en dependencia | PSOE Canarias\" \/>\n<meta property=\"og:description\" content=\"\u201cA la vista de los datos, del retroceso y de las carencias, resulta evidente que Coalici\u00f3n Canaria no ve m\u00ednimamente prioritaria la dependencia\u201d, afirma la diputada Teresa Cruz Oval\" \/>\n<meta property=\"og:url\" content=\"https:\/\/psoecanarias.com\/web\/el-psoe-lleva-a-este-pleno-las-acciones-y-omisiones-de-cc-en-dependencia\/\" \/>\n<meta property=\"og:site_name\" content=\"PSOE Canarias\" \/>\n<meta property=\"article:published_time\" content=\"2017-07-08T20:45:41+00:00\" \/>\n<meta property=\"og:image\" content=\"https:\/\/psoecanarias.com\/web\/wp-content\/uploads\/2017\/07\/33735463034_1222ef19f5_o-1-e1494846736149.jpg\" \/>\n\t<meta property=\"og:image:width\" content=\"481\" \/>\n\t<meta property=\"og:image:height\" content=\"506\" \/>\n\t<meta property=\"og:image:type\" content=\"image\/jpeg\" \/>\n<meta name=\"author\" content=\"PSOE Canarias\" \/>\n<meta name=\"twitter:card\" content=\"summary_large_image\" \/>\n<script type=\"application\/ld+json\" class=\"yoast-schema-graph\">{\"@context\":\"https:\/\/schema.org\",\"@graph\":[{\"@type\":\"Article\",\"@id\":\"https:\/\/psoecanarias.com\/web\/el-psoe-lleva-a-este-pleno-las-acciones-y-omisiones-de-cc-en-dependencia\/#article\",\"isPartOf\":{\"@id\":\"https:\/\/psoecanarias.com\/web\/el-psoe-lleva-a-este-pleno-las-acciones-y-omisiones-de-cc-en-dependencia\/\"},\"author\":{\"name\":\"PSOE Canarias\",\"@id\":\"https:\/\/psoecanarias.com\/web\/#\/schema\/person\/1ae43f9659d2fc599ca69c11e1dbf26f\"},\"headline\":\"El PSOE lleva a este pleno \u201clas acciones y omisiones de CC\u201d en dependencia\",\"datePublished\":\"2017-07-08T20:45:41+00:00\",\"mainEntityOfPage\":{\"@id\":\"https:\/\/psoecanarias.com\/web\/el-psoe-lleva-a-este-pleno-las-acciones-y-omisiones-de-cc-en-dependencia\/\"},\"wordCount\":289,\"commentCount\":0,\"image\":{\"@id\":\"https:\/\/psoecanarias.com\/web\/el-psoe-lleva-a-este-pleno-las-acciones-y-omisiones-de-cc-en-dependencia\/#primaryimage\"},\"thumbnailUrl\":\"https:\/\/psoecanarias.com\/web\/wp-content\/uploads\/2017\/07\/33735463034_1222ef19f5_o-1-e1494846736149.jpg\",\"keywords\":[\"dependencia\",\"Grupo Parlamentario Socialista Canario\",\"pol\u00edticas sociales\",\"Teresa Cruz Oval\"],\"articleSection\":[\"Pol\u00edtica\"],\"inLanguage\":\"es\",\"potentialAction\":[{\"@type\":\"CommentAction\",\"name\":\"Comment\",\"target\":[\"https:\/\/psoecanarias.com\/web\/el-psoe-lleva-a-este-pleno-las-acciones-y-omisiones-de-cc-en-dependencia\/#respond\"]}]},{\"@type\":\"WebPage\",\"@id\":\"https:\/\/psoecanarias.com\/web\/el-psoe-lleva-a-este-pleno-las-acciones-y-omisiones-de-cc-en-dependencia\/\",\"url\":\"https:\/\/psoecanarias.com\/web\/el-psoe-lleva-a-este-pleno-las-acciones-y-omisiones-de-cc-en-dependencia\/\",\"name\":\"El PSOE lleva a este pleno \u201clas acciones y omisiones de CC\u201d en dependencia | PSOE Canarias\",\"isPartOf\":{\"@id\":\"https:\/\/psoecanarias.com\/web\/#website\"},\"primaryImageOfPage\":{\"@id\":\"https:\/\/psoecanarias.com\/web\/el-psoe-lleva-a-este-pleno-las-acciones-y-omisiones-de-cc-en-dependencia\/#primaryimage\"},\"image\":{\"@id\":\"https:\/\/psoecanarias.com\/web\/el-psoe-lleva-a-este-pleno-las-acciones-y-omisiones-de-cc-en-dependencia\/#primaryimage\"},\"thumbnailUrl\":\"https:\/\/psoecanarias.com\/web\/wp-content\/uploads\/2017\/07\/33735463034_1222ef19f5_o-1-e1494846736149.jpg\",\"datePublished\":\"2017-07-08T20:45:41+00:00\",\"author\":{\"@id\":\"https:\/\/psoecanarias.com\/web\/#\/schema\/person\/1ae43f9659d2fc599ca69c11e1dbf26f\"},\"breadcrumb\":{\"@id\":\"https:\/\/psoecanarias.com\/web\/el-psoe-lleva-a-este-pleno-las-acciones-y-omisiones-de-cc-en-dependencia\/#breadcrumb\"},\"inLanguage\":\"es\",\"potentialAction\":[{\"@type\":\"ReadAction\",\"target\":[\"https:\/\/psoecanarias.com\/web\/el-psoe-lleva-a-este-pleno-las-acciones-y-omisiones-de-cc-en-dependencia\/\"]}]},{\"@type\":\"ImageObject\",\"inLanguage\":\"es\",\"@id\":\"https:\/\/psoecanarias.com\/web\/el-psoe-lleva-a-este-pleno-las-acciones-y-omisiones-de-cc-en-dependencia\/#primaryimage\",\"url\":\"https:\/\/psoecanarias.com\/web\/wp-content\/uploads\/2017\/07\/33735463034_1222ef19f5_o-1-e1494846736149.jpg\",\"contentUrl\":\"https:\/\/psoecanarias.com\/web\/wp-content\/uploads\/2017\/07\/33735463034_1222ef19f5_o-1-e1494846736149.jpg\",\"width\":481,\"height\":506},{\"@type\":\"BreadcrumbList\",\"@id\":\"https:\/\/psoecanarias.com\/web\/el-psoe-lleva-a-este-pleno-las-acciones-y-omisiones-de-cc-en-dependencia\/#breadcrumb\",\"itemListElement\":[{\"@type\":\"ListItem\",\"position\":1,\"name\":\"Portada\",\"item\":\"https:\/\/psoecanarias.com\/web\/\"},{\"@type\":\"ListItem\",\"position\":2,\"name\":\"El PSOE lleva a este pleno \u201clas acciones y omisiones de CC\u201d en dependencia\"}]},{\"@type\":\"WebSite\",\"@id\":\"https:\/\/psoecanarias.com\/web\/#website\",\"url\":\"https:\/\/psoecanarias.com\/web\/\",\"name\":\"PSOE Canarias\",\"description\":\"Partido Socialista Obrero Espa\u00f1ol Canarias\",\"potentialAction\":[{\"@type\":\"SearchAction\",\"target\":{\"@type\":\"EntryPoint\",\"urlTemplate\":\"https:\/\/psoecanarias.com\/web\/?s={search_term_string}\"},\"query-input\":{\"@type\":\"PropertyValueSpecification\",\"valueRequired\":true,\"valueName\":\"search_term_string\"}}],\"inLanguage\":\"es\"},{\"@type\":\"Person\",\"@id\":\"https:\/\/psoecanarias.com\/web\/#\/schema\/person\/1ae43f9659d2fc599ca69c11e1dbf26f\",\"name\":\"PSOE Canarias\",\"image\":{\"@type\":\"ImageObject\",\"inLanguage\":\"es\",\"@id\":\"https:\/\/secure.gravatar.com\/avatar\/4364d37f6f6f9cdb7af199b46151565f37d8a8c3c0e04c1d78c04e857a15e3a8?s=96&d=mm&r=g\",\"url\":\"https:\/\/secure.gravatar.com\/avatar\/4364d37f6f6f9cdb7af199b46151565f37d8a8c3c0e04c1d78c04e857a15e3a8?s=96&d=mm&r=g\",\"contentUrl\":\"https:\/\/secure.gravatar.com\/avatar\/4364d37f6f6f9cdb7af199b46151565f37d8a8c3c0e04c1d78c04e857a15e3a8?s=96&d=mm&r=g\",\"caption\":\"PSOE Canarias\"},\"url\":\"https:\/\/psoecanarias.com\/web\/author\/admin\/\"}]}<\/script>\n<!-- \/ Yoast SEO plugin. -->","yoast_head_json":{"title":"El PSOE lleva a este pleno \u201clas acciones y omisiones de CC\u201d en dependencia | PSOE Canarias","robots":{"index":"index","follow":"follow","max-snippet":"max-snippet:-1","max-image-preview":"max-image-preview:large","max-video-preview":"max-video-preview:-1"},"canonical":"https:\/\/psoecanarias.com\/web\/el-psoe-lleva-a-este-pleno-las-acciones-y-omisiones-de-cc-en-dependencia\/","og_locale":"es_ES","og_type":"article","og_title":"El PSOE lleva a este pleno \u201clas acciones y omisiones de CC\u201d en dependencia | PSOE Canarias","og_description":"\u201cA la vista de los datos, del retroceso y de las carencias, resulta evidente que Coalici\u00f3n Canaria no ve m\u00ednimamente prioritaria la dependencia\u201d, afirma la diputada Teresa Cruz Oval","og_url":"https:\/\/psoecanarias.com\/web\/el-psoe-lleva-a-este-pleno-las-acciones-y-omisiones-de-cc-en-dependencia\/","og_site_name":"PSOE Canarias","article_published_time":"2017-07-08T20:45:41+00:00","og_image":[{"width":481,"height":506,"url":"https:\/\/psoecanarias.com\/web\/wp-content\/uploads\/2017\/07\/33735463034_1222ef19f5_o-1-e1494846736149.jpg","type":"image\/jpeg"}],"author":"PSOE Canarias","twitter_card":"summary_large_image","schema":{"@context":"https:\/\/schema.org","@graph":[{"@type":"Article","@id":"https:\/\/psoecanarias.com\/web\/el-psoe-lleva-a-este-pleno-las-acciones-y-omisiones-de-cc-en-dependencia\/#article","isPartOf":{"@id":"https:\/\/psoecanarias.com\/web\/el-psoe-lleva-a-este-pleno-las-acciones-y-omisiones-de-cc-en-dependencia\/"},"author":{"name":"PSOE Canarias","@id":"https:\/\/psoecanarias.com\/web\/#\/schema\/person\/1ae43f9659d2fc599ca69c11e1dbf26f"},"headline":"El PSOE lleva a este pleno \u201clas acciones y omisiones de CC\u201d en dependencia","datePublished":"2017-07-08T20:45:41+00:00","mainEntityOfPage":{"@id":"https:\/\/psoecanarias.com\/web\/el-psoe-lleva-a-este-pleno-las-acciones-y-omisiones-de-cc-en-dependencia\/"},"wordCount":289,"commentCount":0,"image":{"@id":"https:\/\/psoecanarias.com\/web\/el-psoe-lleva-a-este-pleno-las-acciones-y-omisiones-de-cc-en-dependencia\/#primaryimage"},"thumbnailUrl":"https:\/\/psoecanarias.com\/web\/wp-content\/uploads\/2017\/07\/33735463034_1222ef19f5_o-1-e1494846736149.jpg","keywords":["dependencia","Grupo Parlamentario Socialista Canario","pol\u00edticas sociales","Teresa Cruz Oval"],"articleSection":["Pol\u00edtica"],"inLanguage":"es","potentialAction":[{"@type":"CommentAction","name":"Comment","target":["https:\/\/psoecanarias.com\/web\/el-psoe-lleva-a-este-pleno-las-acciones-y-omisiones-de-cc-en-dependencia\/#respond"]}]},{"@type":"WebPage","@id":"https:\/\/psoecanarias.com\/web\/el-psoe-lleva-a-este-pleno-las-acciones-y-omisiones-de-cc-en-dependencia\/","url":"https:\/\/psoecanarias.com\/web\/el-psoe-lleva-a-este-pleno-las-acciones-y-omisiones-de-cc-en-dependencia\/","name":"El PSOE lleva a este pleno \u201clas acciones y omisiones de CC\u201d en dependencia | PSOE Canarias","isPartOf":{"@id":"https:\/\/psoecanarias.com\/web\/#website"},"primaryImageOfPage":{"@id":"https:\/\/psoecanarias.com\/web\/el-psoe-lleva-a-este-pleno-las-acciones-y-omisiones-de-cc-en-dependencia\/#primaryimage"},"image":{"@id":"https:\/\/psoecanarias.com\/web\/el-psoe-lleva-a-este-pleno-las-acciones-y-omisiones-de-cc-en-dependencia\/#primaryimage"},"thumbnailUrl":"https:\/\/psoecanarias.com\/web\/wp-content\/uploads\/2017\/07\/33735463034_1222ef19f5_o-1-e1494846736149.jpg","datePublished":"2017-07-08T20:45:41+00:00","author":{"@id":"https:\/\/psoecanarias.com\/web\/#\/schema\/person\/1ae43f9659d2fc599ca69c11e1dbf26f"},"breadcrumb":{"@id":"https:\/\/psoecanarias.com\/web\/el-psoe-lleva-a-este-pleno-las-acciones-y-omisiones-de-cc-en-dependencia\/#breadcrumb"},"inLanguage":"es","potentialAction":[{"@type":"ReadAction","target":["https:\/\/psoecanarias.com\/web\/el-psoe-lleva-a-este-pleno-las-acciones-y-omisiones-de-cc-en-dependencia\/"]}]},{"@type":"ImageObject","inLanguage":"es","@id":"https:\/\/psoecanarias.com\/web\/el-psoe-lleva-a-este-pleno-las-acciones-y-omisiones-de-cc-en-dependencia\/#primaryimage","url":"https:\/\/psoecanarias.com\/web\/wp-content\/uploads\/2017\/07\/33735463034_1222ef19f5_o-1-e1494846736149.jpg","contentUrl":"https:\/\/psoecanarias.com\/web\/wp-content\/uploads\/2017\/07\/33735463034_1222ef19f5_o-1-e1494846736149.jpg","width":481,"height":506},{"@type":"BreadcrumbList","@id":"https:\/\/psoecanarias.com\/web\/el-psoe-lleva-a-este-pleno-las-acciones-y-omisiones-de-cc-en-dependencia\/#breadcrumb","itemListElement":[{"@type":"ListItem","position":1,"name":"Portada","item":"https:\/\/psoecanarias.com\/web\/"},{"@type":"ListItem","position":2,"name":"El PSOE lleva a este pleno \u201clas acciones y omisiones de CC\u201d en dependencia"}]},{"@type":"WebSite","@id":"https:\/\/psoecanarias.com\/web\/#website","url":"https:\/\/psoecanarias.com\/web\/","name":"PSOE Canarias","description":"Partido Socialista Obrero Espa\u00f1ol Canarias","potentialAction":[{"@type":"SearchAction","target":{"@type":"EntryPoint","urlTemplate":"https:\/\/psoecanarias.com\/web\/?s={search_term_string}"},"query-input":{"@type":"PropertyValueSpecification","valueRequired":true,"valueName":"search_term_string"}}],"inLanguage":"es"},{"@type":"Person","@id":"https:\/\/psoecanarias.com\/web\/#\/schema\/person\/1ae43f9659d2fc599ca69c11e1dbf26f","name":"PSOE Canarias","image":{"@type":"ImageObject","inLanguage":"es","@id":"https:\/\/secure.gravatar.com\/avatar\/4364d37f6f6f9cdb7af199b46151565f37d8a8c3c0e04c1d78c04e857a15e3a8?s=96&d=mm&r=g","url":"https:\/\/secure.gravatar.com\/avatar\/4364d37f6f6f9cdb7af199b46151565f37d8a8c3c0e04c1d78c04e857a15e3a8?s=96&d=mm&r=g","contentUrl":"https:\/\/secure.gravatar.com\/avatar\/4364d37f6f6f9cdb7af199b46151565f37d8a8c3c0e04c1d78c04e857a15e3a8?s=96&d=mm&r=g","caption":"PSOE Canarias"},"url":"https:\/\/psoecanarias.com\/web\/author\/admin\/"}]}},"_links":{"self":[{"href":"https:\/\/psoecanarias.com\/web\/wp-json\/wp\/v2\/posts\/3841","targetHints":{"allow":["GET"]}}],"collection":[{"href":"https:\/\/psoecanarias.com\/web\/wp-json\/wp\/v2\/posts"}],"about":[{"href":"https:\/\/psoecanarias.com\/web\/wp-json\/wp\/v2\/types\/post"}],"author":[{"embeddable":true,"href":"https:\/\/psoecanarias.com\/web\/wp-json\/wp\/v2\/users\/1"}],"replies":[{"embeddable":true,"href":"https:\/\/psoecanarias.com\/web\/wp-json\/wp\/v2\/comments?post=3841"}],"version-history":[{"count":2,"href":"https:\/\/psoecanarias.com\/web\/wp-json\/wp\/v2\/posts\/3841\/revisions"}],"predecessor-version":[{"id":3844,"href":"https:\/\/psoecanarias.com\/web\/wp-json\/wp\/v2\/posts\/3841\/revisions\/3844"}],"wp:featuredmedia":[{"embeddable":true,"href":"https:\/\/psoecanarias.com\/web\/wp-json\/wp\/v2\/media\/3842"}],"wp:attachment":[{"href":"https:\/\/psoecanarias.com\/web\/wp-json\/wp\/v2\/media?parent=3841"}],"wp:term":[{"taxonomy":"category","embeddable":true,"href":"https:\/\/psoecanarias.com\/web\/wp-json\/wp\/v2\/categories?post=3841"},{"taxonomy":"post_tag","embeddable":true,"href":"https:\/\/psoecanarias.com\/web\/wp-json\/wp\/v2\/tags?post=3841"}],"curies":[{"name":"wp","href":"https:\/\/api.w.org\/{rel}","templated":true}]}}