{"id":3849,"date":"2017-07-10T11:23:05","date_gmt":"2017-07-10T10:23:05","guid":{"rendered":"http:\/\/psoecanarias.com\/web\/?p=3849"},"modified":"2017-07-10T11:23:05","modified_gmt":"2017-07-10T10:23:05","slug":"ya-disponible-el-boletin-canarias-socialista-7-socialista-no7","status":"publish","type":"post","link":"https:\/\/psoecanarias.com\/web\/ya-disponible-el-boletin-canarias-socialista-7-socialista-no7\/","title":{"rendered":"Ya disponible el Bolet\u00edn \u201cCanarias Socialista\u201d n\u00ba7"},"content":{"rendered":"<p>Ya tienes disponible nuestro Bolet\u00edn Informativo Semanal \u201c Canarias Socialista \u201d centrado en la recogida de avales correspondiente al 13\u00ba Congreso Regional, nuestro trabajo fiscalizador hacia la gesti\u00f3n de la RTVC, protestando por la mala cobertura de la Bajada de la Virgen de los Reyes en El Hierro o reuni\u00e9ndonos con los sindicatos sectoriales de prensa. Puedes verlo <a href=\"http:\/\/psoecanarias.com\/web\/wp-content\/uploads\/2015\/03\/Bolet--n-007.pdf\">aqu\u00ed<\/a>.<\/p>\n<p>(<em>Este Bolet\u00edn se env\u00eda por correo-e a toda la militancia del PSOE Canarias, si eres militante y por alg\u00fan motivo no lo est\u00e1s recibiendo, por favor <a href=\"http:\/\/psoecanarias.com\/web\/contacto\/\" target=\"_blank\">contacta con nosotros<\/a><\/em>)<\/p>\n","protected":false},"excerpt":{"rendered":"<p>Ya tienes disponible nuestro Bolet\u00edn Informativo Semanal \u201c Canarias Socialista \u201d centrado en la recogida de avales correspondiente al 13\u00ba Congreso Regional, nuestro trabajo fiscalizador hacia la gesti\u00f3n de la RTVC, protestando por la mala cobertura de la Bajada de la Virgen de los Reyes en El Hierro o reuni\u00e9ndonos con los sindicatos sectoriales de [&hellip;]<\/p>\n","protected":false},"author":1,"featured_media":3852,"comment_status":"open","ping_status":"open","sticky":false,"template":"","format":"standard","meta":{"footnotes":""},"categories":[7],"tags":[1037,1068,1093,310],"class_list":["post-3849","post","type-post","status-publish","format-standard","has-post-thumbnail","hentry","category-politica","tag-13-congreso-regional","tag-boletin","tag-canarias-socialista","tag-psoe-canarias"],"featured_image_src":"https:\/\/psoecanarias.com\/web\/wp-content\/uploads\/2017\/07\/Boletin.png","author_info":{"display_name":"PSOE Canarias","author_link":"https:\/\/psoecanarias.com\/web\/author\/admin\/"},"yoast_head":"<!-- This site is optimized with the Yoast SEO plugin v27.2 - https:\/\/yoast.com\/product\/yoast-seo-wordpress\/ -->\n<title>Ya disponible el Bolet\u00edn \u201cCanarias Socialista\u201d n\u00ba7 | PSOE Canarias<\/title>\n<meta name=\"robots\" content=\"index, follow, max-snippet:-1, max-image-preview:large, max-video-preview:-1\" \/>\n<link rel=\"canonical\" href=\"https:\/\/psoecanarias.com\/web\/ya-disponible-el-boletin-canarias-socialista-7-socialista-no7\/\" \/>\n<meta property=\"og:locale\" content=\"es_ES\" \/>\n<meta property=\"og:type\" content=\"article\" \/>\n<meta property=\"og:title\" content=\"Ya disponible el Bolet\u00edn \u201cCanarias Socialista\u201d n\u00ba7 | PSOE Canarias\" \/>\n<meta property=\"og:description\" content=\"Ya tienes disponible nuestro Bolet\u00edn Informativo Semanal \u201c Canarias Socialista \u201d centrado en la recogida de avales correspondiente al 13\u00ba Congreso Regional, nuestro trabajo fiscalizador hacia la gesti\u00f3n de la RTVC, protestando por la mala cobertura de la Bajada de la Virgen de los Reyes en El Hierro o reuni\u00e9ndonos con los sindicatos sectoriales de [&hellip;]\" \/>\n<meta property=\"og:url\" content=\"https:\/\/psoecanarias.com\/web\/ya-disponible-el-boletin-canarias-socialista-7-socialista-no7\/\" \/>\n<meta property=\"og:site_name\" content=\"PSOE Canarias\" \/>\n<meta property=\"article:published_time\" content=\"2017-07-10T10:23:05+00:00\" \/>\n<meta property=\"og:image\" content=\"https:\/\/psoecanarias.com\/web\/wp-content\/uploads\/2017\/07\/Boletin.png\" \/>\n\t<meta property=\"og:image:width\" content=\"1013\" \/>\n\t<meta property=\"og:image:height\" content=\"822\" \/>\n\t<meta property=\"og:image:type\" content=\"image\/png\" \/>\n<meta name=\"author\" content=\"PSOE Canarias\" \/>\n<meta name=\"twitter:card\" content=\"summary_large_image\" \/>\n<script type=\"application\/ld+json\" class=\"yoast-schema-graph\">{\"@context\":\"https:\/\/schema.org\",\"@graph\":[{\"@type\":\"Article\",\"@id\":\"https:\/\/psoecanarias.com\/web\/ya-disponible-el-boletin-canarias-socialista-7-socialista-no7\/#article\",\"isPartOf\":{\"@id\":\"https:\/\/psoecanarias.com\/web\/ya-disponible-el-boletin-canarias-socialista-7-socialista-no7\/\"},\"author\":{\"name\":\"PSOE Canarias\",\"@id\":\"https:\/\/psoecanarias.com\/web\/#\/schema\/person\/1ae43f9659d2fc599ca69c11e1dbf26f\"},\"headline\":\"Ya disponible el Bolet\u00edn \u201cCanarias Socialista\u201d n\u00ba7\",\"datePublished\":\"2017-07-10T10:23:05+00:00\",\"mainEntityOfPage\":{\"@id\":\"https:\/\/psoecanarias.com\/web\/ya-disponible-el-boletin-canarias-socialista-7-socialista-no7\/\"},\"wordCount\":100,\"commentCount\":0,\"image\":{\"@id\":\"https:\/\/psoecanarias.com\/web\/ya-disponible-el-boletin-canarias-socialista-7-socialista-no7\/#primaryimage\"},\"thumbnailUrl\":\"https:\/\/psoecanarias.com\/web\/wp-content\/uploads\/2017\/07\/Boletin.png\",\"keywords\":[\"13 Congreso Regional\",\"Bolet\u00edn\",\"Canarias Socialista\",\"PSOE Canarias\"],\"articleSection\":[\"Pol\u00edtica\"],\"inLanguage\":\"es\",\"potentialAction\":[{\"@type\":\"CommentAction\",\"name\":\"Comment\",\"target\":[\"https:\/\/psoecanarias.com\/web\/ya-disponible-el-boletin-canarias-socialista-7-socialista-no7\/#respond\"]}]},{\"@type\":\"WebPage\",\"@id\":\"https:\/\/psoecanarias.com\/web\/ya-disponible-el-boletin-canarias-socialista-7-socialista-no7\/\",\"url\":\"https:\/\/psoecanarias.com\/web\/ya-disponible-el-boletin-canarias-socialista-7-socialista-no7\/\",\"name\":\"Ya disponible el Bolet\u00edn \u201cCanarias Socialista\u201d n\u00ba7 | PSOE Canarias\",\"isPartOf\":{\"@id\":\"https:\/\/psoecanarias.com\/web\/#website\"},\"primaryImageOfPage\":{\"@id\":\"https:\/\/psoecanarias.com\/web\/ya-disponible-el-boletin-canarias-socialista-7-socialista-no7\/#primaryimage\"},\"image\":{\"@id\":\"https:\/\/psoecanarias.com\/web\/ya-disponible-el-boletin-canarias-socialista-7-socialista-no7\/#primaryimage\"},\"thumbnailUrl\":\"https:\/\/psoecanarias.com\/web\/wp-content\/uploads\/2017\/07\/Boletin.png\",\"datePublished\":\"2017-07-10T10:23:05+00:00\",\"author\":{\"@id\":\"https:\/\/psoecanarias.com\/web\/#\/schema\/person\/1ae43f9659d2fc599ca69c11e1dbf26f\"},\"breadcrumb\":{\"@id\":\"https:\/\/psoecanarias.com\/web\/ya-disponible-el-boletin-canarias-socialista-7-socialista-no7\/#breadcrumb\"},\"inLanguage\":\"es\",\"potentialAction\":[{\"@type\":\"ReadAction\",\"target\":[\"https:\/\/psoecanarias.com\/web\/ya-disponible-el-boletin-canarias-socialista-7-socialista-no7\/\"]}]},{\"@type\":\"ImageObject\",\"inLanguage\":\"es\",\"@id\":\"https:\/\/psoecanarias.com\/web\/ya-disponible-el-boletin-canarias-socialista-7-socialista-no7\/#primaryimage\",\"url\":\"https:\/\/psoecanarias.com\/web\/wp-content\/uploads\/2017\/07\/Boletin.png\",\"contentUrl\":\"https:\/\/psoecanarias.com\/web\/wp-content\/uploads\/2017\/07\/Boletin.png\",\"width\":1013,\"height\":822},{\"@type\":\"BreadcrumbList\",\"@id\":\"https:\/\/psoecanarias.com\/web\/ya-disponible-el-boletin-canarias-socialista-7-socialista-no7\/#breadcrumb\",\"itemListElement\":[{\"@type\":\"ListItem\",\"position\":1,\"name\":\"Portada\",\"item\":\"https:\/\/psoecanarias.com\/web\/\"},{\"@type\":\"ListItem\",\"position\":2,\"name\":\"Ya disponible el Bolet\u00edn \u201cCanarias Socialista\u201d n\u00ba7\"}]},{\"@type\":\"WebSite\",\"@id\":\"https:\/\/psoecanarias.com\/web\/#website\",\"url\":\"https:\/\/psoecanarias.com\/web\/\",\"name\":\"PSOE Canarias\",\"description\":\"Partido Socialista Obrero Espa\u00f1ol Canarias\",\"potentialAction\":[{\"@type\":\"SearchAction\",\"target\":{\"@type\":\"EntryPoint\",\"urlTemplate\":\"https:\/\/psoecanarias.com\/web\/?s={search_term_string}\"},\"query-input\":{\"@type\":\"PropertyValueSpecification\",\"valueRequired\":true,\"valueName\":\"search_term_string\"}}],\"inLanguage\":\"es\"},{\"@type\":\"Person\",\"@id\":\"https:\/\/psoecanarias.com\/web\/#\/schema\/person\/1ae43f9659d2fc599ca69c11e1dbf26f\",\"name\":\"PSOE Canarias\",\"image\":{\"@type\":\"ImageObject\",\"inLanguage\":\"es\",\"@id\":\"https:\/\/secure.gravatar.com\/avatar\/4364d37f6f6f9cdb7af199b46151565f37d8a8c3c0e04c1d78c04e857a15e3a8?s=96&d=mm&r=g\",\"url\":\"https:\/\/secure.gravatar.com\/avatar\/4364d37f6f6f9cdb7af199b46151565f37d8a8c3c0e04c1d78c04e857a15e3a8?s=96&d=mm&r=g\",\"contentUrl\":\"https:\/\/secure.gravatar.com\/avatar\/4364d37f6f6f9cdb7af199b46151565f37d8a8c3c0e04c1d78c04e857a15e3a8?s=96&d=mm&r=g\",\"caption\":\"PSOE Canarias\"},\"url\":\"https:\/\/psoecanarias.com\/web\/author\/admin\/\"}]}<\/script>\n<!-- \/ Yoast SEO plugin. -->","yoast_head_json":{"title":"Ya disponible el Bolet\u00edn \u201cCanarias Socialista\u201d n\u00ba7 | PSOE Canarias","robots":{"index":"index","follow":"follow","max-snippet":"max-snippet:-1","max-image-preview":"max-image-preview:large","max-video-preview":"max-video-preview:-1"},"canonical":"https:\/\/psoecanarias.com\/web\/ya-disponible-el-boletin-canarias-socialista-7-socialista-no7\/","og_locale":"es_ES","og_type":"article","og_title":"Ya disponible el Bolet\u00edn \u201cCanarias Socialista\u201d n\u00ba7 | PSOE Canarias","og_description":"Ya tienes disponible nuestro Bolet\u00edn Informativo Semanal \u201c Canarias Socialista \u201d centrado en la recogida de avales correspondiente al 13\u00ba Congreso Regional, nuestro trabajo fiscalizador hacia la gesti\u00f3n de la RTVC, protestando por la mala cobertura de la Bajada de la Virgen de los Reyes en El Hierro o reuni\u00e9ndonos con los sindicatos sectoriales de [&hellip;]","og_url":"https:\/\/psoecanarias.com\/web\/ya-disponible-el-boletin-canarias-socialista-7-socialista-no7\/","og_site_name":"PSOE Canarias","article_published_time":"2017-07-10T10:23:05+00:00","og_image":[{"width":1013,"height":822,"url":"https:\/\/psoecanarias.com\/web\/wp-content\/uploads\/2017\/07\/Boletin.png","type":"image\/png"}],"author":"PSOE Canarias","twitter_card":"summary_large_image","schema":{"@context":"https:\/\/schema.org","@graph":[{"@type":"Article","@id":"https:\/\/psoecanarias.com\/web\/ya-disponible-el-boletin-canarias-socialista-7-socialista-no7\/#article","isPartOf":{"@id":"https:\/\/psoecanarias.com\/web\/ya-disponible-el-boletin-canarias-socialista-7-socialista-no7\/"},"author":{"name":"PSOE Canarias","@id":"https:\/\/psoecanarias.com\/web\/#\/schema\/person\/1ae43f9659d2fc599ca69c11e1dbf26f"},"headline":"Ya disponible el Bolet\u00edn \u201cCanarias Socialista\u201d n\u00ba7","datePublished":"2017-07-10T10:23:05+00:00","mainEntityOfPage":{"@id":"https:\/\/psoecanarias.com\/web\/ya-disponible-el-boletin-canarias-socialista-7-socialista-no7\/"},"wordCount":100,"commentCount":0,"image":{"@id":"https:\/\/psoecanarias.com\/web\/ya-disponible-el-boletin-canarias-socialista-7-socialista-no7\/#primaryimage"},"thumbnailUrl":"https:\/\/psoecanarias.com\/web\/wp-content\/uploads\/2017\/07\/Boletin.png","keywords":["13 Congreso Regional","Bolet\u00edn","Canarias Socialista","PSOE Canarias"],"articleSection":["Pol\u00edtica"],"inLanguage":"es","potentialAction":[{"@type":"CommentAction","name":"Comment","target":["https:\/\/psoecanarias.com\/web\/ya-disponible-el-boletin-canarias-socialista-7-socialista-no7\/#respond"]}]},{"@type":"WebPage","@id":"https:\/\/psoecanarias.com\/web\/ya-disponible-el-boletin-canarias-socialista-7-socialista-no7\/","url":"https:\/\/psoecanarias.com\/web\/ya-disponible-el-boletin-canarias-socialista-7-socialista-no7\/","name":"Ya disponible el Bolet\u00edn \u201cCanarias Socialista\u201d n\u00ba7 | PSOE Canarias","isPartOf":{"@id":"https:\/\/psoecanarias.com\/web\/#website"},"primaryImageOfPage":{"@id":"https:\/\/psoecanarias.com\/web\/ya-disponible-el-boletin-canarias-socialista-7-socialista-no7\/#primaryimage"},"image":{"@id":"https:\/\/psoecanarias.com\/web\/ya-disponible-el-boletin-canarias-socialista-7-socialista-no7\/#primaryimage"},"thumbnailUrl":"https:\/\/psoecanarias.com\/web\/wp-content\/uploads\/2017\/07\/Boletin.png","datePublished":"2017-07-10T10:23:05+00:00","author":{"@id":"https:\/\/psoecanarias.com\/web\/#\/schema\/person\/1ae43f9659d2fc599ca69c11e1dbf26f"},"breadcrumb":{"@id":"https:\/\/psoecanarias.com\/web\/ya-disponible-el-boletin-canarias-socialista-7-socialista-no7\/#breadcrumb"},"inLanguage":"es","potentialAction":[{"@type":"ReadAction","target":["https:\/\/psoecanarias.com\/web\/ya-disponible-el-boletin-canarias-socialista-7-socialista-no7\/"]}]},{"@type":"ImageObject","inLanguage":"es","@id":"https:\/\/psoecanarias.com\/web\/ya-disponible-el-boletin-canarias-socialista-7-socialista-no7\/#primaryimage","url":"https:\/\/psoecanarias.com\/web\/wp-content\/uploads\/2017\/07\/Boletin.png","contentUrl":"https:\/\/psoecanarias.com\/web\/wp-content\/uploads\/2017\/07\/Boletin.png","width":1013,"height":822},{"@type":"BreadcrumbList","@id":"https:\/\/psoecanarias.com\/web\/ya-disponible-el-boletin-canarias-socialista-7-socialista-no7\/#breadcrumb","itemListElement":[{"@type":"ListItem","position":1,"name":"Portada","item":"https:\/\/psoecanarias.com\/web\/"},{"@type":"ListItem","position":2,"name":"Ya disponible el Bolet\u00edn \u201cCanarias Socialista\u201d n\u00ba7"}]},{"@type":"WebSite","@id":"https:\/\/psoecanarias.com\/web\/#website","url":"https:\/\/psoecanarias.com\/web\/","name":"PSOE Canarias","description":"Partido Socialista Obrero Espa\u00f1ol Canarias","potentialAction":[{"@type":"SearchAction","target":{"@type":"EntryPoint","urlTemplate":"https:\/\/psoecanarias.com\/web\/?s={search_term_string}"},"query-input":{"@type":"PropertyValueSpecification","valueRequired":true,"valueName":"search_term_string"}}],"inLanguage":"es"},{"@type":"Person","@id":"https:\/\/psoecanarias.com\/web\/#\/schema\/person\/1ae43f9659d2fc599ca69c11e1dbf26f","name":"PSOE Canarias","image":{"@type":"ImageObject","inLanguage":"es","@id":"https:\/\/secure.gravatar.com\/avatar\/4364d37f6f6f9cdb7af199b46151565f37d8a8c3c0e04c1d78c04e857a15e3a8?s=96&d=mm&r=g","url":"https:\/\/secure.gravatar.com\/avatar\/4364d37f6f6f9cdb7af199b46151565f37d8a8c3c0e04c1d78c04e857a15e3a8?s=96&d=mm&r=g","contentUrl":"https:\/\/secure.gravatar.com\/avatar\/4364d37f6f6f9cdb7af199b46151565f37d8a8c3c0e04c1d78c04e857a15e3a8?s=96&d=mm&r=g","caption":"PSOE Canarias"},"url":"https:\/\/psoecanarias.com\/web\/author\/admin\/"}]}},"_links":{"self":[{"href":"https:\/\/psoecanarias.com\/web\/wp-json\/wp\/v2\/posts\/3849","targetHints":{"allow":["GET"]}}],"collection":[{"href":"https:\/\/psoecanarias.com\/web\/wp-json\/wp\/v2\/posts"}],"about":[{"href":"https:\/\/psoecanarias.com\/web\/wp-json\/wp\/v2\/types\/post"}],"author":[{"embeddable":true,"href":"https:\/\/psoecanarias.com\/web\/wp-json\/wp\/v2\/users\/1"}],"replies":[{"embeddable":true,"href":"https:\/\/psoecanarias.com\/web\/wp-json\/wp\/v2\/comments?post=3849"}],"version-history":[{"count":2,"href":"https:\/\/psoecanarias.com\/web\/wp-json\/wp\/v2\/posts\/3849\/revisions"}],"predecessor-version":[{"id":3854,"href":"https:\/\/psoecanarias.com\/web\/wp-json\/wp\/v2\/posts\/3849\/revisions\/3854"}],"wp:featuredmedia":[{"embeddable":true,"href":"https:\/\/psoecanarias.com\/web\/wp-json\/wp\/v2\/media\/3852"}],"wp:attachment":[{"href":"https:\/\/psoecanarias.com\/web\/wp-json\/wp\/v2\/media?parent=3849"}],"wp:term":[{"taxonomy":"category","embeddable":true,"href":"https:\/\/psoecanarias.com\/web\/wp-json\/wp\/v2\/categories?post=3849"},{"taxonomy":"post_tag","embeddable":true,"href":"https:\/\/psoecanarias.com\/web\/wp-json\/wp\/v2\/tags?post=3849"}],"curies":[{"name":"wp","href":"https:\/\/api.w.org\/{rel}","templated":true}]}}