{"id":3855,"date":"2017-07-10T13:00:46","date_gmt":"2017-07-10T12:00:46","guid":{"rendered":"http:\/\/psoecanarias.com\/web\/?p=3855"},"modified":"2017-07-10T12:58:15","modified_gmt":"2017-07-10T11:58:15","slug":"desprecio-cc-una-sanidad-publica-universal-pleno-la-mano-del-psoe","status":"publish","type":"post","link":"https:\/\/psoecanarias.com\/web\/desprecio-cc-una-sanidad-publica-universal-pleno-la-mano-del-psoe\/","title":{"rendered":"El desprecio de CC a una sanidad p\u00fablica y universal, a pleno de la mano del PSOE"},"content":{"rendered":"<p>El Grupo Parlamentario Socialista lleva al pleno de esta semana varias iniciativas mediante las que reiterar\u00e1 su apuesta por una sanidad p\u00fablica de calidad y universal. \u201cSe trata de un planteamiento totalmente opuesto al que est\u00e1 defendiendo el Gobierno en minor\u00eda de CC con su nada disimulada inclinaci\u00f3n hacia la privada en su pol\u00edtica de conciertos\u201d, denuncia el portavoz, I\u00f1aki Lavandera.<u><\/u><u><\/u><\/p>\n<p>Lavandera explica que en el orden del d\u00eda de la sesi\u00f3n, el PSOE ha introducido una serie de puntos desde los que abordar la \u2018nueva pol\u00edtica sanitaria\u2019 del Gobierno en lo que a publicaci\u00f3n de listas de espera se refiere, as\u00ed como el gasto real sanitario p\u00fablico entre \u00e1reas de salud.<\/p>\n<p>En el bloque de solicitudes, informes y documentos, el Gobierno deber\u00e1 dar a conocer en este pleno algunos datos no facilitados al PSOE en su momento, como la situaci\u00f3n de las obras en el hospital del sur de Tenerife o de las plazas sociosanitarias solicitadas por los cabildos para este a\u00f1o.<\/p>\n<p>Otros de los asuntos que el PSOE lleva a este pleno son la seguridad jur\u00eddica de los pescadores, el expediente de la brigada forestal, los convenios con empresarios tur\u00edsticos para la renovaci\u00f3n de la planta alojativa o diversas cuestiones sobre pol\u00edtica en materia de cultura del Gobierno.<\/p>\n","protected":false},"excerpt":{"rendered":"<p>El Grupo Parlamentario Socialista lleva al pleno de esta semana varias iniciativas mediante las que reiterar\u00e1 su apuesta por una sanidad p\u00fablica de calidad y universal. \u201cSe trata de un planteamiento totalmente opuesto al que est\u00e1 defendiendo el Gobierno en minor\u00eda de CC con su nada disimulada inclinaci\u00f3n hacia la privada en su pol\u00edtica de [&hellip;]<\/p>\n","protected":false},"author":1,"featured_media":3856,"comment_status":"open","ping_status":"open","sticky":false,"template":"","format":"standard","meta":{"footnotes":""},"categories":[7],"tags":[293,32,35],"class_list":["post-3855","post","type-post","status-publish","format-standard","has-post-thumbnail","hentry","category-politica","tag-grupo-parlamentario-socialista-canario","tag-inaki-lavandera","tag-sanidad"],"featured_image_src":"https:\/\/psoecanarias.com\/web\/wp-content\/uploads\/2017\/07\/I--akiLavandera.jpg","author_info":{"display_name":"PSOE Canarias","author_link":"https:\/\/psoecanarias.com\/web\/author\/admin\/"},"yoast_head":"<!-- This site is optimized with the Yoast SEO plugin v27.2 - https:\/\/yoast.com\/product\/yoast-seo-wordpress\/ -->\n<title>El desprecio de CC a una sanidad p\u00fablica y universal, a pleno de la mano del PSOE | PSOE Canarias<\/title>\n<meta name=\"robots\" content=\"index, follow, max-snippet:-1, max-image-preview:large, max-video-preview:-1\" \/>\n<link rel=\"canonical\" href=\"https:\/\/psoecanarias.com\/web\/desprecio-cc-una-sanidad-publica-universal-pleno-la-mano-del-psoe\/\" \/>\n<meta property=\"og:locale\" content=\"es_ES\" \/>\n<meta property=\"og:type\" content=\"article\" \/>\n<meta property=\"og:title\" content=\"El desprecio de CC a una sanidad p\u00fablica y universal, a pleno de la mano del PSOE | PSOE Canarias\" \/>\n<meta property=\"og:description\" content=\"El Grupo Parlamentario Socialista lleva al pleno de esta semana varias iniciativas mediante las que reiterar\u00e1 su apuesta por una sanidad p\u00fablica de calidad y universal. \u201cSe trata de un planteamiento totalmente opuesto al que est\u00e1 defendiendo el Gobierno en minor\u00eda de CC con su nada disimulada inclinaci\u00f3n hacia la privada en su pol\u00edtica de [&hellip;]\" \/>\n<meta property=\"og:url\" content=\"https:\/\/psoecanarias.com\/web\/desprecio-cc-una-sanidad-publica-universal-pleno-la-mano-del-psoe\/\" \/>\n<meta property=\"og:site_name\" content=\"PSOE Canarias\" \/>\n<meta property=\"article:published_time\" content=\"2017-07-10T12:00:46+00:00\" \/>\n<meta property=\"og:image\" content=\"https:\/\/psoecanarias.com\/web\/wp-content\/uploads\/2017\/07\/I--akiLavandera.jpg\" \/>\n\t<meta property=\"og:image:width\" content=\"327\" \/>\n\t<meta property=\"og:image:height\" content=\"490\" \/>\n\t<meta property=\"og:image:type\" content=\"image\/jpeg\" \/>\n<meta name=\"author\" content=\"PSOE Canarias\" \/>\n<meta name=\"twitter:card\" content=\"summary_large_image\" \/>\n<script type=\"application\/ld+json\" class=\"yoast-schema-graph\">{\"@context\":\"https:\/\/schema.org\",\"@graph\":[{\"@type\":\"Article\",\"@id\":\"https:\/\/psoecanarias.com\/web\/desprecio-cc-una-sanidad-publica-universal-pleno-la-mano-del-psoe\/#article\",\"isPartOf\":{\"@id\":\"https:\/\/psoecanarias.com\/web\/desprecio-cc-una-sanidad-publica-universal-pleno-la-mano-del-psoe\/\"},\"author\":{\"name\":\"PSOE Canarias\",\"@id\":\"https:\/\/psoecanarias.com\/web\/#\/schema\/person\/1ae43f9659d2fc599ca69c11e1dbf26f\"},\"headline\":\"El desprecio de CC a una sanidad p\u00fablica y universal, a pleno de la mano del PSOE\",\"datePublished\":\"2017-07-10T12:00:46+00:00\",\"mainEntityOfPage\":{\"@id\":\"https:\/\/psoecanarias.com\/web\/desprecio-cc-una-sanidad-publica-universal-pleno-la-mano-del-psoe\/\"},\"wordCount\":244,\"commentCount\":0,\"image\":{\"@id\":\"https:\/\/psoecanarias.com\/web\/desprecio-cc-una-sanidad-publica-universal-pleno-la-mano-del-psoe\/#primaryimage\"},\"thumbnailUrl\":\"https:\/\/psoecanarias.com\/web\/wp-content\/uploads\/2017\/07\/I--akiLavandera.jpg\",\"keywords\":[\"Grupo Parlamentario Socialista Canario\",\"I\u00f1aki Lavandera\",\"sanidad\"],\"articleSection\":[\"Pol\u00edtica\"],\"inLanguage\":\"es\",\"potentialAction\":[{\"@type\":\"CommentAction\",\"name\":\"Comment\",\"target\":[\"https:\/\/psoecanarias.com\/web\/desprecio-cc-una-sanidad-publica-universal-pleno-la-mano-del-psoe\/#respond\"]}]},{\"@type\":\"WebPage\",\"@id\":\"https:\/\/psoecanarias.com\/web\/desprecio-cc-una-sanidad-publica-universal-pleno-la-mano-del-psoe\/\",\"url\":\"https:\/\/psoecanarias.com\/web\/desprecio-cc-una-sanidad-publica-universal-pleno-la-mano-del-psoe\/\",\"name\":\"El desprecio de CC a una sanidad p\u00fablica y universal, a pleno de la mano del PSOE | PSOE Canarias\",\"isPartOf\":{\"@id\":\"https:\/\/psoecanarias.com\/web\/#website\"},\"primaryImageOfPage\":{\"@id\":\"https:\/\/psoecanarias.com\/web\/desprecio-cc-una-sanidad-publica-universal-pleno-la-mano-del-psoe\/#primaryimage\"},\"image\":{\"@id\":\"https:\/\/psoecanarias.com\/web\/desprecio-cc-una-sanidad-publica-universal-pleno-la-mano-del-psoe\/#primaryimage\"},\"thumbnailUrl\":\"https:\/\/psoecanarias.com\/web\/wp-content\/uploads\/2017\/07\/I--akiLavandera.jpg\",\"datePublished\":\"2017-07-10T12:00:46+00:00\",\"author\":{\"@id\":\"https:\/\/psoecanarias.com\/web\/#\/schema\/person\/1ae43f9659d2fc599ca69c11e1dbf26f\"},\"breadcrumb\":{\"@id\":\"https:\/\/psoecanarias.com\/web\/desprecio-cc-una-sanidad-publica-universal-pleno-la-mano-del-psoe\/#breadcrumb\"},\"inLanguage\":\"es\",\"potentialAction\":[{\"@type\":\"ReadAction\",\"target\":[\"https:\/\/psoecanarias.com\/web\/desprecio-cc-una-sanidad-publica-universal-pleno-la-mano-del-psoe\/\"]}]},{\"@type\":\"ImageObject\",\"inLanguage\":\"es\",\"@id\":\"https:\/\/psoecanarias.com\/web\/desprecio-cc-una-sanidad-publica-universal-pleno-la-mano-del-psoe\/#primaryimage\",\"url\":\"https:\/\/psoecanarias.com\/web\/wp-content\/uploads\/2017\/07\/I--akiLavandera.jpg\",\"contentUrl\":\"https:\/\/psoecanarias.com\/web\/wp-content\/uploads\/2017\/07\/I--akiLavandera.jpg\",\"width\":327,\"height\":490},{\"@type\":\"BreadcrumbList\",\"@id\":\"https:\/\/psoecanarias.com\/web\/desprecio-cc-una-sanidad-publica-universal-pleno-la-mano-del-psoe\/#breadcrumb\",\"itemListElement\":[{\"@type\":\"ListItem\",\"position\":1,\"name\":\"Portada\",\"item\":\"https:\/\/psoecanarias.com\/web\/\"},{\"@type\":\"ListItem\",\"position\":2,\"name\":\"El desprecio de CC a una sanidad p\u00fablica y universal, a pleno de la mano del PSOE\"}]},{\"@type\":\"WebSite\",\"@id\":\"https:\/\/psoecanarias.com\/web\/#website\",\"url\":\"https:\/\/psoecanarias.com\/web\/\",\"name\":\"PSOE Canarias\",\"description\":\"Partido Socialista Obrero Espa\u00f1ol Canarias\",\"potentialAction\":[{\"@type\":\"SearchAction\",\"target\":{\"@type\":\"EntryPoint\",\"urlTemplate\":\"https:\/\/psoecanarias.com\/web\/?s={search_term_string}\"},\"query-input\":{\"@type\":\"PropertyValueSpecification\",\"valueRequired\":true,\"valueName\":\"search_term_string\"}}],\"inLanguage\":\"es\"},{\"@type\":\"Person\",\"@id\":\"https:\/\/psoecanarias.com\/web\/#\/schema\/person\/1ae43f9659d2fc599ca69c11e1dbf26f\",\"name\":\"PSOE Canarias\",\"image\":{\"@type\":\"ImageObject\",\"inLanguage\":\"es\",\"@id\":\"https:\/\/secure.gravatar.com\/avatar\/4364d37f6f6f9cdb7af199b46151565f37d8a8c3c0e04c1d78c04e857a15e3a8?s=96&d=mm&r=g\",\"url\":\"https:\/\/secure.gravatar.com\/avatar\/4364d37f6f6f9cdb7af199b46151565f37d8a8c3c0e04c1d78c04e857a15e3a8?s=96&d=mm&r=g\",\"contentUrl\":\"https:\/\/secure.gravatar.com\/avatar\/4364d37f6f6f9cdb7af199b46151565f37d8a8c3c0e04c1d78c04e857a15e3a8?s=96&d=mm&r=g\",\"caption\":\"PSOE Canarias\"},\"url\":\"https:\/\/psoecanarias.com\/web\/author\/admin\/\"}]}<\/script>\n<!-- \/ Yoast SEO plugin. -->","yoast_head_json":{"title":"El desprecio de CC a una sanidad p\u00fablica y universal, a pleno de la mano del PSOE | PSOE Canarias","robots":{"index":"index","follow":"follow","max-snippet":"max-snippet:-1","max-image-preview":"max-image-preview:large","max-video-preview":"max-video-preview:-1"},"canonical":"https:\/\/psoecanarias.com\/web\/desprecio-cc-una-sanidad-publica-universal-pleno-la-mano-del-psoe\/","og_locale":"es_ES","og_type":"article","og_title":"El desprecio de CC a una sanidad p\u00fablica y universal, a pleno de la mano del PSOE | PSOE Canarias","og_description":"El Grupo Parlamentario Socialista lleva al pleno de esta semana varias iniciativas mediante las que reiterar\u00e1 su apuesta por una sanidad p\u00fablica de calidad y universal. \u201cSe trata de un planteamiento totalmente opuesto al que est\u00e1 defendiendo el Gobierno en minor\u00eda de CC con su nada disimulada inclinaci\u00f3n hacia la privada en su pol\u00edtica de [&hellip;]","og_url":"https:\/\/psoecanarias.com\/web\/desprecio-cc-una-sanidad-publica-universal-pleno-la-mano-del-psoe\/","og_site_name":"PSOE Canarias","article_published_time":"2017-07-10T12:00:46+00:00","og_image":[{"width":327,"height":490,"url":"https:\/\/psoecanarias.com\/web\/wp-content\/uploads\/2017\/07\/I--akiLavandera.jpg","type":"image\/jpeg"}],"author":"PSOE Canarias","twitter_card":"summary_large_image","schema":{"@context":"https:\/\/schema.org","@graph":[{"@type":"Article","@id":"https:\/\/psoecanarias.com\/web\/desprecio-cc-una-sanidad-publica-universal-pleno-la-mano-del-psoe\/#article","isPartOf":{"@id":"https:\/\/psoecanarias.com\/web\/desprecio-cc-una-sanidad-publica-universal-pleno-la-mano-del-psoe\/"},"author":{"name":"PSOE Canarias","@id":"https:\/\/psoecanarias.com\/web\/#\/schema\/person\/1ae43f9659d2fc599ca69c11e1dbf26f"},"headline":"El desprecio de CC a una sanidad p\u00fablica y universal, a pleno de la mano del PSOE","datePublished":"2017-07-10T12:00:46+00:00","mainEntityOfPage":{"@id":"https:\/\/psoecanarias.com\/web\/desprecio-cc-una-sanidad-publica-universal-pleno-la-mano-del-psoe\/"},"wordCount":244,"commentCount":0,"image":{"@id":"https:\/\/psoecanarias.com\/web\/desprecio-cc-una-sanidad-publica-universal-pleno-la-mano-del-psoe\/#primaryimage"},"thumbnailUrl":"https:\/\/psoecanarias.com\/web\/wp-content\/uploads\/2017\/07\/I--akiLavandera.jpg","keywords":["Grupo Parlamentario Socialista Canario","I\u00f1aki Lavandera","sanidad"],"articleSection":["Pol\u00edtica"],"inLanguage":"es","potentialAction":[{"@type":"CommentAction","name":"Comment","target":["https:\/\/psoecanarias.com\/web\/desprecio-cc-una-sanidad-publica-universal-pleno-la-mano-del-psoe\/#respond"]}]},{"@type":"WebPage","@id":"https:\/\/psoecanarias.com\/web\/desprecio-cc-una-sanidad-publica-universal-pleno-la-mano-del-psoe\/","url":"https:\/\/psoecanarias.com\/web\/desprecio-cc-una-sanidad-publica-universal-pleno-la-mano-del-psoe\/","name":"El desprecio de CC a una sanidad p\u00fablica y universal, a pleno de la mano del PSOE | PSOE Canarias","isPartOf":{"@id":"https:\/\/psoecanarias.com\/web\/#website"},"primaryImageOfPage":{"@id":"https:\/\/psoecanarias.com\/web\/desprecio-cc-una-sanidad-publica-universal-pleno-la-mano-del-psoe\/#primaryimage"},"image":{"@id":"https:\/\/psoecanarias.com\/web\/desprecio-cc-una-sanidad-publica-universal-pleno-la-mano-del-psoe\/#primaryimage"},"thumbnailUrl":"https:\/\/psoecanarias.com\/web\/wp-content\/uploads\/2017\/07\/I--akiLavandera.jpg","datePublished":"2017-07-10T12:00:46+00:00","author":{"@id":"https:\/\/psoecanarias.com\/web\/#\/schema\/person\/1ae43f9659d2fc599ca69c11e1dbf26f"},"breadcrumb":{"@id":"https:\/\/psoecanarias.com\/web\/desprecio-cc-una-sanidad-publica-universal-pleno-la-mano-del-psoe\/#breadcrumb"},"inLanguage":"es","potentialAction":[{"@type":"ReadAction","target":["https:\/\/psoecanarias.com\/web\/desprecio-cc-una-sanidad-publica-universal-pleno-la-mano-del-psoe\/"]}]},{"@type":"ImageObject","inLanguage":"es","@id":"https:\/\/psoecanarias.com\/web\/desprecio-cc-una-sanidad-publica-universal-pleno-la-mano-del-psoe\/#primaryimage","url":"https:\/\/psoecanarias.com\/web\/wp-content\/uploads\/2017\/07\/I--akiLavandera.jpg","contentUrl":"https:\/\/psoecanarias.com\/web\/wp-content\/uploads\/2017\/07\/I--akiLavandera.jpg","width":327,"height":490},{"@type":"BreadcrumbList","@id":"https:\/\/psoecanarias.com\/web\/desprecio-cc-una-sanidad-publica-universal-pleno-la-mano-del-psoe\/#breadcrumb","itemListElement":[{"@type":"ListItem","position":1,"name":"Portada","item":"https:\/\/psoecanarias.com\/web\/"},{"@type":"ListItem","position":2,"name":"El desprecio de CC a una sanidad p\u00fablica y universal, a pleno de la mano del PSOE"}]},{"@type":"WebSite","@id":"https:\/\/psoecanarias.com\/web\/#website","url":"https:\/\/psoecanarias.com\/web\/","name":"PSOE Canarias","description":"Partido Socialista Obrero Espa\u00f1ol Canarias","potentialAction":[{"@type":"SearchAction","target":{"@type":"EntryPoint","urlTemplate":"https:\/\/psoecanarias.com\/web\/?s={search_term_string}"},"query-input":{"@type":"PropertyValueSpecification","valueRequired":true,"valueName":"search_term_string"}}],"inLanguage":"es"},{"@type":"Person","@id":"https:\/\/psoecanarias.com\/web\/#\/schema\/person\/1ae43f9659d2fc599ca69c11e1dbf26f","name":"PSOE Canarias","image":{"@type":"ImageObject","inLanguage":"es","@id":"https:\/\/secure.gravatar.com\/avatar\/4364d37f6f6f9cdb7af199b46151565f37d8a8c3c0e04c1d78c04e857a15e3a8?s=96&d=mm&r=g","url":"https:\/\/secure.gravatar.com\/avatar\/4364d37f6f6f9cdb7af199b46151565f37d8a8c3c0e04c1d78c04e857a15e3a8?s=96&d=mm&r=g","contentUrl":"https:\/\/secure.gravatar.com\/avatar\/4364d37f6f6f9cdb7af199b46151565f37d8a8c3c0e04c1d78c04e857a15e3a8?s=96&d=mm&r=g","caption":"PSOE Canarias"},"url":"https:\/\/psoecanarias.com\/web\/author\/admin\/"}]}},"_links":{"self":[{"href":"https:\/\/psoecanarias.com\/web\/wp-json\/wp\/v2\/posts\/3855","targetHints":{"allow":["GET"]}}],"collection":[{"href":"https:\/\/psoecanarias.com\/web\/wp-json\/wp\/v2\/posts"}],"about":[{"href":"https:\/\/psoecanarias.com\/web\/wp-json\/wp\/v2\/types\/post"}],"author":[{"embeddable":true,"href":"https:\/\/psoecanarias.com\/web\/wp-json\/wp\/v2\/users\/1"}],"replies":[{"embeddable":true,"href":"https:\/\/psoecanarias.com\/web\/wp-json\/wp\/v2\/comments?post=3855"}],"version-history":[{"count":1,"href":"https:\/\/psoecanarias.com\/web\/wp-json\/wp\/v2\/posts\/3855\/revisions"}],"predecessor-version":[{"id":3857,"href":"https:\/\/psoecanarias.com\/web\/wp-json\/wp\/v2\/posts\/3855\/revisions\/3857"}],"wp:featuredmedia":[{"embeddable":true,"href":"https:\/\/psoecanarias.com\/web\/wp-json\/wp\/v2\/media\/3856"}],"wp:attachment":[{"href":"https:\/\/psoecanarias.com\/web\/wp-json\/wp\/v2\/media?parent=3855"}],"wp:term":[{"taxonomy":"category","embeddable":true,"href":"https:\/\/psoecanarias.com\/web\/wp-json\/wp\/v2\/categories?post=3855"},{"taxonomy":"post_tag","embeddable":true,"href":"https:\/\/psoecanarias.com\/web\/wp-json\/wp\/v2\/tags?post=3855"}],"curies":[{"name":"wp","href":"https:\/\/api.w.org\/{rel}","templated":true}]}}