{"id":38674,"date":"2023-06-07T16:41:38","date_gmt":"2023-06-07T15:41:38","guid":{"rendered":"https:\/\/psoecanarias.com\/web\/?p=38674"},"modified":"2024-07-10T10:23:06","modified_gmt":"2024-07-10T09:23:06","slug":"nira-fierro-afirma-que-el-pacto-cc-pp-comienza-mal","status":"publish","type":"post","link":"https:\/\/psoecanarias.com\/web\/nira-fierro-afirma-que-el-pacto-cc-pp-comienza-mal\/","title":{"rendered":"Nira Fierro afirma que &#8220;el pacto CC-PP comienza mal&#8221;"},"content":{"rendered":"<p>Canarias, 7 de junio de 2023.&#8211;\u00a0Conocidos los detalles del acuerdo para la gobernabilidad de Canarias, suscrito por Coalici\u00f3n Canaria y Partido Popular en un documento presentado este martes, el PSOE Canarias llama la atenci\u00f3n sobre su falta de rigor. &#8220;El pacto CC-PP comienza con mal pie, con un acuerdo lleno de inexactitudes&#8221;, manifiesta la secretaria de Organizaci\u00f3n socialista, Nira Fierro.<\/p>\n<p>En primer lugar, en el apartado de medidas fiscales, los nuevos socios hablan de una reducci\u00f3n selectiva del IGIC, cuando los dos partidos que sustentan el pacto se comprometieron a una bajada general del IGIC. Con ello, apunta Fierro, reflejan de forma expl\u00edcita un incumplimiento gravoso de su programa electoral.<\/p>\n<p>Asimismo, los partidos pol\u00edticos que firman el documento plantean el reparto de 12 consejer\u00edas y un comisionado. Es decir, un aumento de la estructura pol\u00edtica y de su coste econ\u00f3mico. &#8220;Un incumplimiento m\u00e1s&#8221;, se\u00f1ala la dirigente socialista, puesto que este reparto de \u00e1reas &#8220;va en contra de sus compromisos para adelgazar la administraci\u00f3n y, adem\u00e1s, nos va a costar m\u00e1s caro a todos los canarios y canarias&#8221;.<\/p>\n<p>La inexactitud y la improvisaci\u00f3n del documento se constata tambi\u00e9n en que hacen referencia a la vigilancia de las compensaciones al transporte de mercanc\u00edas recogidas en un Real Decreto 170\/2009, de 13 de febrero. Un Real Decreto que ni siquiera est\u00e1 en vigor porque fue derogado, recuerda Nira Fierro, que ha a\u00f1adido: &#8220;No aciertan ni en el n\u00famero de diputados obtenidos por el Partido Popular en las \u00faltimas elecciones. En el texto se menciona que disponen de 16 diputados cuando en realidad son 15&#8221;.<\/p>\n<p>Por otra parte, adem\u00e1s de la falta de rigor, el documento carece de nuevos avances dirigidos a la mayor\u00eda social de las islas. Plantean medidas como novedosas, pero que realmente ya han sido puestas en marcha en esta legislatura que acaba.<\/p>\n<p>&#8220;Coalici\u00f3n Canaria y Partido Popular se comprometen a promover un Pacto por la Vivienda en Canarias, cuando este ya existe desde el a\u00f1o 2020, al igual que existe un Plan de Vivienda que en la actualidad est\u00e1 permitiendo que se construyan promociones p\u00fablicas en las islas&#8221;, ha se\u00f1alado la secretaria de Organizaci\u00f3n socialista.<\/p>\n<p>Es significativo que ambas formaciones apuesten por medidas continuistas, impulsadas por el gobierno de progreso saliente, como la educaci\u00f3n p\u00fablica y gratuita de 0 a 3 a\u00f1os.<\/p>\n<p>Nira Fierro se\u00f1ala que &#8220;tambi\u00e9n preocupa&#8221; que no exista un compromiso expl\u00edcito para continuar con el buen trabajo realizado en la gesti\u00f3n y agilizaci\u00f3n de las valoraciones de Dependencia; o para dar continuidad a los notables avances realizados en los \u00faltimos cuatro a\u00f1os en materia de lucha contra el cambio\u00a0clim\u00e1tico.<\/p>\n","protected":false},"excerpt":{"rendered":"<p>El PSOE Canarias considera que el acuerdo suscrito por ambos partidos resulta poco riguroso y deja al descubierto los primeros incumplimientos<\/p>\n","protected":false},"author":1,"featured_media":38675,"comment_status":"open","ping_status":"open","sticky":false,"template":"","format":"standard","meta":{"footnotes":""},"categories":[1184,7],"tags":[1200],"class_list":["post-38674","post","type-post","status-publish","format-standard","has-post-thumbnail","hentry","category-noticias","category-politica","tag-nira-fierro"],"featured_image_src":"https:\/\/psoecanarias.com\/web\/wp-content\/uploads\/2023\/06\/foto-7-de-junio.jpg","author_info":{"display_name":"PSOE Canarias","author_link":"https:\/\/psoecanarias.com\/web\/author\/admin\/"},"yoast_head":"<!-- This site is optimized with the Yoast SEO plugin v27.2 - https:\/\/yoast.com\/product\/yoast-seo-wordpress\/ -->\n<title>Nira Fierro afirma que &quot;el pacto CC-PP comienza mal&quot; | PSOE Canarias<\/title>\n<meta name=\"robots\" content=\"index, follow, max-snippet:-1, max-image-preview:large, max-video-preview:-1\" \/>\n<link rel=\"canonical\" href=\"https:\/\/psoecanarias.com\/web\/nira-fierro-afirma-que-el-pacto-cc-pp-comienza-mal\/\" \/>\n<meta property=\"og:locale\" content=\"es_ES\" \/>\n<meta property=\"og:type\" content=\"article\" \/>\n<meta property=\"og:title\" content=\"Nira Fierro afirma que &quot;el pacto CC-PP comienza mal&quot; | PSOE Canarias\" \/>\n<meta property=\"og:description\" content=\"El PSOE Canarias considera que el acuerdo suscrito por ambos partidos resulta poco riguroso y deja al descubierto los primeros incumplimientos\" \/>\n<meta property=\"og:url\" content=\"https:\/\/psoecanarias.com\/web\/nira-fierro-afirma-que-el-pacto-cc-pp-comienza-mal\/\" \/>\n<meta property=\"og:site_name\" content=\"PSOE Canarias\" \/>\n<meta property=\"article:published_time\" content=\"2023-06-07T15:41:38+00:00\" \/>\n<meta property=\"article:modified_time\" content=\"2024-07-10T09:23:06+00:00\" \/>\n<meta property=\"og:image\" content=\"https:\/\/psoecanarias.com\/web\/wp-content\/uploads\/2023\/06\/foto-7-de-junio.jpg\" \/>\n\t<meta property=\"og:image:width\" content=\"1600\" \/>\n\t<meta property=\"og:image:height\" content=\"1066\" \/>\n\t<meta property=\"og:image:type\" content=\"image\/jpeg\" \/>\n<meta name=\"author\" content=\"PSOE Canarias\" \/>\n<meta name=\"twitter:card\" content=\"summary_large_image\" \/>\n<script type=\"application\/ld+json\" class=\"yoast-schema-graph\">{\"@context\":\"https:\/\/schema.org\",\"@graph\":[{\"@type\":\"Article\",\"@id\":\"https:\/\/psoecanarias.com\/web\/nira-fierro-afirma-que-el-pacto-cc-pp-comienza-mal\/#article\",\"isPartOf\":{\"@id\":\"https:\/\/psoecanarias.com\/web\/nira-fierro-afirma-que-el-pacto-cc-pp-comienza-mal\/\"},\"author\":{\"name\":\"PSOE Canarias\",\"@id\":\"https:\/\/psoecanarias.com\/web\/#\/schema\/person\/1ae43f9659d2fc599ca69c11e1dbf26f\"},\"headline\":\"Nira Fierro afirma que &#8220;el pacto CC-PP comienza mal&#8221;\",\"datePublished\":\"2023-06-07T15:41:38+00:00\",\"dateModified\":\"2024-07-10T09:23:06+00:00\",\"mainEntityOfPage\":{\"@id\":\"https:\/\/psoecanarias.com\/web\/nira-fierro-afirma-que-el-pacto-cc-pp-comienza-mal\/\"},\"wordCount\":470,\"commentCount\":0,\"image\":{\"@id\":\"https:\/\/psoecanarias.com\/web\/nira-fierro-afirma-que-el-pacto-cc-pp-comienza-mal\/#primaryimage\"},\"thumbnailUrl\":\"https:\/\/psoecanarias.com\/web\/wp-content\/uploads\/2023\/06\/foto-7-de-junio.jpg\",\"keywords\":[\"Nira Fierro\"],\"articleSection\":[\"Noticias\",\"Pol\u00edtica\"],\"inLanguage\":\"es\",\"potentialAction\":[{\"@type\":\"CommentAction\",\"name\":\"Comment\",\"target\":[\"https:\/\/psoecanarias.com\/web\/nira-fierro-afirma-que-el-pacto-cc-pp-comienza-mal\/#respond\"]}]},{\"@type\":\"WebPage\",\"@id\":\"https:\/\/psoecanarias.com\/web\/nira-fierro-afirma-que-el-pacto-cc-pp-comienza-mal\/\",\"url\":\"https:\/\/psoecanarias.com\/web\/nira-fierro-afirma-que-el-pacto-cc-pp-comienza-mal\/\",\"name\":\"Nira Fierro afirma que \\\"el pacto CC-PP comienza mal\\\" | PSOE Canarias\",\"isPartOf\":{\"@id\":\"https:\/\/psoecanarias.com\/web\/#website\"},\"primaryImageOfPage\":{\"@id\":\"https:\/\/psoecanarias.com\/web\/nira-fierro-afirma-que-el-pacto-cc-pp-comienza-mal\/#primaryimage\"},\"image\":{\"@id\":\"https:\/\/psoecanarias.com\/web\/nira-fierro-afirma-que-el-pacto-cc-pp-comienza-mal\/#primaryimage\"},\"thumbnailUrl\":\"https:\/\/psoecanarias.com\/web\/wp-content\/uploads\/2023\/06\/foto-7-de-junio.jpg\",\"datePublished\":\"2023-06-07T15:41:38+00:00\",\"dateModified\":\"2024-07-10T09:23:06+00:00\",\"author\":{\"@id\":\"https:\/\/psoecanarias.com\/web\/#\/schema\/person\/1ae43f9659d2fc599ca69c11e1dbf26f\"},\"breadcrumb\":{\"@id\":\"https:\/\/psoecanarias.com\/web\/nira-fierro-afirma-que-el-pacto-cc-pp-comienza-mal\/#breadcrumb\"},\"inLanguage\":\"es\",\"potentialAction\":[{\"@type\":\"ReadAction\",\"target\":[\"https:\/\/psoecanarias.com\/web\/nira-fierro-afirma-que-el-pacto-cc-pp-comienza-mal\/\"]}]},{\"@type\":\"ImageObject\",\"inLanguage\":\"es\",\"@id\":\"https:\/\/psoecanarias.com\/web\/nira-fierro-afirma-que-el-pacto-cc-pp-comienza-mal\/#primaryimage\",\"url\":\"https:\/\/psoecanarias.com\/web\/wp-content\/uploads\/2023\/06\/foto-7-de-junio.jpg\",\"contentUrl\":\"https:\/\/psoecanarias.com\/web\/wp-content\/uploads\/2023\/06\/foto-7-de-junio.jpg\",\"width\":1600,\"height\":1066,\"caption\":\"Direcci\u00f3n socialista durante una reciente Comisi\u00f3n Ejecutiva Regional\"},{\"@type\":\"BreadcrumbList\",\"@id\":\"https:\/\/psoecanarias.com\/web\/nira-fierro-afirma-que-el-pacto-cc-pp-comienza-mal\/#breadcrumb\",\"itemListElement\":[{\"@type\":\"ListItem\",\"position\":1,\"name\":\"Portada\",\"item\":\"https:\/\/psoecanarias.com\/web\/\"},{\"@type\":\"ListItem\",\"position\":2,\"name\":\"Nira Fierro afirma que \\\"el pacto CC-PP comienza mal\\\"\"}]},{\"@type\":\"WebSite\",\"@id\":\"https:\/\/psoecanarias.com\/web\/#website\",\"url\":\"https:\/\/psoecanarias.com\/web\/\",\"name\":\"PSOE Canarias\",\"description\":\"Partido Socialista Obrero Espa\u00f1ol Canarias\",\"potentialAction\":[{\"@type\":\"SearchAction\",\"target\":{\"@type\":\"EntryPoint\",\"urlTemplate\":\"https:\/\/psoecanarias.com\/web\/?s={search_term_string}\"},\"query-input\":{\"@type\":\"PropertyValueSpecification\",\"valueRequired\":true,\"valueName\":\"search_term_string\"}}],\"inLanguage\":\"es\"},{\"@type\":\"Person\",\"@id\":\"https:\/\/psoecanarias.com\/web\/#\/schema\/person\/1ae43f9659d2fc599ca69c11e1dbf26f\",\"name\":\"PSOE Canarias\",\"image\":{\"@type\":\"ImageObject\",\"inLanguage\":\"es\",\"@id\":\"https:\/\/secure.gravatar.com\/avatar\/4364d37f6f6f9cdb7af199b46151565f37d8a8c3c0e04c1d78c04e857a15e3a8?s=96&d=mm&r=g\",\"url\":\"https:\/\/secure.gravatar.com\/avatar\/4364d37f6f6f9cdb7af199b46151565f37d8a8c3c0e04c1d78c04e857a15e3a8?s=96&d=mm&r=g\",\"contentUrl\":\"https:\/\/secure.gravatar.com\/avatar\/4364d37f6f6f9cdb7af199b46151565f37d8a8c3c0e04c1d78c04e857a15e3a8?s=96&d=mm&r=g\",\"caption\":\"PSOE Canarias\"},\"url\":\"https:\/\/psoecanarias.com\/web\/author\/admin\/\"}]}<\/script>\n<!-- \/ Yoast SEO plugin. -->","yoast_head_json":{"title":"Nira Fierro afirma que \"el pacto CC-PP comienza mal\" | PSOE Canarias","robots":{"index":"index","follow":"follow","max-snippet":"max-snippet:-1","max-image-preview":"max-image-preview:large","max-video-preview":"max-video-preview:-1"},"canonical":"https:\/\/psoecanarias.com\/web\/nira-fierro-afirma-que-el-pacto-cc-pp-comienza-mal\/","og_locale":"es_ES","og_type":"article","og_title":"Nira Fierro afirma que \"el pacto CC-PP comienza mal\" | PSOE Canarias","og_description":"El PSOE Canarias considera que el acuerdo suscrito por ambos partidos resulta poco riguroso y deja al descubierto los primeros incumplimientos","og_url":"https:\/\/psoecanarias.com\/web\/nira-fierro-afirma-que-el-pacto-cc-pp-comienza-mal\/","og_site_name":"PSOE Canarias","article_published_time":"2023-06-07T15:41:38+00:00","article_modified_time":"2024-07-10T09:23:06+00:00","og_image":[{"width":1600,"height":1066,"url":"https:\/\/psoecanarias.com\/web\/wp-content\/uploads\/2023\/06\/foto-7-de-junio.jpg","type":"image\/jpeg"}],"author":"PSOE Canarias","twitter_card":"summary_large_image","schema":{"@context":"https:\/\/schema.org","@graph":[{"@type":"Article","@id":"https:\/\/psoecanarias.com\/web\/nira-fierro-afirma-que-el-pacto-cc-pp-comienza-mal\/#article","isPartOf":{"@id":"https:\/\/psoecanarias.com\/web\/nira-fierro-afirma-que-el-pacto-cc-pp-comienza-mal\/"},"author":{"name":"PSOE Canarias","@id":"https:\/\/psoecanarias.com\/web\/#\/schema\/person\/1ae43f9659d2fc599ca69c11e1dbf26f"},"headline":"Nira Fierro afirma que &#8220;el pacto CC-PP comienza mal&#8221;","datePublished":"2023-06-07T15:41:38+00:00","dateModified":"2024-07-10T09:23:06+00:00","mainEntityOfPage":{"@id":"https:\/\/psoecanarias.com\/web\/nira-fierro-afirma-que-el-pacto-cc-pp-comienza-mal\/"},"wordCount":470,"commentCount":0,"image":{"@id":"https:\/\/psoecanarias.com\/web\/nira-fierro-afirma-que-el-pacto-cc-pp-comienza-mal\/#primaryimage"},"thumbnailUrl":"https:\/\/psoecanarias.com\/web\/wp-content\/uploads\/2023\/06\/foto-7-de-junio.jpg","keywords":["Nira Fierro"],"articleSection":["Noticias","Pol\u00edtica"],"inLanguage":"es","potentialAction":[{"@type":"CommentAction","name":"Comment","target":["https:\/\/psoecanarias.com\/web\/nira-fierro-afirma-que-el-pacto-cc-pp-comienza-mal\/#respond"]}]},{"@type":"WebPage","@id":"https:\/\/psoecanarias.com\/web\/nira-fierro-afirma-que-el-pacto-cc-pp-comienza-mal\/","url":"https:\/\/psoecanarias.com\/web\/nira-fierro-afirma-que-el-pacto-cc-pp-comienza-mal\/","name":"Nira Fierro afirma que \"el pacto CC-PP comienza mal\" | PSOE Canarias","isPartOf":{"@id":"https:\/\/psoecanarias.com\/web\/#website"},"primaryImageOfPage":{"@id":"https:\/\/psoecanarias.com\/web\/nira-fierro-afirma-que-el-pacto-cc-pp-comienza-mal\/#primaryimage"},"image":{"@id":"https:\/\/psoecanarias.com\/web\/nira-fierro-afirma-que-el-pacto-cc-pp-comienza-mal\/#primaryimage"},"thumbnailUrl":"https:\/\/psoecanarias.com\/web\/wp-content\/uploads\/2023\/06\/foto-7-de-junio.jpg","datePublished":"2023-06-07T15:41:38+00:00","dateModified":"2024-07-10T09:23:06+00:00","author":{"@id":"https:\/\/psoecanarias.com\/web\/#\/schema\/person\/1ae43f9659d2fc599ca69c11e1dbf26f"},"breadcrumb":{"@id":"https:\/\/psoecanarias.com\/web\/nira-fierro-afirma-que-el-pacto-cc-pp-comienza-mal\/#breadcrumb"},"inLanguage":"es","potentialAction":[{"@type":"ReadAction","target":["https:\/\/psoecanarias.com\/web\/nira-fierro-afirma-que-el-pacto-cc-pp-comienza-mal\/"]}]},{"@type":"ImageObject","inLanguage":"es","@id":"https:\/\/psoecanarias.com\/web\/nira-fierro-afirma-que-el-pacto-cc-pp-comienza-mal\/#primaryimage","url":"https:\/\/psoecanarias.com\/web\/wp-content\/uploads\/2023\/06\/foto-7-de-junio.jpg","contentUrl":"https:\/\/psoecanarias.com\/web\/wp-content\/uploads\/2023\/06\/foto-7-de-junio.jpg","width":1600,"height":1066,"caption":"Direcci\u00f3n socialista durante una reciente Comisi\u00f3n Ejecutiva Regional"},{"@type":"BreadcrumbList","@id":"https:\/\/psoecanarias.com\/web\/nira-fierro-afirma-que-el-pacto-cc-pp-comienza-mal\/#breadcrumb","itemListElement":[{"@type":"ListItem","position":1,"name":"Portada","item":"https:\/\/psoecanarias.com\/web\/"},{"@type":"ListItem","position":2,"name":"Nira Fierro afirma que \"el pacto CC-PP comienza mal\""}]},{"@type":"WebSite","@id":"https:\/\/psoecanarias.com\/web\/#website","url":"https:\/\/psoecanarias.com\/web\/","name":"PSOE Canarias","description":"Partido Socialista Obrero Espa\u00f1ol Canarias","potentialAction":[{"@type":"SearchAction","target":{"@type":"EntryPoint","urlTemplate":"https:\/\/psoecanarias.com\/web\/?s={search_term_string}"},"query-input":{"@type":"PropertyValueSpecification","valueRequired":true,"valueName":"search_term_string"}}],"inLanguage":"es"},{"@type":"Person","@id":"https:\/\/psoecanarias.com\/web\/#\/schema\/person\/1ae43f9659d2fc599ca69c11e1dbf26f","name":"PSOE Canarias","image":{"@type":"ImageObject","inLanguage":"es","@id":"https:\/\/secure.gravatar.com\/avatar\/4364d37f6f6f9cdb7af199b46151565f37d8a8c3c0e04c1d78c04e857a15e3a8?s=96&d=mm&r=g","url":"https:\/\/secure.gravatar.com\/avatar\/4364d37f6f6f9cdb7af199b46151565f37d8a8c3c0e04c1d78c04e857a15e3a8?s=96&d=mm&r=g","contentUrl":"https:\/\/secure.gravatar.com\/avatar\/4364d37f6f6f9cdb7af199b46151565f37d8a8c3c0e04c1d78c04e857a15e3a8?s=96&d=mm&r=g","caption":"PSOE Canarias"},"url":"https:\/\/psoecanarias.com\/web\/author\/admin\/"}]}},"_links":{"self":[{"href":"https:\/\/psoecanarias.com\/web\/wp-json\/wp\/v2\/posts\/38674","targetHints":{"allow":["GET"]}}],"collection":[{"href":"https:\/\/psoecanarias.com\/web\/wp-json\/wp\/v2\/posts"}],"about":[{"href":"https:\/\/psoecanarias.com\/web\/wp-json\/wp\/v2\/types\/post"}],"author":[{"embeddable":true,"href":"https:\/\/psoecanarias.com\/web\/wp-json\/wp\/v2\/users\/1"}],"replies":[{"embeddable":true,"href":"https:\/\/psoecanarias.com\/web\/wp-json\/wp\/v2\/comments?post=38674"}],"version-history":[{"count":3,"href":"https:\/\/psoecanarias.com\/web\/wp-json\/wp\/v2\/posts\/38674\/revisions"}],"predecessor-version":[{"id":38678,"href":"https:\/\/psoecanarias.com\/web\/wp-json\/wp\/v2\/posts\/38674\/revisions\/38678"}],"wp:featuredmedia":[{"embeddable":true,"href":"https:\/\/psoecanarias.com\/web\/wp-json\/wp\/v2\/media\/38675"}],"wp:attachment":[{"href":"https:\/\/psoecanarias.com\/web\/wp-json\/wp\/v2\/media?parent=38674"}],"wp:term":[{"taxonomy":"category","embeddable":true,"href":"https:\/\/psoecanarias.com\/web\/wp-json\/wp\/v2\/categories?post=38674"},{"taxonomy":"post_tag","embeddable":true,"href":"https:\/\/psoecanarias.com\/web\/wp-json\/wp\/v2\/tags?post=38674"}],"curies":[{"name":"wp","href":"https:\/\/api.w.org\/{rel}","templated":true}]}}