{"id":4011,"date":"2017-07-19T18:30:23","date_gmt":"2017-07-19T17:30:23","guid":{"rendered":"http:\/\/psoecanarias.com\/web\/?p=4011"},"modified":"2017-07-19T15:30:32","modified_gmt":"2017-07-19T14:30:32","slug":"psoe-aboga-empleo-publico-los-comedores-escolares","status":"publish","type":"post","link":"https:\/\/psoecanarias.com\/web\/psoe-aboga-empleo-publico-los-comedores-escolares\/","title":{"rendered":"El PSOE aboga por el empleo p\u00fablico en los comedores escolares"},"content":{"rendered":"<p>El Partido Socialista contin\u00faa su trabajo a favor de la gesti\u00f3n p\u00fablica de las distintas facetas de la docencia canaria. Varias enmiendas a una PNL de Podemos hacen posible que los consejos escolares soliciten el cambio de gesti\u00f3n directa de los comedores escolares externalizados a trav\u00e9s de un catering, y la comida del alumnado pase a cocinarse in situ con personal p\u00fablico.<\/p>\n<p>La diputada del PSOE por El Hierro, Ana Gonz\u00e1lez, celebra la receptividad y el \u00e1nimo de colaboraci\u00f3n del grupo impulsor de la PNL \u201clo que ha permitido sacar adelante una propuesta muy completa y \u00fatil que otorga a los consejos escolares la capacidad de cambiar pol\u00edticas silentes de privatizaci\u00f3n en los centros, y que afectan tanto a los alumnos como a los trabajadores\u201d.<\/p>\n<p>\u201cLlegados a este punto, s\u00f3lo es voluntad pol\u00edtica de la Consejer\u00eda de Educaci\u00f3n hacer posible o no las reivindicaciones de los consejos escolares, cuya repercusi\u00f3n en la calidad de la alimentaci\u00f3n de los ni\u00f1os y ni\u00f1as ser\u00eda tan positiva como evidente\u201d, apunta la diputada socialista, quien se reuni\u00f3 en el Parlamento con el Comit\u00e9 de Empresa de la Consejer\u00eda de Educaci\u00f3n. .<\/p>\n<p>En este sentido, las enmiendas del PSOE apuntan a la modificaci\u00f3n de la Orden de 25 de febrero de 2003, cap\u00edtulo II art\u00edculo 5.3 apartado D, \u201cpor la que se regula que los consejos escolares puedan solicitar el cambio de gesti\u00f3n en los comedores escolares y se recoja un protocolo que pueda verificar la petici\u00f3n de ese cambio de gesti\u00f3n\u201d.<\/p>\n<p>Tambi\u00e9n se insta al Gobierno de Canarias a \u201cfacilitar la tramitaci\u00f3n y concesi\u00f3n de las solicitudes de ampliaci\u00f3n\u201d de comedores escolares \u201cque soliciten los consejos escolares\u201d de los centros que actualmente no cuentan con el servicio \u201co que no lo prestan durante el verano\u201d.<\/p>\n<p>Las enmiendas del PSOE tambi\u00e9n hacen incidencia en las condiciones laborales de la plantilla, por lo que insta al Ejecutivo auton\u00f3mico \u201ca promover e introducir las modificaciones normativas oportunas para cubrir con mayor rapidez las plazas vacantes en el personal del servicio de comedor escolar\u201d, en especial aquellas que tienen que ver con jubilaciones y otras bajas de larga duraci\u00f3n.<\/p>\n<p>Por \u00faltimo, la diputada socialista Ana Gonz\u00e1lez aboga por \u201campliar los recursos para formaci\u00f3n del personal de comedores escolares\u201d en aquellas materias que son propias de sus funciones.<\/p>\n","protected":false},"excerpt":{"rendered":"<p>La diputada Ana Gonz\u00e1lez enmienda una PNL de Podemos para que los consejos escolares puedan solicitar el cambio de gesti\u00f3n de los comedores<\/p>\n","protected":false},"author":1,"featured_media":4013,"comment_status":"open","ping_status":"open","sticky":false,"template":"","format":"standard","meta":{"footnotes":""},"categories":[7],"tags":[110,941,127,132,293,1130],"class_list":["post-4011","post","type-post","status-publish","format-standard","has-post-thumbnail","hentry","category-politica","tag-ana-gonzalez","tag-comedores-escolares","tag-consejeria-de-educacion","tag-educacion","tag-grupo-parlamentario-socialista-canario","tag-personal-publico"],"featured_image_src":"https:\/\/psoecanarias.com\/web\/wp-content\/uploads\/2017\/07\/Ana-Gonz--lez-Comit---Empresa-Personal-Laboral-Educacion.png","author_info":{"display_name":"PSOE Canarias","author_link":"https:\/\/psoecanarias.com\/web\/author\/admin\/"},"yoast_head":"<!-- This site is optimized with the Yoast SEO plugin v27.2 - https:\/\/yoast.com\/product\/yoast-seo-wordpress\/ -->\n<title>El PSOE aboga por el empleo p\u00fablico en los comedores escolares | PSOE Canarias<\/title>\n<meta name=\"robots\" content=\"index, follow, max-snippet:-1, max-image-preview:large, max-video-preview:-1\" \/>\n<link rel=\"canonical\" href=\"https:\/\/psoecanarias.com\/web\/psoe-aboga-empleo-publico-los-comedores-escolares\/\" \/>\n<meta property=\"og:locale\" content=\"es_ES\" \/>\n<meta property=\"og:type\" content=\"article\" \/>\n<meta property=\"og:title\" content=\"El PSOE aboga por el empleo p\u00fablico en los comedores escolares | PSOE Canarias\" \/>\n<meta property=\"og:description\" content=\"La diputada Ana Gonz\u00e1lez enmienda una PNL de Podemos para que los consejos escolares puedan solicitar el cambio de gesti\u00f3n de los comedores\" \/>\n<meta property=\"og:url\" content=\"https:\/\/psoecanarias.com\/web\/psoe-aboga-empleo-publico-los-comedores-escolares\/\" \/>\n<meta property=\"og:site_name\" content=\"PSOE Canarias\" \/>\n<meta property=\"article:published_time\" content=\"2017-07-19T17:30:23+00:00\" \/>\n<meta property=\"og:image\" content=\"https:\/\/psoecanarias.com\/web\/wp-content\/uploads\/2017\/07\/Ana-Gonz--lez-Comit---Empresa-Personal-Laboral-Educacion.png\" \/>\n\t<meta property=\"og:image:width\" content=\"1024\" \/>\n\t<meta property=\"og:image:height\" content=\"768\" \/>\n\t<meta property=\"og:image:type\" content=\"image\/png\" \/>\n<meta name=\"author\" content=\"PSOE Canarias\" \/>\n<meta name=\"twitter:card\" content=\"summary_large_image\" \/>\n<script type=\"application\/ld+json\" class=\"yoast-schema-graph\">{\"@context\":\"https:\/\/schema.org\",\"@graph\":[{\"@type\":\"Article\",\"@id\":\"https:\/\/psoecanarias.com\/web\/psoe-aboga-empleo-publico-los-comedores-escolares\/#article\",\"isPartOf\":{\"@id\":\"https:\/\/psoecanarias.com\/web\/psoe-aboga-empleo-publico-los-comedores-escolares\/\"},\"author\":{\"name\":\"PSOE Canarias\",\"@id\":\"https:\/\/psoecanarias.com\/web\/#\/schema\/person\/1ae43f9659d2fc599ca69c11e1dbf26f\"},\"headline\":\"El PSOE aboga por el empleo p\u00fablico en los comedores escolares\",\"datePublished\":\"2017-07-19T17:30:23+00:00\",\"mainEntityOfPage\":{\"@id\":\"https:\/\/psoecanarias.com\/web\/psoe-aboga-empleo-publico-los-comedores-escolares\/\"},\"wordCount\":423,\"commentCount\":0,\"image\":{\"@id\":\"https:\/\/psoecanarias.com\/web\/psoe-aboga-empleo-publico-los-comedores-escolares\/#primaryimage\"},\"thumbnailUrl\":\"https:\/\/psoecanarias.com\/web\/wp-content\/uploads\/2017\/07\/Ana-Gonz--lez-Comit---Empresa-Personal-Laboral-Educacion.png\",\"keywords\":[\"Ana Gonz\u00e1lez\",\"comedores escolares\",\"Consejer\u00eda de Educaci\u00f3n\",\"educaci\u00f3n\",\"Grupo Parlamentario Socialista Canario\",\"Personal p\u00fablico\"],\"articleSection\":[\"Pol\u00edtica\"],\"inLanguage\":\"es\",\"potentialAction\":[{\"@type\":\"CommentAction\",\"name\":\"Comment\",\"target\":[\"https:\/\/psoecanarias.com\/web\/psoe-aboga-empleo-publico-los-comedores-escolares\/#respond\"]}]},{\"@type\":\"WebPage\",\"@id\":\"https:\/\/psoecanarias.com\/web\/psoe-aboga-empleo-publico-los-comedores-escolares\/\",\"url\":\"https:\/\/psoecanarias.com\/web\/psoe-aboga-empleo-publico-los-comedores-escolares\/\",\"name\":\"El PSOE aboga por el empleo p\u00fablico en los comedores escolares | PSOE Canarias\",\"isPartOf\":{\"@id\":\"https:\/\/psoecanarias.com\/web\/#website\"},\"primaryImageOfPage\":{\"@id\":\"https:\/\/psoecanarias.com\/web\/psoe-aboga-empleo-publico-los-comedores-escolares\/#primaryimage\"},\"image\":{\"@id\":\"https:\/\/psoecanarias.com\/web\/psoe-aboga-empleo-publico-los-comedores-escolares\/#primaryimage\"},\"thumbnailUrl\":\"https:\/\/psoecanarias.com\/web\/wp-content\/uploads\/2017\/07\/Ana-Gonz--lez-Comit---Empresa-Personal-Laboral-Educacion.png\",\"datePublished\":\"2017-07-19T17:30:23+00:00\",\"author\":{\"@id\":\"https:\/\/psoecanarias.com\/web\/#\/schema\/person\/1ae43f9659d2fc599ca69c11e1dbf26f\"},\"breadcrumb\":{\"@id\":\"https:\/\/psoecanarias.com\/web\/psoe-aboga-empleo-publico-los-comedores-escolares\/#breadcrumb\"},\"inLanguage\":\"es\",\"potentialAction\":[{\"@type\":\"ReadAction\",\"target\":[\"https:\/\/psoecanarias.com\/web\/psoe-aboga-empleo-publico-los-comedores-escolares\/\"]}]},{\"@type\":\"ImageObject\",\"inLanguage\":\"es\",\"@id\":\"https:\/\/psoecanarias.com\/web\/psoe-aboga-empleo-publico-los-comedores-escolares\/#primaryimage\",\"url\":\"https:\/\/psoecanarias.com\/web\/wp-content\/uploads\/2017\/07\/Ana-Gonz--lez-Comit---Empresa-Personal-Laboral-Educacion.png\",\"contentUrl\":\"https:\/\/psoecanarias.com\/web\/wp-content\/uploads\/2017\/07\/Ana-Gonz--lez-Comit---Empresa-Personal-Laboral-Educacion.png\",\"width\":1024,\"height\":768},{\"@type\":\"BreadcrumbList\",\"@id\":\"https:\/\/psoecanarias.com\/web\/psoe-aboga-empleo-publico-los-comedores-escolares\/#breadcrumb\",\"itemListElement\":[{\"@type\":\"ListItem\",\"position\":1,\"name\":\"Portada\",\"item\":\"https:\/\/psoecanarias.com\/web\/\"},{\"@type\":\"ListItem\",\"position\":2,\"name\":\"El PSOE aboga por el empleo p\u00fablico en los comedores escolares\"}]},{\"@type\":\"WebSite\",\"@id\":\"https:\/\/psoecanarias.com\/web\/#website\",\"url\":\"https:\/\/psoecanarias.com\/web\/\",\"name\":\"PSOE Canarias\",\"description\":\"Partido Socialista Obrero Espa\u00f1ol Canarias\",\"potentialAction\":[{\"@type\":\"SearchAction\",\"target\":{\"@type\":\"EntryPoint\",\"urlTemplate\":\"https:\/\/psoecanarias.com\/web\/?s={search_term_string}\"},\"query-input\":{\"@type\":\"PropertyValueSpecification\",\"valueRequired\":true,\"valueName\":\"search_term_string\"}}],\"inLanguage\":\"es\"},{\"@type\":\"Person\",\"@id\":\"https:\/\/psoecanarias.com\/web\/#\/schema\/person\/1ae43f9659d2fc599ca69c11e1dbf26f\",\"name\":\"PSOE Canarias\",\"image\":{\"@type\":\"ImageObject\",\"inLanguage\":\"es\",\"@id\":\"https:\/\/secure.gravatar.com\/avatar\/4364d37f6f6f9cdb7af199b46151565f37d8a8c3c0e04c1d78c04e857a15e3a8?s=96&d=mm&r=g\",\"url\":\"https:\/\/secure.gravatar.com\/avatar\/4364d37f6f6f9cdb7af199b46151565f37d8a8c3c0e04c1d78c04e857a15e3a8?s=96&d=mm&r=g\",\"contentUrl\":\"https:\/\/secure.gravatar.com\/avatar\/4364d37f6f6f9cdb7af199b46151565f37d8a8c3c0e04c1d78c04e857a15e3a8?s=96&d=mm&r=g\",\"caption\":\"PSOE Canarias\"},\"url\":\"https:\/\/psoecanarias.com\/web\/author\/admin\/\"}]}<\/script>\n<!-- \/ Yoast SEO plugin. -->","yoast_head_json":{"title":"El PSOE aboga por el empleo p\u00fablico en los comedores escolares | PSOE Canarias","robots":{"index":"index","follow":"follow","max-snippet":"max-snippet:-1","max-image-preview":"max-image-preview:large","max-video-preview":"max-video-preview:-1"},"canonical":"https:\/\/psoecanarias.com\/web\/psoe-aboga-empleo-publico-los-comedores-escolares\/","og_locale":"es_ES","og_type":"article","og_title":"El PSOE aboga por el empleo p\u00fablico en los comedores escolares | PSOE Canarias","og_description":"La diputada Ana Gonz\u00e1lez enmienda una PNL de Podemos para que los consejos escolares puedan solicitar el cambio de gesti\u00f3n de los comedores","og_url":"https:\/\/psoecanarias.com\/web\/psoe-aboga-empleo-publico-los-comedores-escolares\/","og_site_name":"PSOE Canarias","article_published_time":"2017-07-19T17:30:23+00:00","og_image":[{"width":1024,"height":768,"url":"https:\/\/psoecanarias.com\/web\/wp-content\/uploads\/2017\/07\/Ana-Gonz--lez-Comit---Empresa-Personal-Laboral-Educacion.png","type":"image\/png"}],"author":"PSOE Canarias","twitter_card":"summary_large_image","schema":{"@context":"https:\/\/schema.org","@graph":[{"@type":"Article","@id":"https:\/\/psoecanarias.com\/web\/psoe-aboga-empleo-publico-los-comedores-escolares\/#article","isPartOf":{"@id":"https:\/\/psoecanarias.com\/web\/psoe-aboga-empleo-publico-los-comedores-escolares\/"},"author":{"name":"PSOE Canarias","@id":"https:\/\/psoecanarias.com\/web\/#\/schema\/person\/1ae43f9659d2fc599ca69c11e1dbf26f"},"headline":"El PSOE aboga por el empleo p\u00fablico en los comedores escolares","datePublished":"2017-07-19T17:30:23+00:00","mainEntityOfPage":{"@id":"https:\/\/psoecanarias.com\/web\/psoe-aboga-empleo-publico-los-comedores-escolares\/"},"wordCount":423,"commentCount":0,"image":{"@id":"https:\/\/psoecanarias.com\/web\/psoe-aboga-empleo-publico-los-comedores-escolares\/#primaryimage"},"thumbnailUrl":"https:\/\/psoecanarias.com\/web\/wp-content\/uploads\/2017\/07\/Ana-Gonz--lez-Comit---Empresa-Personal-Laboral-Educacion.png","keywords":["Ana Gonz\u00e1lez","comedores escolares","Consejer\u00eda de Educaci\u00f3n","educaci\u00f3n","Grupo Parlamentario Socialista Canario","Personal p\u00fablico"],"articleSection":["Pol\u00edtica"],"inLanguage":"es","potentialAction":[{"@type":"CommentAction","name":"Comment","target":["https:\/\/psoecanarias.com\/web\/psoe-aboga-empleo-publico-los-comedores-escolares\/#respond"]}]},{"@type":"WebPage","@id":"https:\/\/psoecanarias.com\/web\/psoe-aboga-empleo-publico-los-comedores-escolares\/","url":"https:\/\/psoecanarias.com\/web\/psoe-aboga-empleo-publico-los-comedores-escolares\/","name":"El PSOE aboga por el empleo p\u00fablico en los comedores escolares | PSOE Canarias","isPartOf":{"@id":"https:\/\/psoecanarias.com\/web\/#website"},"primaryImageOfPage":{"@id":"https:\/\/psoecanarias.com\/web\/psoe-aboga-empleo-publico-los-comedores-escolares\/#primaryimage"},"image":{"@id":"https:\/\/psoecanarias.com\/web\/psoe-aboga-empleo-publico-los-comedores-escolares\/#primaryimage"},"thumbnailUrl":"https:\/\/psoecanarias.com\/web\/wp-content\/uploads\/2017\/07\/Ana-Gonz--lez-Comit---Empresa-Personal-Laboral-Educacion.png","datePublished":"2017-07-19T17:30:23+00:00","author":{"@id":"https:\/\/psoecanarias.com\/web\/#\/schema\/person\/1ae43f9659d2fc599ca69c11e1dbf26f"},"breadcrumb":{"@id":"https:\/\/psoecanarias.com\/web\/psoe-aboga-empleo-publico-los-comedores-escolares\/#breadcrumb"},"inLanguage":"es","potentialAction":[{"@type":"ReadAction","target":["https:\/\/psoecanarias.com\/web\/psoe-aboga-empleo-publico-los-comedores-escolares\/"]}]},{"@type":"ImageObject","inLanguage":"es","@id":"https:\/\/psoecanarias.com\/web\/psoe-aboga-empleo-publico-los-comedores-escolares\/#primaryimage","url":"https:\/\/psoecanarias.com\/web\/wp-content\/uploads\/2017\/07\/Ana-Gonz--lez-Comit---Empresa-Personal-Laboral-Educacion.png","contentUrl":"https:\/\/psoecanarias.com\/web\/wp-content\/uploads\/2017\/07\/Ana-Gonz--lez-Comit---Empresa-Personal-Laboral-Educacion.png","width":1024,"height":768},{"@type":"BreadcrumbList","@id":"https:\/\/psoecanarias.com\/web\/psoe-aboga-empleo-publico-los-comedores-escolares\/#breadcrumb","itemListElement":[{"@type":"ListItem","position":1,"name":"Portada","item":"https:\/\/psoecanarias.com\/web\/"},{"@type":"ListItem","position":2,"name":"El PSOE aboga por el empleo p\u00fablico en los comedores escolares"}]},{"@type":"WebSite","@id":"https:\/\/psoecanarias.com\/web\/#website","url":"https:\/\/psoecanarias.com\/web\/","name":"PSOE Canarias","description":"Partido Socialista Obrero Espa\u00f1ol Canarias","potentialAction":[{"@type":"SearchAction","target":{"@type":"EntryPoint","urlTemplate":"https:\/\/psoecanarias.com\/web\/?s={search_term_string}"},"query-input":{"@type":"PropertyValueSpecification","valueRequired":true,"valueName":"search_term_string"}}],"inLanguage":"es"},{"@type":"Person","@id":"https:\/\/psoecanarias.com\/web\/#\/schema\/person\/1ae43f9659d2fc599ca69c11e1dbf26f","name":"PSOE Canarias","image":{"@type":"ImageObject","inLanguage":"es","@id":"https:\/\/secure.gravatar.com\/avatar\/4364d37f6f6f9cdb7af199b46151565f37d8a8c3c0e04c1d78c04e857a15e3a8?s=96&d=mm&r=g","url":"https:\/\/secure.gravatar.com\/avatar\/4364d37f6f6f9cdb7af199b46151565f37d8a8c3c0e04c1d78c04e857a15e3a8?s=96&d=mm&r=g","contentUrl":"https:\/\/secure.gravatar.com\/avatar\/4364d37f6f6f9cdb7af199b46151565f37d8a8c3c0e04c1d78c04e857a15e3a8?s=96&d=mm&r=g","caption":"PSOE Canarias"},"url":"https:\/\/psoecanarias.com\/web\/author\/admin\/"}]}},"_links":{"self":[{"href":"https:\/\/psoecanarias.com\/web\/wp-json\/wp\/v2\/posts\/4011","targetHints":{"allow":["GET"]}}],"collection":[{"href":"https:\/\/psoecanarias.com\/web\/wp-json\/wp\/v2\/posts"}],"about":[{"href":"https:\/\/psoecanarias.com\/web\/wp-json\/wp\/v2\/types\/post"}],"author":[{"embeddable":true,"href":"https:\/\/psoecanarias.com\/web\/wp-json\/wp\/v2\/users\/1"}],"replies":[{"embeddable":true,"href":"https:\/\/psoecanarias.com\/web\/wp-json\/wp\/v2\/comments?post=4011"}],"version-history":[{"count":1,"href":"https:\/\/psoecanarias.com\/web\/wp-json\/wp\/v2\/posts\/4011\/revisions"}],"predecessor-version":[{"id":4012,"href":"https:\/\/psoecanarias.com\/web\/wp-json\/wp\/v2\/posts\/4011\/revisions\/4012"}],"wp:featuredmedia":[{"embeddable":true,"href":"https:\/\/psoecanarias.com\/web\/wp-json\/wp\/v2\/media\/4013"}],"wp:attachment":[{"href":"https:\/\/psoecanarias.com\/web\/wp-json\/wp\/v2\/media?parent=4011"}],"wp:term":[{"taxonomy":"category","embeddable":true,"href":"https:\/\/psoecanarias.com\/web\/wp-json\/wp\/v2\/categories?post=4011"},{"taxonomy":"post_tag","embeddable":true,"href":"https:\/\/psoecanarias.com\/web\/wp-json\/wp\/v2\/tags?post=4011"}],"curies":[{"name":"wp","href":"https:\/\/api.w.org\/{rel}","templated":true}]}}