{"id":403,"date":"2015-04-10T10:46:03","date_gmt":"2015-04-10T09:46:03","guid":{"rendered":"http:\/\/psoecanarias.com\/web\/?p=403"},"modified":"2015-04-10T11:07:18","modified_gmt":"2015-04-10T10:07:18","slug":"el-cambio-del-modelo-economico-esta-unido-al-desarrollo-de-las-energias-renovables","status":"publish","type":"post","link":"https:\/\/psoecanarias.com\/web\/el-cambio-del-modelo-economico-esta-unido-al-desarrollo-de-las-energias-renovables\/","title":{"rendered":"\u201cEl cambio del modelo econ\u00f3mico est\u00e1 unido al desarrollo de las energ\u00edas renovables\u201d"},"content":{"rendered":"<h5><strong>La candidata socialista a la Presidencia de Canarias, Patricia Hern\u00e1ndez, apuesta por una pol\u00edtica econ\u00f3mica alternativa basada en las renovables, la innovaci\u00f3n, el conocimiento y la formaci\u00f3n<\/strong><\/h5>\n<p>La candidata del PSOE de Canarias a la Presidencia del Gobierno regional, Patricia Hern\u00e1ndez, condiciona\u00a0el \u201ccambio del modelo econ\u00f3mico alternativo que necesitan las Islas\u201d al \u201cdesarrollo de las energ\u00edas renovables\u201d.\u00a0As\u00ed se lo asegur\u00f3\u00a0a varios representantes de la Plataforma Por Un Nuevo Modelo Energ\u00e9tico Para Canarias, ante quienes se reafirm\u00f3\u00a0en su apuesta por abanderar \u201cuna acci\u00f3n pol\u00edtica alternativa en lo econ\u00f3mico\u201d, cuyos pilares deben ser \u201clas renovables, la innovaci\u00f3n, el conocimiento y la formaci\u00f3n\u201d.<\/p>\n<p>En la reuni\u00f3n, a la que asistieron Abel Cedr\u00e9s, Borja Bencomo y Laura Pi\u00f1ero, la candidata insisti\u00f3\u00a0en que \u201cya tenemos m\u00e1s horas de sol y de viento que nadie y el mar para ser l\u00edderes en este sector\u201d, por lo que impulsar\u00e1 un \u201cgran pacto\u201d con el sector energ\u00e9tico \u201cque aumente el uso de energ\u00edas renovables en las Islas y que reduzca la dependencia de los hidrocarburos\u201d.\u00a0Al respecto, asegur\u00f3 que quiere cambiar la realidad actual y aumentar la producci\u00f3n de las renovables en las Islas, que ahora es del 7,7 por ciento frente al 40 por ciento de la Pen\u00ednsula, por el \u201cboicot que a estas energ\u00edas han puesto los hermanos Soria, primero en el Gobierno de Canarias y, despu\u00e9s, en el de Espa\u00f1a\u201d.<\/p>\n<p>\u201cLa persecuci\u00f3n del ministro Soria a las renovables es m\u00e1s grave en Canarias, donde producir energ\u00eda con renovables es mucho m\u00e1s barato que la convencional, como pasa en todas las regiones ultraperif\u00e9ricas. Portugal lo ha entendido y, por ejemplo, Azores tiene una penetraci\u00f3n de renovables del 55 por ciento\u201d,\u00a0dijo.\u00a0Para Hern\u00e1ndez \u201cdesarrollar las energ\u00edas renovables en Canarias no es solo una cuesti\u00f3n medioambiental, sino tambi\u00e9n de eficiencia econ\u00f3mica, pues para nosotros ahorrar, reducir la dependencia energ\u00e9tica y proteger el medio ambiente es la misma cosa: la apuesta por las energ\u00edas renovables, que es lo contrario de lo que hizo y hace el ministro Soria\u201d, recalc\u00f3.<\/p>\n<p><strong>Un modelo de futuro<\/strong>.<\/p>\n<p>Por ello, insiste en que \u201csi se trata de hablar de futuro, no podemos centrarnos en energ\u00edas del pasado, hay que apostar por un modelo diferente\u201d, como a su juicio ha supuesto\u00a0Gorona del Viento para El Hierro, que marca el camino para implantar las renovables en Canarias.\u00a0Hern\u00e1ndez tambi\u00e9n defendi\u00f3 que la econom\u00eda alternativa que pondr\u00e1 en marcha desde el Gobierno de Canarias \u201cimpulsar\u00e1 el autoconsumo y la generaci\u00f3n distribuida\u201d, pues la penetraci\u00f3n de las renovables tambi\u00e9n va unida a \u201cfomentar el ahorro y la eficiencia energ\u00e9tica\u201d adem\u00e1s conseguir aumentar el almacenamiento.\u00a0Por todo ello, impulsar\u00e1 desde el Gobierno de Canarias que \u201clas Islas nos sumemos al futuro y a los grandes pa\u00edses de la Uni\u00f3n Europea apostando por las renovables\u201d.<\/p>\n","protected":false},"excerpt":{"rendered":"<p>La candidata socialista a la Presidencia de Canarias, Patricia Hern\u00e1ndez, apuesta por una pol\u00edtica econ\u00f3mica alternativa basada en las renovables, la innovaci\u00f3n, el conocimiento y la formaci\u00f3n.<\/p>\n","protected":false},"author":1,"featured_media":404,"comment_status":"open","ping_status":"open","sticky":false,"template":"","format":"standard","meta":{"footnotes":""},"categories":[7],"tags":[],"class_list":["post-403","post","type-post","status-publish","format-standard","has-post-thumbnail","hentry","category-politica"],"featured_image_src":"https:\/\/psoecanarias.com\/web\/wp-content\/uploads\/2015\/04\/Reunion-energ--as-renovables.jpg","author_info":{"display_name":"PSOE Canarias","author_link":"https:\/\/psoecanarias.com\/web\/author\/admin\/"},"yoast_head":"<!-- This site is optimized with the Yoast SEO plugin v27.2 - https:\/\/yoast.com\/product\/yoast-seo-wordpress\/ -->\n<title>\u201cEl cambio del modelo econ\u00f3mico est\u00e1 unido al desarrollo de las energ\u00edas renovables\u201d | PSOE Canarias<\/title>\n<meta name=\"robots\" content=\"index, follow, max-snippet:-1, max-image-preview:large, max-video-preview:-1\" \/>\n<link rel=\"canonical\" href=\"https:\/\/psoecanarias.com\/web\/el-cambio-del-modelo-economico-esta-unido-al-desarrollo-de-las-energias-renovables\/\" \/>\n<meta property=\"og:locale\" content=\"es_ES\" \/>\n<meta property=\"og:type\" content=\"article\" \/>\n<meta property=\"og:title\" content=\"\u201cEl cambio del modelo econ\u00f3mico est\u00e1 unido al desarrollo de las energ\u00edas renovables\u201d | PSOE Canarias\" \/>\n<meta property=\"og:description\" content=\"La candidata socialista a la Presidencia de Canarias, Patricia Hern\u00e1ndez, apuesta por una pol\u00edtica econ\u00f3mica alternativa basada en las renovables, la innovaci\u00f3n, el conocimiento y la formaci\u00f3n.\" \/>\n<meta property=\"og:url\" content=\"https:\/\/psoecanarias.com\/web\/el-cambio-del-modelo-economico-esta-unido-al-desarrollo-de-las-energias-renovables\/\" \/>\n<meta property=\"og:site_name\" content=\"PSOE Canarias\" \/>\n<meta property=\"article:published_time\" content=\"2015-04-10T09:46:03+00:00\" \/>\n<meta property=\"article:modified_time\" content=\"2015-04-10T10:07:18+00:00\" \/>\n<meta property=\"og:image\" content=\"https:\/\/psoecanarias.com\/web\/wp-content\/uploads\/2015\/04\/Reunion-energ--as-renovables.jpg\" \/>\n\t<meta property=\"og:image:width\" content=\"1000\" \/>\n\t<meta property=\"og:image:height\" content=\"488\" \/>\n\t<meta property=\"og:image:type\" content=\"image\/jpeg\" \/>\n<meta name=\"author\" content=\"PSOE Canarias\" \/>\n<meta name=\"twitter:card\" content=\"summary_large_image\" \/>\n<script type=\"application\/ld+json\" class=\"yoast-schema-graph\">{\"@context\":\"https:\/\/schema.org\",\"@graph\":[{\"@type\":\"Article\",\"@id\":\"https:\/\/psoecanarias.com\/web\/el-cambio-del-modelo-economico-esta-unido-al-desarrollo-de-las-energias-renovables\/#article\",\"isPartOf\":{\"@id\":\"https:\/\/psoecanarias.com\/web\/el-cambio-del-modelo-economico-esta-unido-al-desarrollo-de-las-energias-renovables\/\"},\"author\":{\"name\":\"PSOE Canarias\",\"@id\":\"https:\/\/psoecanarias.com\/web\/#\/schema\/person\/1ae43f9659d2fc599ca69c11e1dbf26f\"},\"headline\":\"\u201cEl cambio del modelo econ\u00f3mico est\u00e1 unido al desarrollo de las energ\u00edas renovables\u201d\",\"datePublished\":\"2015-04-10T09:46:03+00:00\",\"dateModified\":\"2015-04-10T10:07:18+00:00\",\"mainEntityOfPage\":{\"@id\":\"https:\/\/psoecanarias.com\/web\/el-cambio-del-modelo-economico-esta-unido-al-desarrollo-de-las-energias-renovables\/\"},\"wordCount\":524,\"commentCount\":0,\"image\":{\"@id\":\"https:\/\/psoecanarias.com\/web\/el-cambio-del-modelo-economico-esta-unido-al-desarrollo-de-las-energias-renovables\/#primaryimage\"},\"thumbnailUrl\":\"https:\/\/psoecanarias.com\/web\/wp-content\/uploads\/2015\/04\/Reunion-energ--as-renovables.jpg\",\"articleSection\":[\"Pol\u00edtica\"],\"inLanguage\":\"es\",\"potentialAction\":[{\"@type\":\"CommentAction\",\"name\":\"Comment\",\"target\":[\"https:\/\/psoecanarias.com\/web\/el-cambio-del-modelo-economico-esta-unido-al-desarrollo-de-las-energias-renovables\/#respond\"]}]},{\"@type\":\"WebPage\",\"@id\":\"https:\/\/psoecanarias.com\/web\/el-cambio-del-modelo-economico-esta-unido-al-desarrollo-de-las-energias-renovables\/\",\"url\":\"https:\/\/psoecanarias.com\/web\/el-cambio-del-modelo-economico-esta-unido-al-desarrollo-de-las-energias-renovables\/\",\"name\":\"\u201cEl cambio del modelo econ\u00f3mico est\u00e1 unido al desarrollo de las energ\u00edas renovables\u201d | PSOE Canarias\",\"isPartOf\":{\"@id\":\"https:\/\/psoecanarias.com\/web\/#website\"},\"primaryImageOfPage\":{\"@id\":\"https:\/\/psoecanarias.com\/web\/el-cambio-del-modelo-economico-esta-unido-al-desarrollo-de-las-energias-renovables\/#primaryimage\"},\"image\":{\"@id\":\"https:\/\/psoecanarias.com\/web\/el-cambio-del-modelo-economico-esta-unido-al-desarrollo-de-las-energias-renovables\/#primaryimage\"},\"thumbnailUrl\":\"https:\/\/psoecanarias.com\/web\/wp-content\/uploads\/2015\/04\/Reunion-energ--as-renovables.jpg\",\"datePublished\":\"2015-04-10T09:46:03+00:00\",\"dateModified\":\"2015-04-10T10:07:18+00:00\",\"author\":{\"@id\":\"https:\/\/psoecanarias.com\/web\/#\/schema\/person\/1ae43f9659d2fc599ca69c11e1dbf26f\"},\"breadcrumb\":{\"@id\":\"https:\/\/psoecanarias.com\/web\/el-cambio-del-modelo-economico-esta-unido-al-desarrollo-de-las-energias-renovables\/#breadcrumb\"},\"inLanguage\":\"es\",\"potentialAction\":[{\"@type\":\"ReadAction\",\"target\":[\"https:\/\/psoecanarias.com\/web\/el-cambio-del-modelo-economico-esta-unido-al-desarrollo-de-las-energias-renovables\/\"]}]},{\"@type\":\"ImageObject\",\"inLanguage\":\"es\",\"@id\":\"https:\/\/psoecanarias.com\/web\/el-cambio-del-modelo-economico-esta-unido-al-desarrollo-de-las-energias-renovables\/#primaryimage\",\"url\":\"https:\/\/psoecanarias.com\/web\/wp-content\/uploads\/2015\/04\/Reunion-energ--as-renovables.jpg\",\"contentUrl\":\"https:\/\/psoecanarias.com\/web\/wp-content\/uploads\/2015\/04\/Reunion-energ--as-renovables.jpg\",\"width\":1000,\"height\":488,\"caption\":\"Patricia Hern\u00e1ndez se re\u00fane con la Plataforma Por Un Nuevo Modelo Energ\u00e9tico Para Canarias\"},{\"@type\":\"BreadcrumbList\",\"@id\":\"https:\/\/psoecanarias.com\/web\/el-cambio-del-modelo-economico-esta-unido-al-desarrollo-de-las-energias-renovables\/#breadcrumb\",\"itemListElement\":[{\"@type\":\"ListItem\",\"position\":1,\"name\":\"Portada\",\"item\":\"https:\/\/psoecanarias.com\/web\/\"},{\"@type\":\"ListItem\",\"position\":2,\"name\":\"\u201cEl cambio del modelo econ\u00f3mico est\u00e1 unido al desarrollo de las energ\u00edas renovables\u201d\"}]},{\"@type\":\"WebSite\",\"@id\":\"https:\/\/psoecanarias.com\/web\/#website\",\"url\":\"https:\/\/psoecanarias.com\/web\/\",\"name\":\"PSOE Canarias\",\"description\":\"Partido Socialista Obrero Espa\u00f1ol Canarias\",\"potentialAction\":[{\"@type\":\"SearchAction\",\"target\":{\"@type\":\"EntryPoint\",\"urlTemplate\":\"https:\/\/psoecanarias.com\/web\/?s={search_term_string}\"},\"query-input\":{\"@type\":\"PropertyValueSpecification\",\"valueRequired\":true,\"valueName\":\"search_term_string\"}}],\"inLanguage\":\"es\"},{\"@type\":\"Person\",\"@id\":\"https:\/\/psoecanarias.com\/web\/#\/schema\/person\/1ae43f9659d2fc599ca69c11e1dbf26f\",\"name\":\"PSOE Canarias\",\"image\":{\"@type\":\"ImageObject\",\"inLanguage\":\"es\",\"@id\":\"https:\/\/secure.gravatar.com\/avatar\/4364d37f6f6f9cdb7af199b46151565f37d8a8c3c0e04c1d78c04e857a15e3a8?s=96&d=mm&r=g\",\"url\":\"https:\/\/secure.gravatar.com\/avatar\/4364d37f6f6f9cdb7af199b46151565f37d8a8c3c0e04c1d78c04e857a15e3a8?s=96&d=mm&r=g\",\"contentUrl\":\"https:\/\/secure.gravatar.com\/avatar\/4364d37f6f6f9cdb7af199b46151565f37d8a8c3c0e04c1d78c04e857a15e3a8?s=96&d=mm&r=g\",\"caption\":\"PSOE Canarias\"},\"url\":\"https:\/\/psoecanarias.com\/web\/author\/admin\/\"}]}<\/script>\n<!-- \/ Yoast SEO plugin. -->","yoast_head_json":{"title":"\u201cEl cambio del modelo econ\u00f3mico est\u00e1 unido al desarrollo de las energ\u00edas renovables\u201d | PSOE Canarias","robots":{"index":"index","follow":"follow","max-snippet":"max-snippet:-1","max-image-preview":"max-image-preview:large","max-video-preview":"max-video-preview:-1"},"canonical":"https:\/\/psoecanarias.com\/web\/el-cambio-del-modelo-economico-esta-unido-al-desarrollo-de-las-energias-renovables\/","og_locale":"es_ES","og_type":"article","og_title":"\u201cEl cambio del modelo econ\u00f3mico est\u00e1 unido al desarrollo de las energ\u00edas renovables\u201d | PSOE Canarias","og_description":"La candidata socialista a la Presidencia de Canarias, Patricia Hern\u00e1ndez, apuesta por una pol\u00edtica econ\u00f3mica alternativa basada en las renovables, la innovaci\u00f3n, el conocimiento y la formaci\u00f3n.","og_url":"https:\/\/psoecanarias.com\/web\/el-cambio-del-modelo-economico-esta-unido-al-desarrollo-de-las-energias-renovables\/","og_site_name":"PSOE Canarias","article_published_time":"2015-04-10T09:46:03+00:00","article_modified_time":"2015-04-10T10:07:18+00:00","og_image":[{"width":1000,"height":488,"url":"https:\/\/psoecanarias.com\/web\/wp-content\/uploads\/2015\/04\/Reunion-energ--as-renovables.jpg","type":"image\/jpeg"}],"author":"PSOE Canarias","twitter_card":"summary_large_image","schema":{"@context":"https:\/\/schema.org","@graph":[{"@type":"Article","@id":"https:\/\/psoecanarias.com\/web\/el-cambio-del-modelo-economico-esta-unido-al-desarrollo-de-las-energias-renovables\/#article","isPartOf":{"@id":"https:\/\/psoecanarias.com\/web\/el-cambio-del-modelo-economico-esta-unido-al-desarrollo-de-las-energias-renovables\/"},"author":{"name":"PSOE Canarias","@id":"https:\/\/psoecanarias.com\/web\/#\/schema\/person\/1ae43f9659d2fc599ca69c11e1dbf26f"},"headline":"\u201cEl cambio del modelo econ\u00f3mico est\u00e1 unido al desarrollo de las energ\u00edas renovables\u201d","datePublished":"2015-04-10T09:46:03+00:00","dateModified":"2015-04-10T10:07:18+00:00","mainEntityOfPage":{"@id":"https:\/\/psoecanarias.com\/web\/el-cambio-del-modelo-economico-esta-unido-al-desarrollo-de-las-energias-renovables\/"},"wordCount":524,"commentCount":0,"image":{"@id":"https:\/\/psoecanarias.com\/web\/el-cambio-del-modelo-economico-esta-unido-al-desarrollo-de-las-energias-renovables\/#primaryimage"},"thumbnailUrl":"https:\/\/psoecanarias.com\/web\/wp-content\/uploads\/2015\/04\/Reunion-energ--as-renovables.jpg","articleSection":["Pol\u00edtica"],"inLanguage":"es","potentialAction":[{"@type":"CommentAction","name":"Comment","target":["https:\/\/psoecanarias.com\/web\/el-cambio-del-modelo-economico-esta-unido-al-desarrollo-de-las-energias-renovables\/#respond"]}]},{"@type":"WebPage","@id":"https:\/\/psoecanarias.com\/web\/el-cambio-del-modelo-economico-esta-unido-al-desarrollo-de-las-energias-renovables\/","url":"https:\/\/psoecanarias.com\/web\/el-cambio-del-modelo-economico-esta-unido-al-desarrollo-de-las-energias-renovables\/","name":"\u201cEl cambio del modelo econ\u00f3mico est\u00e1 unido al desarrollo de las energ\u00edas renovables\u201d | PSOE Canarias","isPartOf":{"@id":"https:\/\/psoecanarias.com\/web\/#website"},"primaryImageOfPage":{"@id":"https:\/\/psoecanarias.com\/web\/el-cambio-del-modelo-economico-esta-unido-al-desarrollo-de-las-energias-renovables\/#primaryimage"},"image":{"@id":"https:\/\/psoecanarias.com\/web\/el-cambio-del-modelo-economico-esta-unido-al-desarrollo-de-las-energias-renovables\/#primaryimage"},"thumbnailUrl":"https:\/\/psoecanarias.com\/web\/wp-content\/uploads\/2015\/04\/Reunion-energ--as-renovables.jpg","datePublished":"2015-04-10T09:46:03+00:00","dateModified":"2015-04-10T10:07:18+00:00","author":{"@id":"https:\/\/psoecanarias.com\/web\/#\/schema\/person\/1ae43f9659d2fc599ca69c11e1dbf26f"},"breadcrumb":{"@id":"https:\/\/psoecanarias.com\/web\/el-cambio-del-modelo-economico-esta-unido-al-desarrollo-de-las-energias-renovables\/#breadcrumb"},"inLanguage":"es","potentialAction":[{"@type":"ReadAction","target":["https:\/\/psoecanarias.com\/web\/el-cambio-del-modelo-economico-esta-unido-al-desarrollo-de-las-energias-renovables\/"]}]},{"@type":"ImageObject","inLanguage":"es","@id":"https:\/\/psoecanarias.com\/web\/el-cambio-del-modelo-economico-esta-unido-al-desarrollo-de-las-energias-renovables\/#primaryimage","url":"https:\/\/psoecanarias.com\/web\/wp-content\/uploads\/2015\/04\/Reunion-energ--as-renovables.jpg","contentUrl":"https:\/\/psoecanarias.com\/web\/wp-content\/uploads\/2015\/04\/Reunion-energ--as-renovables.jpg","width":1000,"height":488,"caption":"Patricia Hern\u00e1ndez se re\u00fane con la Plataforma Por Un Nuevo Modelo Energ\u00e9tico Para Canarias"},{"@type":"BreadcrumbList","@id":"https:\/\/psoecanarias.com\/web\/el-cambio-del-modelo-economico-esta-unido-al-desarrollo-de-las-energias-renovables\/#breadcrumb","itemListElement":[{"@type":"ListItem","position":1,"name":"Portada","item":"https:\/\/psoecanarias.com\/web\/"},{"@type":"ListItem","position":2,"name":"\u201cEl cambio del modelo econ\u00f3mico est\u00e1 unido al desarrollo de las energ\u00edas renovables\u201d"}]},{"@type":"WebSite","@id":"https:\/\/psoecanarias.com\/web\/#website","url":"https:\/\/psoecanarias.com\/web\/","name":"PSOE Canarias","description":"Partido Socialista Obrero Espa\u00f1ol Canarias","potentialAction":[{"@type":"SearchAction","target":{"@type":"EntryPoint","urlTemplate":"https:\/\/psoecanarias.com\/web\/?s={search_term_string}"},"query-input":{"@type":"PropertyValueSpecification","valueRequired":true,"valueName":"search_term_string"}}],"inLanguage":"es"},{"@type":"Person","@id":"https:\/\/psoecanarias.com\/web\/#\/schema\/person\/1ae43f9659d2fc599ca69c11e1dbf26f","name":"PSOE Canarias","image":{"@type":"ImageObject","inLanguage":"es","@id":"https:\/\/secure.gravatar.com\/avatar\/4364d37f6f6f9cdb7af199b46151565f37d8a8c3c0e04c1d78c04e857a15e3a8?s=96&d=mm&r=g","url":"https:\/\/secure.gravatar.com\/avatar\/4364d37f6f6f9cdb7af199b46151565f37d8a8c3c0e04c1d78c04e857a15e3a8?s=96&d=mm&r=g","contentUrl":"https:\/\/secure.gravatar.com\/avatar\/4364d37f6f6f9cdb7af199b46151565f37d8a8c3c0e04c1d78c04e857a15e3a8?s=96&d=mm&r=g","caption":"PSOE Canarias"},"url":"https:\/\/psoecanarias.com\/web\/author\/admin\/"}]}},"_links":{"self":[{"href":"https:\/\/psoecanarias.com\/web\/wp-json\/wp\/v2\/posts\/403","targetHints":{"allow":["GET"]}}],"collection":[{"href":"https:\/\/psoecanarias.com\/web\/wp-json\/wp\/v2\/posts"}],"about":[{"href":"https:\/\/psoecanarias.com\/web\/wp-json\/wp\/v2\/types\/post"}],"author":[{"embeddable":true,"href":"https:\/\/psoecanarias.com\/web\/wp-json\/wp\/v2\/users\/1"}],"replies":[{"embeddable":true,"href":"https:\/\/psoecanarias.com\/web\/wp-json\/wp\/v2\/comments?post=403"}],"version-history":[{"count":3,"href":"https:\/\/psoecanarias.com\/web\/wp-json\/wp\/v2\/posts\/403\/revisions"}],"predecessor-version":[{"id":407,"href":"https:\/\/psoecanarias.com\/web\/wp-json\/wp\/v2\/posts\/403\/revisions\/407"}],"wp:featuredmedia":[{"embeddable":true,"href":"https:\/\/psoecanarias.com\/web\/wp-json\/wp\/v2\/media\/404"}],"wp:attachment":[{"href":"https:\/\/psoecanarias.com\/web\/wp-json\/wp\/v2\/media?parent=403"}],"wp:term":[{"taxonomy":"category","embeddable":true,"href":"https:\/\/psoecanarias.com\/web\/wp-json\/wp\/v2\/categories?post=403"},{"taxonomy":"post_tag","embeddable":true,"href":"https:\/\/psoecanarias.com\/web\/wp-json\/wp\/v2\/tags?post=403"}],"curies":[{"name":"wp","href":"https:\/\/api.w.org\/{rel}","templated":true}]}}